{"id":508,"date":"2017-04-19T02:00:00","date_gmt":"2017-04-18T22:00:00","guid":{"rendered":"http:\/\/lemotdujour.fr\/?p=508"},"modified":"2017-05-11T07:01:10","modified_gmt":"2017-05-11T05:01:10","slug":"mercredi-19-avril-2017","status":"publish","type":"post","link":"https:\/\/lemotdujour.fr\/?p=508","title":{"rendered":"mercredi 19 avril 2017"},"content":{"rendered":"<div class=\"mdjDate\"><a id=\"_Toc482008810\"><\/a>mercredi 19 avril 2017<\/div>\n<div class=\"mdjTexte\">\u00ab\u00a0L\u2019article 16 de la constitution\u00a0\u00bb<\/div>\n<div class=\"mdjAuteur\">Un article liberticide de la constitution qu\u2019il ne faudrait pas mettre entre toutes les mains.<\/div>\n<div class=\"mdjComplements\">Gr\u00e2ce \u00e0 Manuel Valls nous connaissons l&rsquo;article 49-3 de la constitution, article qui permet d&rsquo;obliger l&rsquo;Assembl\u00e9e Nationale d&rsquo;accepter qu&rsquo;un texte de Loi soit adopt\u00e9 sans le discuter, sauf \u00e0 voter une motion de censure qui renverserait le gouvernement et tr\u00e8s probablement conduirait \u00e0 une dissolution de l&rsquo;Assembl\u00e9e ce qui aurait comme cons\u00e9quence f\u00e2cheuse de ramener chaque d\u00e9put\u00e9 devant ses \u00e9lecteurs.<\/div>\n<div class=\"mdjComplements\">Gr\u00e2ce \u00e0 Fran\u00e7ois Asselineau qui est ce candidat qui \u00e0 chaque question d\u00e9gaine un article d&rsquo;un Trait\u00e9 ou de la Constitution, nous sommes familier de l&rsquo;article 5 de la constitution qu&rsquo;il cite le plus souvent, celui qui donne au Pr\u00e9sident de la R\u00e9publique l&rsquo;injonction d&rsquo;\u00eatre \u00ab le garant de l&rsquo;ind\u00e9pendance nationale, de l&rsquo;int\u00e9grit\u00e9 du territoire et du respect des trait\u00e9s.\u00bb<\/div>\n<div class=\"mdjComplements\">Mais l&rsquo;article le plus probl\u00e9matique de la Constitution n&rsquo;est pas beaucoup cit\u00e9.<\/div>\n<div class=\"mdjComplements\"><\/div>\n<div class=\"mdjComplements\">Fran\u00e7ois Mitterrand a \u00e9crit au moment de la cr\u00e9ation de la V\u00e8me r\u00e9publique un livre\u00a0: \u00ab\u00a0<a href=\"https:\/\/fr.wikipedia.org\/wiki\/Le_Coup_d%27%C3%89tat_permanent\">Le coup d\u2019Etat permanent<\/a>\u00a0\u00bb dans lequel il fustigeait la 5<sup>\u00e8me<\/sup> r\u00e9publique et d\u00e9non\u00e7ait notamment l\u2019article 16 de la constitution.<\/div>\n<div class=\"mdjComplements\">Il a \u00e9t\u00e9 14 ans au pouvoir sous cette constitution et il n\u2019a pas voulu ou pas pu abroger cet article.<\/div>\n<div class=\"mdjComplements\">Tout \u00e0 fait \u00e0 la fin de son mandat, il a eu cette sentence\u00a0: \u00ab\u00a0Les institutions ont \u00e9t\u00e9 dangereuses avant moi et le redeviendront apr\u00e8s moi\u00a0\u00bb.<\/div>\n<div class=\"mdjComplements\">Vous trouverez ces information sur l\u2019excellent site de l\u2019Institut Fran\u00e7ois Mitterrand\u00a0: \u00a0<a href=\"http:\/\/www.mitterrand.org\/Qu-est-ce-que-le-mitterrandisme.html\">http:\/\/www.mitterrand.org\/Qu-est-ce-que-le-mitterrandisme.html<\/a><\/div>\n<div class=\"mdjComplements\">Avant de continuer, citons in extenso cet article qu\u2019aucun pays d\u00e9mocratique lib\u00e9ral et s\u00e9rieux ne nous envie\u00a0:<\/div>\n<div class=\"mdjCiter\">\u00ab\u00a0Lorsque les institutions de la R\u00e9publique, l&rsquo;ind\u00e9pendance de la Nation, l&rsquo;int\u00e9grit\u00e9 de son territoire ou l&rsquo;ex\u00e9cution de ses engagements internationaux sont menac\u00e9s (1) d&rsquo;une mani\u00e8re grave et imm\u00e9diate et que le fonctionnement r\u00e9gulier des pouvoirs publics constitutionnels est interrompu, le Pr\u00e9sident de la R\u00e9publique prend les mesures exig\u00e9es par ces circonstances, apr\u00e8s consultation officielle du Premier ministre, des Pr\u00e9sidents des Assembl\u00e9es ainsi que du Conseil constitutionnel.<\/div>\n<div class=\"mdjCiter\">Il en informe la Nation par un message.<\/div>\n<div class=\"mdjCiter\">Ces mesures doivent \u00eatre inspir\u00e9es par la volont\u00e9 d&rsquo;assurer aux pouvoirs publics constitutionnels, dans les moindres d\u00e9lais, les moyens d&rsquo;accomplir leur mission. Le Conseil constitutionnel est consult\u00e9 \u00e0 leur sujet.<\/div>\n<div class=\"mdjCiter\">Le Parlement se r\u00e9unit de plein droit.<\/div>\n<div class=\"mdjCiter\">L&rsquo;Assembl\u00e9e nationale ne peut \u00eatre dissoute pendant l&rsquo;exercice des pouvoirs exceptionnels.<\/div>\n<div class=\"mdjCiter\">Apr\u00e8s trente jours d&rsquo;exercice des pouvoirs exceptionnels, le Conseil constitutionnel peut \u00eatre saisi par le Pr\u00e9sident de l&rsquo;Assembl\u00e9e nationale, le Pr\u00e9sident du S\u00e9nat, soixante d\u00e9put\u00e9s ou soixante s\u00e9nateurs, aux fins d&rsquo;examiner si les conditions \u00e9nonc\u00e9es au premier alin\u00e9a demeurent r\u00e9unies. Il se prononce dans les d\u00e9lais les plus brefs par un avis public. Il proc\u00e8de de plein droit \u00e0 cet examen et se prononce dans les m\u00eames conditions au terme de soixante jours d&rsquo;exercice des pouvoirs exceptionnels et \u00e0 tout moment au-del\u00e0 de cette dur\u00e9e.\u00a0\u00bb<\/div>\n<div class=\"mdjComplements\">L\u2019historien Fran\u00e7ois Durpaire et le dessinateur Farid Boudjellal, ont fait une BD dont vient de para\u00eetre le 3<sup>\u00e8me<\/sup> tome\u00a0: <a href=\"http:\/\/www.pileface.com\/sollers\/spip.php?breve4060\">\u00ab\u00a0La Pr\u00e9sidente\u00a0<\/a>\u00bb o\u00f9 ils imaginent Marine Le Pen \u00e9lue pr\u00e9sidente le 7 mai 2017.<\/div>\n<div class=\"mdjComplements\">L\u2019historien pr\u00e9vient que Marine Le Pen ressemble \u00e0 Donald Trump, mais Donald Trump a contre lui un vrai pouvoir judiciaire qui l\u2019arr\u00eate, stoppe ses d\u00e9crets, un Parlement qui ne vote pas comme il le souhaite bien que son parti dispose de la majorit\u00e9. Et m\u00eame les membres du gouvernement qu\u2019il nomme peuvent \u00eatre r\u00e9cus\u00e9s ou devoir d\u00e9missionner d\u00e8s qu\u2019on s\u2019aper\u00e7oit qu\u2019il existe des conflits d\u2019int\u00e9r\u00eats \u00a0Enfin c\u2019est un Etat f\u00e9d\u00e9ral et les \u00e9tats f\u00e9d\u00e9r\u00e9s comme la Californie peuvent largement s\u2019\u00e9loigner des injonctions du pouvoir f\u00e9d\u00e9ral et disposent d\u2019une large autonomie.<\/div>\n<div class=\"mdjComplements\">Il n\u2019y a rien de tel pour arr\u00eater Marine Le Pen qui en outre dispose de l\u2019article 16.<\/div>\n<div class=\"mdjComplements\">Une fois au pouvoir, il y aura probablement de grands d\u00e9sordres.<\/div>\n<div class=\"mdjComplements\">Elle pourra alors consid\u00e9rer que les conditions de la mise en \u0153uvre de l\u2019article 16 sont r\u00e9unies.<\/div>\n<p><a href=\"https:\/\/www.challenges.fr\/election-presidentielle-2017\/marine-le-pen-et-le-scenario-catastrophe-de-l-article-16-de-la-constitution_460096\">&lt;Un journaliste de Challenges d\u00e9veloppe cette hypoth\u00e8se&gt;<\/a><\/p>\n<div class=\"mdjComplements\">Il y a deux dispositions de nature \u00e0 freiner ce pouvoir absolu :<\/div>\n<div class=\"mdjComplements\">Un avis public du Conseil constitutionnel.<\/div>\n<div class=\"mdjComplements\">Le Parlement est r\u00e9uni et l&rsquo;Assembl\u00e9e ne peut \u00eatre dissoute.<\/div>\n<div class=\"mdjComplements\">Notez qu&rsquo;il n&rsquo;est pas pr\u00e9vu qu&rsquo;une autorit\u00e9 mette fin, de mani\u00e8re autoritaire, aux pouvoirs exceptionnels contre l&rsquo;avis du Pr\u00e9sident de la r\u00e9publique !<\/div>\n<div class=\"mdjComplements\">Tout ceci me para\u00eet bien l\u00e9ger &#8230; aucune comparaison possible avec les Etats-Unis&#8230;<\/div>\n<div class=\"mdjComplements\">Vous trouverez d&rsquo;ailleurs sur ce th\u00e8me et en pi\u00e8ce jointe, une tribune parue dans \u00ab Le Monde \u00bb le 11 avril et r\u00e9dig\u00e9e par un collectif compos\u00e9 de juristes qui estime que la Ve R\u00e9publique permet au pr\u00e9sident de cumuler les pouvoirs l\u00e9gislatif et ex\u00e9cutif et que confier une telle autorit\u00e9 \u00e0 Marine le Pen ferait courir un grave danger \u00e0 la d\u00e9mocratie.<\/div>\n","protected":false},"excerpt":{"rendered":"<p>mercredi 19 avril 2017 \u00ab\u00a0L\u2019article 16 de la constitution\u00a0\u00bb Un article liberticide de la constitution qu\u2019il ne faudrait pas mettre entre toutes les mains. Gr\u00e2ce \u00e0 Manuel Valls nous connaissons l&rsquo;article 49-3 de la constitution, article qui permet d&rsquo;obliger l&rsquo;Assembl\u00e9e<\/p>\n","protected":false},"author":1,"featured_media":0,"comment_status":"closed","ping_status":"closed","sticky":false,"template":"","format":"standard","meta":{"footnotes":""},"categories":[1],"tags":[16,3,4],"class_list":["post-508","post","type-post","status-publish","format-standard","hentry","category-motdujour","tag-droit","tag-politique","tag-presidentielle-2017"],"_links":{"self":[{"href":"https:\/\/lemotdujour.fr\/index.php?rest_route=\/wp\/v2\/posts\/508","targetHints":{"allow":["GET"]}}],"collection":[{"href":"https:\/\/lemotdujour.fr\/index.php?rest_route=\/wp\/v2\/posts"}],"about":[{"href":"https:\/\/lemotdujour.fr\/index.php?rest_route=\/wp\/v2\/types\/post"}],"author":[{"embeddable":true,"href":"https:\/\/lemotdujour.fr\/index.php?rest_route=\/wp\/v2\/users\/1"}],"replies":[{"embeddable":true,"href":"https:\/\/lemotdujour.fr\/index.php?rest_route=%2Fwp%2Fv2%2Fcomments&post=508"}],"version-history":[{"count":2,"href":"https:\/\/lemotdujour.fr\/index.php?rest_route=\/wp\/v2\/posts\/508\/revisions"}],"predecessor-version":[{"id":1793,"href":"https:\/\/lemotdujour.fr\/index.php?rest_route=\/wp\/v2\/posts\/508\/revisions\/1793"}],"wp:attachment":[{"href":"https:\/\/lemotdujour.fr\/index.php?rest_route=%2Fwp%2Fv2%2Fmedia&parent=508"}],"wp:term":[{"taxonomy":"category","embeddable":true,"href":"https:\/\/lemotdujour.fr\/index.php?rest_route=%2Fwp%2Fv2%2Fcategories&post=508"},{"taxonomy":"post_tag","embeddable":true,"href":"https:\/\/lemotdujour.fr\/index.php?rest_route=%2Fwp%2Fv2%2Ftags&post=508"}],"curies":[{"name":"wp","href":"https:\/\/api.w.org\/{rel}","templated":true}]}}