{"id":506,"date":"2017-04-18T02:00:00","date_gmt":"2017-04-17T22:00:00","guid":{"rendered":"http:\/\/lemotdujour.fr\/?p=506"},"modified":"2021-09-28T21:13:13","modified_gmt":"2021-09-28T19:13:13","slug":"mardi-18-avril-2017","status":"publish","type":"post","link":"https:\/\/lemotdujour.fr\/?p=506","title":{"rendered":"Mardi 18 avril 2017"},"content":{"rendered":"<div class=\"mdjTexte\">\u00abLa Chanson de Craonne \u00bb<\/div>\n<div class=\"mdjAuteur\">Chanson des soldats de la bataille du chemin des dames<\/div>\n<p><span style=\"color: #777777; font-family: Arial;\">Le dimanche 16 avril 2017 \u00e9tait le jour de la P\u00e2ques chr\u00e9tienne. C&rsquo;\u00e9tait P\u00e2ques parce qu&rsquo;il s&rsquo;agissait du premier dimanche qui suivait la premi\u00e8re pleine lune apr\u00e8s l&rsquo;\u00e9quinoxe de printemps.<br \/>\n<\/span><\/p>\n<p><span style=\"color: #777777; font-family: Arial;\">Lundi 20 mars 2017 fut le jour de l&rsquo;\u00e9quinoxe de printemps.<br \/>\n<\/span><\/p>\n<p><span style=\"color: #777777; font-family: Arial;\">La pleine lune eut lieu mardi 11 avril (la pr\u00e9c\u00e9dente \u00e9tait le 12 mars, vous trouverez toutes les informations sur les phases de la lune<span style=\"color: #0000ff;\"> <a style=\"color: #0000ff;\" href=\"https:\/\/www.calendrier-365.fr\/lune\/phases-de-la-lune.html\"><span style=\"text-decoration: underline;\">sur ce site<\/span><\/a><\/span>).<br \/>\n<\/span><\/p>\n<p><span style=\"color: #777777; font-family: Arial;\">Et donc le dimanche suivant \u00e9tait le 16 avril et c&rsquo;est ainsi que chaque ann\u00e9e est d\u00e9termin\u00e9e P\u00e2ques.<br \/>\n<\/span><\/p>\n<p><span style=\"color: #777777; font-family: Arial;\">Et chaque ann\u00e9e, les catholiques et les protestants f\u00eatent la \u00abr\u00e9surrection du Christ\u00bb le premier dimanche qui suit la premi\u00e8re pleine Lune apr\u00e8s l&rsquo;\u00e9quinoxe de Printemps.<br \/>\n<\/span><\/p>\n<p><span style=\"color: #777777; font-family: Arial;\">En 1917, le 16 avril tombait un lundi, 8 jours apr\u00e8s le dimanche de P\u00e2ques.<br \/>\n<\/span><\/p>\n<p><span style=\"color: #777777; font-family: Arial;\">Ce <strong>lundi 16 avril 1917<\/strong>, un criminel qui ne fut jamais jug\u00e9, m\u00eame si le tribunal de l&rsquo;Histoire le condamne, a ordonn\u00e9 \u00e0 6 heures du matin le d\u00e9but de la bataille appel\u00e9<strong> la bataille du chemin des dames<\/strong>. Ce criminel avait pour nom Robert George Nivelle, il ne fut jamais jug\u00e9 parce qu&rsquo;il portait l&rsquo;uniforme de g\u00e9n\u00e9ral de l&rsquo;arm\u00e9e fran\u00e7aise et qu&rsquo;il avait agi dans ces fonctions.<br \/>\n<\/span><\/p>\n<p><span style=\"color: #777777; font-family: Arial;\">La bataille du chemin des dames !<br \/>\n<\/span><\/p>\n<p><span style=\"color: #0000ff;\"><a style=\"color: #0000ff;\" href=\"https:\/\/fr.wikipedia.org\/wiki\/Chemin_des_Dames\"><span style=\"font-family: Arial; text-decoration: underline;\">Le chemin des dames<\/span><\/a><\/span><span style=\"color: #777777; font-family: Arial;\"> est une route qui se situe dans le d\u00e9partement de l&rsquo;Aisne et qui relie, d&rsquo;ouest en est, les 25,9 km s\u00e9parant les communes d&rsquo;Aizy-Jouy et de Corbeny.<br \/>\n<\/span><\/p>\n<p><span style=\"color: #777777; font-family: Arial;\"><img loading=\"lazy\" decoding=\"async\" class=\" wp-image-12193 alignleft\" src=\"https:\/\/lemotdujour.fr\/wp-content\/uploads\/2017\/04\/Chemin-des-dames-3.jpg\" alt=\"\" width=\"541\" height=\"202\" srcset=\"https:\/\/lemotdujour.fr\/wp-content\/uploads\/2017\/04\/Chemin-des-dames-3.jpg 755w, https:\/\/lemotdujour.fr\/wp-content\/uploads\/2017\/04\/Chemin-des-dames-3-300x112.jpg 300w\" sizes=\"auto, (max-width: 541px) 100vw, 541px\" \/>Cette route fut baptis\u00e9e ainsi \u00e0 la fin du XVIII\u00e8me alors qu&rsquo;il ne s&rsquo;agissait que d&rsquo;un petit chemin, peu carrossable parce qu&rsquo;il fut emprunt\u00e9 entre 1776 et 1789 par Ad\u00e9la\u00efde et Victoire, filles du roi Louis XV, \u00e9galement appel\u00e9es Dames de France qui, venant de Paris, se rendaient fr\u00e9quemment dans un ch\u00e2teau des environs.<br \/>\n<\/span><\/p>\n<p><span style=\"color: #777777; font-family: Arial;\">Cette route traverse le village de Craonne qui fut un lieu particuli\u00e8rement meurtrier de cette bataille qui se d\u00e9roula du 16 avril jusqu&rsquo;en juin 1917.<br \/>\n<\/span><\/p>\n<p><span style=\"color: #777777; font-family: Arial;\">Craonne fut d\u00e9j\u00e0 le nom d&rsquo;une bataille de Napol\u00e9on Ier en 1814 o\u00f9 les fran\u00e7ais battirent les Prussiens et les Russes, au prix de 5 400 morts parmi ses jeunes recrues que l&rsquo;on appelait les Marie-Louise.<br \/>\n<\/span><\/p>\n<p><span style=\"color: #777777; font-family: Arial;\"><img loading=\"lazy\" decoding=\"async\" class=\"wp-image-12194 alignright\" src=\"https:\/\/lemotdujour.fr\/wp-content\/uploads\/2017\/04\/Chemin-des-dames-1.jpg\" alt=\"\" width=\"377\" height=\"212\" srcset=\"https:\/\/lemotdujour.fr\/wp-content\/uploads\/2017\/04\/Chemin-des-dames-1.jpg 675w, https:\/\/lemotdujour.fr\/wp-content\/uploads\/2017\/04\/Chemin-des-dames-1-300x169.jpg 300w\" sizes=\"auto, (max-width: 377px) 100vw, 377px\" \/>Mais<span style=\"color: #0000ff;\"> <a style=\"color: #0000ff;\" href=\"https:\/\/fr.wikipedia.org\/wiki\/Bataille_du_Chemin_des_Dames\"><span style=\"text-decoration: underline;\">\u00ab l&rsquo;offensive Nivelle \u00bb<\/span><\/a> <\/span>fit beaucoup plus de morts : on estime \u00e0 pr\u00e8s de 200 000 hommes c\u00f4t\u00e9 fran\u00e7ais tu\u00e9s au bout de deux mois d&rsquo;offensives et un chiffre \u00e9quivalent du c\u00f4t\u00e9 allemand. Et l&rsquo;arm\u00e9e fran\u00e7aise n&rsquo;avan\u00e7a quasi pas. Tous ces jeunes ont \u00e9t\u00e9 envoy\u00e9s \u00e0 la mort pour aucun r\u00e9sultat. On appela Nivelle \u00ab le boucher \u00bb du fait de son obstination et son peu de consid\u00e9ration pour la souffrance et la mort de ses hommes.<br \/>\n<\/span><\/p>\n<p><span style=\"color: #777777; font-family: Arial;\">Les hommes exasp\u00e9r\u00e9s se r\u00e9volt\u00e8rent, on appela cela des mutineries.<br \/>\n<\/span><\/p>\n<p><span style=\"color: #777777; font-family: Arial;\">Il y eut de nombreuses condamnations et 43 mutins furent fusill\u00e9s.<br \/>\n<\/span><\/p>\n<p><span style=\"color: #777777; font-family: Arial;\">Ils furent fusill\u00e9s parce que des officiers le d\u00e9cid\u00e8rent et parce qu&rsquo;il y eut suffisamment d&rsquo;hommes de troupes qui plut\u00f4t que de tourner leurs fusils contre leurs officiers, accept\u00e8rent cette d\u00e9cision parce qu&rsquo;ils croyaient que l&rsquo;amour et la d\u00e9fense de la Patrie justifiaient ce sacrifice pour l&rsquo;exemple et la poursuite des combats.<br \/>\n<\/span><\/p>\n<p><span style=\"color: #777777; font-family: Arial;\">Et c&rsquo;est \u00e0 cette occasion que des soldats \u00e9criront et chanteront <a href=\"https:\/\/fr.wikipedia.org\/wiki\/La_Chanson_de_Craonne\"><span style=\"color: blue; text-decoration: underline;\"><span style=\"color: #0000ff; text-decoration: underline;\">\u00ab la chanson de Craonne \u00bb<\/span><\/span><\/a> une des chansons les plus anti militaristes qui soit.<br \/>\n<\/span><\/p>\n<p><span style=\"color: #777777; font-family: Arial;\"><a href=\"http:\/\/voyages.excite.fr\/visiter-chemin-des-dames.html\"><img loading=\"lazy\" decoding=\"async\" class=\"size-full wp-image-12195 alignleft\" src=\"https:\/\/lemotdujour.fr\/wp-content\/uploads\/2017\/04\/Chemin-des-dames-2.jpg\" alt=\"\" width=\"512\" height=\"264\" srcset=\"https:\/\/lemotdujour.fr\/wp-content\/uploads\/2017\/04\/Chemin-des-dames-2.jpg 512w, https:\/\/lemotdujour.fr\/wp-content\/uploads\/2017\/04\/Chemin-des-dames-2-300x155.jpg 300w\" sizes=\"auto, (max-width: 512px) 100vw, 512px\" \/><\/a>Elle fut interdite jusqu&rsquo;en 1974.<br \/>\n<\/span><\/p>\n<p><span style=\"color: #777777; font-family: Arial;\">Et encore, le 1er juillet 2016, lors de la c\u00e9r\u00e9monie d&rsquo;anniversaire comm\u00e9morant les 100 ans de la bataille de la Somme, un secr\u00e9taire d&rsquo;\u00c9tat aux anciens combattants, parfaitement inconnu, Jean-Marc Todeschini refusa que soit entonn\u00e9e la Chanson de Craonne.<br \/>\n<\/span><\/p>\n<p><span style=\"color: #777777; font-family: Arial;\">Mais en ce dimanche de P\u00e2ques, lors de la comm\u00e9moration officielle de la bataille du chemin des dames, pr\u00e9sid\u00e9e par Fran\u00e7ois Hollande, la chanson de Craonne put enfin \u00eatre entonn\u00e9e en m\u00e9moire des soldats morts encore plus inutiles que les autres morts de la premi\u00e8re guerre mondiale.<br \/>\n<\/span><\/p>\n<p><span style=\"color: #777777; font-family: Arial;\">Si le boucher Nivelle subit un moment de disgr\u00e2ce av\u00e9r\u00e9e, en d\u00e9cembre 1917, il fut pleinement r\u00e9habilit\u00e9 apr\u00e8s la guerre puisqu&rsquo;il est nomm\u00e9 au Conseil sup\u00e9rieur de la guerre, \u00e9lev\u00e9 \u00e0 la dignit\u00e9 de Grand&rsquo;croix dans l&rsquo;ordre de la L\u00e9gion d&rsquo;honneur et d\u00e9cor\u00e9 de la m\u00e9daille militaire. Il est mort dans son lit en 1924 aux n\u00b033-35 rue de la Tour dans le 16e arrondissement de Paris o\u00f9 une plaque lui rend hommage. 7 ans plus tard, il est m\u00eame transf\u00e9r\u00e9 aux Invalides lors d&rsquo;une c\u00e9r\u00e9monie pr\u00e9sid\u00e9e par le ministre de la Guerre qui \u00e9tait alors Andr\u00e9 Maginot qui devint c\u00e9l\u00e8bre pour une autre immense erreur militaire fran\u00e7aise.<br \/>\n<\/span><\/p>\n<p><span style=\"color: #777777; font-family: Arial;\">Voici un lien vers l&rsquo;interpr\u00e9tation de la &lt;<span style=\"color: #0000ff;\"><a style=\"color: #0000ff;\" href=\"https:\/\/www.youtube.com\/watch?v=wGrdG85mmL0\"><span style=\"text-decoration: underline;\">chanson de Craonne par Marc Ogeret<\/span><\/a><\/span>&gt;<br \/>\n<\/span><\/p>\n<p><span style=\"color: #777777; font-family: Arial;\">Et voici ce texte :<br \/>\n<\/span><\/p>\n<p style=\"margin-left: 28pt;\"><span style=\"color: #c00000; font-family: Arial;\">Quand au bout d&rsquo;huit jours le repos termin\u00e9<br \/>\n<\/span><span style=\"color: #c00000; font-family: Arial;\">On va reprendre les tranch\u00e9es,<br \/>\n<\/span><span style=\"color: #c00000; font-family: Arial;\">Notre place est si utile<br \/>\n<\/span><span style=\"color: #c00000; font-family: Arial;\">Que sans nous on prend la pile<br \/>\n<\/span><span style=\"color: #c00000; font-family: Arial;\">Mais c&rsquo;est bien fini, on en a assez<br \/>\n<\/span><span style=\"color: #c00000; font-family: Arial;\">Personne ne veut plus marcher<br \/>\n<\/span><span style=\"color: #c00000; font-family: Arial;\">Et le c\u0153ur bien gros, comm&rsquo; dans un sanglot<br \/>\n<\/span><span style=\"color: #c00000; font-family: Arial;\">On dit adieu aux civ&rsquo;lots<br \/>\n<\/span><span style=\"color: #c00000; font-family: Arial;\">M\u00eame sans tambours m\u00eame sans trompettes<br \/>\n<\/span><span style=\"color: #c00000; font-family: Arial;\">On s&rsquo;en va l\u00e0-haut en baissant la t\u00eate<br \/>\n<\/span><\/p>\n<p style=\"margin-left: 28pt;\"><span style=\"color: #c00000; font-family: Arial;\"><em>\u2013 <strong>Refrain<\/strong> :<\/em><br \/>\n<\/span><\/p>\n<p style=\"margin-left: 28pt;\"><span style=\"color: #c00000; font-family: Arial;\"><em>Adieu la vie, adieu l&rsquo;amour<\/em>,<br \/>\n<\/span><span style=\"color: #c00000; font-family: Arial;\"><em>Adieu toutes les femmes<\/em><br \/>\n<\/span><span style=\"color: #c00000; font-family: Arial;\"><em>C&rsquo;est bien fini, c&rsquo;est pour toujours<\/em><br \/>\n<\/span><span style=\"color: #c00000; font-family: Arial;\"><em>De cette guerre inf\u00e2me<\/em><br \/>\n<\/span><span style=\"color: #c00000; font-family: Arial;\"><em>C&rsquo;est \u00e0 Craonne sur le plateau<\/em><br \/>\n<\/span><span style=\"color: #c00000; font-family: Arial;\"><em>Qu&rsquo;on doit laisser sa peau<\/em><br \/>\n<\/span><span style=\"color: #c00000; font-family: Arial;\"><em>Car nous sommes tous condamn\u00e9s<\/em><br \/>\n<\/span><span style=\"color: #c00000; font-family: Arial;\"><em>Nous sommes les sacrifi\u00e9s<\/em><br \/>\n<\/span><\/p>\n<p style=\"margin-left: 28pt;\"><span style=\"color: #c00000; font-family: Arial;\">Huit jours de tranch\u00e9e, huit jours de souffrance<br \/>\n<\/span><span style=\"color: #c00000; font-family: Arial;\">Pourtant on a l&rsquo;esp\u00e9rance<br \/>\n<\/span><span style=\"color: #c00000; font-family: Arial;\">Que ce soir viendra la r&rsquo;l\u00e8ve<br \/>\n<\/span><span style=\"color: #c00000; font-family: Arial;\">Que nous attendons sans tr\u00eave<br \/>\n<\/span><span style=\"color: #c00000; font-family: Arial;\">Soudain dans la nuit et dans le silence<br \/>\n<\/span><span style=\"color: #c00000; font-family: Arial;\">On voit quelqu&rsquo;un qui s&rsquo;avance<br \/>\n<\/span><span style=\"color: #c00000; font-family: Arial;\">C&rsquo;est un officier de chasseurs \u00e0 pied<br \/>\n<\/span><span style=\"color: #c00000; font-family: Arial;\">Qui vient pour nous remplacer<br \/>\n<\/span><span style=\"color: #c00000; font-family: Arial;\">Doucement dans l&rsquo;ombre sous la pluie qui tombe<br \/>\n<\/span><span style=\"color: #c00000; font-family: Arial;\">Les petits chasseurs vont chercher leurs tombes<br \/>\n<\/span><span style=\"color: #c00000; font-family: Arial;\">C&rsquo;est malheureux d&rsquo;voir sur les grands boulevards<br \/>\n<\/span><span style=\"color: #c00000; font-family: Arial;\">Tous ces gros qui font la foire<br \/>\n<\/span><span style=\"color: #c00000; font-family: Arial;\">Si pour eux la vie est rose<br \/>\n<\/span><span style=\"color: #c00000; font-family: Arial;\">Pour nous c&rsquo;est pas la m\u00eame chose<br \/>\n<\/span><span style=\"color: #c00000; font-family: Arial;\">Au lieu d&rsquo;se cacher tous ces embusqu\u00e9s<br \/>\n<\/span><span style=\"color: #c00000; font-family: Arial;\">F&rsquo;raient mieux d&rsquo;monter aux tranch\u00e9es<br \/>\n<\/span><span style=\"color: #c00000; font-family: Arial;\">Pour d\u00e9fendre leurs biens, car nous n&rsquo;avons rien<br \/>\n<\/span><span style=\"color: #c00000; font-family: Arial;\">Nous autres les pauv&rsquo; purotins<br \/>\n<\/span><span style=\"color: #c00000; font-family: Arial;\">Tous les camarades sont enterr\u00e9s l\u00e0<br \/>\n<\/span><span style=\"color: #c00000; font-family: Arial;\">Pour d\u00e9fendr&rsquo; les biens de ces messieurs l\u00e0<br \/>\n<\/span><\/p>\n<p style=\"margin-left: 28pt;\"><span style=\"color: #c00000; font-family: Arial;\"><em>\u2013 <strong>Refrain<\/strong> :<\/em><br \/>\n<\/span><\/p>\n<p style=\"margin-left: 28pt;\"><span style=\"color: #c00000; font-family: Arial;\"><em>Ceux qu&rsquo;ont le pognon, ceux-l\u00e0 reviendront<\/em><br \/>\n<\/span><span style=\"color: #c00000; font-family: Arial;\"><em>Car c&rsquo;est pour eux qu&rsquo;on cr\u00e8ve<\/em><br \/>\n<\/span><span style=\"color: #c00000; font-family: Arial;\"><em>Mais c&rsquo;est fini, nous, les troufions<\/em><br \/>\n<\/span><span style=\"color: #c00000; font-family: Arial;\"><em>On va se mettre en gr\u00e8ve<\/em><br \/>\n<\/span><span style=\"color: #c00000; font-family: Arial;\"><em>Ce sera vot&rsquo; tour messieurs les gros<\/em><br \/>\n<\/span><span style=\"color: #c00000; font-family: Arial;\"><em>De monter sur le plateau<\/em><br \/>\n<\/span><span style=\"color: #c00000; font-family: Arial;\"><em>Si vous voulez faire la guerre<\/em><br \/>\n<\/span><span style=\"color: #c00000; font-family: Arial;\"><em>Payez-la de votre peau<\/em><br \/>\n<\/span><\/p>\n<p><span style=\"color: #777777; font-family: Arial;\">Le mot du jour du 28\/07\/2014 citait Paul Val\u00e9ry \u00ab <strong>La guerre, c&rsquo;est le massacre de gens qui ne se connaissent pas, au profit de gens qui se connaissent et ne se massacrent pas<\/strong> \u00bb.<br \/>\n<\/span><\/p>\n<p><span style=\"color: #777777; font-family: Arial;\"><span style=\"color: #0000ff;\">&lt;<a style=\"color: #0000ff;\" href=\"https:\/\/www.franceinter.fr\/emissions\/l-invite-d-ali-baddou\/l-invite-d-ali-baddou-14-avril-2017\"><span style=\"text-decoration: underline;\">Ali Baddou a re\u00e7u sur France Inter Nicolas Offenstadt qui a parl\u00e9 de cette bataille et de la chanson<\/span><\/a>&gt;<\/span><br \/>\n<\/span><\/p>\n<p><span style=\"color: #0000ff;\"><a style=\"color: #0000ff;\" href=\"https:\/\/www.franceinter.fr\/emissions\/le-7h43\/le-7h43-14-avril-2017\"><span style=\"font-family: Arial; text-decoration: underline;\"><em>&lt;Patrick Cohen a aussi \u00e9voqu\u00e9 cette chanson ce m\u00eame vendredi&gt;<\/em><\/span><\/a><\/span><span style=\"color: #777777; font-family: Arial;\"><br \/>\n<\/span><\/p>\n<p><span style=\"color: #777777; font-family: Arial;\">Et <span style=\"color: #0000ff;\"><a style=\"color: #0000ff;\" href=\"http:\/\/www.chemindesdames.fr\/fr\"><span style=\"text-decoration: underline;\">&lt;ICI&gt;<\/span><\/a> <\/span>vous trouverez un site comm\u00e9moratif de la bataille du chemin des Dames<br \/>\n<\/span><\/p>\n<p><span style=\"color: #c00000; font-family: Arial;\">&lt;876&gt;<\/span><\/p>\n","protected":false},"excerpt":{"rendered":"<p>\u00abLa Chanson de Craonne \u00bb Chanson des soldats de la bataille du chemin des dames Le dimanche 16 avril 2017 \u00e9tait le jour de la P\u00e2ques chr\u00e9tienne. C&rsquo;\u00e9tait P\u00e2ques parce qu&rsquo;il s&rsquo;agissait du premier dimanche qui suivait la premi\u00e8re pleine<\/p>\n","protected":false},"author":1,"featured_media":0,"comment_status":"closed","ping_status":"closed","sticky":false,"template":"","format":"standard","meta":{"footnotes":""},"categories":[1],"tags":[118,15,17],"class_list":["post-506","post","type-post","status-publish","format-standard","hentry","category-motdujour","tag-14-18","tag-france","tag-histoire"],"_links":{"self":[{"href":"https:\/\/lemotdujour.fr\/index.php?rest_route=\/wp\/v2\/posts\/506","targetHints":{"allow":["GET"]}}],"collection":[{"href":"https:\/\/lemotdujour.fr\/index.php?rest_route=\/wp\/v2\/posts"}],"about":[{"href":"https:\/\/lemotdujour.fr\/index.php?rest_route=\/wp\/v2\/types\/post"}],"author":[{"embeddable":true,"href":"https:\/\/lemotdujour.fr\/index.php?rest_route=\/wp\/v2\/users\/1"}],"replies":[{"embeddable":true,"href":"https:\/\/lemotdujour.fr\/index.php?rest_route=%2Fwp%2Fv2%2Fcomments&post=506"}],"version-history":[{"count":6,"href":"https:\/\/lemotdujour.fr\/index.php?rest_route=\/wp\/v2\/posts\/506\/revisions"}],"predecessor-version":[{"id":12197,"href":"https:\/\/lemotdujour.fr\/index.php?rest_route=\/wp\/v2\/posts\/506\/revisions\/12197"}],"wp:attachment":[{"href":"https:\/\/lemotdujour.fr\/index.php?rest_route=%2Fwp%2Fv2%2Fmedia&parent=506"}],"wp:term":[{"taxonomy":"category","embeddable":true,"href":"https:\/\/lemotdujour.fr\/index.php?rest_route=%2Fwp%2Fv2%2Fcategories&post=506"},{"taxonomy":"post_tag","embeddable":true,"href":"https:\/\/lemotdujour.fr\/index.php?rest_route=%2Fwp%2Fv2%2Ftags&post=506"}],"curies":[{"name":"wp","href":"https:\/\/api.w.org\/{rel}","templated":true}]}}