{"id":504,"date":"2017-04-14T02:00:00","date_gmt":"2017-04-13T22:00:00","guid":{"rendered":"http:\/\/lemotdujour.fr\/?p=504"},"modified":"2017-05-11T07:03:56","modified_gmt":"2017-05-11T05:03:56","slug":"vendredi-14-avril-2017","status":"publish","type":"post","link":"https:\/\/lemotdujour.fr\/?p=504","title":{"rendered":"Vendredi 14 avril 2017"},"content":{"rendered":"<div class=\"mdjDate\"><a id=\"_Toc482008808\"><\/a>Vendredi 14 avril 2017<\/div>\n<div class=\"mdjTexte\">\u00ab\u00a0Web people vs wall people<br \/>\nLe peuple du web contre le peuple du mur\u00bb<\/div>\n<div class=\"mdjAuteur\">Thomas Friedman article du New York times<\/div>\n<div class=\"mdjComplements\">C&rsquo;est lors de l&rsquo;\u00e9mission du Grain \u00e0 moudre du 7 avril que j&rsquo;ai \u00e9t\u00e9 orient\u00e9 vers un article du Point de Brice Couturier qui analysait le point de vue d&rsquo;un journaliste du New York Times qui avait essay\u00e9 d&rsquo;expliquer la victoire de Trump par cette opposition entre celles et ceux qui font partie du peuple du Web et celles et ceux qui appartiennent au peuple du mur.<\/div>\n<div class=\"mdjComplements\">L\u2019article du New York Times se trouve derri\u00e8re ce lien\u00a0:<a href=\"https:\/\/www.nytimes.com\/2016\/07\/27\/opinion\/web-people-vs-wall-people.html?_r=0\"> https:\/\/www.nytimes.com\/2016\/07\/27\/opinion\/web-people-vs-wall-people.html?_r=0<\/a><\/div>\n<div class=\"mdjComplements\">L&rsquo;\u00e9mission du Grain \u00e0 Moudre avait pour objet ce sujet :\u00a0 <a href=\"https:\/\/www.franceculture.fr\/emissions\/du-grain-moudre\/le-club-le-non-au-referendum-de-2005-sera-t-il-entendu-en-2017\">&lt;Le non au r\u00e9f\u00e9rendum de 2005 sera-t-il entendu en 2017 ?&gt;<\/a><\/div>\n<div class=\"mdjComplements\">Et la chronique du Point peut \u00eatre lue \u00e0 cette adresse : <a href=\"http:\/\/www.lepoint.fr\/chroniques\/brice-couturier-peuple-du-mur-contre-peuple-du-web-11-03-2017-2111125_2.php\">http:\/\/www.lepoint.fr\/chroniques\/brice-couturier-peuple-du-mur-contre-peuple-du-web-11-03-2017-2111125_2.php#<\/a><\/div>\n<div class=\"mdjComplements\">Thomas Friedman que Brice Couturier pr\u00e9sente comme le chantre de la mondialisation (<em>La terre est plate<\/em>, Saint-Simon, 2006) a caract\u00e9ris\u00e9 les r\u00e9centes \u00e9lections am\u00e9ricaines comme une lutte politique entre le \u00ab\u00a0peuple du mur\u00a0\u00bb (Wall People) et le \u00ab\u00a0peuple du Web\u00a0\u00bb (Web People).<\/div>\n<div class=\"mdjComplements\">De mani\u00e8re intuitive on comprend bien cette opposition entre ceux qui souhaitent construire\u00a0 des murs pour se prot\u00e9ger ainsi que leur espace territorial des influences \u00e9trang\u00e8res, de la concurrence de tout ce qui peut remettre en cause leur mani\u00e8re de vivre, leurs traditions, leurs nations et ceux qui \u00e0 l&rsquo;aise dans le monde num\u00e9rique s&rsquo;attachent moins \u00e0 l&rsquo;adresse territoriale qu&rsquo;\u00e0 l&rsquo;ouverture vers le monde, les \u00e9changes et au destin individuel.<\/div>\n<div class=\"mdjComplements\">Thomas Friedman d\u00e9crit les membres du peuple du mur comme<\/div>\n<div class=\"mdjCiter\">\u00abrevendiquant des communaut\u00e9s d&rsquo;appartenance stables, l&rsquo;insertion dans le cadre d&rsquo;une histoire et d&rsquo;une g\u00e9ographie particuli\u00e8res qui conf\u00e8rent \u00e0 leur vie un horizon de sens. Ils veulent \u00ab\u00a0vivre et travailler au pays\u00a0\u00bb. Et en compagnie de gens qui leur ressemblent&#8230;\u00bb alors que les membres du peuple du web \u00ab\u00a0comprennent qu&rsquo;\u00e0 une \u00e9poque de changements rapides les syst\u00e8mes ouverts sont plus souples, plus r\u00e9silients, qu&rsquo;ils conf\u00e8rent de l&rsquo;\u00e9lan.\u00bb<\/div>\n<div class=\"mdjComplements\">Et il ajoute :<\/div>\n<div class=\"mdjCiter\">\u00abLes premiers r\u00eavent de se prot\u00e9ger par de hauts murs. Les seconds r\u00e9pliquent que toutes les lignes Maginot de l&rsquo;Histoire ont \u00e9t\u00e9 contourn\u00e9es.\u00bb<\/div>\n<div class=\"mdjComplements\">Si le premier tour des pr\u00e9sidentielles est conforme aux sondages actuels, nous aurons un second tour qui n&rsquo;opposera pas un candidat de gauche et un candidat de droite mais un repr\u00e9sentant du peuple du web contre une repr\u00e9sentante du peuple du mur.<\/div>\n<div class=\"mdjComplements\">De sorte que ce ne serait plus le classement droite\/gauche qui est d\u00e9terminant mais le rapport \u00e0 la mondialisation qui red\u00e9finirait les clivages politiques. Cette vision est partag\u00e9e par Marine Le Pen et Emmanuel Macron qui tous deux estiment le clivage droite\/gauche obsol\u00e8te alors qu&rsquo;il reste le ciment de Fran\u00e7ois Fillon, Jean-Luc M\u00e9lenchon et Benoit Hamon.<\/div>\n<div class=\"mdjComplements\">Brice Couturier \u00e9crit :<\/div>\n<div class=\"mdjCiter\">\u00abMarine Le Pen appelle \u00ab\u00a0les patriotes de gauche et de droite\u00a0\u00bb \u00e0 la rejoindre. Contre \u00ab\u00a0la mondialisation d\u00e9r\u00e9gul\u00e9e\u00a0\u00bb et \u00ab\u00a0l&rsquo;immigration massive\u00a0\u00bb, elle pr\u00e9sente un programme souverainiste int\u00e9gral\u00a0: priorit\u00e9 nationale, monnaie nationale, solidarit\u00e9 nationale. Pour elle, le clivage droite-gauche a perdu toute signification. Celui qui compte oppose d\u00e9sormais les \u00e9lites mondialisatrices et les peuples, en mal de s\u00e9curit\u00e9 et de protection. La PME lep\u00e9niste a achev\u00e9 sa mue. Sous la f\u00e9rule du couple Marine Le Pen-Florian Philippot, le Front national est parvenu \u00e0 s&#8217;emparer de l&rsquo;espace politique que convoitait Jean-Pierre Chev\u00e8nement (qui fut le premier mod\u00e8le de Florian Philippot) il y a quinze ans\u00a0: \u00ab\u00a0ni de droite ni de gauche\u00a0\u00bb, comme le \u00ab\u00a0p\u00f4le r\u00e9publicain\u00a0\u00bb du \u00ab\u00a0Che\u00a0\u00bb. La preuve, c&rsquo;est que l&rsquo;antipode de son programme ne se situe plus \u00e0 l&rsquo;extr\u00eame gauche, chez Jean-Luc M\u00e9lenchon, mais bien du c\u00f4t\u00e9 d&rsquo;Emmanuel Macron. Celui-ci est, en effet, le seul candidat \u00e0 pr\u00e9senter l&rsquo;int\u00e9gration europ\u00e9enne et la mondialisation comme autant de chances pour la France.<\/div>\n<div class=\"mdjCiter\">Le fondateur de la start-up politique En marche\u00a0! fait le constat que la droite et la gauche sont divis\u00e9es en leur sein quant aux r\u00e9ponses \u00e0 apporter aux r\u00e9volutions du XXIe si\u00e8cle\u00a0: robotisation, ub\u00e9risation, nouvelle donne internationale. \u00c0 ses yeux, le conflit politique central oppose d\u00e9sormais ceux qui veulent accompagner ces bouleversements, afin d&rsquo;en tirer parti, \u00e0 ceux qui croient possible de s&rsquo;y opposer. Les progressistes et les conservateurs, selon sa typologie. L&rsquo;affrontement droite-gauche\u00a0? Une survivance. Une mani\u00e8re pour les professionnels de la politique de justifier une rente de situation.<\/div>\n<div class=\"mdjCiter\">La fin du cycle historique ordonn\u00e9 \u00e0 la distinction droite-gauche.\u00bb<\/div>\n<div class=\"mdjComplements\">Dans son article Brice Couturier fait une revue des id\u00e9es et des livres sur ce sujet :<\/div>\n<div class=\"mdjCiter\">\u00ab Cette distinction recoupe en bonne part celle qu&rsquo;\u00e9tablit Alain de Benoist dans son dernier livre, <em>Le Moment populiste. Droite-gauche, c&rsquo;est fini\u00a0!<\/em> (Pierre-Guillaume de Roux). Selon lui, nous vivons la fin du cycle historique ordonn\u00e9 \u00e0 la distinction droite-gauche. Et le \u00ab\u00a0moment populiste\u00a0\u00bb est \u00ab\u00a0le r\u00e9v\u00e9lateur d&rsquo;une crise ou d&rsquo;un dysfonctionnement grave de la d\u00e9mocratie lib\u00e9rale\u00a0\u00bb. Les \u00ab\u00a0\u00e9lites lib\u00e9rales\u00a0\u00bb, s\u00fbres de la sup\u00e9riorit\u00e9 morale de leur programme \u00ab\u00a0d&rsquo;ouverture\u00a0\u00bb, pr\u00e9f\u00e9reraient \u00ab\u00a0gouverner sans le peuple \u2013 et finalement contre lui\u00a0\u00bb, selon Alain de Benoist.<\/div>\n<div class=\"mdjCiter\">\u00a0\u00bb Nos gouvernements ne nous repr\u00e9sentent plus, ils nous surveillent \u00ab\u00a0, d\u00e9plore, de son c\u00f4t\u00e9, le lib\u00e9ral-conservateur Pierre Manent. En effet, g\u00e9n\u00e9ralement acquises au multiculturalisme, les \u00e9lites dirigeantes des d\u00e9mocraties occidentales ont longtemps fait la le\u00e7on \u00e0 des populations r\u00e9ticentes. Elles ont \u00e9t\u00e9 relay\u00e9es par des m\u00e9dias peupl\u00e9s de directeurs de (bonne) conscience qui instrumentalisent l&rsquo;antiracisme pour imposer le politiquement correct. [&#8230;]<\/div>\n<div class=\"mdjCiter\">Alain de Benoist estime que la gauche et la droite se sont trahies toutes les deux. La premi\u00e8re, en faisant exploser le \u00ab\u00a0front de classe\u00a0\u00bb en une myriade de mouvements revendicatifs identitaires qui n&rsquo;aspirent plus \u00e0 transformer la soci\u00e9t\u00e9, mais \u00e0 s&rsquo;y faire une meilleure place au d\u00e9triment des autres. Il rejoint ainsi Marcel Gauchet, pour qui la transformation de la gauche en un \u00ab\u00a0parti des droits\u00a0\u00bb est une mani\u00e8re, d\u00e9grad\u00e9e, de \u00ab\u00a0recycler son projet d&rsquo;\u00e9mancipation\u00a0\u00bb. La seconde, parce qu&rsquo;elle s&rsquo;est donn\u00e9e, par m\u00e9fiance envers le peuple, au lib\u00e9ralisme. Or celui-ci provoque, selon Benoist, la destruction de tout ce qui aurait m\u00e9rit\u00e9 d&rsquo;\u00eatre conserv\u00e9. Et en particulier les peuples en tant que communaut\u00e9s culturellement homog\u00e8nes et corps politiques se gouvernant eux-m\u00eames. Le capitalisme mondialis\u00e9 provoque la d\u00e9saffiliation des individus (Robert Castel)\u00a0; il liqu\u00e9fie les liens sociaux (Zygmunt Bauman)\u00a0; il sape toutes les identit\u00e9s, en particulier celles qui, \u00e9manant des appartenances de classe (Jean-Claude Mich\u00e9a), soutenaient les grands ensembles politiques \u2013\u00a0lib\u00e9ralisme versus socialisme. [&#8230;]<\/div>\n<div class=\"mdjCiter\">L&rsquo;historien des id\u00e9es Arnaud Imatz, auteur de <em>Droite-gauche. Pour sortir de l&rsquo;\u00e9quivoque<\/em> (P.-G. de Roux, 2016), montre que, sur la plupart des grands th\u00e8mes, gauche et droite n&rsquo;ont cess\u00e9 d&rsquo;\u00e9changer leurs positions au cours du temps. Le colonialisme, en France, a \u00e9t\u00e9 une entreprise de gauche, que la droite d\u00e9non\u00e7ait comme une diversion dans la n\u00e9cessaire revanche contre l&rsquo;Allemagne. La d\u00e9fense de l&rsquo;individu est n\u00e9e \u00e0 gauche, avant de passer \u00e0 droite. Aujourd&rsquo;hui, des questions fondamentales comme la place de l&rsquo;islam et la la\u00efcit\u00e9, les rapports avec la Russie ou la forme que doit prendre la poursuite du projet d&rsquo;int\u00e9gration europ\u00e9enne divisent non la gauche et la droite, mais chacune d&rsquo;entre elles. [&#8230;] \u00bb<\/div>\n<div class=\"mdjComplements\">En r\u00e9alit\u00e9 il peut exister deux lectures n\u00e9gatives de la mondialisation celles par les classes sociales et celle par l&rsquo;identit\u00e9.<\/div>\n<div class=\"mdjComplements\">Celles par les classes sociales met en avant l&rsquo;effet de la mondialisation dans le creusement des in\u00e9galit\u00e9s dans nos pays en cr\u00e9ant des gagnants et des perdants. Cette lecture avantage la Gauche car c&rsquo;est une analyse qui met en avant l&rsquo;\u00e9tude des revenus et des patrimoines.<\/div>\n<div class=\"mdjComplements\">La lecture par l&rsquo;identit\u00e9. Elle met l&rsquo;accent sur la perte de rep\u00e8re en raison de l&rsquo;ouverture des fronti\u00e8res, des migrations du bousculement des habitudes par l&rsquo;\u00e9tranger. Cette lecture avantage la Droite.<\/div>\n<div class=\"mdjComplements\">Et Marine Le Pen qui a bien compris cette dichotomie est naturellement attir\u00e9e par la lecture identitaire mais ne n\u00e9glige pas la lecture par classe sociale.<\/div>\n<div class=\"mdjComplements\">Et en face il y a la lecture positive et optimiste de l&rsquo;ouverture que pr\u00e9sente Emmanuel Macron.<\/div>\n<div class=\"mdjComplements\">Cette confrontation a d\u00e9j\u00e0 eu lieu une fois, en France : c&rsquo;\u00e9tait le r\u00e9f\u00e9rendum sur le trait\u00e9 constitutionnel europ\u00e9en en 2005.<\/div>\n<div class=\"mdjComplements\">Cette fois-l\u00e0, ce ne fut pas les partisans de l&rsquo;ouverture qui l&#8217;emport\u00e8rent mais bien l&rsquo;union de la lecture de la mondialisation par les classes sociales avec ceux de la lecture par l&rsquo;identit\u00e9. Ce fut la victoire du peuple du mur selon la terminologie de Friedman.<\/div>\n<div class=\"mdjComplements\">Les choses ont elles tellement \u00e9volu\u00e9, la d\u00e9testation de Marine Le Pen est-elle si grande que la victoire du peuple du Web, pr\u00e9dit par les sondages, va se r\u00e9aliser cette fois ?<\/div>\n","protected":false},"excerpt":{"rendered":"<p>Vendredi 14 avril 2017 \u00ab\u00a0Web people vs wall people Le peuple du web contre le peuple du mur\u00bb Thomas Friedman article du New York times C&rsquo;est lors de l&rsquo;\u00e9mission du Grain \u00e0 moudre du 7 avril que j&rsquo;ai \u00e9t\u00e9 orient\u00e9<\/p>\n","protected":false},"author":1,"featured_media":0,"comment_status":"closed","ping_status":"closed","sticky":false,"template":"","format":"standard","meta":{"footnotes":""},"categories":[1],"tags":[18,3,11],"class_list":["post-504","post","type-post","status-publish","format-standard","hentry","category-motdujour","tag-international","tag-politique","tag-sociologie"],"_links":{"self":[{"href":"https:\/\/lemotdujour.fr\/index.php?rest_route=\/wp\/v2\/posts\/504","targetHints":{"allow":["GET"]}}],"collection":[{"href":"https:\/\/lemotdujour.fr\/index.php?rest_route=\/wp\/v2\/posts"}],"about":[{"href":"https:\/\/lemotdujour.fr\/index.php?rest_route=\/wp\/v2\/types\/post"}],"author":[{"embeddable":true,"href":"https:\/\/lemotdujour.fr\/index.php?rest_route=\/wp\/v2\/users\/1"}],"replies":[{"embeddable":true,"href":"https:\/\/lemotdujour.fr\/index.php?rest_route=%2Fwp%2Fv2%2Fcomments&post=504"}],"version-history":[{"count":2,"href":"https:\/\/lemotdujour.fr\/index.php?rest_route=\/wp\/v2\/posts\/504\/revisions"}],"predecessor-version":[{"id":1795,"href":"https:\/\/lemotdujour.fr\/index.php?rest_route=\/wp\/v2\/posts\/504\/revisions\/1795"}],"wp:attachment":[{"href":"https:\/\/lemotdujour.fr\/index.php?rest_route=%2Fwp%2Fv2%2Fmedia&parent=504"}],"wp:term":[{"taxonomy":"category","embeddable":true,"href":"https:\/\/lemotdujour.fr\/index.php?rest_route=%2Fwp%2Fv2%2Fcategories&post=504"},{"taxonomy":"post_tag","embeddable":true,"href":"https:\/\/lemotdujour.fr\/index.php?rest_route=%2Fwp%2Fv2%2Ftags&post=504"}],"curies":[{"name":"wp","href":"https:\/\/api.w.org\/{rel}","templated":true}]}}