{"id":502,"date":"2017-04-13T02:00:00","date_gmt":"2017-04-12T22:00:00","guid":{"rendered":"http:\/\/lemotdujour.fr\/?p=502"},"modified":"2017-05-11T07:04:39","modified_gmt":"2017-05-11T05:04:39","slug":"jeudi-13-avril-2017","status":"publish","type":"post","link":"https:\/\/lemotdujour.fr\/?p=502","title":{"rendered":"Jeudi 13 avril 2017"},"content":{"rendered":"<div class=\"mdjDate\"><a id=\"_Toc482008807\"><\/a>Jeudi 13 avril 2017<\/div>\n<div class=\"mdjTexte\">\u00ab\u00a0La tentation M\u00e9lenchon\u00a0\u00bb<\/div>\n<div class=\"mdjAuteur\">R\u00e9flexions personnelles sur une dynamique de campagne<\/div>\n<div class=\"mdjComplements\">Contrairement \u00e0 ce qui est r\u00e9p\u00e9t\u00e9 \u00e0 sati\u00e9t\u00e9, les sondages ne se trompent pas syst\u00e9matiquement. M\u00eame en 2002, les instituts de sondage avaient per\u00e7u, particuli\u00e8rement lors de la derni\u00e8re semaine de campagne (mais les r\u00e9sultats n\u2019\u00e9taient plus publics), le tassement de Lionel Jospin et la dynamique du vote Jean-Marie Le Pen.<\/div>\n<div class=\"mdjComplements\">De la m\u00eame mani\u00e8re, pendant les primaires de Droite et de Gauche r\u00e9centes, alors que la population \u00e0 sonder \u00e9tait particuli\u00e8rement difficile \u00e0 saisir, les instituts de sondage avaient d\u00e9tect\u00e9 la dynamique Fillon ainsi que la dynamique Hamon.<\/div>\n<div class=\"mdjComplements\">C\u2019est faux de dire que les sondages se trompent syst\u00e9matiquement, le vrai probl\u00e8me c\u2019est qu\u2019ils influent sur le vote et cela pose une question d\u00e9mocratique. Mais je ne d\u00e9velopperai pas ce point aujourd\u2019hui.<\/div>\n<div class=\"mdjComplements\">Car ce qui est mon propos aujourd\u2019hui, c\u2019est de m\u2019int\u00e9resser \u00e0 ce que d\u00e9tecte en ce moment les instituts de sondage\u00a0: la dynamique du vote pour Jean-Luc M\u00e9lenchon, et c\u2019est l\u2019\u00e9v\u00e8nement de cette pr\u00e9sidentielle d\u00e9sesp\u00e9rante et confuse. Si cette dynamique continue, Jean-Luc M\u00e9lenchon sera au second tour.<\/div>\n<div class=\"mdjComplements\">Je ne d\u00e9velopperai pas non plus les circonstances particuli\u00e8res de cette \u00e9lection qui favorise aujourd\u2019hui cet homme qui est de tr\u00e8s loin le meilleur des tribuns de cette comp\u00e9tition et probablement le plus cultiv\u00e9, celui qui a le plus de consistance humaine.<\/div>\n<div class=\"mdjComplements\">La meilleure preuve que cette dynamique est r\u00e9elle et inqui\u00e8te certains se trouve dans le fait que l\u2019h\u00f4te en fin de bail au Palais de l\u2019Elys\u00e9e qui voulait rester en retrait avant le premier tour pour ne pas trancher entre le candidat d\u00e9sign\u00e9 par la Primaire de gauche et son ancien conseiller, a d\u00e9cid\u00e9 de <a href=\"http:\/\/abonnes.lemonde.fr\/election-presidentielle-2017\/article\/2017\/04\/12\/a-dix-jours-du-premier-tour-hollande-sort-de-son-silence_5109768_4854003.html\">sortir du silence <\/a>qu&rsquo;il s&rsquo;\u00e9tait impos\u00e9 pour dire d&rsquo;abord \u00ab Cette campagne sent mauvais \u00bb puis exprimer sa v\u00e9ritable crainte celle d&rsquo;un second tour Le Pen \/ M\u00e9lenchon. Fran\u00e7ois Hollande a toujours eu des relations plus que conflictuelles, quasi haineux avec Jean-Luc M\u00e9lenchon. Il attaque ainsi son vieil et irr\u00e9ductible ennemi : \u00ab Il y a un p\u00e9ril face aux simplifications, face aux falsifications, qui fait que l\u2019on regarde le spectacle du tribun plut\u00f4t que le contenu de son texte \u00bb<\/div>\n<div class=\"mdjComplements\">Le pr\u00e9sident du MEDEF exprime aussi un avis tr\u00e8s tranch\u00e9\u00a0: <a href=\"http:\/\/m.leparisien.fr\/economie\/pierre-gattaz-voter-melenchon-le-pen-hamon-c-est-ruine-desespoir-et-desolation-09-04-2017-6838119.php\">\u00abVoter M\u00e9lenchon, Le Pen, Hamon, c&rsquo;est ruine, d\u00e9sespoir et d\u00e9solation\u00bb<\/a><\/div>\n<div class=\"mdjComplements\">L&rsquo;h\u00e9ritier Gattaz priorise, il pr\u00e9f\u00e8re le programme de Fran\u00e7ois Fillon, il s\u2019accommode de celui d&rsquo;Emmanuel Macron mais rejette les autres dont celui de M\u00e9lenchon.<\/div>\n<div class=\"mdjComplements\">Et hier, <a href=\"http:\/\/www.lefigaro.fr\/elections\/presidentielles\/2017\/04\/11\/35003-20170411ARTFIG00330-jean-luc-melenchon-un-projet-devastateur-pour-la-france.php\">&lt;Le Figaro&gt; a sorti l&rsquo;artillerie lourde pour d\u00e9noncer un projet d\u00e9vastateur pour la France.<\/a><\/div>\n<div class=\"mdjComplements\">Les autres articles de ce m\u00eame journal sont dans le m\u00eame esprit, explicites d\u00e8s le titre\u00a0:<\/div>\n<div class=\"mdjComplements\">\u00ab\u00a0Le programme de M\u00e9lenchon, un big bang social d&rsquo;un autre temps\u00a0\u00bb<\/div>\n<div class=\"mdjComplements\">\u00ab\u00a0Castro, Chavez&#8230; M\u00e9lenchon, l&rsquo;ap\u00f4tre des dictateurs r\u00e9volutionnaires\u00a0\u00bb<\/div>\n<div class=\"mdjComplements\">\u00ab\u00a0\u00c9ditorial: \u00abMaximilien Ilitch M\u00e9lenchon\u00bb<\/div>\n<div class=\"mdjComplements\">Ce dernier faisant bien s\u00fbr r\u00e9f\u00e9rence et l\u2019amalgame entre Maximilien Robespierre et Vladimir Ilitch Oulianov dit L\u00e9nine, qui il y a exactement 100 ans \u00e9tait en train de pr\u00e9parer la r\u00e9volution qui allait mener les bolcheviks au pouvoir.<\/div>\n<div class=\"mdjComplements\">M\u00eame le jeune candidat qui reste le favori des sondages <a href=\"http:\/\/www.liberation.fr\/elections-presidentielle-legislatives-2017\/2017\/04\/12\/comme-les-autres-macron-dit-du-mal-de-ses-adversaires_1562277\">perd sa bienveillance<\/a> pour l&rsquo;attaquer sur son \u00e2ge et le traiter de r\u00e9volutionnaire communiste : \u00abNous avons le r\u00e9volutionnaire communiste. Il \u00e9tait s\u00e9nateur socialiste, j\u2019\u00e9tais encore au coll\u00e8ge.\u00bb Et il le caricature sur la politique internationale :\u00abSi la paix que d\u00e9fend Jean-Luc\u00a0M\u00e9lenchon\u00a0c\u2019est la paix de Vladimir Poutine, tr\u00e8s peu pour moi. Si la paix que propose Jean-Luc\u00a0M\u00e9lenchon, c\u2019est de d\u00e9sarmer la France de mani\u00e8re unilat\u00e9rale devant celles et ceux qui nous attaquent, tr\u00e8s peu pour moi.\u00bb<\/div>\n<div class=\"mdjComplements\">Heureusement qu&rsquo;au milieu de cette violence, S\u00e9gol\u00e8ne Royal,<a href=\"http:\/\/www.lefigaro.fr\/politique\/2017\/04\/12\/01002-20170412ARTFIG00235-les-mots-doux-de-royal-a-melenchon.php\"> toujours d\u00e9cal\u00e9e par rapport \u00e0 son ancien compagnon<\/a> et son entourage ose cette r\u00e9ponse \u00e0 la question de savoir si la perc\u00e9e de Jean-Luc M\u00e9lenchon l&rsquo;inqui\u00e8te \u00ab Non, pourquoi? Pourquoi une inqui\u00e9tude? Non, au contraire, je pense que c&rsquo;est mieux une perc\u00e9e de ce c\u00f4t\u00e9-l\u00e0 que du c\u00f4t\u00e9 de l&rsquo;extr\u00eame droite! Et puis, c&rsquo;est une authenticit\u00e9, une passion, je pense, que les Fran\u00e7ais trouvent dans son message. Et la politique a besoin de passion&#8230;\u00bb<\/div>\n<div class=\"mdjComplements\">La politique a besoin de passion ! Sacr\u00e9 Royal !<\/div>\n<div class=\"mdjComplements\">Ce que nous aimons dans M\u00e9lenchon c&rsquo;est en effet sa passion, et qu&rsquo;il parle de Politique, de rapports de force, d&rsquo;injustice, il parle des gens. Et puis qui d&rsquo;autre que lui est capable \u00e0 la fin d&rsquo;un meeting de lire un po\u00e8me de Victor Hugo devant un public attentif et \u00e0 l&rsquo;\u00e9coute ? A la fin du meeting de Marseille, il a lu <a href=\"https:\/\/blogs.mediapart.fr\/register\/blog\/090417\/melenchon-marseille-hommage-la-paix-poesie-et-respect\">un po\u00e8me sur la paix<\/a> d&rsquo;un \u00e9crivain grec : Yannis Ritsos dans la m\u00eame communion avec la foule de son meeting.<\/div>\n<div class=\"mdjComplements\">Et le 29 mars, il a d\u00e9clam\u00e9 l&rsquo;<a href=\"https:\/\/www.youtube.com\/watch?v=Fg3hczbRXv4\">albatros de Baudelaire<\/a> lors de son meeting du Havre.<\/div>\n<div class=\"mdjComplements\">Mais ce n&rsquo;est que la conclusion de son meeting, auparavant pendant une heure il construit son discours clair, p\u00e9dagogique avec tr\u00e8s peu de notes mais un immense travail pr\u00e9paratoire.<\/div>\n<div class=\"mdjComplements\">Alors oui il fascine. Il \u00e9crase la concurrence sur ce plan du discours, du charisme et je dirai plus de l&rsquo;Humanit\u00e9.<\/div>\n<div class=\"mdjComplements\">Cela se voit d&rsquo;autant plus qu&rsquo;en face il y a de la m\u00e9diocrit\u00e9, celui qui se pr\u00e9tend l&rsquo;assistant de Paul Ricoeur s&rsquo;\u00e9gosille et gesticule, le fils du notaire sarthois est incapable d&#8217;empathie avec des <a href=\"http:\/\/rmc.bfmtv.com\/mediaplayer\/video\/fillon-face-aux-infirmieres-ce-qui-nous-a-choque-c-est-son-manque-d-empathie-930269.html\">infirmi\u00e8res qui lui expliquent la difficult\u00e9 de leur travail <\/a>et je ne parle pas de celle qui \u00e9ructe \u00e0 longueur de meeting \u00e0 la recherche de boucs \u00e9missaires et pour qui la France est une vierge qui n&rsquo;a jamais commis le mal. Il y a bien Benoit Hamon pour sauver quelque peu le niveau, car lui aussi parle et s&rsquo;int\u00e9resse aux gens. Il se trouve h\u00e9las dans une position politique intenable et il n&rsquo;a pas le talent de jean-Luc M\u00e9lenchon qui s&rsquo;est en outre assagi par rapport \u00e0 la derni\u00e8re campagne.<\/div>\n<div class=\"mdjComplements\">La France est le pays de la politique et la tentation Melenchon se comprend ainsi.<\/div>\n<div class=\"mdjComplements\"><a href=\"http:\/\/www.lepoint.fr\/politique\/emmanuel-berretta\/barometre-ipsos-le-point-melenchon-lider-maximo-12-04-2017-2119251_1897.php\">Le point<\/a> r\u00e9v\u00e8le dans un article du 12 avril un sondage dans lequel Jean-Luc M\u00e9lenchon \u00ab recueille 56\u2009 % de bonnes opinions. [&#8230;] sa popularit\u00e9 actuelle rel\u00e8ve de l&rsquo;improbable\u2009: 61\u2009 % chez les cadres (devant Macron, \u00e0 57\u2009 %), 76\u2009 % aupr\u00e8s des sympathisants PS (dont il devient le nouveau champion). M\u00eame chez les sympathisants LR, M\u00e9lenchon enregistre une perc\u00e9e inattendue\u2009: 39\u2009 % (+ 17 points). Il y a cinq ans, lors de sa premi\u00e8re campagne pr\u00e9sidentielle, celui qui \u00e9tait alors le candidat du Front de gauche totalisait 47 % de bonnes opinions lors de la derni\u00e8re mesure pr\u00e9c\u00e9dant le scrutin.\u00bb<\/div>\n<div class=\"mdjComplements\">Evidemment<a href=\"http:\/\/bourse.lefigaro.fr\/devises-matieres-premieres\/actu-conseils\/elections-nette-tension-sur-le-rendement-des-emprunts-d-etat-francais-6053276\"> &lt;Les march\u00e9s financiers r\u00e9agissent tr\u00e8s n\u00e9gativement \u00e0 cette dynamique&gt;<\/a>, ils n\u2019aiment pas du tout cette volont\u00e9 de Jean-Luc de M\u00e9lenchon de rediscuter les trait\u00e9s europ\u00e9ens et de vouloir faire voler en \u00e9clats l&rsquo;Europe \u00ablib\u00e9rale\u00bb. Je crois qu\u2019ils prennent tr\u00e8s au s\u00e9rieux la menace de Jean-Luc M\u00e9lenchon qui instruit des le\u00e7ons du premier ministre grec Tsipras annonce que s\u2019il ne parvient pas \u00e0 faire infl\u00e9chir suffisamment la politique europ\u00e9enne mettra en \u0153uvre son plan B qui est de sortir de l\u2019Euro et de l\u2019Union europ\u00e9enne.<\/div>\n<div class=\"mdjComplements\">Le pari qu\u2019exprime Jean-Luc Melenchon est que les autres pays europ\u00e9ens et en particulier l\u2019Allemagne c\u00e9deront en raison de poids de la France car elle ne veut pas la dislocation de l\u2019Union europ\u00e9enne qui ne pourra survivre \u00e0 la sortie de la France.<\/div>\n<div class=\"mdjComplements\">Il n\u2019est pas \u00e9vident que l\u2019Union europ\u00e9enne ne survivrait pas \u00e0 la sortie de la France mais ce ne serait plus la m\u00eame Union qui ressemblerait de plus en plus \u00e0 une Allemagne \u00e9largie.<\/div>\n<div class=\"mdjComplements\">Jean-Luc Melenchon compare son plan B \u00e0 la dissuasion nucl\u00e9aire, la menace suffit pour obtenir des r\u00e9sultats il n\u2019est pas n\u00e9cessaire de l\u2019utiliser.<\/div>\n<div class=\"mdjComplements\">C\u2019est un pari audacieux.<\/div>\n<div class=\"mdjComplements\">Il aura contre lui quasi tous les gouvernements des autres pays europ\u00e9ens ainsi que l\u2019ensemble des forces \u00e9conomiques mondiales.<\/div>\n<div class=\"mdjComplements\">Il faudrait aussi pour qu\u2019il puisse mettre en \u0153uvre son plan qu\u2019il dispose d\u2019une majorit\u00e9 parlementaire. Car c\u2019est une chose de pouvoir obtenir 20% disons 22 ou 23% des votants puis de gagner l\u2019\u00e9lection au second tour en raison du rejet de l\u2019autre candidat et de disposer d\u2019une majorit\u00e9 de d\u00e9put\u00e9s \u00e9lus par la majorit\u00e9 des fran\u00e7ais.<\/div>\n<div class=\"mdjComplements\">Le reste de son programme s\u2019appuie sur une augmentation des salaires, des retraites plus g\u00e9n\u00e9reuses et plus pr\u00e9coces, une augmentation de la fiscalit\u00e9 et de la redistribution qui s\u2019opposent totalement aux r\u00e8gles de fonctionnement du syst\u00e8me \u00e9conomique actuel et semble peu cr\u00e9dible. Il prend aux Etats-Unis l&rsquo;id\u00e9e d&rsquo;un imp\u00f4t universel : tout membre de la nation fran\u00e7aise doit l&rsquo;imp\u00f4t sur les revenus \u00e0 la France m\u00eame s&rsquo;il est expatri\u00e9. Il doit alors payer la diff\u00e9rence entre l&rsquo;imp\u00f4t qu&rsquo;il aurait pay\u00e9 en France et celui qu&rsquo;il acquitte dans son pays de r\u00e9sidence.<\/div>\n<div class=\"mdjComplements\">Enfin, il veut mettre en \u0153uvre une constituante qui va permettre \u00e0 mettre en place une autre constitution transformant la 5<sup>\u00e8me<\/sup> r\u00e9publique en une vraie r\u00e9publique parlementaire avec de nouvelles r\u00e8gles d\u2019intervention et de participation des citoyens \u00e0 la d\u00e9cision publique et aussi de possibilit\u00e9s de r\u00e9voquer les \u00e9lus.<\/div>\n<div class=\"mdjComplements\">On peut s\u2019interroger sur la pertinence de mettre tant d\u2019\u00e9nergie sur nos r\u00e8gles constitutionnelles alors que la France sera en pleine tumulte \u00e9conomique en raison de l\u2019affrontement du gouvernement fran\u00e7ais avec les forces \u00e9conomiques mondialis\u00e9es.<\/div>\n<div class=\"mdjComplements\">Il est aujourd&rsquo;hui, et de loin,\u00a0 le meilleur candidat, serait t&rsquo;il le meilleur pr\u00e9sident ? C&rsquo;est la question.<\/div>\n<div class=\"mdjComplements\">Jean-Luc Melenchon avait accus\u00e9 Fran\u00e7ois Hollande d&rsquo;\u00eatre un capitaine de p\u00e9dalo.<\/div>\n<div class=\"mdjComplements\">La situation internationale et \u00e9conomique est de plus en plus tendue, et \u00e9tant donn\u00e9 sa personnalit\u00e9 et son programme s&rsquo;il devait \u00eatre \u00e9lu, nous serions dans un navire au milieu d&rsquo;une immense temp\u00eate.<\/div>\n<div class=\"mdjComplements\">Serait t&rsquo;il capable d&rsquo;\u00eatre le capitaine du bateau pour affronter cette temp\u00eate ?<\/div>\n<div class=\"mdjComplements\">Et nous ?<\/div>\n<div class=\"mdjComplements\">Sommes nous pr\u00eats \u00e0 de telles temp\u00eates ?<\/div>\n<div class=\"mdjComplements\">C&rsquo;est la question que pose la tentation M\u00e9lenchon.<\/div>\n<div class=\"mdjComplements\">Mais si nous en avons vraiment marre du syst\u00e8me actuel, cette tentation est certainement plus d\u00e9sirable que celle de l&rsquo;h\u00e9riti\u00e8re d&rsquo;extr\u00eame de droite.<\/div>\n<div class=\"mdjComplements\">Vous trouverez ci-apr\u00e8s un <a href=\"https:\/\/www.youtube.com\/watch?v=3RtMQQ3wdjk\">&lt;Un documentaire de G\u00e9rard Miller : L&rsquo;homme qui avan\u00e7ait \u00e0 contre-courant&gt;<\/a> que j&rsquo;ai regard\u00e9 avec beaucoup d&rsquo;int\u00e9r\u00eat et de plaisir.<\/div>\n","protected":false},"excerpt":{"rendered":"<p>Jeudi 13 avril 2017 \u00ab\u00a0La tentation M\u00e9lenchon\u00a0\u00bb R\u00e9flexions personnelles sur une dynamique de campagne Contrairement \u00e0 ce qui est r\u00e9p\u00e9t\u00e9 \u00e0 sati\u00e9t\u00e9, les sondages ne se trompent pas syst\u00e9matiquement. M\u00eame en 2002, les instituts de sondage avaient per\u00e7u, particuli\u00e8rement lors<\/p>\n","protected":false},"author":1,"featured_media":0,"comment_status":"closed","ping_status":"closed","sticky":false,"template":"","format":"standard","meta":{"footnotes":""},"categories":[1],"tags":[3,4],"class_list":["post-502","post","type-post","status-publish","format-standard","hentry","category-motdujour","tag-politique","tag-presidentielle-2017"],"_links":{"self":[{"href":"https:\/\/lemotdujour.fr\/index.php?rest_route=\/wp\/v2\/posts\/502","targetHints":{"allow":["GET"]}}],"collection":[{"href":"https:\/\/lemotdujour.fr\/index.php?rest_route=\/wp\/v2\/posts"}],"about":[{"href":"https:\/\/lemotdujour.fr\/index.php?rest_route=\/wp\/v2\/types\/post"}],"author":[{"embeddable":true,"href":"https:\/\/lemotdujour.fr\/index.php?rest_route=\/wp\/v2\/users\/1"}],"replies":[{"embeddable":true,"href":"https:\/\/lemotdujour.fr\/index.php?rest_route=%2Fwp%2Fv2%2Fcomments&post=502"}],"version-history":[{"count":2,"href":"https:\/\/lemotdujour.fr\/index.php?rest_route=\/wp\/v2\/posts\/502\/revisions"}],"predecessor-version":[{"id":1796,"href":"https:\/\/lemotdujour.fr\/index.php?rest_route=\/wp\/v2\/posts\/502\/revisions\/1796"}],"wp:attachment":[{"href":"https:\/\/lemotdujour.fr\/index.php?rest_route=%2Fwp%2Fv2%2Fmedia&parent=502"}],"wp:term":[{"taxonomy":"category","embeddable":true,"href":"https:\/\/lemotdujour.fr\/index.php?rest_route=%2Fwp%2Fv2%2Fcategories&post=502"},{"taxonomy":"post_tag","embeddable":true,"href":"https:\/\/lemotdujour.fr\/index.php?rest_route=%2Fwp%2Fv2%2Ftags&post=502"}],"curies":[{"name":"wp","href":"https:\/\/api.w.org\/{rel}","templated":true}]}}