{"id":4998,"date":"2018-06-12T04:04:06","date_gmt":"2018-06-12T02:04:06","guid":{"rendered":"http:\/\/lemotdujour.fr\/?p=4998"},"modified":"2022-09-07T13:18:19","modified_gmt":"2022-09-07T11:18:19","slug":"mardi-12-juin-2018","status":"publish","type":"post","link":"https:\/\/lemotdujour.fr\/?p=4998","title":{"rendered":"Mardi 12 juin 2018"},"content":{"rendered":"<div class=\"mdjTexte\">\t\u00abCe que je sais de la morale, c\u2019est au football que je le dois\u2026&nbsp;\u00bb<\/div>\n<div class=\"mdjAuteur\">\tCitation attribu\u00e9e \u00e0 Albert Camus<\/div>\n<p><span style=\"color: #777777; font-family: Arial;\">La coupe du monde de football commence ce jeudi 14 juin 2018.<br \/>\n<\/span><\/p>\n<p><span style=\"color: #777777; font-family: Arial;\">Je vais tenter de consacrer une s\u00e9rie de mots du jour au football en \u00e9tant conscient de la difficult\u00e9 de la t\u00e2che.<br \/>\n<\/span><\/p>\n<p><span style=\"color: #777777; font-family: Arial;\">Il est question de jeu (\u00e0 rapprocher du &lt;<\/span><span style=\"font-family: Arial; color: #0000ff;\"><a style=\"color: #0000ff;\" href=\"https:\/\/mrmondialisation.org\/panem-et-circenses-du-pain-et-des-jeux\/\">panem et circenses<\/a><\/span><span style=\"color: #777777; font-family: Arial;\">&gt; des romains), il est question de passions, de violence, d&rsquo;argent, de tricherie, de marchandisation d&rsquo;\u00eatres humains.<br \/>\n<\/span><\/p>\n<p><span style=\"color: #777777; font-family: Arial;\">Il est question aussi d&rsquo;\u00e9quipes, d&rsquo;entra\u00eenements, d&rsquo;efforts, de discipline, de beaut\u00e9 du geste.<br \/>\n<\/span><\/p>\n<p><span style=\"color: #777777; font-family: Arial;\">J&rsquo;ai conscience que la qu\u00eate d&rsquo;intelligence, de critique, de mesure et d&rsquo;\u00e9quilibre risquent de m\u00e9contenter tout le monde.<br \/>\n<\/span><\/p>\n<ul>\n<li><span style=\"color: #777777; font-family: Arial;\">Les passionn\u00e9s du \u00ab&nbsp;beau jeu&nbsp;\u00bb qui ne souhaitent pas que l&rsquo;on parle du c\u00f4t\u00e9 obscur de ce sport qui depuis longtemps a attir\u00e9 les cupides du monde.<br \/>\n<\/span><\/li>\n<\/ul>\n<ul>\n<li><span style=\"color: #777777; font-family: Arial;\">Les indiff\u00e9rents et plus encore les \u00ab&nbsp;hostiles&nbsp;\u00bb \u00e0 ce jeu qui est alors r\u00e9sum\u00e9 par cette phrase cinglante&nbsp;: \u00ab&nbsp;un jeu financ\u00e9 par des gens modestes qui paient tr\u00e8s chers pour aller regarder des millionnaires courir apr\u00e8s un ballon&nbsp;\u00bb seront quant \u00e0 eux exasp\u00e9r\u00e9s qu&rsquo;on puisse consacrer du temps de cerveau et de r\u00e9flexion \u00e0 ce sport qui d\u00e9clenchent tant de ferveur chez des millions de gens dans les stades et devant les \u00e9crans.<br \/>\n<\/span><\/li>\n<\/ul>\n<p><span style=\"color: #777777; font-family: Arial;\">Je vais tenter pourtant de le faire, d&rsquo;abord pour apprendre moi-m\u00eame, ensuite pour essayer de mieux comprendre les aspects contradictoires&nbsp;: \u00e9clairer l&rsquo;ombre par la lumi\u00e8re et percevoir l&rsquo;ombre malgr\u00e9 la lumi\u00e8re.<br \/>\n<\/span><\/p>\n<p><span style=\"color: #777777; font-family: Arial;\">Ce n&rsquo;est pas la premi\u00e8re fois que des mots du jour sont consacr\u00e9s au football.<br \/>\n<\/span><\/p>\n<ul>\n<li><span style=\"color: #777777; font-family: Arial;\"><span style=\"background-color: white;\">En septembre 2015&nbsp;: \u00ab <span style=\"color: #0000ff;\"><a style=\"color: #0000ff;\" href=\"https:\/\/lemotdujour.fr\/?p=1242\">Les footballeurs sont-ils des produits financiers ?<\/a><\/span> \u00bb<\/span><br \/>\n<\/span><\/li>\n<li><span style=\"color: #777777; font-family: Arial;\"><span style=\"background-color: white;\">En d\u00e9cembre 2014&nbsp;: \u00ab<a href=\"https:\/\/lemotdujour.fr\/?p=932\"><span style=\"color: #0000ff;\">Je suis sorti de la d\u00e9pression en achetant un club de foot<\/span><\/a>\u00bb<\/span><br \/>\n<\/span><\/li>\n<\/ul>\n<p><span style=\"color: #777777; font-family: Arial;\">Et aussi lors du pr\u00e9c\u00e9dent mondial au Br\u00e9sil&nbsp;:<br \/>\n<\/span><\/p>\n<ul>\n<li><span style=\"color: #777777; font-family: Arial;\"><span style=\"background-color: white;\">Le 3 juin 2014&nbsp;: \u00ab<span style=\"color: #0000ff;\">&nbsp;<a style=\"color: #0000ff;\" href=\"https:\/\/lemotdujour.fr\/?p=720\">Un enfant pleure, devant lui, dans son assiette, un ballon de foot a remplac\u00e9 les aliments<\/a>&nbsp;<\/span>\u00bb<\/span><br \/>\n<\/span><\/li>\n<li><span style=\"color: #777777; font-family: Arial;\"><span style=\"background-color: white;\">Le 12 juin 2014&nbsp;: \u00ab<a href=\"https:\/\/lemotdujour.fr\/?p=732\"><span style=\"color: #0000ff;\">On a rarement vu si \u00e9troitement rapproch\u00e9 [que pour cette coupe du monde au Br\u00e9sil] l&rsquo;arrogance de la richesse et du marketing et l&rsquo;urgence de la pauvret\u00e9 et du d\u00e9veloppement<\/span><\/a>\u00bb<\/span><br \/>\n<\/span><\/li>\n<li><span style=\"color: #777777; font-family: Arial;\"><span style=\"background-color: white;\">Le 15 juillet 2014&nbsp;: \u00ab<a href=\"https:\/\/lemotdujour.fr\/?p=776\"><span style=\"color: #0000ff;\">la finale de la Coupe du monde symbolise les progr\u00e8s de la parit\u00e9 en politique<\/span><\/a>\u00bb<\/span><br \/>\n<\/span><\/li>\n<\/ul>\n<p><span style=\"color: #777777; font-family: Arial;\">Ces diff\u00e9rents articles \u00e9taient \u00ab&nbsp;\u00e0 charge&nbsp;\u00bb et mettait le projecteur sur les d\u00e9rives actuelles..<br \/>\n<\/span><\/p>\n<p><span style=\"color: #777777; font-family: Arial;\">Je ne suis pas ignare en mati\u00e8re de football. Dans ma famille il y avait deux passions&nbsp;: la musique classique et le football. Mon fr\u00e8re G\u00e9rard \u00e9tait violoniste et mon fr\u00e8re Roger \u00e9tait footballeur amateur.<br \/>\n<\/span><\/p>\n<p><span style=\"color: #777777; font-family: Arial;\">Pendant de nombreuses ann\u00e9es, je l&rsquo;ai accompagn\u00e9 sur les terrains de Moselle et de Lorraine, dans des villes et villages dont j&rsquo;ignorerais le nom si le football ne me les avait pas fait croiser. Je me souviens encore avec ravissement du club de<span style=\"color: #0000ff;\"> <a style=\"color: #0000ff;\" href=\"http:\/\/us-froidcul.footeo.com\/\">l&rsquo;US Froidcul<\/a><\/span>, ainsi que tous les clubs en ange&nbsp;: Hayange, Hagondange, Talange etc. Ainsi que le club de Bl\u00e9nod qui \u00e9tait un quartier de Pont \u00e0 Mousson et dont les habitants s&rsquo;appelaient les B\u00e9l\u00e9doniens.<br \/>\n<\/span><\/p>\n<p><span style=\"color: #777777; font-family: Arial;\">A partir de 1966, avec la coupe du monde en Angleterre je me suis aussi int\u00e9ress\u00e9 au football international. Ainsi sans effort et sans note je peux donner, depuis le d\u00e9but c&rsquo;est-\u00e0-dire 1930, les ann\u00e9es, les pays organisateurs, les vainqueurs et m\u00eame les finalistes. Je ne me souviens pas toujours du score.<br \/>\n<\/span><\/p>\n<p><span style=\"color: #777777; font-family: Arial;\">Comme point d&rsquo;entr\u00e9e dans cette s\u00e9rie, c&rsquo;est mon ami Jean-Fran\u00e7ois de Dijon qui m&rsquo;a donn\u00e9 la cl\u00e9 ou plut\u00f4t m&rsquo;a pos\u00e9 une question lors de l&rsquo;\u00e9t\u00e9 2017&nbsp;:<br \/>\n<\/span><\/p>\n<p><span style=\"color: #777777; font-family: Arial;\">\u00ab&nbsp;<strong>Est-ce que tu pourrais voir si Albert Camus a vraiment \u00e9crit \u00ab&nbsp;Ce que je sais de la morale, c&rsquo;est au football que je le dois<\/strong>\u2026&nbsp;\u00bb&nbsp;?&nbsp;\u00bb.<br \/>\n<\/span><\/p>\n<p><span style=\"color: #777777; font-family: Arial;\">Et bien s\u00fbr en faire un mot du jour\u2026<br \/>\n<\/span><\/p>\n<p><span style=\"color: #777777; font-family: Arial;\">La citation est int\u00e9ressante sur le fond, mais est-elle authentique&nbsp;?<br \/>\n<\/span><\/p>\n<p><span style=\"color: #777777; font-family: Arial;\">Beaucoup de sites internet r\u00e9p\u00e8tent cette phrase et l&rsquo;attribue \u00e0 Albert Camus.<br \/>\n<\/span><\/p>\n<p><span style=\"color: #777777; font-family: Arial;\">Dans mes recherches pour cette s\u00e9rie, j&rsquo;ai d\u00e9couvert un auteur essentiel qui est l&rsquo;uruguayen<span style=\"color: #0000ff;\"> <a style=\"color: #0000ff;\" href=\"https:\/\/fr.wikipedia.org\/wiki\/Eduardo_Galeano\"><strong>Eduardo Galeano<\/strong><\/a> <\/span>sur lequel je reviendrai, il cite cette phrase dans son livre qui fait r\u00e9f\u00e9rence&nbsp;: \u00ab&nbsp;<strong>Football, ombre et lumi\u00e8re&nbsp;<\/strong>\u00bb.<br \/>\n<\/span><\/p>\n<p><span style=\"color: #777777; font-family: Arial;\">Mais le probl\u00e8me, c&rsquo;est que nul ne donne la r\u00e9f\u00e9rence de la source permettant de v\u00e9rifier.<br \/>\n<\/span><\/p>\n<p><a href=\"http:\/\/www.sofoot.com\/blogs\/marxist\/la-solitude-du-gardien-de-but-albert-camus-et-le-foot-126056.html\"><span style=\"font-family: Arial;\"><span style=\"color: #0000ff;\">&lt;Le site sofoot&gt;<\/span><\/span><\/a><span style=\"color: #777777; font-family: Arial;\"> qui est la bible de celles et ceux qui intellectualisent le football rapporte aussi ce propos mais cite une version de 1959, plus compl\u00e8te, mais en ne citant toujours pas la source.<br \/>\n<\/span><\/p>\n<p><span style=\"color: #777777; font-family: Arial;\">En revanche, ce site parle abondamment du lien qui unissait Albert Camus et le football&nbsp;:<br \/>\n<\/span><\/p>\n<p style=\"margin-left: 28pt;\"><span style=\"color: #c00000; font-family: Arial;\">Ah qu&rsquo;elle a fait le bonheur des journalistes sportifs et autres ministres en manque d&rsquo;alibis litt\u00e9raires, la c\u00e9l\u00e8bre formule \u2013\u00ab&nbsp;Ce que je sais de la morale, c&rsquo;est au football que je le dois&nbsp;\u00bb! Et pourtant, elle dit bien peu de choses sur le rapport v\u00e9ritable qu&rsquo;entretenait Camus avec le football.<br \/>\n<\/span><\/p>\n<p style=\"margin-left: 28pt;\"><span style=\"color: #c00000; font-family: Arial;\">[\u2026]<br \/>\n<\/span><\/p>\n<p style=\"margin-left: 28pt;\"><span style=\"color: #c00000; font-family: Arial;\">Illustration parfaite le 23 octobre 1957, au Parc des Princes. Le Racing Club de Paris re\u00e7oit Monaco sous les cam\u00e9ras des \u00ab\u00a0actualit\u00e9s fran\u00e7aises\u00a0\u00bb. Sur une descente d&rsquo;un ailier mon\u00e9gasque, qui largue une grosse frappe lourdingue \u00e0 la trajectoire mollement bondissante, le gardien parisien se troue et la balle finit au fond des filets. Le reporter se tourne alors vers un \u00ab\u00a0spectateur parmi les 35 000 spectateurs\u00a0\u00bb, debout en imper-cravate: Albert Camus, 44 ans, tout juste aur\u00e9ol\u00e9 de son prix Nobel. Les malheurs du goal du Racing re\u00e7oivent chez l&rsquo;\u00e9crivain \u00ab\u00a0l&rsquo;indulgence d&rsquo;un confr\u00e8re\u00a0\u00bb, qui le d\u00e9fend d&rsquo;une phrase toute compassionnelle: \u00ab\u00a0<strong>Il ne faut pas l&rsquo;accabler. C&rsquo;est quand on est au milieu des bois que l&rsquo;on s&rsquo;aper\u00e7oit que c&rsquo;est difficile<\/strong>\u00ab\u00a0. La nouvelle gloire nationale sait de quoi elle parle: \u00ab\u00a0j&rsquo;\u00e9tais goal au Racing Universitaire Alg\u00e9rois\u00a0\u00bb, cloute l&rsquo;\u00e9crivain, comme pour donner plus de poids encore \u00e0 son propos.<br \/>\n<\/span><\/p>\n<p><a href=\"http:\/\/toutelaculture.com\/livres\/albert-camus-et-le-foot-ce-que-je-sais-de-la-morale-cest-au-football-que-je-le-dois\/\"><span style=\"font-family: Arial;\"><span style=\"color: #0000ff;\">&lt;Sur ce site vous verrez une vid\u00e9o de l&rsquo;INA&gt;<\/span><\/span><\/a><span style=\"color: #777777; font-family: Arial;\"> qui montre cet \u00e9change entre le journaliste et Albert Camus pendant la finale de la coupe de France (0:59).<br \/>\n<\/span><\/p>\n<p style=\"margin-left: 28pt;\"><span style=\"color: #c00000; font-family: Arial;\"><img loading=\"lazy\" decoding=\"async\" class=\"size-full wp-image-5002 alignleft\" src=\"https:\/\/lemotdujour.fr\/wp-content\/uploads\/2018\/06\/Albert-Camus-football-Alg\u00e9rie.png\" alt=\"\" width=\"466\" height=\"360\" srcset=\"https:\/\/lemotdujour.fr\/wp-content\/uploads\/2018\/06\/Albert-Camus-football-Alg\u00e9rie.png 466w, https:\/\/lemotdujour.fr\/wp-content\/uploads\/2018\/06\/Albert-Camus-football-Alg\u00e9rie-300x232.png 300w\" sizes=\"auto, (max-width: 466px) 100vw, 466px\" \/>Le Racing Universitaire Alg\u00e9rois, voil\u00e0 la grande affaire de Camus. \u00ab\u00a0Je ne savais pas que vingt ans apr\u00e8s, dans les rues de Paris ou de Buenos Aires (oui \u00e7a m&rsquo;est arriv\u00e9) le mot RUA prononc\u00e9 par un ami de rencontre me ferait battre le c\u0153ur le plus b\u00eatement du monde\u00a0\u00bb, s&rsquo;\u00e9panche-t-il un rien grandiloquent, contrairement \u00e0 son habitude. S&rsquo;il supporte le RC Paris, il n&rsquo;y a d&rsquo;ailleurs pas de hasard: \u00ab\u00a0Je puis bien avouer que je vais voir les matchs du Racing Club de Paris, dont j&rsquo;ai fait mon favori, uniquement parce qu&rsquo;il porte le m\u00eame maillot que le RUA, cercl\u00e9 de bleu et de blanc. Il faut dire d&rsquo;ailleurs que le Racing a un peu les m\u00eames manies que le RUA. Il joue &lsquo;scientifique&rsquo;, comme on dit, et scientifiquement, il perd les matchs qu&rsquo;il devrait gagner\u00a0\u00bb, confie-t-il au journal du RUA, repris par France Football, \u00e0 l&rsquo;\u00e9poque. Le mauvais sort de la ville lumi\u00e8re ne semble apparemment pas dater du PSG.<br \/>\n<\/span><\/p>\n<p style=\"margin-left: 28pt;\"><span style=\"color: #c00000; font-family: Arial;\">Albert Camus rejoint le RUA en 1929, apr\u00e8s avoir d\u00e9but\u00e9 \u00e0 l&rsquo;AS Monpensier, bien qu&rsquo;il loge alors au Belcourt o\u00f9 sa m\u00e8re s&rsquo;est install\u00e9e en 1914 tandis que son p\u00e8re s&rsquo;en allait d\u00e9fendre la patrie \u2013voyage dont il ne reviendra pas. De ses ann\u00e9es de gardien de but, Camus gardera d&rsquo;abord une certaine frustration: ses r\u00eaves, pas compl\u00e8tement infond\u00e9s, d&rsquo;entamer une carri\u00e8re s\u00e9rieuse de goal sont fauch\u00e9s nets par une tuberculose qui se manifeste d\u00e8s ses 17 ans. Cette maladie sera sa mal\u00e9diction, comme il le laisse entendre lorsque qu&rsquo;il \u00e9voque ses tentatives ult\u00e9rieures de renouer avec le jeu: \u00ab\u00a0<strong>Lorsqu&rsquo;en 1940, j&rsquo;ai remis les crampons, je me suis aper\u00e7u que ce n&rsquo;\u00e9tait pas hier. Avant la fin de la premi\u00e8re mi-temps, je tirais aussi fort la langue que les chiens kabyles qu&rsquo;on rencontre \u00e0 deux heures de l&rsquo;apr\u00e8s-midi, au mois d&rsquo;ao\u00fbt, \u00e0 Tizi-Ouzou.\u00a0\u00bb<\/strong> Cela ne l&rsquo;arr\u00eatera pas compl\u00e8tement et il \u00e9crit encore en 1941 \u00e0 Lucette Maeurer, qu&rsquo;il est \u00ab\u00a0avant-centre\u00a0\u00bb dans une \u00e9quipe de \u00ab\u00a0grandes brutes\u00a0\u00bb. Maigre consolation.<br \/>\n<\/span><\/p>\n<p style=\"margin-left: 28pt;\"><span style=\"color: #c00000; font-family: Arial;\">[\u2026]<br \/>\n<\/span><\/p>\n<p style=\"margin-left: 28pt;\"><span style=\"color: #c00000; font-family: Arial;\">S&rsquo;il ne deviendra jamais un grand gardien, Camus restera toute sa vie passionn\u00e9 de ce sport : quand avec l&rsquo;argent du prix Nobel, il s&rsquo;offre une propri\u00e9t\u00e9 \u00e0 Lourmarin dans le Lub\u00e9ron, loin du tumulte dramatique alg\u00e9rois ou parisien, il occupe ses dimanches \u00e0 tra\u00eener sur le bord du terrain en regardant les enfants du club local s&rsquo;entra\u00eener ou matcher contre le village voisin. Il ira m\u00eame jusqu&rsquo;\u00e0 les sponsoriser et payer leur maillot. Le foot est, pour l&rsquo;\u00e9crivain, un jardin secret au parfum d&rsquo;enfance &#8230; celle pass\u00e9e dans le quartier de Belcourt, \u00e0 Alger. Une madeleine de Proust pied-noir qu&rsquo;il d\u00e9clinera dans la bouche de Jean-Baptiste Clamence, le h\u00e9ros bovarien (moi c&rsquo;est lui et vice et versa) de La Chute (r\u00e9cit qui signe en 1956 sa rupture avec les existentialistes et le milieu intellectuel parisien ): \u00ab\u00a0Maintenant encore, les matchs du dimanche, dans un stade plein \u00e0 craquer et le th\u00e9\u00e2tre, que j&rsquo;ai aim\u00e9 avec une passion sans \u00e9gale, sont les seuls endroits au monde o\u00f9 je me sente innocent<br \/>\n<\/span><\/p>\n<p><span style=\"color: #777777; font-family: Arial;\">Voil\u00e0 la passion simple et aussi l&rsquo;indulgence de ce grand \u00e9crivain et intellectuel pour le football.<br \/>\n<\/span><\/p>\n<p><span style=\"color: #777777; font-family: Arial;\">Mais pour savoir r\u00e9pondre \u00e0 Jean-Fran\u00e7ois, j&rsquo;ai trouv\u00e9 <span style=\"color: #0000ff;\"><a style=\"color: #0000ff;\" href=\"https:\/\/www.lexpress.fr\/culture\/livre\/le-philosophe-albert-camus_844709.html\">cet article, du 15 janvier 2010<\/a><\/span>, du philosophe Jean Montenot sur le site de l&rsquo;express<br \/>\n<\/span><\/p>\n<p><span style=\"color: #777777; font-family: Arial;\">Jean Montenot \u00e9voque d&rsquo;abord ce qu&rsquo;il appelle cette sentence&nbsp;:<br \/>\n<\/span><\/p>\n<p style=\"margin-left: 28pt;\"><span style=\"color: #c00000; font-family: Arial;\">\u00ab&nbsp;Ce que je sais de plus s\u00fbr \u00e0 propos de la moralit\u00e9 et des obligations des hommes, c&rsquo;est au sport que je le dois&nbsp;\u00bb<br \/>\n<\/span><\/p>\n<p><span style=\"color: #777777; font-family: Arial;\">Et ajoute, sentence parfois modifi\u00e9e en :<br \/>\n<\/span><\/p>\n<p style=\"margin-left: 28pt;\"><span style=\"color: #c00000; font-family: Arial;\">\u00ab&nbsp;C&rsquo;est au football que je le dois !&nbsp;\u00bb<br \/>\n<\/span><\/p>\n<p><span style=\"color: #777777; font-family: Arial;\">Et de pr\u00e9ciser&nbsp;:<br \/>\n<\/span><\/p>\n<p style=\"margin-left: 28pt;\"><span style=\"color: #c00000; font-family: Arial;\">\u00ab&nbsp;Pourtant, <strong>ces propos, tir\u00e9s d&rsquo;un entretien donn\u00e9 en 1953 au bulletin du Racing universitaire d&rsquo;Alger<\/strong> (pour lequel Camus avait jou\u00e9 comme gardien de but en junior), t\u00e9moignent de l&rsquo;importance qu&rsquo;il accordait \u00e0 ce sport, v\u00e9ritable \u00e9cole de la vie : \u00ab\u00a0J&rsquo;appris tout de suite qu&rsquo;une balle ne vous arrivait jamais du c\u00f4t\u00e9 o\u00f9 l&rsquo;on croyait. \u00c7a m&rsquo;a servi dans l&rsquo;existence et surtout dans la m\u00e9tropole o\u00f9 l&rsquo;on n&rsquo;est pas franc du collier.\u00a0\u00bb C&rsquo;est par leur passion commune pour le ballon rond que Rambert devient l&rsquo;ami de Gonzal\u00e8s dans La peste.&nbsp;\u00bb<br \/>\n<\/span><\/p>\n<p><span style=\"color: #777777; font-family: Arial;\">Mais Jean Montenot cite surtout une autre r\u00e9f\u00e9rence indiscutable&nbsp;:<br \/>\n<\/span><\/p>\n<p style=\"margin-left: 28pt;\"><span style=\"color: #c00000; font-family: Arial;\">\u00ab&nbsp;Preuve enfin que cette passion n&rsquo;est pas une toquade passag\u00e8re, Camus y revient dans <strong>\u00ab\u00a0Pourquoi je fais du th\u00e9\u00e2tre ?\u00a0\u00bb,<\/strong> \u00e9crit en 1959. <strong>\u00ab&nbsp;Vraiment le peu de morale que je sais, je l&rsquo;ai appris sur les terrains de football et les sc\u00e8nes de th\u00e9\u00e2tre qui resteront mes vraies universit\u00e9s.&nbsp;\u00bb ( Biblioth\u00e8que de la Pl\u00e9iade IV, p. 607.)<\/strong>&nbsp;\u00bb<br \/>\n<\/span><\/p>\n<p><span style=\"color: #777777; font-family: Arial;\">Apr\u00e8s tout cela, je crois que nous sommes en mesure de dire que l&rsquo;exergue de ce mot du jour correspond bien \u00e0 ce que Camus voulait exprimer.<br \/>\n<\/span><\/p>\n<p><span style=\"color: #777777; font-family: Arial;\">Et je pense qu&rsquo;il est possible d&rsquo;abonder dans ce sens et de reconna\u00eetre que le football est aussi une \u00e9cole de la morale pour le bien de l&rsquo;humain mais aussi pour le mal.<br \/>\n<\/span><\/p>\n<p><span style=\"color: #800000; font-family: Arial;\">&lt;1086&gt;<\/span><\/p>\n","protected":false},"excerpt":{"rendered":"<p>\u00abCe que je sais de la morale, c\u2019est au football que je le dois\u2026&nbsp;\u00bb Citation attribu\u00e9e \u00e0 Albert Camus La coupe du monde de football commence ce jeudi 14 juin 2018. Je vais tenter de consacrer une s\u00e9rie de mots<\/p>\n","protected":false},"author":1,"featured_media":0,"comment_status":"open","ping_status":"closed","sticky":false,"template":"","format":"standard","meta":{"footnotes":""},"categories":[1],"tags":[99,9,6],"class_list":["post-4998","post","type-post","status-publish","format-standard","hentry","category-motdujour","tag-football","tag-litterature","tag-philosophie"],"_links":{"self":[{"href":"https:\/\/lemotdujour.fr\/index.php?rest_route=\/wp\/v2\/posts\/4998","targetHints":{"allow":["GET"]}}],"collection":[{"href":"https:\/\/lemotdujour.fr\/index.php?rest_route=\/wp\/v2\/posts"}],"about":[{"href":"https:\/\/lemotdujour.fr\/index.php?rest_route=\/wp\/v2\/types\/post"}],"author":[{"embeddable":true,"href":"https:\/\/lemotdujour.fr\/index.php?rest_route=\/wp\/v2\/users\/1"}],"replies":[{"embeddable":true,"href":"https:\/\/lemotdujour.fr\/index.php?rest_route=%2Fwp%2Fv2%2Fcomments&post=4998"}],"version-history":[{"count":6,"href":"https:\/\/lemotdujour.fr\/index.php?rest_route=\/wp\/v2\/posts\/4998\/revisions"}],"predecessor-version":[{"id":13957,"href":"https:\/\/lemotdujour.fr\/index.php?rest_route=\/wp\/v2\/posts\/4998\/revisions\/13957"}],"wp:attachment":[{"href":"https:\/\/lemotdujour.fr\/index.php?rest_route=%2Fwp%2Fv2%2Fmedia&parent=4998"}],"wp:term":[{"taxonomy":"category","embeddable":true,"href":"https:\/\/lemotdujour.fr\/index.php?rest_route=%2Fwp%2Fv2%2Fcategories&post=4998"},{"taxonomy":"post_tag","embeddable":true,"href":"https:\/\/lemotdujour.fr\/index.php?rest_route=%2Fwp%2Fv2%2Ftags&post=4998"}],"curies":[{"name":"wp","href":"https:\/\/api.w.org\/{rel}","templated":true}]}}