{"id":498,"date":"2017-04-11T02:00:00","date_gmt":"2017-04-10T22:00:00","guid":{"rendered":"http:\/\/lemotdujour.fr\/?p=498"},"modified":"2017-05-11T23:12:27","modified_gmt":"2017-05-11T21:12:27","slug":"mardi-11-avril-2017","status":"publish","type":"post","link":"https:\/\/lemotdujour.fr\/?p=498","title":{"rendered":"Mardi 11 avril 2017"},"content":{"rendered":"<div class=\"mdjDate\"><a id=\"_Toc482008805\"><\/a>Mardi 11 avril 2017<\/div>\n<div class=\"mdjTexte\">\u00abIci, on ne prend pas les candidats au poste supr\u00eame avec des pincettes, mais plut\u00f4t avec un chariot \u00e9l\u00e9vateur. \u00bb<\/div>\n<div class=\"mdjAuteur\">Vincent Montgaillard journaliste<br \/>\nlors de sa visite dans le hangar o\u00f9 sont stock\u00e9s presque un million d\u2019affiches des candidats \u00e0 la pr\u00e9sidentielle<\/div>\n<div class=\"mdjComplements\">Lors de <a href=\"https:\/\/www.franceinter.fr\/emissions\/la-revue-de-presse-de-frederic-pommier\/la-revue-de-presse-de-frederic-pommier-09-avril-2017\">la revue de presse de dimanche sur France Inter<\/a>, Fr\u00e9d\u00e9ric Pommier a rapport\u00e9 quelques informations sur l\u2019intendance des \u00e9lections pr\u00e9sidentielles et notamment sur les panneaux qui se dressent devant les bureaux de vote et les affiches qui seront coll\u00e9s dessus\u00a0:<\/div>\n<div class=\"mdjCiter\">\u00ab\u00a0Il ne reste que deux semaines avant le premier tour, et c\u2019est ce soir, \u00e0 minuit\u00a0[C&rsquo;\u00e9tait le 9 avril]\u00a0que va d\u00e9buter la campagne officielle. A partir de cette nuit, les portraits des 11 [candidats] vont donc \u00eatre coll\u00e9s sur les panneaux en fer install\u00e9s pr\u00e8s des bureaux de vote.<\/div>\n<div class=\"mdjCiter\">Des affiches stock\u00e9es jusqu\u2019ici dans un hangar, \u00e0 Gonesse, au nord de Paris. Visite du lieu dans LE PARISIEN-DIMANCHE, avec le reportage de Vincent Montgaillard. \u00ab Ici, raconte-t-il, on ne prend pas les candidats au poste supr\u00eame avec des pincettes, mais plut\u00f4t avec un chariot \u00e9l\u00e9vateur. \u00bb<\/div>\n<div class=\"mdjCiter\">&#8211; \u00ab Faut mettre Le Pen sur la palette ! \u00bb, ordonne un manutentionnaire.<\/div>\n<div class=\"mdjCiter\">&#8211; \u00ab Enl\u00e8ve-moi le M\u00e9lenchon ! \u00bb, encha\u00eene son coll\u00e8gue.<\/div>\n<div class=\"mdjCiter\">&#8211; \u00ab Et Macron, il est o\u00f9 ? \u00bb<\/div>\n<div class=\"mdjCiter\">&#8211; \u00ab Dans la benne ! \u00bb, blague un camarade dans un gilet jaune fluo.<\/div>\n<div class=\"mdjCiter\">Bienvenue au c\u0153ur de la machine, dans cet entrep\u00f4t de 3.000 m\u00b2, abritant un million de posters \u00e0 la gloire des 11 concurrents. Quelques 700 personnes seront mobilis\u00e9es pour aller les coller aux 80.000 emplacements de la m\u00e9tropole. C\u2019est l\u2019entreprise \u2018France Affichage Plus\u2019 qui pilote les op\u00e9rations. Elle per\u00e7oit environ 2 euros par affiche coll\u00e9e, sachant que le collage officiel, comme l\u2019impression des bulletins de vote, est pris en charge par l\u2019\u00c9tat. Les frais n\u2019entrent pas dans les comptes de campagne, et ils sont r\u00e9gl\u00e9s par les pr\u00e9fectures, quel que soit le score \u00e9lectoral. \u00ab C\u2019est ce qu\u2019on appelle le co\u00fbt de la d\u00e9mocratie \u00bb, r\u00e9sume un responsable de la soci\u00e9t\u00e9, pr\u00e9cisant que d\u2019un d\u00e9partement \u00e0 l\u2019autre, la t\u00e2che est in\u00e9gale : en Loz\u00e8re, par exemple, chaque candidat est placard\u00e9 \u00e0 262 reprises, mais dans Nord, c\u2019est 13 fois plus. D\u2019ici une semaine, tout devrait \u00eatre pr\u00eat. Cela dit, l\u00e9galement, indique mon confr\u00e8re, \u00ab les petites mains ont jusqu\u2019\u00e0 la veille du scrutin pour achever leur marathon \u00bb.<\/div>\n<div class=\"mdjComplements\">Mais lors de cette revue de presse, j\u2019ai appris autre chose, certains pr\u00e9tendent que le score pourrait \u00eatre influenc\u00e9 par le num\u00e9ro du panneau\u00a0:<\/div>\n<div class=\"mdjCiter\">\u00ab\u00a0C\u2019est en tout cas ce qu\u2019estiment diff\u00e9rents experts : d\u2019apr\u00e8s eux, les portraits aux deux extr\u00e9mit\u00e9s b\u00e9n\u00e9ficient d\u2019une meilleure visibilit\u00e9 \u2013 il s\u2019agit donc du panneau 1 et du 11, avec une pr\u00e9f\u00e9rence pour le number one, le panneau tout \u00e0 gauche, cens\u00e9 \u00eatre celui qu\u2019on distingue le mieux. C\u2019est par tirage au sort, au Conseil Constitutionnel, que les 11 panneaux ont \u00e9t\u00e9 attribu\u00e9s \u00e0 chaque candidat. Et Nicolas Dupont-Aignan peut se r\u00e9jouir : c\u2019est lui qui a h\u00e9rit\u00e9 du panneau number one. Autre vainqueur de la loterie : celui, donc, dont le portrait va figurer tout \u00e0 droite, sur le panneau 11 \u2013 il s\u2019agit de Fran\u00e7ois Fillon.\u00a0\u00bb<\/div>\n<div class=\"mdjComplements\">Et \u00e0 la fin de sa chronique Fr\u00e9d\u00e9ric Pommier en s\u2019appuyant sur le Figaro annonce pour les prochaines pr\u00e9sidentielles de 2022 la naissance d\u2019une nouvelle \u00e9toile dans le ciel, \u00e9toile qui serait aussi brillante que l\u2019\u00e9toile polaire\u00a0:<\/div>\n<div class=\"mdjCiter\">\u00ab\u00a0 une nouvelle \u00e9toile en 2022 ! Chose rarissime, mais les astronomes semblent vraiment y croire : une nouvelle \u00e9toile, aussi brillante que l\u2019\u00e9toile polaire, devrait donc appara\u00eetre dans cinq ans . Ce sera pile-poil au moment de la prochaine \u00e9lection pr\u00e9sidentielle en France.\u00bb<\/div>\n<p><a href=\"http:\/\/passeurdesciences.blog.lemonde.fr\/2017\/01\/14\/une-nouvelle-etoile-va-t-elle-apparaitre-dans-le-ciel-en-2022\/\">&lt;Cette annonce avait faite dans un blog du Monde d\u00e8s janvier 2017&gt;<\/a><\/p>\n<div class=\"mdjComplements\">Dans cet article on apprend que cette annonce a \u00e9t\u00e9 faite par Larry Molnar astronome am\u00e9ricain du Calvin College du Michigan qui avec son \u00e9quipe suit de pr\u00e8s deux \u00e9toiles invisibles \u00e0 l\u2019\u0153il nu, situ\u00e9es \u00e0 quelque 1 800 ann\u00e9es-lumi\u00e8re de nous dans la constellation du Cygne.<\/div>\n<div class=\"mdjComplements\">Ces deux \u00e9toiles se rapprochent et pourraient fusionner. Ce qui ne constitue pas pour des \u00e9toiles un mariage durable mais plut\u00f4t un baiser de la mort. On apprend dans cet article que la fusion cr\u00e9e en effet des chocs entre diff\u00e9rentes couches de mati\u00e8re et, en fonction de la masse des \u00e9toiles et de la dynamique du processus, une bonne partie de la mati\u00e8re est susceptible d\u2019\u00eatre \u00e9ject\u00e9e du syst\u00e8me dans un v\u00e9ritable feu d\u2019artifice. La nova pourrait \u00eatre visible pendant des semaines voire des mois.<\/div>\n<div class=\"mdjComplements\">Larry Molnar annonce cela pour mars 2022.<\/div>\n<div class=\"mdjComplements\">Mais d\u2019autres scientifiques sont sceptiques.<\/div>\n<div class=\"mdjComplements\">Dans quel monde vivons-nous si d\u00e9sormais les promesses des scientifiques sont aussi peu cr\u00e9dibles que celles des politiques\u00a0?<\/div>\n<div class=\"mdjComplements\">En tout cas, en mars 2022 nous pourrons juger de la r\u00e9alisation des promesses de celle ou celui qui sera \u00e9lu le 7 mai 2017 et de la promesse de Larry Molnar en regardant dans le ciel l\u2019apparition d\u2019une \u00e9toile aussi brillante que l\u2019\u00e9toile polaire.<\/div>\n","protected":false},"excerpt":{"rendered":"<p>Mardi 11 avril 2017 \u00abIci, on ne prend pas les candidats au poste supr\u00eame avec des pincettes, mais plut\u00f4t avec un chariot \u00e9l\u00e9vateur. \u00bb Vincent Montgaillard journaliste lors de sa visite dans le hangar o\u00f9 sont stock\u00e9s presque un million<\/p>\n","protected":false},"author":1,"featured_media":0,"comment_status":"closed","ping_status":"closed","sticky":false,"template":"","format":"standard","meta":{"footnotes":""},"categories":[1],"tags":[3,4],"class_list":["post-498","post","type-post","status-publish","format-standard","hentry","category-motdujour","tag-politique","tag-presidentielle-2017"],"_links":{"self":[{"href":"https:\/\/lemotdujour.fr\/index.php?rest_route=\/wp\/v2\/posts\/498","targetHints":{"allow":["GET"]}}],"collection":[{"href":"https:\/\/lemotdujour.fr\/index.php?rest_route=\/wp\/v2\/posts"}],"about":[{"href":"https:\/\/lemotdujour.fr\/index.php?rest_route=\/wp\/v2\/types\/post"}],"author":[{"embeddable":true,"href":"https:\/\/lemotdujour.fr\/index.php?rest_route=\/wp\/v2\/users\/1"}],"replies":[{"embeddable":true,"href":"https:\/\/lemotdujour.fr\/index.php?rest_route=%2Fwp%2Fv2%2Fcomments&post=498"}],"version-history":[{"count":2,"href":"https:\/\/lemotdujour.fr\/index.php?rest_route=\/wp\/v2\/posts\/498\/revisions"}],"predecessor-version":[{"id":1799,"href":"https:\/\/lemotdujour.fr\/index.php?rest_route=\/wp\/v2\/posts\/498\/revisions\/1799"}],"wp:attachment":[{"href":"https:\/\/lemotdujour.fr\/index.php?rest_route=%2Fwp%2Fv2%2Fmedia&parent=498"}],"wp:term":[{"taxonomy":"category","embeddable":true,"href":"https:\/\/lemotdujour.fr\/index.php?rest_route=%2Fwp%2Fv2%2Fcategories&post=498"},{"taxonomy":"post_tag","embeddable":true,"href":"https:\/\/lemotdujour.fr\/index.php?rest_route=%2Fwp%2Fv2%2Ftags&post=498"}],"curies":[{"name":"wp","href":"https:\/\/api.w.org\/{rel}","templated":true}]}}