{"id":494,"date":"2017-04-07T02:00:00","date_gmt":"2017-04-06T22:00:00","guid":{"rendered":"http:\/\/lemotdujour.fr\/?p=494"},"modified":"2017-05-17T22:40:23","modified_gmt":"2017-05-17T20:40:23","slug":"vendredi-7-avril-2017","status":"publish","type":"post","link":"https:\/\/lemotdujour.fr\/?p=494","title":{"rendered":"Vendredi 7 avril 2017"},"content":{"rendered":"<div class=\"mdjDate\"><a id=\"_Toc482008803\"><\/a>Vendredi 7 avril 2017<\/div>\n<div class=\"mdjTexte\">\u00ab\u00a0Le wagon plomb\u00e9\u00a0\u00bb<\/div>\n<div class=\"mdjAuteur\">Stefan Zweig\u00a0: Dernier r\u00e9cit du livre &lt;Les tr\u00e8s Riches Heures de l\u2019Humanit\u00e9&gt;<\/div>\n<div class=\"mdjComplements\">Dimanche prochain nous serons le 9 avril 2017.<\/div>\n<div class=\"mdjComplements\">Le mot du jour du 15 mars rappelait que le 15 mars 1917, le tsar de Russie Nicolas II avait abdiqu\u00e9 au profit de son fr\u00e8re, le grand-duc Michel qui avait d\u00e9clin\u00e9 l&rsquo;honneur. La Russie allait devenir pour quelques mois une R\u00e9publique d\u00e9mocratique. C&rsquo;est l&rsquo;aboutissement de <a href=\"https:\/\/fr.wikipedia.org\/wiki\/R%C3%A9volution_de_F%C3%A9vrier\">la r\u00e9volution de F\u00e9vrier<\/a> (calendrier russe) qui a commenc\u00e9 le 8 mars (23 f\u00e9vrier) 1917.<\/div>\n<div class=\"mdjComplements\">Et ce qui va se passer, le 9 avril 1917 entre la Suisse et la Russie est l\u2019objet du dernier r\u00e9cit de l\u2019ouvrage \u00ab\u00a0Les tr\u00e8s riches Heures de l\u2019Humanit\u00e9\u00a0\u00bb de Stefan Zweig\u00a0:\u00a0 \u00ab\u00a0Le Wagon plomb\u00e9\u00a0\u00bb.<\/div>\n<div class=\"mdjComplements\"><a href=\"https:\/\/fr.wikipedia.org\/wiki\/Stefan_Zweig\">Stefan Zweig<\/a> est un immense \u00e9crivain autrichien, pacifiste et humaniste qui a v\u00e9cu la premi\u00e8re guerre mondiale puis la mont\u00e9e du nazisme comme une trag\u00e9die personnelle qui l&rsquo;a conduit au Suicide au Br\u00e9sil le 22 f\u00e9vrier 1942 \u00e0 l&rsquo;\u00e2ge de 60 ans. Il est<a href=\"http:\/\/bibliobs.nouvelobs.com\/romans\/20130416.OBS8145\/pourquoi-stefan-zweig-est-il-l-ecrivain-etranger-le-plus-lu-en-france.html\"> l&rsquo;auteur \u00e9tranger le plus lu en France<\/a>. \u200b Il travaille durant plus de vingt ans \u00e0 son recueil de nouvelles <a href=\"https:\/\/fr.wikipedia.org\/wiki\/Les_Tr%C3%A8s_Riches_Heures_de_l%27humanit%C3%A9\">&lt;Les Tr\u00e8s Riches Heures de l&rsquo;humanit\u00e9&gt;<\/a> qui retracent les douze \u00e9v\u00e9nements de l\u2019histoire mondiale les plus marquants \u00e0 ses yeux.<\/div>\n<div class=\"mdjComplements\">La premi\u00e8re de ses nouvelles est la prise de Constantinople par les Ottomans en 1453 et la derni\u00e8re \u00ab\u00a0Le Wagon plomb\u00e9\u00a0\u00bb<\/div>\n<div class=\"mdjComplements\"><\/div>\n<div class=\"mdjComplements\">Voici comment commence ce r\u00e9cit\u00a0:<\/div>\n<div class=\"mdjCiter\">\u00ab\u00a0Le wagon plomb\u00e9<\/div>\n<div class=\"mdjCiter\">L\u00e9nine, 9 avril 1917<\/div>\n<div class=\"mdjCiter\">L\u2019homme qui habite chez le cordonnier<\/div>\n<div class=\"mdjCiter\">La Suisse, petit havre de paix, contre lequel se brisent de tous c\u00f4t\u00e9s le raz-de-mar\u00e9e de la guerre mondiale, ne cesse d\u2019\u00eatre en ces ann\u00e9es 1915, 1916, 1917 et 1918 la sc\u00e8ne d\u2019un passionnant roman d\u2019espionnage. Dans les h\u00f4tels de luxe, les employ\u00e9s des puissances ennemies se croisent froidement, comme s\u2019ils ne s\u2019\u00e9taient jamais rencontr\u00e9s, alors que, un an auparavant, ils jouaient encore amicalement au bridge et s\u2019invitaient les uns chez les autres.[\u2026]<\/div>\n<div class=\"mdjCiter\">Tout est signal\u00e9, tout est surveill\u00e9 ; \u00e0 peine un allemand \u2013 quelque soit son rang \u2013 est-il arriv\u00e9 \u00e0 Zurich qu\u2019on le sait d\u00e9j\u00e0 \u00e0 l\u2019ambassade ennemie \u00e0 Berne, et une heure plus tard Paris. [\u2026]<\/div>\n<div class=\"mdjCiter\">Seul un homme fait l\u2019objet de peu de rapports en ces jours-l\u00e0, peut-\u00eatre parce qu\u2019il est trop insignifiant et qu&rsquo;au lieu de descendre dans les grands h\u00f4tels, \u00eatre assis dans les caf\u00e9s, d\u2019assister aux manifestations de propagande, il habite, compl\u00e8tement retir\u00e9, avec sa femme chez un cordonnier. [\u2026]<\/div>\n<div class=\"mdjCiter\">Ce petit homme trapu est discret et vit de fa\u00e7on aussi discr\u00e8te que possible. Il \u00e9vite la soci\u00e9t\u00e9, les habitants de la maison croisent rarement le regard per\u00e7ant et sombre de ses yeux l\u00e9g\u00e8rement brid\u00e9s, il re\u00e7oit tr\u00e8s peu de visites. Mais r\u00e9guli\u00e8rement, jour apr\u00e8s jour, il se rend \u00e0 neuf heures du matin \u00e0 la biblioth\u00e8que et il reste assis la jusqu\u2019\u00e0 ce qu\u2019elle ferme \u00e0 midi. \u00c0 12h10 exactement il est \u00e0 nouveau chez lui, \u00e0 une heure moins dix il quitte la maison pour \u00eatre de nouveau le premier \u00e0 la biblioth\u00e8que, et il y reste jusqu&rsquo;\u00e0 six heures du soir. Or les informateurs ne pr\u00eatent attention qu\u2019aux gens qui parlent beaucoup, ils ne savent pas que lorsqu\u2019il s\u2019agit de r\u00e9volutionner le monde, les plus dangereux sont toujours les individus solitaires qui lisent beaucoup et s\u2019instruisent ; c\u2019est pourquoi ils n\u2019\u00e9crivent pas de rapport sur l\u2019homme insignifiant qui habite chez le cordonnier. [\u2026]<\/div>\n<div class=\"mdjCiter\">Mais personne n\u2019accorde importance \u00e0 ce petit homme au front s\u00e9v\u00e8re, il n\u2019y a pas trois douzaines de personnes \u00e0 Zurich qui jugent utile de retenir le nom de ce Vladimir Illitch Oulianov, [\u2026] L\u00e9nine.<\/div>\n<div class=\"mdjCiter\">Un jour, le 15 mars 1917, le biblioth\u00e9caire de la biblioth\u00e8que de Zurich s\u2019\u00e9tonne. L&rsquo;aiguille marque neuf heures et la place occup\u00e9e chaque jour par le plus ponctuel de tous les usagers est vide. 9h30, 10 heures : le lecteur infatigable ne vient pas, il ne viendra plus. En effet, sur le chemin de la biblioth\u00e8que un ami russe l\u2019a abord\u00e9 ou plut\u00f4t assailli en lui annon\u00e7ant que la r\u00e9volution a \u00e9clat\u00e9 en Russie. [\u2026].\u00a0\u00bb<\/div>\n<div class=\"mdjComplements\">Stefan Zweig explique alors le d\u00e9sir de L\u00e9nine de regagner la Russie, mais sa difficult\u00e9 de traverser la France ou l\u2019Italie pays alli\u00e9 de la Russie qui l\u2019arr\u00eaterait en tant que r\u00e9volutionnaire ou de traverser l\u2019Allemagne pays ennemie de la Russie qui l\u2019arr\u00eaterait en tant que ressortissant de l\u2019ennemi.<\/div>\n<div class=\"mdjComplements\">Mais l\u2019Allemagne va accepter que ce r\u00e9volutionnaire qui pourra d\u00e9stabiliser la Russie passe sur son territoire pour regagner son pays natal. Et L\u00e9nine, en fin strat\u00e8ge qu\u2019il est, ne demandera pas au ministre pl\u00e9nipotentiaire allemand l\u2019autorisation de traverser le territoire allemand mais lui donnera les conditions dans lesquelles il acceptera de passer par l\u2019Allemagne pour regagner la Russie.<\/div>\n<div class=\"mdjComplements\">Le n\u00e9gociateur de L\u00e9nine sera Fritz Platten, un Suisse alors membre du parti socialiste ouvrier zurichois. Les conditions du \u00ab\u00a0transfert\u00a0\u00bb de L\u00e9nine en Russie seront\u00a0:<\/div>\n<p>Fritz Platten accompagnera les \u00ab\u00a0\u00e9migr\u00e9s\u00a0\u00bb russes et sera le seul interlocuteur des autorit\u00e9s allemandes lors du voyage,<\/p>\n<p>Le droit d\u2019exterritorialit\u00e9 sera reconnu au wagon et l\u2019identit\u00e9 de ses occupants ne sera pas contr\u00f4l\u00e9e,<\/p>\n<p>Le transit sera effectu\u00e9 sans interruption et personne ne pourra descendre de la voiture.<\/p>\n<div class=\"mdjComplements\">L\u2019Allemagne est press\u00e9e, le 5 avril 1917, les Etats-Unis ont d\u00e9clar\u00e9 la guerre \u00e0 l\u2019Allemagne.<\/div>\n<div class=\"mdjComplements\">Le 6 avril, Fritz Platten, re\u00e7oit cette r\u00e9ponse\u00a0: \u00ab\u00a0Affaire r\u00e9gl\u00e9e dans le sens souhait\u00e9\u00a0\u00bb<\/div>\n<div class=\"mdjComplements\">Et je redonne la plume \u00e0 Stefan Zweig\u00a0:<\/div>\n<div class=\"mdjCiter\">\u00ab\u00a0Le 9 avril 1917, \u00e0 2h30, un petit groupe de gens mal habill\u00e9s, portant des valises [se dirige] vers la gare de Zurich. Ils sont en tout 32, on comptant les femmes et les enfants. En ce qui concerne les hommes, seuls les noms de L\u00e9nine, de Zinoviev et de Radek sont pass\u00e9s \u00e0 la post\u00e9rit\u00e9. [\u2026]<\/div>\n<div class=\"mdjCiter\">Leur arriv\u00e9e \u00e0 la gare ne fait nullement sensation. Aucun reporter n\u2019est venu, aucun photographe. [\u2026]<\/div>\n<div class=\"mdjCiter\">\u00c0 3h10, le contr\u00f4leur donne le signal. Et le train se met en route pour Gottmadingen, la gare fronti\u00e8re allemande. 3h10 : \u00e0 partir de cet instant la pendule du monde tourne diff\u00e9remment.<\/div>\n<div class=\"mdjCiter\"><em>Le train au wagon plomb\u00e9<\/em><\/div>\n<div class=\"mdjCiter\">Des millions de projectiles destructeurs ont \u00e9t\u00e9 lanc\u00e9s au cours de cette guerre mondiale, les ing\u00e9nieurs ont imagin\u00e9 les engins balistiques les plus puissants, les plus violents, \u00e0 la port\u00e9e la plus grande. Mais dans l\u2019histoire contemporaine aucun projectile n&rsquo;eut plus de port\u00e9e et ne fut plus d\u00e9cisif que ce train, charg\u00e9 des r\u00e9volutionnaires les plus dangereux les plus r\u00e9solus du si\u00e8cle, et qui, une fois franchie la fronti\u00e8re suisse, file \u00e0 travers l\u2019Allemagne pour gagner Saint-P\u00e9tersbourg o\u00f9 il fera voler en \u00e9clats l\u2019ordre du monde.\u00a0\u00bb<\/div>\n<div class=\"mdjComplements\">Et Stefan Zweig termine ainsi son texte\u00a0:<\/div>\n<div class=\"mdjCiter\">\u00ab\u00a0Lorsque le train p\u00e9n\u00e8tre dans la gare de Finlande \u00e0 Saint P\u00e9tersbourg, l\u2019immense place devant la gare est remplie de dizaines de milliers d\u2019ouvriers, des gardes d\u2019honneur de toutes les armes attend celui qui revient d&rsquo;exil, l\u2019internationale retentit. Et au moment o\u00f9 Vladimir Ilitch Oulianov s\u2019avance sur la place, l\u2019homme qui avant-hier encore habitait chez le cordonnier est aussit\u00f4t saisi par des centaines de bras et hiss\u00e9 sur une automobile blind\u00e9e. Des toits des maisons et de la forteresse, des projecteurs sont braqu\u00e9s sur lui et du haut de l\u2019automobile blind\u00e9e, il adresse son premier discours au peuple. Les rues fr\u00e9missent : les \u00ab\u00a0dix jours \u00a0qui \u00e9branl\u00e8rent le monde\u00a0\u00bb vont bient\u00f4t commencer. Le projectile a atteint son but, et il va d\u00e9truire un empire, un monde.\u00a0\u00bb<\/div>\n<div class=\"mdjComplements\">On conna\u00eet la suite\u00a0: l\u2019insurrection est lanc\u00e9e dans la nuit du 6 novembre au 7 novembre 1917 (24 et 25 octobre du calendrier julien russe), les bolcheviks sous la direction de L\u00e9nine vont s\u2019emparer du pouvoir et cr\u00e9er l\u2019URSS.<\/div>\n<div class=\"mdjComplements\">L\u2019Allemagne a fait le bon choix de laisser passer le wagon plomb\u00e9 : Les bolcheviks signent l\u2019armistice avec l\u2019Allemagne d\u00e8s le 15 d\u00e9cembre 1917 et le 3 mars 1918, les bolcheviks signent le trait\u00e9 de Brest-Litovsk qui ampute la Russie de 26 % de sa population, 27 % de sa surface cultiv\u00e9e, 75 % de sa production d&rsquo;acier et de fer.<\/div>\n<div class=\"mdjComplements\">Les Bolcheviks et le L\u00e9ninisme resteront au pouvoir moins d\u2019un si\u00e8cle. Mikha\u00efl Gorbatchev d\u00e9missionnera de la pr\u00e9sidence de l&rsquo;Union sovi\u00e9tique le 25 d\u00e9cembre 1991 et la dissolution de l\u2019Union Sovi\u00e9tique sera effective le 26 d\u00e9cembre 1991, 74 ans apr\u00e8s 1917.<\/div>\n<div class=\"mdjComplements\">Des millions de morts furent la cons\u00e9quence de ce r\u00eave fou et totalitaire.<\/div>\n<div class=\"mdjComplements\">Et que devinrent les autres voyageurs du wagon plomb\u00e9\u00a0?<\/div>\n<div class=\"mdjComplements\">Karl Radek, \u00a0deviendra commissaire \u00e0 la propagande et sera fusill\u00e9 en 1939.<\/div>\n<div class=\"mdjComplements\">Zinoviev, qui dirigea le Kominten sera fusill\u00e9 en 1936.<\/div>\n<div class=\"mdjComplements\">Quant \u00e0 Fritz Platten, il sera fusill\u00e9 en 1942<\/div>\n<div class=\"mdjComplements\">PS : Il faut cependant noter que la date du 9 avril donn\u00e9e par Stefan Zweig pour le d\u00e9but de ce voyage est controvers\u00e9e, il apparait certain que L\u00e9nine est revenu en Russie en<a href=\"https:\/\/www.matierevolution.fr\/spip.php?article143\"> avril 1917, <\/a><\/div>\n<div class=\"mdjComplements\">D\u00e8s son retour il a \u00e9crit les th\u00e8ses d&rsquo;avril, il fallait donc qu&rsquo;il soit en Russie ce mois.<\/div>\n<div class=\"mdjComplements\">Sur <a href=\"https:\/\/www.marxists.org\/francais\/cmo\/n26-mar-2005\/H_Lenine_en_avril_1917_22_.pdf\">ce site<\/a>, il est affirm\u00e9 que L\u00e9nine est rentr\u00e9 en Russie le 3 avril.<\/div>\n<div class=\"mdjComplements\">Mais en raison du r\u00e9cit de Stefan Zweig, la date du 9 avril 1917 reste dans l&rsquo;Histoire.<\/div>\n","protected":false},"excerpt":{"rendered":"<p>Vendredi 7 avril 2017 \u00ab\u00a0Le wagon plomb\u00e9\u00a0\u00bb Stefan Zweig\u00a0: Dernier r\u00e9cit du livre &lt;Les tr\u00e8s Riches Heures de l\u2019Humanit\u00e9&gt; Dimanche prochain nous serons le 9 avril 2017. Le mot du jour du 15 mars rappelait que le 15 mars 1917,<\/p>\n","protected":false},"author":1,"featured_media":0,"comment_status":"closed","ping_status":"closed","sticky":false,"template":"","format":"standard","meta":{"footnotes":""},"categories":[1],"tags":[17,9],"class_list":["post-494","post","type-post","status-publish","format-standard","hentry","category-motdujour","tag-histoire","tag-litterature"],"_links":{"self":[{"href":"https:\/\/lemotdujour.fr\/index.php?rest_route=\/wp\/v2\/posts\/494","targetHints":{"allow":["GET"]}}],"collection":[{"href":"https:\/\/lemotdujour.fr\/index.php?rest_route=\/wp\/v2\/posts"}],"about":[{"href":"https:\/\/lemotdujour.fr\/index.php?rest_route=\/wp\/v2\/types\/post"}],"author":[{"embeddable":true,"href":"https:\/\/lemotdujour.fr\/index.php?rest_route=\/wp\/v2\/users\/1"}],"replies":[{"embeddable":true,"href":"https:\/\/lemotdujour.fr\/index.php?rest_route=%2Fwp%2Fv2%2Fcomments&post=494"}],"version-history":[{"count":2,"href":"https:\/\/lemotdujour.fr\/index.php?rest_route=\/wp\/v2\/posts\/494\/revisions"}],"predecessor-version":[{"id":1848,"href":"https:\/\/lemotdujour.fr\/index.php?rest_route=\/wp\/v2\/posts\/494\/revisions\/1848"}],"wp:attachment":[{"href":"https:\/\/lemotdujour.fr\/index.php?rest_route=%2Fwp%2Fv2%2Fmedia&parent=494"}],"wp:term":[{"taxonomy":"category","embeddable":true,"href":"https:\/\/lemotdujour.fr\/index.php?rest_route=%2Fwp%2Fv2%2Fcategories&post=494"},{"taxonomy":"post_tag","embeddable":true,"href":"https:\/\/lemotdujour.fr\/index.php?rest_route=%2Fwp%2Fv2%2Ftags&post=494"}],"curies":[{"name":"wp","href":"https:\/\/api.w.org\/{rel}","templated":true}]}}