{"id":4928,"date":"2018-06-05T03:38:19","date_gmt":"2018-06-05T01:38:19","guid":{"rendered":"http:\/\/lemotdujour.fr\/?p=4928"},"modified":"2022-09-07T13:15:40","modified_gmt":"2022-09-07T11:15:40","slug":"mardi-5-juin-2018","status":"publish","type":"post","link":"https:\/\/lemotdujour.fr\/?p=4928","title":{"rendered":"Mardi 5 juin 2018"},"content":{"rendered":"<div class=\"mdjTexte\">\t\u00ab&nbsp;Le burn out parental&nbsp;\u00bb<\/div>\n<div class=\"mdjAuteur\">\tMo\u00efra Mikolajczak et Isabelle Roskam<\/div>\n<p><span style=\"color: #777777; font-family: Arial;\">Le mot du jour d&rsquo;hier sur \u00ab&nbsp;l&rsquo;ode \u00e0 la fatigue&nbsp;\u00bb m&rsquo;a conduit \u00e0 revenir vers un article assez ancien que j&rsquo;avais lu il y a plus d&rsquo;un an mais dont je n&rsquo;avais pas encore fait un mot du jour. C&rsquo;\u00e9tait un article \u00e9crit par la journaliste Louise Tourret et publi\u00e9 sur Slate le 23.01.2017&nbsp;: <span style=\"color: #0000ff;\"><a style=\"color: #0000ff;\" href=\"http:\/\/www.slate.fr\/story\/134711\/education-norme-burn-out\" target=\"_blank\" rel=\"noopener\"><span style=\"text-decoration: underline;\">\u00ab&nbsp;L&rsquo;autre burn-out&nbsp;: celui des parents \u00e0 la maison&nbsp;\u00bb<\/span><\/a><\/span><br \/>\n<\/span><\/p>\n<p><span style=\"color: #777777; font-family: Arial;\">La journaliste avait \u00e9crit son article suite \u00e0 la d\u00e9couverte d&rsquo;un livre de deux auteures belges, Mo\u00efra Mikolajczak et Isabelle Roskam, toutes les deux docteures en psychologie, \u00ab&nbsp;<span style=\"color: #0000ff;\"><a style=\"color: #0000ff;\" href=\"https:\/\/www.decitre.fr\/livres\/le-burn-out-parental-9782738135193.html\"><strong>Le burn out parental. L&rsquo;\u00e9viter et s&rsquo;en sortir<\/strong>&nbsp;<\/a><\/span>\u00bb publi\u00e9 chez Odile Jacob.<br \/>\n<\/span><\/p>\n<p><span style=\"color: #777777; font-family: Arial;\">Louise Tourret pense ne pas \u00eatre en brun-out mais elle reconna\u00eet une lassitude r\u00e9guli\u00e8re, une fatigue&nbsp;: \u00ab&nbsp;<span style=\"color: #c00000;\">un domaine que j&rsquo;explore avec beaucoup de constance<span style=\"color: #777777;\">&nbsp;\u00bb et des interrogations \u00absuis-je \u00e0 la hauteur?\u00bb.<br \/>\n<\/span><\/span><\/span><\/p>\n<p><span style=\"color: #777777; font-family: Arial;\">Le burn-out parental est un sujet qui depuis 2010, est devenu l&rsquo;objet de nombreux livres comme \u00ab&nbsp;<span style=\"color: #0000ff;\"><a style=\"color: #0000ff;\" href=\"https:\/\/www.decitre.fr\/livres\/mere-epuisee-9782918597230.html\"><strong>M\u00e8re \u00e9puis\u00e9e<\/strong>&nbsp;<\/a><\/span>\u00bb de St\u00e9phanie All\u00e9nou (\u00e9ditions Les Liens qui Lib\u00e8rent) en 2011 ou \u00ab&nbsp;<span style=\"color: #0000ff;\"><a style=\"color: #0000ff;\" href=\"https:\/\/www.decitre.fr\/livres\/le-burn-out-parental-9782843193323.html\"><strong>Le Burn out parental<\/strong><\/a>&nbsp;<\/span>\u00bb de Liliane Holstein.<br \/>\n<\/span><\/p>\n<p><span style=\"color: #777777; font-family: Arial;\">Et Louise Tourret parle de son exp\u00e9rience personnelle&nbsp;:<br \/>\n<\/span><\/p>\n<p style=\"margin-left: 28pt;\"><span style=\"color: #c00000; font-family: Arial;\">\u00ab&nbsp;La parentalit\u00e9 et sa conception \u00e9voluent avec le temps. En \u00e9levant mes propres enfants et en fr\u00e9quentant mes parents, je me demande comment notre soci\u00e9t\u00e9 est pass\u00e9e des questions relativement simples abord\u00e9es par Laurence Pernoud avec <em>J&rsquo;\u00e9l\u00e8ve mon enfant<\/em> ou le docteur Spock avec <em>Comment soigner son enfant<\/em> \u00e0 des livres cens\u00e9s rassurer les parents qui disent \u00abje me r\u00e9veille en pleurs tellement je n&rsquo;y arrive pas\u00bb.<br \/>\n<\/span><\/p>\n<p style=\"margin-left: 28pt;\"><span style=\"color: #c00000; font-family: Arial;\">J&rsquo;ai interrog\u00e9 la psychanalyste Sarah Chiche, pour un ouvrage sur les in\u00e9galit\u00e9s face \u00e0 la parentalit\u00e9 (<em>M\u00e8res, Lib\u00e9rez-vous<\/em>, Plon, 2012), elle m&rsquo;avait confi\u00e9 recevoir de plus en plus patientes que leur r\u00f4le de parent faisait craquer:<br \/>\n<\/span><\/p>\n<p style=\"margin-left: 28pt;\"><span style=\"color: #c00000; font-family: Arial;\"> \u00abDes femmes qui arrivent en th\u00e9rapie car tr\u00e8s soumises \u00e0 la pression attach\u00e9e au r\u00f4le de parent. \u00c0 force d&rsquo;injonctions, elles ne savent plus ce qui rel\u00e8ve du devoir moral et de l&rsquo;amour, ce sentiment d&rsquo;amour et d&rsquo;attachement que l&rsquo;on construit avec son enfant. C&rsquo;est comme si le devoir moral d&rsquo;\u00eatre une bonne m\u00e8re recouvrait tout. L&rsquo;injonction \u00e0 \u00eatre une bonne m\u00e8re ou m\u00eame une m\u00e8re suffisamment bonne, envahit la vie psychique de certaines femmes et finit par les mettre en difficult\u00e9.\u00bb<br \/>\n<\/span><\/p>\n<p><span style=\"color: #777777; font-family: Arial;\">Il semble que le burn-out parental atteint toutes les couches de la soci\u00e9t\u00e9 et encore davantage les cat\u00e9gories dipl\u00f4m\u00e9es:<br \/>\n<\/span><\/p>\n<p><span style=\"color: #777777; font-family: Arial;\">Ainsi Mo\u00efra Mikolajczak a d\u00e9clar\u00e9 \u00e0 la journaliste<br \/>\n<\/span><\/p>\n<p style=\"margin-left: 28pt;\"><span style=\"color: #c00000; font-family: Arial;\">\u00abAu d\u00e9part, nous pensions que le burn-out touchait davantage les milieux d\u00e9favoris\u00e9s dans lesquels, on le sait, les individus sont plus susceptibles d&rsquo;\u00eatre sujets aux troubles psychiatriques de mani\u00e8re g\u00e9n\u00e9rale (anxi\u00e9t\u00e9 ou d\u00e9pression). Mais, au regard des milliers de cas que nous avons \u00e9tudi\u00e9s (3000 participants \u00e0 une enqu\u00eate en ligne auxquels s&rsquo;ajouter des entretiens), nous avons constat\u00e9 que les parents qui avaient fait le plus d&rsquo;ann\u00e9es d&rsquo;\u00e9tudes plus ils \u00e9taient sujets au burn-out parental. Il est apparu qu&rsquo;au niveau personnel, ce qui rendait les personnes vuln\u00e9rables, c&rsquo;est de vouloir \u00eatre un parent parfait et d&rsquo;\u00eatre perfectionniste en g\u00e9n\u00e9ral. Ce perfectionnisme est parfois \u00e0 mettre en lien avec les histoires personnelles comme d&rsquo;avoir eu soi-m\u00eame des parents parfaits ou d\u00e9faillants.\u00bb<br \/>\n<\/span><\/p>\n<p><span style=\"color: #777777; font-family: Arial;\">Louis Tourret constate qu&rsquo;en outre les conseils parentaux ne cessent de se contredire et c&rsquo;est source de stress.<br \/>\n<\/span><\/p>\n<p><span style=\"color: #777777; font-family: Arial;\">Elle cite aussi le sociologue Vincent de Gaulejac&nbsp;:<br \/>\n<\/span><\/p>\n<p style=\"margin-left: 28pt;\"><span style=\"color: #c00000; font-family: Arial;\">\u00abDepuis les ann\u00e9es 1980, de nouvelles formes de management, qui mettent les salari\u00e9s sous tension; se sont g\u00e9n\u00e9ralis\u00e9es. Pour r\u00e9sumer tous passe par des objectifs, le plus souvent chiffr\u00e9s, \u00e0 r\u00e9aliser en un temps donn\u00e9. Les cons\u00e9quences, on les conna\u00eet tous, elle sont aujourd&rsquo;hui d\u00e9sign\u00e9e comme \u00e7a: maladies psychologiques ou sociales, \u00e9puisement professionnel ou\u2026 burn out. [\u2026]<br \/>\n<\/span><\/p>\n<p style=\"margin-left: 28pt;\"><span style=\"color: #c00000; font-family: Arial;\">Cela fait trente ans que je travaille sur l&rsquo;\u00e9puisement professionnel et je constate aujourd&rsquo;hui que les normes manag\u00e9riales ont p\u00e9n\u00e9tr\u00e9es la famille. C&rsquo;est en v\u00e9rit\u00e9 un mod\u00e8le social qui s&rsquo;impose dans toutes les sph\u00e8res de la soci\u00e9t\u00e9: il faudrait \u00eatre performant dans tous les domaines. C&rsquo;est la nouvelle norme. [\u2026]<br \/>\n<\/span><\/p>\n<p style=\"margin-left: 28pt;\"><span style=\"color: #c00000; font-family: Arial;\">Or, quelles sont les exigences attach\u00e9es \u00e0 la fonction de parent dans notre type de soci\u00e9t\u00e9 en 2017? Ce n&rsquo;est pas (plus) seulement de faire en sorte que son enfant soit en bonne sant\u00e9 gr\u00e2ce (\u00e0 mon sens) \u00e0 une alimentation correcte, une hygi\u00e8ne convenable et un suivi m\u00e9dical r\u00e9gulier ou que votre enfant soit scolaris\u00e9 ou mette le nez dehors r\u00e9guli\u00e8rement. Non, il faudrait en plus absolument qu&rsquo;il\/elle obtienne de bons r\u00e9sultats scolaires, \u00abc&rsquo;est une source de stress, une pression qui a envahi l&rsquo;\u00e9cole et donc la famille\u00bb.<br \/>\n<\/span><\/p>\n<p style=\"margin-left: 28pt;\"><span style=\"color: #c00000; font-family: Arial;\">Et, [\u2026] les objectifs sont multiples:<br \/>\n<\/span><\/p>\n<p style=\"margin-left: 28pt;\"><span style=\"color: #c00000; font-family: Arial;\">Le mercredi devient le jour le plus horrible de la semaine: il faut assurer l&rsquo;accompagnement aux activit\u00e9s extra scolaires (sport, musique, activit\u00e9s artistiques, les cours particuliers, le soutien scolaire). Mais pourquoi court-on autant sinon pour satisfaire une exigence sociale? Car on se sent coupable d\u00e8s que l&rsquo;enfant ne r\u00e9ussit pas \u2013 ou de ne pas tout faire pour qu&rsquo;il r\u00e9ussisse et ce dans tous les domaines. Et donc les parents deviennent comme ces employ\u00e9s soumis au mangement par objectif et \u00e0 l&rsquo;\u00e9valuation standardis\u00e9s\u2026 il perdent le sens de leur \u00e9ducation !\u00bb<br \/>\n<\/span><\/p>\n<p><span style=\"color: #777777; font-family: Arial;\">Je vous renvoie vers l&rsquo;article&nbsp;: <a href=\"http:\/\/www.slate.fr\/story\/134711\/education-norme-burn-out\" target=\"_blank\" rel=\"noopener\"><span style=\"color: blue; text-decoration: underline;\">\u00ab&nbsp;<span style=\"color: #0000ff; text-decoration: underline;\">L&rsquo;autre burn-out&nbsp;: celui des parents \u00e0 la maison<\/span>&nbsp;\u00bb<\/span><\/a><br \/>\n<\/span><\/p>\n<p><span style=\"color: #777777; font-family: Arial;\">Il y aussi cet article &lt;<a href=\"https:\/\/www.huffingtonpost.fr\/liliane-holstein\/la-depression-liee-au-fait-detre-parents_b_5886426.html\"><span style=\"color: #0000ff;\">Les 10 signes qui montrent que vous \u00eates en burn-out parental<\/span><\/a>&gt;<br \/>\n<\/span><\/p>\n<p><span style=\"color: #777777; font-family: Arial;\">Ou encore cet article du site Psychologies.com &lt;<span style=\"color: #0000ff;\"><a style=\"color: #0000ff;\" href=\"http:\/\/www.psychologies.com\/Famille\/Etre-parent\/Mere\/Articles-et-Dossiers\/Meres-epuisees-gare-au-burn-out\">M\u00e8res \u00e9puis\u00e9es, gare au burn-out<\/a><\/span>&gt;.<br \/>\n<\/span><\/p>\n<p><span style=\"color: #777777; font-family: Arial;\">J&rsquo;ai m\u00eame trouv\u00e9 un site enti\u00e8rement consacr\u00e9 \u00e0 ce sujet&nbsp;: <span style=\"color: #0000ff;\"><a style=\"color: #0000ff;\" href=\"https:\/\/www.burnoutparental.com\/\">https:\/\/www.burnoutparental.com\/<\/a><\/span><br \/>\n<\/span><\/p>\n<p><span style=\"color: #c00000; font-family: Arial;\">&lt;1082&gt;<br \/>\n<\/span><\/p>\n<p><span style=\"color: #777777; font-family: Arial;\"><br \/>\n<\/span><\/p>\n","protected":false},"excerpt":{"rendered":"<p>\u00ab&nbsp;Le burn out parental&nbsp;\u00bb Mo\u00efra Mikolajczak et Isabelle Roskam Le mot du jour d&rsquo;hier sur \u00ab&nbsp;l&rsquo;ode \u00e0 la fatigue&nbsp;\u00bb m&rsquo;a conduit \u00e0 revenir vers un article assez ancien que j&rsquo;avais lu il y a plus d&rsquo;un an mais dont je<\/p>\n","protected":false},"author":1,"featured_media":0,"comment_status":"open","ping_status":"closed","sticky":false,"template":"","format":"standard","meta":{"footnotes":""},"categories":[1],"tags":[38,13,7],"class_list":["post-4928","post","type-post","status-publish","format-standard","hentry","category-motdujour","tag-education","tag-sante","tag-societe"],"_links":{"self":[{"href":"https:\/\/lemotdujour.fr\/index.php?rest_route=\/wp\/v2\/posts\/4928","targetHints":{"allow":["GET"]}}],"collection":[{"href":"https:\/\/lemotdujour.fr\/index.php?rest_route=\/wp\/v2\/posts"}],"about":[{"href":"https:\/\/lemotdujour.fr\/index.php?rest_route=\/wp\/v2\/types\/post"}],"author":[{"embeddable":true,"href":"https:\/\/lemotdujour.fr\/index.php?rest_route=\/wp\/v2\/users\/1"}],"replies":[{"embeddable":true,"href":"https:\/\/lemotdujour.fr\/index.php?rest_route=%2Fwp%2Fv2%2Fcomments&post=4928"}],"version-history":[{"count":5,"href":"https:\/\/lemotdujour.fr\/index.php?rest_route=\/wp\/v2\/posts\/4928\/revisions"}],"predecessor-version":[{"id":13952,"href":"https:\/\/lemotdujour.fr\/index.php?rest_route=\/wp\/v2\/posts\/4928\/revisions\/13952"}],"wp:attachment":[{"href":"https:\/\/lemotdujour.fr\/index.php?rest_route=%2Fwp%2Fv2%2Fmedia&parent=4928"}],"wp:term":[{"taxonomy":"category","embeddable":true,"href":"https:\/\/lemotdujour.fr\/index.php?rest_route=%2Fwp%2Fv2%2Fcategories&post=4928"},{"taxonomy":"post_tag","embeddable":true,"href":"https:\/\/lemotdujour.fr\/index.php?rest_route=%2Fwp%2Fv2%2Ftags&post=4928"}],"curies":[{"name":"wp","href":"https:\/\/api.w.org\/{rel}","templated":true}]}}