{"id":4911,"date":"2018-06-06T03:39:33","date_gmt":"2018-06-06T01:39:33","guid":{"rendered":"http:\/\/lemotdujour.fr\/?p=4911"},"modified":"2022-09-07T13:16:10","modified_gmt":"2022-09-07T11:16:10","slug":"mercredi-6-juin-2018","status":"publish","type":"post","link":"https:\/\/lemotdujour.fr\/?p=4911","title":{"rendered":"Mercredi 6 juin 2018"},"content":{"rendered":"<div class=\"mdjTexte\">\t\u00abIl faudrait enseigner \u00e0 douter y compris du doute\u2026\u00bb<\/div>\n<div class=\"mdjAuteur\">\tEdgar Morin<\/div>\n<p><span style=\"color: #777777; font-family: Arial;\">Je suis abonn\u00e9 aux tweets d&rsquo;Edgar Morin. Souvent en quelques mots il \u00e9crit des choses fondamentales.<br \/>\n<\/span><\/p>\n<p><span style=\"color: #777777; font-family: Arial;\">Tel est le cas de cette phrase&nbsp;: <strong>\u00ab&nbsp;Il faudrait enseigner \u00e0 douter&nbsp;\u00bb<\/strong> et il ajoute et <strong>m\u00eame douter du doute<\/strong>.<br \/>\n<\/span><\/p>\n<p><span style=\"color: #777777; font-family: Arial;\">Probablement que cette r\u00e9flexion a \u00e9t\u00e9 inspir\u00e9e par cette incongruit\u00e9 de l&rsquo;annonce par les services officiels de l&rsquo;Ukraine du meurtre du journaliste russe Arkadi Babtchenko. Nous savons d\u00e9sormais qu&rsquo;il s&rsquo;agissait d&rsquo;une &lt;<a href=\"http:\/\/www.leparisien.fr\/international\/faux-assassinat-d-un-journaliste-russe-les-details-de-l-operation-babtchenko-31-05-2018-7746597.php\"><strong><span style=\"color: #0000ff;\">fausse information<\/span><\/strong><\/a>&gt; (fake news en <a href=\"https:\/\/fr.wikipedia.org\/wiki\/Globish\"><span style=\"color: #0000ff;\">globish<\/span><\/a>)<br \/>\n<\/span><\/p>\n<p><span style=\"color: #777777; font-family: Arial;\">J&rsquo;avais consacr\u00e9 un mot du jour au doute&nbsp;: \u00ab<a href=\"https:\/\/lemotdujour.fr\/?p=1018\"><span style=\"color: #0000ff;\">Nous devons combiner la graine fertile de la curiosit\u00e9 et l&rsquo;esprit f\u00e9cond du doute<\/span><\/a>\u00bb<br \/>\n<\/span><\/p>\n<p><span style=\"color: #777777; font-family: Arial;\">Plus r\u00e9cemment j&rsquo;avais rappel\u00e9 le propos du math\u00e9maticien Henri Poincar\u00e9&nbsp;: \u00ab&nbsp;<span style=\"color: #0000ff;\"><a style=\"color: #0000ff;\" href=\"https:\/\/lemotdujour.fr\/?p=3563\">Douter de tout ou tout croire, ce sont deux solutions \u00e9galement commodes qui l&rsquo;une et l&rsquo;autre nous dispensent de r\u00e9fl\u00e9chir<\/a>.<\/span>\u00bb<br \/>\n<\/span><\/p>\n<p><span style=\"color: #777777; font-family: Arial;\">Alors je trouve particuli\u00e8rement important, dans un monde de fausses nouvelles et de th\u00e9ories du complot, de se reprendre \u00e0 douter et m\u00eame \u00e0 douter du doute.<br \/>\n<\/span><\/p>\n<p><span style=\"color: #777777; font-family: Arial;\">Par exemple :<\/span><\/p>\n<ul>\n<li><span style=\"color: #777777; font-family: Arial;\">Douter des th\u00e9ories \u00e9conomiques.<br \/>\n<\/span><\/li>\n<li><span style=\"color: #777777; font-family: Arial;\">Douter du doute sur l&rsquo;apport des vaccinations.<br \/>\n<\/span><\/li>\n<li><span style=\"color: #777777; font-family: Arial;\">Et m\u00eame douter du libre-\u00e9change et douter du doute du libre-\u00e9change.<br \/>\n<\/span><\/li>\n<\/ul>\n<p>&nbsp;<\/p>\n<p><img decoding=\"async\" src=\"https:\/\/lemotdujour.fr\/wp-content\/uploads\/2018\/06\/060318_1137_Lundi4juin21.png\" alt=\"\"><\/p>\n<p><span style=\"color: #777777; font-family: Arial;\"><strong>Nous sommes le 6 juin 2018. Ce blog a donc un an&#8230; <\/strong><\/span><\/p>\n<p><span style=\"color: #777777; font-family: Arial;\">Le mot du jour introductif du blog, <em>le mot du jour existait sous une autre forme depuis 2012<\/em>, se trouve derri\u00e8re ce lien &lt;<span style=\"color: #0000ff;\"><a style=\"color: #0000ff;\" href=\"https:\/\/lemotdujour.fr\/?p=2414\">6 juin 2017<\/a><\/span>&gt; <\/span><\/p>\n<p><span style=\"color: #800000;\">&lt;1083&gt;<\/span><\/p>\n","protected":false},"excerpt":{"rendered":"<p>\u00abIl faudrait enseigner \u00e0 douter y compris du doute\u2026\u00bb Edgar Morin Je suis abonn\u00e9 aux tweets d&rsquo;Edgar Morin. Souvent en quelques mots il \u00e9crit des choses fondamentales. Tel est le cas de cette phrase&nbsp;: \u00ab&nbsp;Il faudrait enseigner \u00e0 douter&nbsp;\u00bb et<\/p>\n","protected":false},"author":1,"featured_media":0,"comment_status":"open","ping_status":"closed","sticky":false,"template":"","format":"standard","meta":{"footnotes":""},"categories":[1],"tags":[54,19,6],"class_list":["post-4911","post","type-post","status-publish","format-standard","hentry","category-motdujour","tag-humanisme","tag-personnel","tag-philosophie"],"_links":{"self":[{"href":"https:\/\/lemotdujour.fr\/index.php?rest_route=\/wp\/v2\/posts\/4911","targetHints":{"allow":["GET"]}}],"collection":[{"href":"https:\/\/lemotdujour.fr\/index.php?rest_route=\/wp\/v2\/posts"}],"about":[{"href":"https:\/\/lemotdujour.fr\/index.php?rest_route=\/wp\/v2\/types\/post"}],"author":[{"embeddable":true,"href":"https:\/\/lemotdujour.fr\/index.php?rest_route=\/wp\/v2\/users\/1"}],"replies":[{"embeddable":true,"href":"https:\/\/lemotdujour.fr\/index.php?rest_route=%2Fwp%2Fv2%2Fcomments&post=4911"}],"version-history":[{"count":9,"href":"https:\/\/lemotdujour.fr\/index.php?rest_route=\/wp\/v2\/posts\/4911\/revisions"}],"predecessor-version":[{"id":13953,"href":"https:\/\/lemotdujour.fr\/index.php?rest_route=\/wp\/v2\/posts\/4911\/revisions\/13953"}],"wp:attachment":[{"href":"https:\/\/lemotdujour.fr\/index.php?rest_route=%2Fwp%2Fv2%2Fmedia&parent=4911"}],"wp:term":[{"taxonomy":"category","embeddable":true,"href":"https:\/\/lemotdujour.fr\/index.php?rest_route=%2Fwp%2Fv2%2Fcategories&post=4911"},{"taxonomy":"post_tag","embeddable":true,"href":"https:\/\/lemotdujour.fr\/index.php?rest_route=%2Fwp%2Fv2%2Ftags&post=4911"}],"curies":[{"name":"wp","href":"https:\/\/api.w.org\/{rel}","templated":true}]}}