{"id":488,"date":"2017-04-04T02:00:00","date_gmt":"2017-04-03T22:00:00","guid":{"rendered":"http:\/\/lemotdujour.fr\/?p=488"},"modified":"2021-09-26T21:41:53","modified_gmt":"2021-09-26T19:41:53","slug":"mardi-4-avril-2017","status":"publish","type":"post","link":"https:\/\/lemotdujour.fr\/?p=488","title":{"rendered":"Mardi 4 avril 2017"},"content":{"rendered":"<div class=\"mdjTexte\">\t\u00ab&nbsp;Quand on pense\u2026 Qu\u2019il suffirait que les gens ne les ach\u00e8tent plus pour que \u00e7a se vende pas !&nbsp;\u00bb<\/div>\n<div class=\"mdjAuteur\">\tColuche \u00abMis\u00e8re, Coluche, album Coluche : l\u2019int\u00e9grale, vol. 3, 1989 chez Carr\u00e8re.\u00bb<\/div>\n<p><span style=\"color: #777777; font-family: Arial;\">Cette pens\u00e9e de Coluche a \u00e9t\u00e9 cit\u00e9e par Thierry Marx lors de l&rsquo;\u00e9mission \u00e9voqu\u00e9e hier dans laquelle il \u00e9tait question de la mani\u00e8re dont nous nous nourrissions et de de l&rsquo;importance que nous accordions \u00e0 l&rsquo;alimentation.<br \/>\n<\/span><\/p>\n<p><span style=\"color: #777777; font-family: Arial;\">Dans le domaine de l&rsquo;alimentation, et des cons\u00e9quences que cela implique pour le mod\u00e8le agricole, notre responsabilit\u00e9, notre influence, notre capacit\u00e9 d&rsquo;agir se trouve, beaucoup moins dans notre \u00abdroit de vote\u00bb que dans nos \u00abactes de consommation\u00bb. Mais cette pens\u00e9e d\u00e9passe la seule alimentation.<br \/>\n<\/span><\/p>\n<p><span style=\"color: #777777; font-family: Arial;\">Je suis de plus en plus convaincu que notre plus grand pouvoir, celui dont nous disposons pour influer sur le monde, est celui de notre choix de consommer ou de ne pas consommer, tel ou tel produit, tel ou tel service.<br \/>\n<\/span><\/p>\n<p><span style=\"color: #777777; font-family: Arial;\">Dans plusieurs mots du jour ce sujet de ce que nous consommons, de ce que notre consommation dit de nous, ce qu&rsquo;elle signifie pour le monde dans lequel nous vivons, a \u00e9t\u00e9 abord\u00e9.<br \/>\n<\/span><\/p>\n<p><span style=\"color: #777777; font-family: Arial;\">Le mot le plus terrible a \u00e9t\u00e9 celui du philosophe allemand Peter Sloterdijke qui \u00e9crivait : \u00abLa libert\u00e9 du consommateur et de l&rsquo;individu moderne, c&rsquo;est la libert\u00e9 du cochon devant son auge. \u00bb (<a href=\"https:\/\/lemotdujour.fr\/?p=2253\"><span style=\"color: #0000ff;\">Mot du jour du 30 octobre 2013<\/span><\/a>).<br \/>\n<\/span><\/p>\n<p><span style=\"color: #777777; font-family: Arial;\">Dans le m\u00eame esprit, mais un plus doux, le mot du jour du <span style=\"color: #0000ff;\"><a style=\"color: #0000ff;\" href=\"https:\/\/lemotdujour.fr\/?p=668\">14 avril 2014<\/a><\/span> citait Annie Arnaux : \u00ab<span style=\"color: #c00000;\">Je suis de plus en plus s\u00fbr que la docilit\u00e9 des consommateurs est sans limite<span style=\"color: #777777;\">.\u00bb<br \/>\n<\/span><\/span><\/span><\/p>\n<p><span style=\"color: #777777; font-family: Arial;\">Annie Arnaux avait \u00e9crit un livre \u00e0 teneur sociologique sur un Hypermarch\u00e9 qu&rsquo;elle fr\u00e9quente souvent : \u00ab<span style=\"color: #c00000;\">Regarde les lumi\u00e8res mon amour<span style=\"color: #777777;\">\u00bb, il s&rsquo;agit des paroles d&rsquo;une maman \u00e0 son enfant en montrant des lumi\u00e8res de No\u00ebl qui illuminaient les escalators du temple de la consommation d\u00e9crit par Annie Arnaux<br \/>\n<\/span><\/span><\/span><\/p>\n<p><span style=\"color: #777777; font-family: Arial;\">Le <a href=\"https:\/\/lemotdujour.fr\/?p=2087\"><span style=\"color: #0000ff;\">14 mai 2013<\/span><\/a>, apr\u00e8s le drame de l&rsquo;usine textile du Bengladesh, (l&rsquo;immeuble de neuf \u00e9tages qui s&rsquo;est effondr\u00e9 pr\u00e8s de Dacca le 24 avril, avait fait 1 127 morts), deux chercheurs en sciences humaines, Michel Wieviorka et Anthony Mah\u00e9, posaient cette question terrible : \u00ab <span style=\"color: #c00000;\">Sommes-nous capables de regarder en face (la vie de) ceux qui nous permettent de consommer comme nous le faisons ?<span style=\"color: #777777;\"> \u00bb<br \/>\n<\/span><\/span><\/span><\/p>\n<p><span style=\"color: #777777; font-family: Arial;\"><strong>Nous voulons consommer beaucoup et le moins cher possible.<br \/>\n<\/strong><\/span><\/p>\n<p><span style=\"color: #777777; font-family: Arial;\">Lors du mot du jour du <span style=\"color: #0000ff;\"><a style=\"color: #0000ff;\" href=\"https:\/\/lemotdujour.fr\/?p=1612\">11 f\u00e9vrier 2016<\/a><\/span>, j&rsquo;avais tent\u00e9 une analyse sur notre trouble de la personnalit\u00e9 :<br \/>\n<\/span><\/p>\n<p style=\"margin-left: 28pt;\"><span style=\"color: #c00000; font-family: Arial;\">\u00abEn r\u00e9alit\u00e9 nous sommes chacun 1\/3 de producteur 1\/3 de consommateur et 1\/3 d&rsquo;\u00eatre social. Ce dernier tiers correspondant \u00e0 celui qui contribue \u00e0 l&rsquo;Etat providence et qui b\u00e9n\u00e9ficie aussi de l&rsquo;Etat providence.<br \/>\n<\/span><\/p>\n<p><span style=\"color: #777777; font-family: Arial;\">C&rsquo;est \u00e0 ce dilemme que Jean-Paul Delevoye, le dernier M\u00e9diateur de la r\u00e9publique, apportait cette \u00e9vidence : \u00ab L&rsquo;\u00e9conomie est mondiale mais le social est local !\u00bb<br \/>\n<\/span><\/p>\n<p><span style=\"color: #777777; font-family: Arial;\">Eh bien nous avons accept\u00e9, comme une \u00e9vidence, que celui qui devait \u00eatre privil\u00e9gi\u00e9 dans notre \u00eatre oeconomicus c&rsquo;\u00e9tait le 1\/3 consommateur.\u00bb<br \/>\n<\/span><\/p>\n<p><span style=\"color: #777777; font-family: Arial;\">Et le <a href=\"https:\/\/lemotdujour.fr\/?p=1580\"><span style=\"color: #0000ff;\">mot du jour du 20 Janvier 2016<\/span><\/a> citait le concept d\u00e9crit par l&rsquo;\u00e9conomiste et sociologue am\u00e9ricain Thorstein Veblen d\u00e9c\u00e9d\u00e9 en 1929 : \u00ab La consommation ostentatoire \u00bb<br \/>\n<\/span><\/p>\n<p><span style=\"color: #777777; font-family: Arial;\">Veblen expliquait que la consommation est statutaire, elle sert \u00e0 celui qui en fait un \u00ab usage ostentatoire \u00bb \u00e0 indiquer un statut social.<br \/>\n<\/span><\/p>\n<p><span style=\"color: #777777; font-family: Arial;\">\u00ab Le besoin de consommer et de poss\u00e9der compense la peur de ne pas \u00eatre reconnu et d&rsquo;\u00eatre faible.\u00bb<br \/>\n<\/span><\/p>\n<p><span style=\"color: #777777; font-family: Arial;\">Dans cette explication l&rsquo;acte de consommer est destin\u00e9 \u00e0 se sentir exister par le regard des autres, qu&rsquo;on imagine envieux et admiratifs.<br \/>\n<\/span><\/p>\n<p><span style=\"color: #777777; font-family: Arial;\">Je finissais cette chronique par cette conclusion : \u00ab Le mot du jour n&rsquo;a aucune vocation de pr\u00eacher une morale mais simplement poser des questions auquel il appartient \u00e0 chacun, s&rsquo;il le souhaite, de r\u00e9pondre pour sa part.\u00bb<br \/>\n<\/span><\/p>\n<p><span style=\"color: #777777; font-family: Arial;\">Le mot de Coluche a fait revenir dans ma m\u00e9moire ces quelques r\u00e9flexions distill\u00e9es lors de l&rsquo;aventure des mots du jour. Descartes avait \u00e9dict\u00e9 cette sentence \u00abJe pense donc je suis !\u00bb. S&rsquo;il revenait parmi nous aujourd&rsquo;hui probablement qu&rsquo;il dirait : \u00abJe consomme donc je suis !\u00bb.<br \/>\n<\/span><\/p>\n<p><a href=\"https:\/\/fr.wikiquote.org\/wiki\/Coluche\"><span style=\"color: blue; font-family: Arial; text-decoration: underline;\"><span style=\"color: #0000ff; text-decoration: underline;\">&lt;Vous trouverez cette citation et d&rsquo;autres de Coluche derri\u00e8re ce lien&gt;<\/span><\/span><\/a><span style=\"color: #777777; font-family: Arial;\"><br \/>\n<\/span><\/p>\n<p><span style=\"color: #c00000; font-family: Arial;\">&lt;867&gt;<\/span><\/p>\n","protected":false},"excerpt":{"rendered":"<p>\u00ab&nbsp;Quand on pense\u2026 Qu\u2019il suffirait que les gens ne les ach\u00e8tent plus pour que \u00e7a se vende pas !&nbsp;\u00bb Coluche \u00abMis\u00e8re, Coluche, album Coluche : l\u2019int\u00e9grale, vol. 3, 1989 chez Carr\u00e8re.\u00bb Cette pens\u00e9e de Coluche a \u00e9t\u00e9 cit\u00e9e par Thierry<\/p>\n","protected":false},"author":1,"featured_media":0,"comment_status":"closed","ping_status":"closed","sticky":false,"template":"","format":"standard","meta":{"footnotes":""},"categories":[1],"tags":[10,6,7],"class_list":["post-488","post","type-post","status-publish","format-standard","hentry","category-motdujour","tag-economie","tag-philosophie","tag-societe"],"_links":{"self":[{"href":"https:\/\/lemotdujour.fr\/index.php?rest_route=\/wp\/v2\/posts\/488","targetHints":{"allow":["GET"]}}],"collection":[{"href":"https:\/\/lemotdujour.fr\/index.php?rest_route=\/wp\/v2\/posts"}],"about":[{"href":"https:\/\/lemotdujour.fr\/index.php?rest_route=\/wp\/v2\/types\/post"}],"author":[{"embeddable":true,"href":"https:\/\/lemotdujour.fr\/index.php?rest_route=\/wp\/v2\/users\/1"}],"replies":[{"embeddable":true,"href":"https:\/\/lemotdujour.fr\/index.php?rest_route=%2Fwp%2Fv2%2Fcomments&post=488"}],"version-history":[{"count":4,"href":"https:\/\/lemotdujour.fr\/index.php?rest_route=\/wp\/v2\/posts\/488\/revisions"}],"predecessor-version":[{"id":12176,"href":"https:\/\/lemotdujour.fr\/index.php?rest_route=\/wp\/v2\/posts\/488\/revisions\/12176"}],"wp:attachment":[{"href":"https:\/\/lemotdujour.fr\/index.php?rest_route=%2Fwp%2Fv2%2Fmedia&parent=488"}],"wp:term":[{"taxonomy":"category","embeddable":true,"href":"https:\/\/lemotdujour.fr\/index.php?rest_route=%2Fwp%2Fv2%2Fcategories&post=488"},{"taxonomy":"post_tag","embeddable":true,"href":"https:\/\/lemotdujour.fr\/index.php?rest_route=%2Fwp%2Fv2%2Ftags&post=488"}],"curies":[{"name":"wp","href":"https:\/\/api.w.org\/{rel}","templated":true}]}}