{"id":4867,"date":"2018-05-29T03:09:55","date_gmt":"2018-05-29T01:09:55","guid":{"rendered":"http:\/\/lemotdujour.fr\/?p=4867"},"modified":"2022-09-07T11:21:12","modified_gmt":"2022-09-07T09:21:12","slug":"mardi-29-mai-2018","status":"publish","type":"post","link":"https:\/\/lemotdujour.fr\/?p=4867","title":{"rendered":"Mardi 29 mai 2018"},"content":{"rendered":"<div class=\"mdjTexte\">\t\u00ab&nbsp;Mai 68&nbsp;: De Gaulle contre Georges Pompidou&nbsp;\u00bb<\/div>\n<div class=\"mdjAuteur\">\tAnalyse du pouvoir politique en France en mai 68<\/div>\n<p><span style=\"color: #777777; font-family: Arial;\">Le mouvement de mai va prendre un tour dramatique le 29 mai 1968. Le G\u00e9n\u00e9ral de Gaulle va quitter le territoire fran\u00e7ais, sans informer personne et notamment pas son premier Ministre Georges Pompidou qui ne saura donc pas, pendant plusieurs heures, o\u00f9 se trouve le Pr\u00e9sident de la R\u00e9publique.<br \/>\n<\/span><\/p>\n<p><span style=\"color: #777777; font-family: Arial;\">Le g\u00e9n\u00e9ral De Gaulle a quitt\u00e9 l\u2019\u00c9lys\u00e9e mercredi 29 mai \u00e0 11 heures 15 apr\u00e8s avoir soudainement ajourn\u00e9 le conseil des ministres. \u00c0 Georges Pompidou, le pr\u00e9sident de la R\u00e9publique a expliqu\u00e9 qu&rsquo;il partait \u00e0 Colombey-les-deux-\u00e9glises. \u00c0 14 heures, Bernard Tricot, secr\u00e9taire g\u00e9n\u00e9ral de la Pr\u00e9sidence, a appris au Premier ministre que le G\u00e9n\u00e9ral ne se trouvait pas dans sa maison de famille en Haute-Marne. Tous ses proches collaborateurs ignoraient o\u00f9 il \u00e9tait parti. La disparition du chef de l\u2019\u00c9tat a suscit\u00e9 de la surprise et de la panique au sein de son entourage.<br \/>\n<\/span><\/p>\n<p><span style=\"color: #777777; font-family: Arial;\">Maintenant nous savons, il \u00e9tait \u00e0 Baden Baden, dans le quartier g\u00e9n\u00e9ral de l&rsquo;arm\u00e9e Fran\u00e7aise en Allemagne. Arm\u00e9e qui \u00e9tait sous le commandement du G\u00e9n\u00e9ral Massu. A son arriv\u00e9e le gouvernement allemand n&rsquo;\u00e9tait pas non plus au courant.<br \/>\n<\/span><\/p>\n<p><span style=\"color: #777777; font-family: Arial;\">C&rsquo;\u00e9tait un acte extr\u00eamement grave. Le G\u00e9n\u00e9ral de Gaulle en est conscient et \u00e9voque sa d\u00e9ch\u00e9ance possible.<br \/>\n<\/span><\/p>\n<p><span style=\"color: #777777; font-family: Arial;\"><strong>Georges Pompidou ne lui pardonnera jamais cet acte de \u00ab&nbsp;non confiance&nbsp;\u00bb ou de \u00ab&nbsp;fuite&nbsp;\u00bb.<br \/>\n<\/strong><\/span><\/p>\n<p><img decoding=\"async\" class=\"alignleft\" src=\"https:\/\/lemotdujour.fr\/wp-content\/uploads\/2018\/05\/052718_1909_Mardi29mai21.jpg\" alt=\"\" align=\"left\"><span style=\"color: #777777; font-family: Arial;\">Le matin du 29 mai, De Gaulle avait fait venir \u00e0 l\u2019\u00c9lys\u00e9e le g\u00e9n\u00e9ral Alain de Boissieu qui \u00e9tait aussi son gendre et lui a fait cet aveu&nbsp;:<br \/>\n<\/span><\/p>\n<p style=\"margin-left: 28pt;\"><span style=\"color: #c00000; font-family: Arial;\">\u00ab&nbsp;Le peuple fran\u00e7ais n&rsquo;a pas besoin de De Gaulle \u00e0 sa t\u00eate \u2026 Je vais me retirer \u00e0 Colombey\u2026&nbsp;\u00bb<br \/>\n<\/span><\/p>\n<p><span style=\"color: #777777; font-family: Arial;\">Et \u00e0 11h30, la DS pr\u00e9sidentielle franchit, au fond du parc, <strong>la grille du Coq<\/strong> et ne sort donc pas par la porte principale au 55, rue du Faubourg-Saint-Honor\u00e9. Elle file vers l&rsquo;h\u00e9liport d&rsquo;Issy les Moulineaux et il est pr\u00e9vu que son fils&nbsp;: Philippe de Gaulle les rejoigne. Tante Yvonne, la discr\u00e8te \u00e9pouse murmure&nbsp;: \u00ab&nbsp;<span style=\"color: #c00000;\">Cela ressemble \u00e0 la fuite de Varennes<span style=\"color: #777777;\">\u2026&nbsp;\u00bb<br \/>\n<\/span><\/span><\/span><\/p>\n<p><span style=\"color: #777777; font-family: Arial;\">L&rsquo;h\u00e9licopt\u00e8re atterrit dans la r\u00e9sidence occup\u00e9e par le G\u00e9n\u00e9ral Massu \u00e0 14h50.<br \/>\n<\/span><\/p>\n<p><span style=\"color: #777777; font-family: Arial;\">Dans un livre publi\u00e9 en 2016 par La journaliste Christine Clerc: \u00ab&nbsp;<a href=\"http:\/\/www.letelegramme.fr\/livres\/le-defi-a-l-autorite-28-02-2016-10973454.php\"><span style=\"color: #0000ff;\">Le tombeur du G\u00e9n\u00e9ral&nbsp;<\/span><\/a>\u00bb dans lequel elle m\u00e9lange fiction (un entretien imaginaire entre Cohn Bendit et De Gaulle) et la r\u00e9alit\u00e9 historique, fait ce r\u00e9cit :<br \/>\n<\/span><\/p>\n<p style=\"margin-left: 28pt;\"><span style=\"color: #c00000; font-family: Arial;\">\u00ab&nbsp;A Matignon, Pompidou, jusque-l\u00e0 si calme est d\u00e9compos\u00e9. Certes il conna\u00eet depuis longtemps les coups de blues du G\u00e9n\u00e9ral et sa tentation p\u00e9riodique du d\u00e9part. Combien de fois Madame de Gaulle lui a-t-elle confi\u00e9 ses inqui\u00e9tudes pour la sant\u00e9 de son mari. Mais en pleine crise politique et sociale, ce mercredi 29 mai, alors que la CGT et le PC pr\u00e9voient pour le lendemain une manifestation g\u00e9ante dans le but d&rsquo;affirmer leur pr\u00e9pond\u00e9rance, son d\u00e9part serait une v\u00e9ritable catastrophe. [\u2026] son retrait le placerait, lui, le Premier ministre, dans une situation constitutionnelle inextricable&nbsp;: verra-t-on le pr\u00e9sident du S\u00e9nat, Gaston Monnerville, qui n&rsquo;a cess\u00e9 de combattre le r\u00e9gime, assurer l&rsquo;int\u00e9rim&nbsp;?&nbsp; [\u2026] De toutes parts, y compris au sein du gouvernement, des voix s&rsquo;\u00e9l\u00e8vent depuis plusieurs jours que l&rsquo;on fasse appel \u00e0 celui qui r\u00e9gla nagu\u00e8re le probl\u00e8me indochinois&nbsp;: Pierre Mend\u00e8s France.\u00bb<br \/>\n<\/span><\/p>\n<p><span style=\"color: #777777; font-family: Arial;\">Aujourd&rsquo;hui nous disposons de <a href=\"https:\/\/teleobs.nouvelobs.com\/la-selection-teleobs\/20180320.OBS3873\/ne-ratez-pas-mai-68-les-coulisses-de-la-revolte.html\"><span style=\"color: #0000ff;\">divers t\u00e9moignages<\/span><\/a>, ainsi celui de l&rsquo;entourage de Georges Pompidou&nbsp;:<br \/>\n<\/span><\/p>\n<p style=\"margin-left: 28pt;\"><span style=\"color: #c00000; font-family: Arial;\">\u00ab&nbsp;On est dans le salon avec Claude Pompidou et son fils Alain, ce 29 mai, \u00e0 l&rsquo;heure du caf\u00e9, lorsque le Premier ministre sort, \u00ab\u00a0<em>bl\u00eame\u00a0\u00bb<\/em>, de son bureau et l\u00e2che : \u00ab\u00a0<em>Le g\u00e9n\u00e9ral de Gaulle a disparu, on a perdu sa trace.\u00a0\u00bb&nbsp;\u00bb<\/em><br \/>\n<\/span><\/p>\n<p><span style=\"color: #777777; font-family: Arial;\">Dans un article de l&rsquo;Express du 8 mai 2008, l&rsquo;amiral Flohic qui \u00e9tait en 1968 capitaine et aide de camp du G\u00e9n\u00e9ral et qui a accompagn\u00e9 la famille pr\u00e9sidentielle a fait un r\u00e9cit \u00ab&nbsp;de cette escapade&nbsp;\u00bb. C&rsquo;est lui qui r\u00e9v\u00e8le que le but r\u00e9el du voyage a \u00e9t\u00e9 cach\u00e9 jusqu&rsquo;au dernier moment. Et c&rsquo;est le capitaine Flohic qui raconte qu&rsquo;une fois arriv\u00e9e c&rsquo;est lui qui t\u00e9l\u00e9phone au G\u00e9n\u00e9ral Massu. R\u00e9cit amusant&nbsp;:<br \/>\n<\/span><\/p>\n<p style=\"margin-left: 28pt;\"><span style=\"color: #c00000; font-family: Arial;\">\u00ab&nbsp;&#8211; Nous sommes l\u00e0&nbsp;!<br \/>\n&#8211; Qui nous&nbsp;?<br \/>\n&#8211; Le G\u00e9n\u00e9ral et Mme De Gaulle.<br \/>\n&#8211; Laisse-moi 5 mn, je faisais la sieste \u00e0 poil sur mon lit&nbsp;\u00bb<br \/>\n<\/span><\/p>\n<p style=\"margin-left: 28pt;\"><span style=\"color: #c00000; font-family: Arial;\">On saura plus tard qu&rsquo;il avait re\u00e7u la veille le mar\u00e9chal Kochevo\u00ef, commandant des troupes sovi\u00e9tiques en RDA. LA soir\u00e9e avait \u00e9t\u00e9 plut\u00f4t arros\u00e9e&nbsp;! [\u2026]<br \/>\n<\/span><\/p>\n<p style=\"margin-left: 28pt;\"><span style=\"color: #c00000; font-family: Arial;\">Le pr\u00e9sident apostrophe Massu&nbsp;: \u00ab&nbsp;Tout est foutu&nbsp;!&nbsp;\u00bb [\u2026]<br \/>\n<\/span><\/p>\n<p style=\"margin-left: 28pt;\"><span style=\"color: #c00000; font-family: Arial;\">A 15h20. Le chef de l&rsquo;Etat m&rsquo;interpelle&nbsp;: \u00ab&nbsp;Que va-t-il se passer maintenant en France, le Conseil constitutionnel va constater ma d\u00e9ch\u00e9ance&nbsp;\u00bb<br \/>\n<\/span><\/p>\n<p><span style=\"color: #777777; font-family: Arial;\">Et puis De Gaulle discute en t\u00eate \u00e0 t\u00eate avec Massu et \u00e0 16 heures, le capitaine Flohic constate&nbsp;:<br \/>\n<\/span><\/p>\n<p style=\"margin-left: 28pt;\"><span style=\"color: #c00000; font-family: Arial;\">\u00ab&nbsp;Je trouve un homme transform\u00e9, ragaillardi. Il avait pris sa r\u00e9solution. L&rsquo;intervention de Massu s&rsquo;est r\u00e9v\u00e9l\u00e9e d\u00e9terminante. Il le confirmera quelque temps plus tard lors d&rsquo;un d\u00e9jeuner, s&rsquo;adressant \u00e0 Mme Massu&nbsp;: \u00ab&nbsp;<strong>C&rsquo;est la Providence qui a plac\u00e9 votre mari sur mon chemin.<\/strong> \u00bb<br \/>\n<\/span><\/p>\n<p><span style=\"color: #777777; font-family: Arial;\">La suite est connue. Il repart \u00e0 16h30 et cette fois va \u00e0 Colombey. D\u00e8s qu&rsquo;il arrive il t\u00e9l\u00e9phone enfin \u00e0 Pompidou pour l&rsquo;avertir de convoquer le Conseil des ministres le lendemain donc le jeudi.<br \/>\n<\/span><\/p>\n<p><span style=\"color: #777777; font-family: Arial;\">Le lendemain matin, le 30 mai Pompidou pr\u00e9sente sa d\u00e9mission \u00e0 De Gaulle qui la refuse.<br \/>\n<\/span><\/p>\n<p><a href=\"https:\/\/www.lemonde.fr\/decryptages\/article\/2018\/04\/25\/mai-68-de-gaulle-pompidou-tension-au-sommet_5290096_1668393.html\"><span style=\"font-family: Arial;\"><span style=\"color: #0000ff;\">&lt;Le Monde relate : &gt;<\/span><\/span><\/a><span style=\"color: #777777; font-family: Arial;\"><br \/>\n<\/span><\/p>\n<p style=\"margin-left: 28pt;\"><span style=\"color: #c00000; font-family: Arial;\">\u00ab&nbsp;Quand Pompidou arrive \u00e0 l&rsquo;Elys\u00e9e, ce jeudi 30 mai \u00e0 14 h 30, sa grande lassitude le dispute \u00e0 la d\u00e9ception. Il n&rsquo;a toujours pas dig\u00e9r\u00e9 les \u00e9v\u00e9nements des vingt-quatre derni\u00e8res heures. [&#8230;]<br \/>\n<\/span><\/p>\n<p style=\"margin-left: 28pt;\"><span style=\"color: #c00000; font-family: Arial;\">Tenu \u00e0 l&rsquo;\u00e9cart de cette initiative prise sous le sceau du secret le plus absolu, duquel m\u00eame la garde rapproch\u00e9e du chef de l&rsquo;Etat a \u00e9t\u00e9 exclue, il estime que le G\u00e9n\u00e9ral a commis une erreur. Partir ainsi, dans un pays \u00e9tranger, pour chercher conseil aupr\u00e8s d&rsquo;un autre g\u00e9n\u00e9ral, Massu en l&rsquo;occurrence, alors que la nation traverse une p\u00e9riode d&rsquo;instabilit\u00e9 profonde, constitue, selon lui, un risque majeur, explique-t-il \u00e0 ses proches.<br \/>\n<\/span><\/p>\n<p style=\"margin-left: 28pt;\"><span style=\"color: #c00000; font-family: Arial;\">Ce diff\u00e9rend entre le chef de l&rsquo;ex\u00e9cutif et celui qu&rsquo;il a d\u00e9sign\u00e9 pour diriger sa majorit\u00e9 n&rsquo;est pas le premier. Dix jours auparavant, les deux hommes s&rsquo;\u00e9taient d\u00e9j\u00e0 montr\u00e9s en d\u00e9saccord sur la mani\u00e8re de r\u00e9pondre aux manifestations.<br \/>\n<\/span><\/p>\n<p style=\"margin-left: 28pt;\"><span style=\"color: #c00000; font-family: Arial;\">Le 19 mai, \u00e0 son retour de Roumanie, o\u00f9 il a s\u00e9journ\u00e9 du 14 au 18, de Gaulle a convoqu\u00e9 Pompidou \u00e0 l&rsquo;Elys\u00e9e, ainsi que Pierre Messmer, ministre des arm\u00e9es, Georges Gorse, ministre de l&rsquo;information, Christian Fouchet, ministre de l&rsquo;int\u00e9rieur, et Maurice Grimaud, pr\u00e9fet de police de Paris. Dans un bloc-notes qu&rsquo;il tient de mani\u00e8re quasi quotidienne, ce dernier livre un compte rendu de cette r\u00e9union. \u00ab Pompidou veut prendre la parole mais le g\u00e9n\u00e9ral la lui coupe : \u00ab\u00a0<strong>Ce qui se passe a assez dur\u00e9. Cette fois, c&rsquo;est la chienlit et l&rsquo;anarchie. \u00c7a n&rsquo;est pas tol\u00e9rable. Il faut que \u00e7a cesse. J&rsquo;ai pris mes d\u00e9cisions. On \u00e9vacue aujourd&rsquo;hui l&rsquo;Od\u00e9on et demain la Sorbonne.<\/strong>\u00a0\u00bb \u00bb Dans la salle, quelques voix tentent de faire entendre la difficult\u00e9 de l&rsquo;entreprise. Bien que le G\u00e9n\u00e9ral refuse de les prendre en compte, l&rsquo;ordre ne sera pas suivi d&rsquo;effet. Ni le pr\u00e9fet ni Pompidou ne sont partisans de la mani\u00e8re forte.<br \/>\n<\/span><\/p>\n<p style=\"margin-left: 28pt;\"><span style=\"color: #c00000; font-family: Arial;\">[&#8230;] Le premier ministre cherche une sortie pacifique. Il pense que la surench\u00e8re des \u00e9tudiants joue contre eux. Il sait que leur intransigeance inqui\u00e8te les syndicats, surtout la CGT. Dans cette p\u00e9riode d&rsquo;agitation extr\u00eame, la centrale de Georges S\u00e9guy craint d&rsquo;\u00eatre d\u00e9bord\u00e9e sur sa gauche. Elle aussi cherche une issue. Ces derniers jours, des contacts officieux, mais de plus en plus fr\u00e9quents, sont \u00e9tablis entre les responsables de la CGT et les repr\u00e9sentants de Matignon.<br \/>\n<\/span><\/p>\n<p style=\"margin-left: 28pt;\"><span style=\"color: #c00000; font-family: Arial;\">D&rsquo;un c\u00f4t\u00e9 comme de l&rsquo;autre, on pr\u00e9pare la n\u00e9gociation de Grenelle \u00e0 l&rsquo;abri des regards. C&rsquo;est dans ce contexte \u2014 entre le 18 et le 20 mai, la date exacte reste introuvable \u2014 qu&rsquo;Henri Krasucki, num\u00e9ro deux de la CGT, et Jacques Chirac se retrouvent en t\u00eate \u00e0 t\u00eate \u00e0 Paris, dans un lieu discret \u2014 le cabinet d&rsquo;un avocat communiste.<br \/>\n<\/span><\/p>\n<p style=\"margin-left: 28pt;\"><span style=\"color: #c00000; font-family: Arial;\">Quand, en 1977, Chirac livre dans Paris Match sa version de ce t\u00eate-\u00e0-t\u00eate \u2014 il parle d&rsquo;une chambre de bonne et d&rsquo;une planque clandestine \u2014, Krasucki s&rsquo;en amuse. Avec sa gouaille inimitable, le dirigeant de la CGT d\u00e9crit le jeune Chirac en \u00ab homme f\u00e9brile et angoiss\u00e9 \u00bb \u00e0 l&rsquo;id\u00e9e de se rendre dans un endroit qui lui \u00e9tait inconnu. En v\u00e9rit\u00e9, et cet \u00e9pisode rocambolesque l&rsquo;illustre, durant toute la p\u00e9riode de Mai 68, les ponts n&rsquo;ont jamais \u00e9t\u00e9 rompus entre le gouvernement et les syndicats. \u00ab Nous \u00e9tions tous en relation avec nos interlocuteurs habituels \u00bb, se souvient Edouard Balladur. [\u2026]<br \/>\n<\/span><\/p>\n<p style=\"margin-left: 28pt;\"><span style=\"color: #c00000; font-family: Arial;\">Bless\u00e9 par l&rsquo;\u00e9pisode de la veille, Pompidou le rejoint en d\u00e9but d&rsquo;apr\u00e8s-midi. Sa lettre de d\u00e9mission en poche, le voici devant le G\u00e9n\u00e9ral. \u00ab Si vous partez, je pars aussi. Vous restez ! \u00bb, r\u00e9torque celui-ci. De Gaulle n&rsquo;a pas l&rsquo;intention de sacrifier son premier ministre. A ses yeux, ce n&rsquo;est pas le moment de fl\u00e9chir. Le pays a besoin que s&rsquo;exprime l&rsquo;autorit\u00e9 de l\u2019\u00c9tat. Le peuple veut en finir avec ce d\u00e9sordre. Le message vaut pour l&rsquo;opinion, mais aussi pour ceux qui, dans l&rsquo;entourage du chef de l\u2019\u00c9tat \u2014 responsables militaires, hauts fonctionnaires et dirigeants de la droite \u2014, douteraient de sa d\u00e9termination. Il montre \u00e0 Pompidou la d\u00e9claration qu&rsquo;il s&rsquo;appr\u00eate \u00e0 faire \u00e0 la radio. \u00ab Je ne me retirerai pas. Je ne changerai pas le premier ministre\u2026 \u00bb Il appelle \u00e0 l&rsquo;ordre et annonce la convocation d&rsquo;un r\u00e9f\u00e9rendum sur la participation. [\u2026]<br \/>\n<\/span><\/p>\n<p style=\"margin-left: 28pt;\"><span style=\"color: #c00000; font-family: Arial;\">L&rsquo;id\u00e9e de ce r\u00e9f\u00e9rendum lui a \u00e9t\u00e9 sugg\u00e9r\u00e9e par Bernard Ducamin, l&rsquo;un de ses conseillers, qui travaille au secr\u00e9tariat g\u00e9n\u00e9ral de l\u2019\u00c9lys\u00e9e sous l&rsquo;autorit\u00e9 du fid\u00e8le Bernard Tricot.<br \/>\n<\/span><\/p>\n<p style=\"margin-left: 28pt;\"><span style=\"color: #c00000; font-family: Arial;\">Comme le r\u00e9v\u00e8le le livre 68, les archives du pouvoir (L&rsquo;Iconoclaste, 304 p., 25 \u20ac), d\u00e8s la mi-mai, Bernard Ducamin consid\u00e8re que l&rsquo;ex\u00e9cutif a perdu suffisamment de temps. \u00ab Le tableau de la situation est sombre, \u00e9crit-il dans une note confidentielle qu&rsquo;il remet \u00e0 Bernard Tricot. [\u2026] Toutes les conditions objectives d&rsquo;un drame sont r\u00e9unies. \u00bb Et le haut fonctionnaire de recommander un remaniement minist\u00e9riel, une reprise en main polici\u00e8re et l&rsquo;organisation d&rsquo;un r\u00e9f\u00e9rendum.<br \/>\n<\/span><\/p>\n<p style=\"margin-left: 28pt;\"><span style=\"color: #c00000; font-family: Arial;\">Mauvaise id\u00e9e, selon Pompidou. Pour lui, ce r\u00e9f\u00e9rendum est un pi\u00e8ge. Il n&rsquo;en veut pas et le dit au G\u00e9n\u00e9ral. Le premier ministre plaide pour la dissolution de l&rsquo;Assembl\u00e9e nationale et l&rsquo;organisation de nouvelles \u00e9lections l\u00e9gislatives dans la foul\u00e9e. De Gaulle accepte. Aux yeux de Pompidou, cette d\u00e9cision a le m\u00e9rite de satisfaire tout le monde : la gauche, qui r\u00e9clame la d\u00e9mission du gouvernement ; les syndicats, qui ont rejet\u00e9 ses propositions ; et les Fran\u00e7ais, qui souhaitent que tout \u00e7a se termine.&nbsp;\u00bb<br \/>\n<\/span><\/p>\n<p><span style=\"color: #777777; font-family: Arial;\">Encore une fois, Pompidou fait fl\u00e9chir De Gaulle et arrive \u00e0 le convaincre de convoquer de nouvelles \u00e9lections l\u00e9gislatives et non de faire un r\u00e9f\u00e9rendum sur la participation dont Pompidou ne veut pas. Il est en effet beaucoup plus \u00e0 droite que De Gaulle.<br \/>\n<\/span><\/p>\n<p><span style=\"color: #777777; font-family: Arial;\">L&rsquo;histoire retiendra que Pompidou par son calme ainsi que le pr\u00e9fet de police \u00ab&nbsp; <a href=\"https:\/\/fr.wikipedia.org\/wiki\/Maurice_Grimaud\"><span style=\"color: #0000ff;\">Maurice Grimaud<\/span><\/a><span style=\"color: #0000ff;\">&nbsp;<\/span>\u00bb ont \u00e9vit\u00e9 des violences inutiles et surtout des morts et des bless\u00e9s graves. De Gaulle aurait voulu une mani\u00e8re forte.<br \/>\n<\/span><\/p>\n<p><span style=\"color: #777777; font-family: Arial;\">Cette Histoire est probablement vraie en partie.<br \/>\n<\/span><\/p>\n<p><span style=\"color: #777777; font-family: Arial;\">Mais Pierre Mend\u00e9s France dans l&rsquo;\u00e9mission <a href=\"https:\/\/www.youtube.com\/results?search_query=Mend%C3%A9s+France+Mai+68+Charlety\"><span style=\"color: #0000ff;\">Apostrophes du 23 janvier 1976<\/span><\/a>, apporte de petites nuances. Le 27 mai 1968, s&rsquo;\u00e9tait tenu le fameux meeting de la gauche non communiste au stade de Charl\u00e9ty. Et Mend\u00e9s France \u00e9tait venu mais beaucoup s&rsquo;\u00e9tonn\u00e8rent qu&rsquo;il n&rsquo;y prenne pas la parole. Dans ce court extrait il explique \u00e0 la fois la d\u00e9sunion de la Gauche, raison pour laquelle il ne trouvait aucun int\u00e9r\u00eat \u00e0 parler devant la foule et il raconte autre chose&nbsp;: la raison de sa pr\u00e9sence. Il avait appris, car ses r\u00e9seaux au niveau du pouvoir \u00e9taient tr\u00e8s pr\u00e9sents, que dans l&rsquo;entourage du premier ministre on voulait employer la m\u00e9thode forte, brutale pour cette fois r\u00e9primer violemment les \u00e9tudiants et les jeunes et lui avec son prestige avait la volont\u00e9 d&rsquo;\u00e9viter cela par sa pr\u00e9sence. Il est vrai qu&rsquo;il reconnait que l&rsquo;\u00e9chec \u00e0 ce moment-l\u00e0 des n\u00e9gociations de Grenelle avait conduit les tenants de la mani\u00e8re forte \u00e0 revenir \u00e0 la mod\u00e9ration.<\/span><br \/>\n<span style=\"color: #777777; font-family: Arial;\"><img decoding=\"async\" class=\"alignright\" src=\"https:\/\/lemotdujour.fr\/wp-content\/uploads\/2018\/05\/052718_1909_Mardi29mai22.jpg\" alt=\"\" align=\"left\"><\/span><\/p>\n<p><span style=\"color: #777777; font-family: Arial;\">Les syndicats avaient donn\u00e9 leur accord \u00e0 Pompidou, mais le 27 mai Georges S\u00e9guy, secr\u00e9taire g\u00e9n\u00e9ral de la CGT n&rsquo;avait pas obtenu l&rsquo;adh\u00e9sion des ouvriers de Renault \u00e0 Boulogne Billancourt qui trouvaient les avanc\u00e9es sociales insuffisantes.<br \/>\n<\/span><\/p>\n<p><span style=\"color: #777777; font-family: Arial;\">Et cela est \u00e0 rapprocher du t\u00e9moignage d&rsquo;Edouard Balladur sur France Inter que j&rsquo;ai \u00e9voqu\u00e9 lors du mot du jour du <a href=\"https:\/\/lemotdujour.fr\/?p=4824\"><span style=\"color: #0000ff;\">22 mai 2018<\/span><\/a>\u2026.<br \/>\n<\/span><\/p>\n<p><span style=\"color: #777777; font-family: Arial;\">On apprend que Pompidou n&rsquo;\u00e9tait pas tant adepte de la m\u00e9thode douce, mais qu&rsquo;il \u00e9tait convaincu que la m\u00e9thode forte contre les \u00e9tudiants conduirait \u00e0 la mobilisation de l&rsquo;opinion publique contre le gouvernement.<br \/>\n<\/span><\/p>\n<p><span style=\"color: #777777; font-family: Arial;\">Il a donc poursuivi une strat\u00e9gie simple : attendre que le mouvement lasse l&rsquo;opinion publique et faire diverger les int\u00e9r\u00eats des ouvriers et les revendications des \u00e9tudiants. Si les accords de Grenelle avaient \u00e9t\u00e9 concluants d\u00e8s le 27 mai 1968, il n&rsquo;aurait probablement eu aucun scrupule \u00e0 essayer d&#8217;employer la mani\u00e8re forte \u00e0 Charl\u00e9ty.<br \/>\n<\/span><\/p>\n<p><span style=\"color: #777777; font-family: Arial;\">Tel ne fut pas le cas<br \/>\n<\/span><\/p>\n<p><img decoding=\"async\" class=\"alignleft\" src=\"https:\/\/lemotdujour.fr\/wp-content\/uploads\/2018\/05\/052718_1909_Mardi29mai23.jpg\" alt=\"\" align=\"left\"><span style=\"color: #777777; font-family: Arial;\">Le 30 mai le G\u00e9n\u00e9ral prend la parole \u00e0 la radio :<br \/>\n<\/span><\/p>\n<p style=\"margin-left: 28pt;\"><span style=\"color: #c00000; font-family: Arial;\">\u00ab&nbsp;J&rsquo;ai envisag\u00e9 depuis vingt-quatre heures toutes les \u00e9ventualit\u00e9s. J&rsquo;ai pris des r\u00e9solutions. Je ne me retirerai pas. Je dissous aujourd&rsquo;hui l&rsquo;Assembl\u00e9e nationale.&nbsp;\u00bb<br \/>\n<\/span><\/p>\n<p><span style=\"color: #777777; font-family: Arial;\">Imm\u00e9diatement, des centaines de milliers de gaullistes remontent les Champs-Elys\u00e9es vers la place de l\u2019\u00c9toile derri\u00e8re Michel Debr\u00e9 et Malraux.<br \/>\n<\/span><\/p>\n<p><span style=\"color: #777777; font-family: Arial;\">Le 1<sup>er<\/sup> juin, Georges S\u00e9guy \u00e9crit dans \u00ab&nbsp;l&rsquo;Humanit\u00e9&nbsp;\u00bb :<br \/>\n<\/span><\/p>\n<p style=\"margin-left: 28pt;\"><span style=\"color: #c00000; font-family: Arial;\">\u00ab&nbsp;La CGT n&rsquo;entend g\u00eaner en rien le d\u00e9roulement\u00a0\u00bb des \u00e9lections l\u00e9gislatives fix\u00e9es par de Gaulle \u00e0 la fin du mois&nbsp;\u00bb.<br \/>\n<\/span><\/p>\n<p><span style=\"color: #777777; font-family: Arial;\">Elle choisit ainsi avec le parti communiste r\u00e9solument le parti de De Gaulle contre les anarchistes trotskystes et mao\u00efstes que l&rsquo;une et l&rsquo;autre d\u00e9testent. Il est vrai aussi que la France profonde est devenu lasse des perturbations et va prouver par son vote le retour \u00e0 la normalit\u00e9 du pouvoir gaulliste et au-del\u00e0&nbsp;: il s&rsquo;agira d&rsquo;un triomphe.<br \/>\n<\/span><\/p>\n<p><span style=\"color: #777777; font-family: Arial;\"><strong>La manifestation gaulliste du 30 mai et l&rsquo;organisation des \u00e9lections l\u00e9gislatives les 23 et 30 juin sonneront la fin de Mai 68.<\/strong><br \/>\n<\/span><\/p>\n<p><span style=\"color: #777777; font-family: Arial;\">Mais Pompidou et De Gaulle ne sont plus sur la m\u00eame ligne.<br \/>\n<\/span><\/p>\n<p><span style=\"color: #777777; font-family: Arial;\">Pompidou d\u00e9missionne, De Gaulle nomme Maurice Couve de Murville.<br \/>\n<\/span><\/p>\n<p><span style=\"color: #777777; font-family: Arial;\">Georges Pompidou, lors d&rsquo;un voyage \u00e0 Rome en janvier 1969 d\u00e9clarera :<br \/>\n<\/span><\/p>\n<p style=\"margin-left: 28pt;\"><span style=\"color: #c00000; font-family: Arial;\">\u00ab Ce n&rsquo;est un myst\u00e8re pour personne que je serai candidat \u00e0 une \u00e9lection \u00e0 la pr\u00e9sidence de la R\u00e9publique quand il y en aura une, mais je ne suis pas du tout press\u00e9 \u00bb.<br \/>\n<\/span><\/p>\n<p><span style=\"color: #777777; font-family: Arial;\">Il ira ainsi toujours plus loin dans la rupture.<br \/>\n<\/span><\/p>\n<p><span style=\"color: #777777; font-family: Arial;\">En parall\u00e8le, une sordide<span style=\"color: #0000ff;\"> <a style=\"color: #0000ff;\" href=\"https:\/\/fr.wikipedia.org\/wiki\/Affaire_Markovi%C4%87\">affaire Markovic<\/a> <\/span>mettant en cause son \u00e9pouse Claude augmentera encore son ressentiment car il ne trouvera pas le soutien qu&rsquo;il aurait attendu de l&rsquo;homme qu&rsquo;il avait fid\u00e8lement servi pendant tant d&rsquo;ann\u00e9es.<br \/>\n<\/span><\/p>\n<p><span style=\"color: #777777; font-family: Arial;\">De Gaulle tombera comme un fruit mur, comme une cons\u00e9quence de mai 68 par le r\u00e9f\u00e9rendum du 27 avril 1969, moins d&rsquo;un an apr\u00e8s.<br \/>\n<\/span><\/p>\n<p><span style=\"color: #777777; font-family: Arial;\">Et Georges Pompidou fut \u00e9lu triomphalement Pr\u00e9sident de la R\u00e9publique le 15 juin 1969 avec 58,21 % des suffrages exprim\u00e9s. Il avait quitt\u00e9 son poste de premier ministre le 10 juillet 1968, moins d&rsquo;un an avant !<br \/>\n<\/span><\/p>\n<p><span style=\"color: #777777; font-family: Arial;\">Son opposant \u00e9tait un centriste, le pr\u00e9sident du S\u00e9nat Alain Poher. La Gauche ne fut m\u00eame pas repr\u00e9sent\u00e9e au second tour.<br \/>\n<\/span><\/p>\n<p><span style=\"color: #777777; font-family: Arial;\"><strong>Mai 68 fut le naufrage de la Gauche et le triomphe de Georges Pompidou contre la Gauche et finalement contre le G\u00e9n\u00e9ral de Gaulle<\/strong>. <\/span><\/p>\n<p><span style=\"color: #777777; font-family: Arial;\">Patrick Rotman avait produit un documentaire sur ce 29 mai &lt;<a href=\"https:\/\/www.youtube.com\/watch?v=zOvG8E49AAk\"><span style=\"color: #0000ff;\">De Gaulle dispara\u00eet<\/span><\/a>&gt;<br \/>\n<\/span><\/p>\n<p><span style=\"color: #800000;\">&lt;1077&gt;<\/span><\/p>\n","protected":false},"excerpt":{"rendered":"<p>\u00ab&nbsp;Mai 68&nbsp;: De Gaulle contre Georges Pompidou&nbsp;\u00bb Analyse du pouvoir politique en France en mai 68 Le mouvement de mai va prendre un tour dramatique le 29 mai 1968. Le G\u00e9n\u00e9ral de Gaulle va quitter le territoire fran\u00e7ais, sans informer<\/p>\n","protected":false},"author":1,"featured_media":0,"comment_status":"open","ping_status":"closed","sticky":false,"template":"","format":"standard","meta":{"footnotes":""},"categories":[1],"tags":[15,17,3],"class_list":["post-4867","post","type-post","status-publish","format-standard","hentry","category-motdujour","tag-france","tag-histoire","tag-politique"],"_links":{"self":[{"href":"https:\/\/lemotdujour.fr\/index.php?rest_route=\/wp\/v2\/posts\/4867","targetHints":{"allow":["GET"]}}],"collection":[{"href":"https:\/\/lemotdujour.fr\/index.php?rest_route=\/wp\/v2\/posts"}],"about":[{"href":"https:\/\/lemotdujour.fr\/index.php?rest_route=\/wp\/v2\/types\/post"}],"author":[{"embeddable":true,"href":"https:\/\/lemotdujour.fr\/index.php?rest_route=\/wp\/v2\/users\/1"}],"replies":[{"embeddable":true,"href":"https:\/\/lemotdujour.fr\/index.php?rest_route=%2Fwp%2Fv2%2Fcomments&post=4867"}],"version-history":[{"count":10,"href":"https:\/\/lemotdujour.fr\/index.php?rest_route=\/wp\/v2\/posts\/4867\/revisions"}],"predecessor-version":[{"id":13946,"href":"https:\/\/lemotdujour.fr\/index.php?rest_route=\/wp\/v2\/posts\/4867\/revisions\/13946"}],"wp:attachment":[{"href":"https:\/\/lemotdujour.fr\/index.php?rest_route=%2Fwp%2Fv2%2Fmedia&parent=4867"}],"wp:term":[{"taxonomy":"category","embeddable":true,"href":"https:\/\/lemotdujour.fr\/index.php?rest_route=%2Fwp%2Fv2%2Fcategories&post=4867"},{"taxonomy":"post_tag","embeddable":true,"href":"https:\/\/lemotdujour.fr\/index.php?rest_route=%2Fwp%2Fv2%2Ftags&post=4867"}],"curies":[{"name":"wp","href":"https:\/\/api.w.org\/{rel}","templated":true}]}}