{"id":4856,"date":"2018-05-28T03:53:00","date_gmt":"2018-05-28T01:53:00","guid":{"rendered":"http:\/\/lemotdujour.fr\/?p=4856"},"modified":"2022-09-07T11:20:37","modified_gmt":"2022-09-07T09:20:37","slug":"lundi-28-mai-2018","status":"publish","type":"post","link":"https:\/\/lemotdujour.fr\/?p=4856","title":{"rendered":"Lundi 28 mai 2018"},"content":{"rendered":"<div class=\"mdjTexte\">Ceux qui croient que \u00e7a se pense<br \/>\n\u00c7a se hurle \u00e7a se souffre<br \/>\nC\u2019est la mort et c\u2019est le gouffre&nbsp;\u00bb<\/div>\n<div class=\"mdjAuteur\">Anne Sylvestre, \u00ab&nbsp;Non non tu n\u2019as pas de nom&nbsp;\u00bb<\/div>\n<p><a href=\"https:\/\/www.lexpress.fr\/actualite\/monde\/l-irlande-dit-oui-a-la-legalisation-de-l-avortement_2011750.html\"><span style=\"font-family: Arial;\"><span style=\"color: #0000ff;\">&lt;66,4% des \u00e9lecteurs irlandais ont vot\u00e9 en faveur&gt;<\/span><\/span><\/a><span style=\"color: #777777; font-family: Arial;\"> de la l\u00e9galisation de l&rsquo;avortement dans ce pays o\u00f9 la tradition catholique a si longtemps r\u00e9sist\u00e9 \u00e0 cette \u00e9volution soci\u00e9tale. Comme le rapporte <a href=\"https:\/\/www.francetvinfo.fr\/societe\/droits-des-femmes\/avortement-qu-en-est-il-de-son-autorisation-dans-le-monde_2771599.html\"><span style=\"color: #0000ff;\">&lt;France Info&gt;<\/span>&nbsp;<\/a>: \u00ab&nbsp;<strong>L&rsquo;interdiction d&rsquo;avorter est d\u00e9sormais une exception en Occident<\/strong>. Il reste encore la tr\u00e8s catholique \u00eele de Malte. L&rsquo;avortement y est totalement interdit. Les femmes qui y auraient recours et leurs m\u00e9decins risquent trois mois de prison. \u00c0 Chypre et en Pologne, l&rsquo;avortement est autoris\u00e9, mais seulement en cas de viol, de malformation du foetus ou alors de risque pour la sant\u00e9 de la m\u00e8re et de l&rsquo;enfant&nbsp;\u00bb<br \/>\n<\/span><\/p>\n<p><span style=\"color: #777777; font-family: Arial;\">Cette m\u00eame \u00e9mission pr\u00e9cisait que dans le Monde, notamment sous le poids des religions, la situation n&rsquo;est pas la m\u00eame. Environ 60 % des femmes dans le monde n&rsquo;ont toujours pas acc\u00e8s librement \u00e0 ce droit.<br \/>\n<\/span><\/p>\n<p><span style=\"color: #777777; font-family: Arial;\">Il semblerait que le premier \u00c9tat qui ait l\u00e9galis\u00e9 l&rsquo;avortement fut l&rsquo;Union sovi\u00e9tique en 1920 sous l&rsquo;impulsion de L\u00e9nine. Mais en 1936 Staline l&rsquo;interdit \u00e0 nouveau et la l\u00e9galisation est r\u00e9tablie en 1955, 2 ans apr\u00e8s la mort de Staline. Et c&rsquo;est, quelques jours avant mai 68, le 27 avril 1968 que l&rsquo;Angleterre autorise l&rsquo;interruption volontaire de grossesse.<br \/>\n<\/span><\/p>\n<p><span style=\"color: #777777; font-family: Arial;\">Pour la France, nous nous en souvenons, qu&rsquo;il a fallu attendre 1975 et la Loi Veil pour rendre possible l&rsquo;avortement m\u00e9dicalis\u00e9 et non r\u00e9prim\u00e9.<br \/>\n<\/span><\/p>\n<p><span style=\"color: #777777; font-family: Arial;\">Mais lors du mot du jour du <a href=\"https:\/\/lemotdujour.fr\/?p=2978\"><span style=\"color: #0000ff;\">5 septembre 2017<\/span><\/a> qui rendait hommage \u00e0 Simone Veil, j&rsquo;avais rappel\u00e9 qu&rsquo;elle avait au d\u00e9but de son intervention devant l&rsquo;Assembl\u00e9e Nationale eut ces propos&nbsp;:<br \/>\n<\/span><\/p>\n<p style=\"margin-left: 28pt;\"><span style=\"color: #c00000; font-family: Arial;\">\u00ab Je voudrais tout d&rsquo;abord vous faire partager une conviction de femme. Je m&rsquo;excuse de le faire devant cette assembl\u00e9e presque exclusivement compos\u00e9e d&rsquo;hommes. Aucune femme ne recourt de gaiet\u00e9 de c\u0153ur \u00e0 l&rsquo;avortement. C&rsquo;est toujours un drame, cela restera toujours un drame&nbsp;\u00bb.<br \/>\n<\/span><\/p>\n<p><span style=\"color: #777777; font-family: Arial;\">Deux avant 1975, Anne Sylvestre avait \u00e9crit, avec son talent et son humaniste, une chanson bouleversante \u00e9voquant ce drame, cette d\u00e9chirure&nbsp;: \u00ab&nbsp;<strong>Non non tu n&rsquo;as pas de nom<\/strong>&nbsp;\u00bb<br \/>\n<\/span><\/p>\n<p><span style=\"color: #777777; font-family: Arial;\">Anne Sylvestre est connu par quasi tous les parents et les enfants gr\u00e2ce \u00e0 ses fabulettes pour enfants. Je crois qu&rsquo;\u00e0 la maison nous avons tous les CD de ces chansons enfantines.<br \/>\n<\/span><\/p>\n<p><span style=\"color: #777777; font-family: Arial;\">Mais ce n&rsquo;\u00e9tait qu&rsquo;une deuxi\u00e8me partie de sa vie artistique, la premi\u00e8re et celle pour laquelle elle se produisait en public concernait la chanson \u00e0 texte, chansons pour adultes, chansons engag\u00e9es.<br \/>\n<\/span><\/p>\n<p><span style=\"color: #777777; font-family: Arial;\">France Inter lui a consacr\u00e9 une \u00e9mission parce que <a href=\"https:\/\/www.franceinter.fr\/emissions\/une-semaine-en-france\/une-semaine-en-france-16-mars-2018\"><span style=\"font-family: Arial;\"><span style=\"color: #0000ff;\">&lt;Anne Sylvestre vient de f\u00eater ses 60 ans de carri\u00e8re de chanteuse \u00e0 texte&gt;<\/span><\/span><\/a><span style=\"color: #777777; font-family: Arial;\"><br \/>\n<\/span><\/span><\/p>\n<p><span style=\"color: #777777; font-family: Arial;\">Elle est n\u00e9e le 20 juin 1934 \u00e0 Lyon et a donc aujourd&rsquo;hui 83 ans.<br \/>\n<\/span><\/p>\n<p><span style=\"color: #777777; font-family: Arial;\">Un de ses petit-fils<a href=\"https:\/\/www.lemonde.fr\/attaques-a-paris\/visuel\/2016\/02\/11\/baptiste-chevreau-24-ans-enmemoire_4863193_4809495.html\">,<span style=\"color: #0000ff;\"> Baptiste Chevreau<\/span><\/a> 24 ans est tomb\u00e9 sous les balles des terroristes au Bataclan.<br \/>\n<\/span><\/p>\n<p><span style=\"color: #777777; font-family: Arial;\">C&rsquo;est donc en 1973 qu&rsquo;elle a \u00e9crit, compos\u00e9 et chant\u00e9 cette chanson dont elle disait que ce n&rsquo;\u00e9tait pas une chanson sur l&rsquo;avortement, mais une chanson sur l&rsquo;enfant ou le non-enfant.<br \/>\n<\/span><\/p>\n<p><span style=\"color: #777777; font-family: Arial;\">Quand on veut en citer un extrait on privil\u00e9gie souvent&nbsp;:<br \/>\n<\/span><\/p>\n<p style=\"margin-left: 28pt;\"><span style=\"color: #c00000; font-family: Arial;\">\u00ab&nbsp;Oh ce n&rsquo;est pas une f\u00eate<br \/>\nC&rsquo;est plut\u00f4t une d\u00e9faite<br \/>\nMais c&rsquo;est la mienne et j&rsquo;estime<br \/>\nQu&rsquo;il y a bien deux victimes&nbsp;\u00bb<br \/>\n<\/span><\/p>\n<p><span style=\"color: #777777; font-family: Arial;\">J&rsquo;en ai choisi un autre comme exergue de ce mot du jour qui s&rsquo;intercale entre ceux consacr\u00e9s \u00e0 Mai 68, celui consacr\u00e9 aux m\u00e8res et qui c\u00e9l\u00e8bre \u00e0 la fois cette victoire de la raison en Irlande et les 60 ans de carri\u00e8re d&rsquo;une artiste exceptionnelle.<br \/>\n<\/span><\/p>\n<p><span style=\"color: #777777; font-family: Arial;\">Cette chanson se trouve sur l&rsquo;album \u00ab&nbsp;<strong>Une sorci\u00e8re comme les autres<\/strong>&nbsp;\u00bb.<br \/>\n<\/span><\/p>\n<p><span style=\"color: #777777; font-family: Arial;\">Voici le texte int\u00e9gral de cette chanson humaniste et qui parle au c\u0153ur et aux sentiments.<br \/>\n<\/span><\/p>\n<p style=\"margin-left: 28pt;\"><img decoding=\"async\" class=\"alignright\" src=\"https:\/\/lemotdujour.fr\/wp-content\/uploads\/2018\/05\/052618_2152_Lundi28mai21.jpg\" alt=\"\" align=\"left\"><span style=\"color: #c00000; font-family: Arial;\">Non non tu n&rsquo;as pas de nom<br \/>\nNon tu n&rsquo;as pas d&rsquo;existence<br \/>\nTu n&rsquo;es que ce qu&rsquo;on en pense<br \/>\nNon non tu n&rsquo;as pas de nom<br \/>\n<\/span><\/p>\n<p style=\"margin-left: 28pt;\"><span style=\"color: #c00000; font-family: Arial;\">Oh non tu n&rsquo;es pas un \u00eatre<br \/>\nTu le deviendras peut-\u00eatre<br \/>\nSi je te donnais asile<br \/>\nSi c&rsquo;\u00e9tait moins difficile<br \/>\nS&rsquo;il me suffisait d&rsquo;attendre<br \/>\nDe voir mon ventre se tendre<br \/>\nSi ce n&rsquo;\u00e9tait pas un pi\u00e8ge<br \/>\nOu quel douteux sortil\u00e8ge<br \/>\n<\/span><\/p>\n<p style=\"margin-left: 28pt;\"><span style=\"color: #c00000; font-family: Arial;\">Non non tu n&rsquo;as pas de nom&#8230;<br \/>\n<\/span><\/p>\n<p style=\"margin-left: 28pt;\"><span style=\"color: #c00000; font-family: Arial;\">Savent-ils que \u00e7a transforme<br \/>\nL&rsquo;esprit autant que la forme<br \/>\nQu&rsquo;on te porte dans la t\u00eate<br \/>\nQue jamais \u00e7a ne s&rsquo;arr\u00eate<br \/>\nTu ne seras pas mon centre<br \/>\nQue savent-ils de mon ventre<br \/>\nPensent-ils qu&rsquo;on en dispose<br \/>\nQuand je suis tant d&rsquo;autres choses<br \/>\n<\/span><\/p>\n<p style=\"margin-left: 28pt;\"><span style=\"color: #c00000; font-family: Arial;\">Non non tu n&rsquo;as pas de nom&#8230;<br \/>\n<\/span><\/p>\n<p style=\"margin-left: 28pt;\"><span style=\"color: #c00000; font-family: Arial;\">D\u00e9j\u00e0 tu me mobilises<br \/>\nJe sens que je m&rsquo;amenuise<br \/>\nEt d&rsquo;instinct je te r\u00e9siste<br \/>\nDepuis si longtemps j&rsquo;existe<br \/>\nDepuis si longtemps je t&rsquo;aime<br \/>\nMais je te veux sans probl\u00e8me<br \/>\nAujourd&rsquo;hui je te refuse<br \/>\nQui sont-ils ceux qui m&rsquo;accusent<br \/>\n<\/span><\/p>\n<p style=\"margin-left: 28pt;\"><span style=\"color: #c00000; font-family: Arial;\">Non non tu n&rsquo;as pas de nom&#8230;<br \/>\n<\/span><\/p>\n<p style=\"margin-left: 28pt;\"><span style=\"color: #c00000; font-family: Arial;\">A supposer que tu vives<br \/>\nTu n&rsquo;es rien sans ta captive<br \/>\nMais as-tu plus d&rsquo;importance<br \/>\nPlus de poids qu&rsquo;une semence<br \/>\nOh ce n&rsquo;est pas une f\u00eate<br \/>\nC&rsquo;est plut\u00f4t une d\u00e9faite<br \/>\nMais c&rsquo;est la mienne et j&rsquo;estime<br \/>\nQu&rsquo;il y a bien deux victimes<br \/>\n<\/span><\/p>\n<p style=\"margin-left: 28pt;\"><span style=\"color: #c00000; font-family: Arial;\">Non non tu n&rsquo;as pas de nom&#8230;<br \/>\n<\/span><\/p>\n<p style=\"margin-left: 28pt;\"><span style=\"color: #c00000; font-family: Arial;\">Ils en ont bien de la chance<br \/>\nCeux qui croient que \u00e7a se pense<br \/>\n\u00c7a se hurle \u00e7a se souffre<br \/>\nC&rsquo;est la mort et c&rsquo;est le gouffre<br \/>\nC&rsquo;est la solitude blanche<br \/>\nC&rsquo;est la chute l&rsquo;avalanche<br \/>\nC&rsquo;est le d\u00e9sert qui s&rsquo;\u00e9gr\u00e8ne<br \/>\nLarme \u00e0 larme peine \u00e0 peine<br \/>\n<\/span><\/p>\n<p style=\"margin-left: 28pt;\"><span style=\"color: #c00000; font-family: Arial;\">Non non tu n&rsquo;as pas de nom&#8230;<br \/>\n<\/span><\/p>\n<p style=\"margin-left: 28pt;\"><span style=\"color: #c00000; font-family: Arial;\">Quiconque se mettra entre<br \/>\nMon existence et mon ventre<br \/>\nN&rsquo;aura que m\u00e9pris ou haine<br \/>\nMe mettra au rang des chiennes<br \/>\nC&rsquo;est une bataille lasse<br \/>\nQui me laissera des traces<br \/>\nMais de traces je suis faite<br \/>\nEt de coups et de d\u00e9faites<br \/>\n<\/span><\/p>\n<p style=\"margin-left: 28pt;\"><span style=\"color: #c00000; font-family: Arial;\">Non non tu n&rsquo;as pas de nom<br \/>\nNon tu n&rsquo;as pas d&rsquo;existence<br \/>\nTu n&rsquo;es que ce qu&rsquo;on en pense<br \/>\nNon non tu n&rsquo;as pas de nom<br \/>\n<\/span><\/p>\n<p><span style=\"color: #777777; font-family: Arial;\"><strong>Paroles et musique: Anne Sylvestre, 1973<br \/>\n<\/strong><\/span><\/p>\n<p><span style=\"color: #777777; font-family: Arial;\">En 1998 \u00e0 l&rsquo;Olympia, Anne Sylvestre \u00e0 68 ans, a redonn\u00e9 une nouvelle interpr\u00e9tation \u00e0 cette chanson que vous pourrez \u00e9couter et voir derri\u00e8re ce <a href=\"https:\/\/www.youtube.com\/watch?v=RJ78J2SWDJY\"><span style=\"color: #0000ff;\">&lt;Lien&gt;<\/span><\/a>.<br \/>\n<\/span><\/p>\n<p><span style=\"color: #777777; font-family: Arial;\">Sur ce m\u00eame album \u00ab&nbsp;<strong>Une sorci\u00e8re comme les autres<\/strong>&nbsp;\u00bb, il y a aussi cette tr\u00e8s belle chanson&nbsp;: \u00ab&nbsp;<span style=\"color: #0000ff;\"><a style=\"color: #0000ff;\" href=\"https:\/\/www.youtube.com\/watch?v=0wwB-qCEtXI\">Un mur pour pleurer&nbsp;<\/a><\/span>\u00bb.<br \/>\n<\/span><\/p>\n<p><span style=\"color: #800000; font-family: Arial;\">&lt;1076&gt;<\/span><\/p>\n","protected":false},"excerpt":{"rendered":"<p>Ceux qui croient que \u00e7a se pense \u00c7a se hurle \u00e7a se souffre C\u2019est la mort et c\u2019est le gouffre&nbsp;\u00bb Anne Sylvestre, \u00ab&nbsp;Non non tu n\u2019as pas de nom&nbsp;\u00bb &lt;66,4% des \u00e9lecteurs irlandais ont vot\u00e9 en faveur&gt; de la l\u00e9galisation<\/p>\n","protected":false},"author":1,"featured_media":0,"comment_status":"open","ping_status":"closed","sticky":false,"template":"","format":"standard","meta":{"footnotes":""},"categories":[1],"tags":[46,36,29],"class_list":["post-4856","post","type-post","status-publish","format-standard","hentry","category-motdujour","tag-art","tag-feminisme","tag-hommage"],"_links":{"self":[{"href":"https:\/\/lemotdujour.fr\/index.php?rest_route=\/wp\/v2\/posts\/4856","targetHints":{"allow":["GET"]}}],"collection":[{"href":"https:\/\/lemotdujour.fr\/index.php?rest_route=\/wp\/v2\/posts"}],"about":[{"href":"https:\/\/lemotdujour.fr\/index.php?rest_route=\/wp\/v2\/types\/post"}],"author":[{"embeddable":true,"href":"https:\/\/lemotdujour.fr\/index.php?rest_route=\/wp\/v2\/users\/1"}],"replies":[{"embeddable":true,"href":"https:\/\/lemotdujour.fr\/index.php?rest_route=%2Fwp%2Fv2%2Fcomments&post=4856"}],"version-history":[{"count":8,"href":"https:\/\/lemotdujour.fr\/index.php?rest_route=\/wp\/v2\/posts\/4856\/revisions"}],"predecessor-version":[{"id":13945,"href":"https:\/\/lemotdujour.fr\/index.php?rest_route=\/wp\/v2\/posts\/4856\/revisions\/13945"}],"wp:attachment":[{"href":"https:\/\/lemotdujour.fr\/index.php?rest_route=%2Fwp%2Fv2%2Fmedia&parent=4856"}],"wp:term":[{"taxonomy":"category","embeddable":true,"href":"https:\/\/lemotdujour.fr\/index.php?rest_route=%2Fwp%2Fv2%2Fcategories&post=4856"},{"taxonomy":"post_tag","embeddable":true,"href":"https:\/\/lemotdujour.fr\/index.php?rest_route=%2Fwp%2Fv2%2Ftags&post=4856"}],"curies":[{"name":"wp","href":"https:\/\/api.w.org\/{rel}","templated":true}]}}