{"id":4824,"date":"2018-05-22T00:15:17","date_gmt":"2018-05-21T22:15:17","guid":{"rendered":"http:\/\/lemotdujour.fr\/?p=4824"},"modified":"2022-09-07T11:14:29","modified_gmt":"2022-09-07T09:14:29","slug":"mardi-22-mai-2018","status":"publish","type":"post","link":"https:\/\/lemotdujour.fr\/?p=4824","title":{"rendered":"Mardi 22 mai 2018"},"content":{"rendered":"<div class=\"mdjTexte\">\t\u00ab&nbsp;L\u2019imagination au pouvoir&nbsp;\u00bb<\/div>\n<div class=\"mdjAuteur\">\tJean-Paul Sartre<\/div>\n<p><span style=\"color: #777777; font-family: Arial;\">Le 20 mai 1968, Le Nouvel Observateur sort un num\u00e9ro sp\u00e9cial consacr\u00e9 au d\u00e9bat ouvert par les \u00e9v\u00e9nements qui secouent le pays.<br \/>\n<\/span><\/p>\n<p><span style=\"color: #777777; font-family: Arial;\">Et il demande \u00e0 Jean-Paul Sartre d&rsquo;interviewer Daniel Cohn-Bendit. L&rsquo;Obs a republi\u00e9 une partie de cette interview derri\u00e8re <a href=\"https:\/\/www.nouvelobs.com\/politique\/le-congres-du-ps\/20081023.OBS7477\/l-imagination-au-pouvoir-une-interview-de-daniel-cohn-bendit-par-jean-paul-sartre-1968.html\"><span style=\"color: #0000ff;\">&lt;ce lien&gt;<\/span><\/a>. Vous pouvez avoir acc\u00e8s \u00e0 l&rsquo;int\u00e9gralit\u00e9 de l&rsquo;entretien <span style=\"color: #0000ff;\"><a style=\"color: #0000ff;\" href=\"https:\/\/www.nouvelobs.com\/societe\/mai-68\/20180320.OBS3859\/mai-68-la-breche-n-est-pas-refermee-selon-edgar-morin.html\">si vous \u00eates abonn\u00e9s<\/a><\/span>.<br \/>\n<\/span><\/p>\n<p><img decoding=\"async\" class=\"alignleft\" src=\"https:\/\/lemotdujour.fr\/wp-content\/uploads\/2018\/05\/052118_2151_Mardi22mai21.jpg\" alt=\"\" align=\"left\"><span style=\"color: #777777; font-family: Arial;\">Il n&rsquo;est pas \u00e9vident de se rendre compte ce que repr\u00e9sentait Jean-Paul Sartre \u00e0 ce moment-l\u00e0. Aujourd&rsquo;hui on d\u00e9bat des confrontations <\/span><span style=\"font-family: Arial;\"><a href=\"https:\/\/www.lopinion.fr\/edition\/economie\/free-xavier-niel-l-homme-qui-a-perdu-3-milliards-150220\"><span style=\"color: #0000ff;\">entre Xavier Niel et Martin Bouygues<\/span><\/a><\/span><span style=\"font-family: Arial; color: #0000ff;\">.<\/span><span style=\"color: #777777; font-family: Arial;\"><br \/>\n<\/span><\/p>\n<p><span style=\"color: #777777; font-family: Arial;\">A cette \u00e9poque il existait aussi des entrepreneurs fran\u00e7ais dont les fils sont toujours actifs, preuve que l&rsquo;aristocratie du capital fonctionne bien, ils avaient pour nom Lagard\u00e8re mais Jean-Luc non Arnaud, Bouygues mais Francis pas Martin ou encore Dassault mais Marcel pas Serge. Mais on les entendait peu, ils savaient \u00eatre discret.<br \/>\n<\/span><\/p>\n<p><span style=\"color: #777777; font-family: Arial;\">En revanche on parlait de la rivalit\u00e9 entre Jean-Paul Sartre et Raymond Aron.<br \/>\n<\/span><\/p>\n<p><span style=\"color: #777777; font-family: Arial;\">Jean-Paul Sartre avait beaucoup de disciples, beaucoup plus que Raymond Aron et il \u00e9tait une sorte de \u00ab&nbsp;gourou incontournable&nbsp;\u00bb. A l&rsquo;\u00e9poque, certains pr\u00e9f\u00e9raient avoir tort avec Sartre que raison avec Aron.<br \/>\n<\/span><\/p>\n<p><span style=\"color: #777777; font-family: Arial;\">Il semble que c&rsquo;\u00e9tait justement le patron du Nouvel Obs, Jean Daniel, \u00e0 qui on doit cette phrase qu&rsquo;on cite aujourd&rsquo;hui comme le comble de la stupidit\u00e9<a href=\"https:\/\/fr.wikipedia.org\/wiki\/Discussion:Raymond_Aron\">. <span style=\"color: #0000ff;\">C&rsquo;est Claude Roy qui dans un article<\/span><\/a> de 1968 a \u00e9crit&nbsp;: \u00ab&nbsp;Jean Daniel me disait&nbsp;: <strong>J&rsquo;ai toujours pr\u00e9f\u00e9r\u00e9 avoir tort avec Sartre plut\u00f4t que raison avec Aron&nbsp;\u00bb<\/strong><br \/>\n<\/span><\/p>\n<p><span style=\"color: #777777; font-family: Arial;\">Sartre \u00e9tait un monument.<br \/>\n<\/span><\/p>\n<p><span style=\"color: #777777; font-family: Arial;\">Il semblerait selon diverses <span style=\"color: #0000ff;\"><a style=\"color: #0000ff;\" href=\"http:\/\/lacritiqueparisienne.fr\/59\/59voltaire.pdf\">sources<\/a> <\/span>ou <span style=\"color: #0000ff;\"><a style=\"color: #0000ff;\" href=\"https:\/\/www.ladepeche.fr\/article\/2000\/01\/23\/75220-sartre-sort-du-purgatoire.html\">&lt;ici&gt;<\/a><\/span> que le G\u00e9n\u00e9ral de Gaulle aurait r\u00e9pondu \u00e0 certains de ses collaborateurs qui proposaient d&rsquo;arr\u00eater Sartre en raison de son action en 1968&nbsp;: \u00ab&nbsp;On n&rsquo;arr\u00eate pas Voltaire&nbsp;\u00bb. Je ne suis pas sur que cette phrase ait bien \u00e9t\u00e9 prononc\u00e9e, mais le fait qu&rsquo;on la pense plausible montre la stature qu&rsquo;avait ce philosophe \u00e0 ce moment.<br \/>\n<\/span><\/p>\n<p><span style=\"color: #777777; font-family: Arial;\">Et le nouvel observateur trouve donc pertinent de donner l&rsquo;occasion \u00e0 Cohn-Bendit de s&rsquo;exprimer face \u00e0 lui.<br \/>\n<\/span><\/p>\n<p><span style=\"color: #777777; font-family: Arial;\">La question de Jean-Paul Sartre est simple&nbsp;: les gens comprennent que le mouvement des enrag\u00e9s du 22 mars veulent tout casser mais s&rsquo;interrogent sur ce qu&rsquo;ils voudraient construire apr\u00e8s d\u00e9molition.<br \/>\n<\/span><\/p>\n<p><span style=\"color: #777777; font-family: Arial;\">Et Dany le Rouge de r\u00e9pondre&nbsp;:<br \/>\n<\/span><\/p>\n<p style=\"margin-left: 28pt;\"><span style=\"color: #c00000; font-family: Arial;\">\u00ab&nbsp; Evidemment! Tout le monde serait rassur\u00e9, Pompidou le premier, si nous fondions un parti en annon\u00e7ant: \u00abTous ces gens-l\u00e0 sont maintenant \u00e0 nous. Voil\u00e0 nos objectifs et voici comment nous comptons les atteindre&#8230;\u00bb. On saurait \u00e0 qui l&rsquo;on a affaire et on pourrait trouver la parade.<br \/>\n<\/span><\/p>\n<p><span style=\"color: #777777; font-family: Arial;\">La pens\u00e9e est \u00e9labor\u00e9e on veut bien mettre le bordel mais au-del\u00e0 il faut rester dans l&rsquo;ambig\u00fcit\u00e9. On en revient au mot du Cardinal de Retz que Fran\u00e7ois Mitterrand aimait r\u00e9p\u00e9ter&nbsp;: \u00ab&nbsp;<strong>Nul ne sort de l&rsquo;ambig\u00fcit\u00e9 qu&rsquo;\u00e0 ses d\u00e9pens<\/strong>&nbsp;\u00bb.<br \/>\n<\/span><\/p>\n<p style=\"margin-left: 28pt;\"><span style=\"color: #c00000; font-family: Arial;\">\u00ab&nbsp;La force de notre mouvement, c&rsquo;est justement qu&rsquo;il s&rsquo;appuie sur une spontan\u00e9it\u00e9 \u00abincontr\u00f4lable\u00bb, qu&rsquo;il donne l&rsquo;\u00e9lan sans chercher \u00e0 canaliser, \u00e0 utiliser \u00e0 son profit l&rsquo;action qu&rsquo;il a d\u00e9clench\u00e9e. Aujourd&rsquo;hui, pour nous, il y a \u00e9videmment deux solutions. La premi\u00e8re consiste \u00e0 r\u00e9unir cinq personnes ayant une bonne formation politique et \u00e0 leur demander de r\u00e9diger un programme, de formuler des revendications imm\u00e9diates qui para\u00eetront solides et de dire: \u00abVoici la position du mouvement \u00e9tudiant, faites-en ce que vous voulez!\u00bb C&rsquo;est la mauvaise. La seconde consiste \u00e0 essayer de faire comprendre la situation non pas \u00e0 la totalit\u00e9 des \u00e9tudiants ni m\u00eame \u00e0 la totalit\u00e9 des manifestants, mais \u00e0 un grand nombre d&rsquo;entre eux. Pour cela, il faut \u00e9viter de cr\u00e9er tout de suite une organisation, de d\u00e9finir un programme, qui seraient in\u00e9vitablement paralysants. La seule chance du mouvement, c&rsquo;est justement ce d\u00e9sordre qui permet aux gens de parler librement et qui peut d\u00e9boucher sur une certaine forme d&rsquo;auto-organisation. Par exemple, il faut maintenant renoncer aux meetings \u00e0 grand spectacle et arriver \u00e0 former des groupes de travail et d&rsquo;action. C&rsquo;est ce que nous essayons de faire \u00e0 Nanterre.<br \/>\n<\/span><\/p>\n<p style=\"margin-left: 28pt;\"><span style=\"color: #c00000; font-family: Arial;\">Mais la parole ayant \u00e9t\u00e9 tout \u00e0 coup lib\u00e9r\u00e9e \u00e0 Paris, il faut d&rsquo;abord que les gens s&rsquo;expriment. Ils disent des choses confuses, vagues, souvent inint\u00e9ressantes parce qu&rsquo;on les a dites cent fois, mais \u00e7a leur permet, apr\u00e8s avoir dit tout cela, de se poser la question: \u00abEt alors?\u00bb C&rsquo;est cela qui est important, que le plus grand nombre possible d&rsquo;\u00e9tudiants se disent: \u00abEt alors?\u00bb Ensuite seulement, on pourra parler de programme et de structuration. Nous poser d\u00e8s aujourd&rsquo;hui la question: \u00abQu&rsquo;allez-vous faire pour les examens?\u00bb, c&rsquo;est vouloir noyer le poisson, saboter le mouvement, interrompre la dynamique. Les examens auront lieu et nous ferons des propositions, mais qu&rsquo;on nous laisse un peu de temps. Il faut d&rsquo;abord parler, r\u00e9fl\u00e9chir, chercher des formules nouvelles. Nous les trouverons. Pas aujourd&rsquo;hui. (&#8230;)&nbsp;\u00bb<br \/>\n<\/span><\/p>\n<p><span style=\"color: #777777; font-family: Arial;\">Il y a donc lib\u00e9ration de la parole, mais et c&rsquo;est Raymond Aron qui a trouv\u00e9 cette formule&nbsp;: \u00ab&nbsp;<strong>Une r\u00e9volution introuvable<\/strong>&nbsp;\u00bb<br \/>\n<\/span><\/p>\n<p><span style=\"color: #777777; font-family: Arial;\">Et le grand philosophe de conclure par une autre formule qui symbolisera Mai 68&nbsp;:&nbsp;\u00ab&nbsp;<strong>L&rsquo;imagination au pouvoir<\/strong>&nbsp;\u00bb&nbsp;et il donnera l&rsquo;injonction suivante aux \u00e9tudiants&nbsp;: \u00ab&nbsp;<strong>Ne renoncez pas<\/strong>&nbsp;\u00bb<br \/>\n<\/span><\/p>\n<p style=\"margin-left: 28pt;\"><span style=\"color: #c00000; font-family: Arial;\">\u00ab&nbsp; Ce qu&rsquo;il y a d&rsquo;int\u00e9ressant dans votre action, c&rsquo;est qu&rsquo;elle met l&rsquo;imagination au pouvoir. Vous avez une imagination limit\u00e9e comme tout le monde, mais vous avez beaucoup plus d&rsquo;id\u00e9es que vos a\u00een\u00e9s. Nous, nous avons \u00e9t\u00e9 faits de telle sorte que nous avons une id\u00e9e pr\u00e9cise de ce qui est possible et de ce qui ne l&rsquo;est pas. [\u2026] Vous, vous avez une imagination beaucoup plus riche, et les formules qu&rsquo;on lit sur les murs de la Sorbonne le prouvent. Quelque chose est sorti de vous, qui \u00e9tonne, qui bouscule, qui renie tout ce qui a fait de notre soci\u00e9t\u00e9 ce qu&rsquo;elle est aujourd&rsquo;hui. C&rsquo;est ce que j&rsquo;appellerai l&rsquo;extension du champ des possibles. N&rsquo;y renoncez pas.&nbsp;\u00bb<br \/>\n<\/span><\/p>\n<p><img decoding=\"async\" class=\"alignright\" src=\"https:\/\/lemotdujour.fr\/wp-content\/uploads\/2018\/05\/052118_2151_Mardi22mai22.jpg\" alt=\"\" align=\"left\"><span style=\"color: #777777; font-family: Arial;\">Aujourd&rsquo;hui Romain Goupil (lors de l&rsquo;entretien avec Daniel Cohn Bendit \u00e0 France Inter d\u00e9j\u00e0 cit\u00e9) pr\u00e9tend que d\u00e8s cette \u00e9poque Cohn-Bendit ne croyait pas \u00e0 la r\u00e9volution et appelait ce mouvement \u00ab&nbsp;<strong>une r\u00e9volte culturelle<\/strong>&nbsp;\u00bb.<br \/>\n<\/span><\/p>\n<p><span style=\"color: #777777; font-family: Arial;\">C&rsquo;est-\u00e0-dire non pas un changement de r\u00e9gime politique mais une nouvelle culture qui \u00e9tait justement symbolis\u00e9 par la lib\u00e9ration de la parole et l&rsquo;inventivit\u00e9 des slogans dont on se souvient encore aujourd&rsquo;hui.<br \/>\n<\/span><\/p>\n<p><a href=\"http:\/\/dicocitations.lemonde.fr\/auteur\/4790\/Slogans_de_mai_68.php\"><span style=\"font-family: Arial;\"><span style=\"color: #0000ff;\">&lt;Sur le site du Monde, des journalistes ont essay\u00e9 d&rsquo;en faire la liste&gt;<\/span><\/span><\/a><span style=\"color: #777777; font-family: Arial;\"><br \/>\n<\/span><\/p>\n<p><span style=\"color: #777777; font-family: Arial;\">En tout cas, ce positionnement du mouvement \u00e9tudiant, en dehors de l&rsquo;opposition du Parti Communiste qui \u00e9tait tr\u00e8s puissant encore et qui consid\u00e9rait les trotskystes, mao\u00efstes et anarchistes qui menaient la r\u00e9volte comme des ennemis pires que le G\u00e9n\u00e9ral de Gaulle ou Pompidou, ne pouvait pas non plus rencontrer l&rsquo;adh\u00e9sion du mouvement ouvrier en gr\u00e8ve. Les ouvriers souhaitaient des \u00e9volutions concr\u00e8tes concernant leurs salaires et leurs conditions de travail. Ce qu&rsquo;ils vont obtenir, en partie, \u00e0 l&rsquo;issue des n\u00e9gociations de Grenelle.<br \/>\n<\/span><\/p>\n<p><span style=\"color: #777777; font-family: Arial;\">Edouard Balladur qui \u00e9tait un des principaux conseillers de Pompidou, le premier ministre, a racont\u00e9 dans un livre <a href=\"http:\/\/gallica.bnf.fr\/ark:\/12148\/bpt6k4800084d\/f18.image.texteImage\"><span style=\"color: #0000ff;\">&lt;L&rsquo;arbre de mai&gt;<\/span><\/a> et l&rsquo;a r\u00e9p\u00e9t\u00e9 lorsqu&rsquo;il fut interrog\u00e9 par France Culture <span style=\"color: #0000ff;\"><a style=\"color: #0000ff;\" href=\"https:\/\/www.franceculture.fr\/emissions\/linvite-des-matins-2eme-partie\/le-mai-68-dedouard-balladur\">&lt;Le 4 mai 2018&gt;<\/a><\/span>&nbsp;: <strong>Pompidou n&rsquo;avait qu&rsquo;une strat\u00e9gie pour obtenir la fin du mouvement et r\u00e9tablir l&rsquo;ordre au profit de sa majorit\u00e9&nbsp;: diviser et s\u00e9parer le mouvement \u00e9tudiant du mouvement ouvrier.<br \/>\n<\/strong><\/span><\/p>\n<p><span style=\"color: #777777; font-family: Arial;\">Ce qu&rsquo;il a magnifiquement r\u00e9ussi, et le mouvement \u00e9tudiant l&rsquo;a grandement aid\u00e9.<br \/>\n<\/span><\/p>\n<p><span style=\"color: #777777; font-family: Arial;\">Ce fut, en effet une r\u00e9volution introuvable.<br \/>\n<\/span><\/p>\n<p><span style=\"color: #777777; font-family: Arial;\">Une fois de plus Raymond Aron et Jean-Paul Sartre n&rsquo;\u00e9tait pas dans le m\u00eame camp.<br \/>\n<\/span><\/p>\n<p><em><span style=\"color: #777777; font-family: Arial;\">Et en 1968, le 22 mai, dix millions de salari\u00e9s ne travaillent pas (en gr\u00e8ve ou emp\u00each\u00e9s de travailler).<br \/>\n<\/span><\/em><em><span style=\"color: #777777; font-family: Arial;\">Le 21 mai, Daniel Cohn Bendit avait \u00e9t\u00e9 frapp\u00e9 en tant que ressortissant \u00e9tranger par un arr\u00eat\u00e9 d&rsquo;expulsion du ministre de l&rsquo;Int\u00e9rieur ; il en est inform\u00e9 alors qu&rsquo;il se trouve \u00e0 Francfort<br \/>\n<\/span><\/em><\/p>\n<p><span style=\"color: #777777; font-family: Arial;\"><span style=\"color: #800000;\">&lt;1073&gt;<\/span><br \/>\n<\/span><\/p>\n","protected":false},"excerpt":{"rendered":"<p>\u00ab&nbsp;L\u2019imagination au pouvoir&nbsp;\u00bb Jean-Paul Sartre Le 20 mai 1968, Le Nouvel Observateur sort un num\u00e9ro sp\u00e9cial consacr\u00e9 au d\u00e9bat ouvert par les \u00e9v\u00e9nements qui secouent le pays. Et il demande \u00e0 Jean-Paul Sartre d&rsquo;interviewer Daniel Cohn-Bendit. L&rsquo;Obs a republi\u00e9 une<\/p>\n","protected":false},"author":1,"featured_media":0,"comment_status":"open","ping_status":"closed","sticky":false,"template":"","format":"standard","meta":{"footnotes":""},"categories":[1],"tags":[17,39,3],"class_list":["post-4824","post","type-post","status-publish","format-standard","hentry","category-motdujour","tag-histoire","tag-jeunesse","tag-politique"],"_links":{"self":[{"href":"https:\/\/lemotdujour.fr\/index.php?rest_route=\/wp\/v2\/posts\/4824","targetHints":{"allow":["GET"]}}],"collection":[{"href":"https:\/\/lemotdujour.fr\/index.php?rest_route=\/wp\/v2\/posts"}],"about":[{"href":"https:\/\/lemotdujour.fr\/index.php?rest_route=\/wp\/v2\/types\/post"}],"author":[{"embeddable":true,"href":"https:\/\/lemotdujour.fr\/index.php?rest_route=\/wp\/v2\/users\/1"}],"replies":[{"embeddable":true,"href":"https:\/\/lemotdujour.fr\/index.php?rest_route=%2Fwp%2Fv2%2Fcomments&post=4824"}],"version-history":[{"count":11,"href":"https:\/\/lemotdujour.fr\/index.php?rest_route=\/wp\/v2\/posts\/4824\/revisions"}],"predecessor-version":[{"id":13939,"href":"https:\/\/lemotdujour.fr\/index.php?rest_route=\/wp\/v2\/posts\/4824\/revisions\/13939"}],"wp:attachment":[{"href":"https:\/\/lemotdujour.fr\/index.php?rest_route=%2Fwp%2Fv2%2Fmedia&parent=4824"}],"wp:term":[{"taxonomy":"category","embeddable":true,"href":"https:\/\/lemotdujour.fr\/index.php?rest_route=%2Fwp%2Fv2%2Fcategories&post=4824"},{"taxonomy":"post_tag","embeddable":true,"href":"https:\/\/lemotdujour.fr\/index.php?rest_route=%2Fwp%2Fv2%2Ftags&post=4824"}],"curies":[{"name":"wp","href":"https:\/\/api.w.org\/{rel}","templated":true}]}}