{"id":482,"date":"2017-03-30T02:00:00","date_gmt":"2017-03-29T22:00:00","guid":{"rendered":"http:\/\/lemotdujour.fr\/?p=482"},"modified":"2017-05-18T21:49:02","modified_gmt":"2017-05-18T19:49:02","slug":"jeudi-30-mars-2017","status":"publish","type":"post","link":"https:\/\/lemotdujour.fr\/?p=482","title":{"rendered":"Jeudi 30 mars 2017"},"content":{"rendered":"<div class=\"mdjDate\"><a id=\"_Toc482008797\"><\/a>Jeudi 30 mars 2017<\/div>\n<div class=\"mdjTexte\">\u00abLa confusion est un signe qu\u2019on vit un moment de bascule\u00bb<\/div>\n<div class=\"mdjAuteur\">Fran\u00e7ois Hartog, directeur d\u2019\u00e9tudes \u00e0 l\u2019\u00c9cole des hautes \u00e9tudes en sciences sociales<\/div>\n<div class=\"mdjComplements\">Manuel Valls est accus\u00e9 d&rsquo;\u00eatre un traitre.<\/div>\n<div class=\"mdjComplements\">Il me semble que du point de vue du fran\u00e7ais, \u00ab\u00a0parjure\u00a0\u00bb serait plus juste.<\/div>\n<div class=\"mdjComplements\">Le parjure est celui qui viole un serment, or Valls a fait le serment en entrant dans la comp\u00e9tition des primaires de soutenir celui qui gagnerait.<\/div>\n<div class=\"mdjComplements\">Il ne le fait pas.<\/div>\n<div class=\"mdjComplements\">Le PS est tr\u00e8s proche de l&rsquo;explosion.<\/div>\n<div class=\"mdjComplements\">Fran\u00e7ois Fillon n&rsquo;a pas encore perdu. Rien ne dit non plus que dans un second tour o\u00f9 Fran\u00e7ois Fillon serait oppos\u00e9 \u00e0 Marine Le Pen, cette derni\u00e8re ne gagnerait pas.<\/div>\n<div class=\"mdjComplements\">Mais si les pr\u00e9visions s&rsquo;av\u00e8rent juste, au lendemain de la d\u00e9faite de Fran\u00e7ois Fillon au premier tour, le parti des r\u00e9publicains explosera aussi.<\/div>\n<div class=\"mdjComplements\">Il n&rsquo;est pas certain non plus que Macron battra Marine Le Pen au second tour.<\/div>\n<div class=\"mdjComplements\">Certains diront, il n&rsquo;est pas certain que Marine Le Pen soit au second tour. Peut \u00eatre, mais je n&rsquo;y crois pas un instant, je pense plut\u00f4t que les sondages sous-estime le vote Front National.<\/div>\n<div class=\"mdjComplements\">Nous sommes donc dans un moment de grande confusion.<\/div>\n<div class=\"mdjComplements\">Si nous restons optimiste nous pouvons esp\u00e9rer que la confusion conduira \u00e0 une reconstruction.<\/div>\n<div class=\"mdjComplements\">Mediapart a invit\u00e9 un historien, Fran\u00e7ois Hartog, pour qu\u2019il jette son regard d\u2019intellectuel sur notre moment pr\u00e9sent que le journal pr\u00e9sente avec les assertions suivantes\u00a0:<\/div>\n<ul>\n<li>\u00c9puisement de la Ve R\u00e9publique\u00a0;<\/li>\n<li>D\u00e9sagr\u00e9gation du bipartisme\u00a0;<\/li>\n<li>Possibilit\u00e9 de voir l\u2019extr\u00eame droite acc\u00e9der \u00e0 la plus haute fonction du pays<\/li>\n<\/ul>\n<div class=\"mdjComplements\">Vous trouverez cet article, si vous \u00eates abonn\u00e9, derri\u00e8re <span style=\"color: #0000ff;\"><a style=\"color: #0000ff;\" href=\"https:\/\/www.mediapart.fr\/journal\/culture-idees\/260317\/francois-hartog-la-confusion-est-un-signe-qu-vit-un-moment-de-bascule\">&lt;ce lien&gt; <\/a><\/span><\/div>\n<div class=\"mdjComplements\">J\u2019en tire les extraits suivants\u00a0:<\/div>\n<div class=\"mdjCiter\">\u00ab\u00a0Mediapart : Est-on en mesure de cerner ce qu&rsquo;est un \u00ab moment historique \u00bb et si nous sommes en train d\u2019en vivre un ?<\/div>\n<div class=\"mdjCiter\">Fran\u00e7ois Hartog : [\u2026] Il me semble alors qu\u2019un des indices n\u00e9gatifs qui signale que l\u2019on vit un \u00ab moment historique \u00bb, c\u2019est pr\u00e9cis\u00e9ment l\u2019aveuglement, le fait qu\u2019on n\u2019y voit rien, qu\u2019on n\u2019y comprend rien. Dans ce que nous vivons aujourd\u2019hui d\u2019un point de vue politique, on est frapp\u00e9s par la confusion g\u00e9n\u00e9ralis\u00e9e, qui ne cesse de favoriser Marine Le Pen.<\/div>\n<div class=\"mdjCiter\">Si on cherche \u00e0 comparer avec des moments de bascule, comme la R\u00e9volution fran\u00e7aise, on constate a posteriori que c\u2019\u00e9tait un moment d\u2019extr\u00eame confusion. Les contemporains \u00e9taient compl\u00e8tement perdus, ne comprenaient pas ce qui se passait, refusaient de comprendre, croyaient comprendre et se trompaient\u2026<\/div>\n<div class=\"mdjCiter\">La perte des rep\u00e8res, les r\u00e9f\u00e9rences qui n\u2019ont plus de prise sur le moment, la d\u00e9sorientation et la confusion sont symptomatiques de moments de bascule. [\u2026]<\/div>\n<div class=\"mdjCiter\">Quand on n\u2019a que le pr\u00e9sent comme base sur laquelle reposer, il est logique qu\u2019on se retrouve perdus.<\/div>\n<div class=\"mdjCiter\">M\u00eame ceux qui regardent vers le pass\u00e9, et qui ont toujours exist\u00e9, \u00e0 savoir les r\u00e9actionnaires et les nostalgiques, ne savent plus trop vers quel pass\u00e9 se retourner, vers quoi regarder. Les \u00e9lecteurs de Trump lorgnent vers l\u2019Am\u00e9rique d\u2019apr\u00e8s-guerre, de la grande expansion, qui \u00e9tait pr\u00e9cis\u00e9ment une Am\u00e9rique tourn\u00e9e vers l\u2019avenir, alors m\u00eame que l\u2019id\u00e9e d\u2019aller vers l\u2019\u00e9mancipation, le progr\u00e8s ou la croissance, sous la conduite des avant-gardes artistiques ou politiques, a du plomb dans l\u2019aile depuis des d\u00e9cennies. . [\u2026]<\/div>\n<div class=\"mdjCiter\">Hollande a \u00e9t\u00e9 \u00e9lu sur le slogan \u00ab le changement c\u2019est maintenant \u00bb, c\u2019est-\u00e0-dire un slogan pr\u00e9sentiste qui ne donne pas place au temps. Le changement est pourtant d\u00e9j\u00e0 un terme moins charg\u00e9 et ambitieux que \u00ab progr\u00e8s \u00bb ou \u00ab d\u00e9veloppement \u00bb. Dans la campagne pr\u00e9sente, Beno\u00eet Hamon tente de r\u00e9introduire une perspective future avec l\u2019id\u00e9e d\u2019un revenu universel qui, quoi qu\u2019on pense de la proposition elle-m\u00eame, renoue avec un des grands \u00e9l\u00e9ments structurants du socialisme, c\u2019est-\u00e0-dire un certain id\u00e9alisme ou une part d\u2019utopie. Le revenu universel, ce n\u2019est pas pour maintenant, c\u2019est un horizon, m\u00eame si on peut se questionner pour savoir si c\u2019est le bon. Ce rapport au temps fait place au futur, mais tombe imm\u00e9diatement sous les critiques de ceux qui pensent que c\u2019est irr\u00e9aliste.<\/div>\n<div class=\"mdjCiter\">Plus g\u00e9n\u00e9ralement, le probl\u00e8me est que les politiques qui font aujourd\u2019hui campagne ont \u00e9t\u00e9 \u00e9lev\u00e9s dans l\u2019id\u00e9e que leur raison d\u2019\u00eatre \u00e9tait de guider leur peuple vers le futur et de marcher vers la terre promise ou l\u2019avenir radieux : une affaire qui a commenc\u00e9 avec Mo\u00efse\u2026 Mais, se retrouvant dans un univers o\u00f9 ce type de position et de posture n\u2019est plus tenable, ils s\u2019av\u00e8rent compl\u00e8tement perdus. On leur reproche tout le temps de ne pas avoir de vision, mais qui a une vision aujourd\u2019hui ? La plupart des politiques ont donc th\u00e9oris\u00e9 le fait qu\u2019il valait mieux de ne pas avoir de strat\u00e9gie de long terme, pour se permettre d\u2019\u00eatre le plus r\u00e9actif possible, comme derni\u00e8re attitude politique payante dans un moment pr\u00e9sentiste.<\/div>\n<div class=\"mdjCiter\">Cette impossibilit\u00e9 de sortir du pr\u00e9sent n\u2019existe pas seulement en mati\u00e8re politique, elle domine \u00e9galement d\u00e9sormais le champ \u00e9conomique, avec la flexibilit\u00e9 \u00e0 outrance, l\u2019organisation de la production \u00e0 flux tendus\u2026<\/div>\n<div class=\"mdjCiter\">[\u2026]<\/div>\n<div class=\"mdjCiter\">Marine Le Pen propose en r\u00e9alit\u00e9 un retour \u00e0 un avenir tr\u00e8s dat\u00e9, vers un monde mythifi\u00e9. Fran\u00e7ois Fillon promet un redressement dans la douleur qui me semble moins \u00eatre une ouverture qu\u2019une rupture avec ce qu\u2019il estime \u00eatre les calamit\u00e9s du socialisme. Mais Fillon et Le Pen n\u2019utilisent pas le mot de \u00ab r\u00e9volution \u00bb, que Macron emploie. M\u00eame s\u2019il y a une dimension marketing, cet usage est int\u00e9ressant car il veut signifier la possibilit\u00e9 de regarder vers le futur. Il n\u2019est d\u2019ailleurs pas anodin que les deux candidats \u2013 Macron et M\u00e9lenchon \u2013 qui proposent une v\u00e9ritable vision du futur (num\u00e9rique pour le premier, \u00e9cologiste pour le second) soient aussi les deux candidats qui entretiennent un v\u00e9ritable rapport \u00e0 l\u2019Histoire. Ils montrent quelques capacit\u00e9s \u00e0 s\u2019affranchir du pr\u00e9sent imm\u00e9diat.<\/div>\n<div class=\"mdjCiter\">[\u2026]<\/div>\n<div class=\"mdjCiter\">\u00c0 ce titre, le parcours du\u00a0 mot \u00ab r\u00e9forme \u00bb est int\u00e9ressant. Le terme a \u00e9t\u00e9 un\u00a0 grand mot de la politique au XIXe si\u00e8cle, comme\u00a0 substitut de \u00ab R\u00e9volution \u00bb, revendiqu\u00e9 par ceux qui\u00a0 se trouvaient du c\u00f4t\u00e9 du mouvement, et contest\u00e9 par\u00a0 ceux situ\u00e9s du c\u00f4t\u00e9 de la r\u00e9action. Mais, d\u00e9sormais, la\u00a0 \u00ab r\u00e9forme \u00bb est devenue quelque chose qui ne signifie\u00a0 qu\u2019ajustement, remise \u00e0 plat, adaptation, et qui aurait\u00a0 d\u00fb intervenir plus t\u00f4t. Ce mot est donc imm\u00e9diatement\u00a0 et l\u00e9gitimement compris par tous les int\u00e9ress\u00e9s comme\u00a0 une r\u00e9gression. Alors que la \u00ab r\u00e9forme \u00bb \u00e9tait porteuse\u00a0 d\u2019esp\u00e9rance et d\u2019un projet social et politique, c\u2019est\u00a0 devenu un slogan. La \u00ab r\u00e9forme \u00bb n\u2019ouvre plus\u00a0 aucun avenir et a \u00e9t\u00e9 rattrap\u00e9e et s\u2019est englu\u00e9e dans\u00a0 le pr\u00e9sentisme, au point qu\u2019on vote des r\u00e9formes\u00a0 qu\u2019on n\u2019a pas le temps d\u2019appliquer avant la prochaine\u00a0 r\u00e9forme\u2026<\/div>\n<div class=\"mdjCiter\">[\u2026]<\/div>\n<div class=\"mdjCiter\">Ce qui nous menace est-il davantage du registre\u00a0 de la catastrophe ou de l\u2019apocalypse ? Et sur\u00a0 un plan politique, comment pourrait-on qualifier\u00a0 une victoire de l\u2019extr\u00eame droite \u00e0 la prochaine\u00a0 pr\u00e9sidentielle ?<\/div>\n<div class=\"mdjCiter\">L\u2019apocalypse, c\u2019est la fin du temps ou des temps,\u00a0 mais c\u2019est aussi le d\u00e9but de tout autre chose, d\u2019un\u00a0 nouveau ciel, d\u2019une nouvelle terre. Au contraire de la\u00a0 catastrophe, l\u2019apocalypse donne un sens \u00e0 ce qui est\u00a0 endur\u00e9. La catastrophe est d\u00e9nu\u00e9e de sens ; elle vous\u00a0 tombe dessus et il n\u2019y a pas grand-chose \u00e0 comprendre.<\/div>\n<div class=\"mdjCiter\">Pour les politiques, l\u2019important est de tenter de\u00a0 pr\u00e9venir les catastrophes, mais surtout de r\u00e9agir\u00a0 rapidement lorsqu\u2019une catastrophe se produit, sans\u00a0 essayer de comprendre mais seulement de compatir.<\/div>\n<div class=\"mdjCiter\">Les catastrophes viennent se loger dans le temps, elles\u00a0 sont pr\u00e9sentes dans le paysage.<\/div>\n<div class=\"mdjCiter\">\u00c0 ce titre, une victoire du Front national est d\u00e9sormais\u00a0 dans le paysage et Marine Le Pen ne promet ni un autre\u00a0 ciel, ni une autre terre. Cela rel\u00e8ve donc davantage du\u00a0 registre de la catastrophe, de celles sur lesquelles on\u00a0 a pr\u00e9f\u00e9r\u00e9 s\u2019aveugler et qui nous paralysent au fur et \u00e0\u00a0 mesure qu\u2019elles s\u2019approchent.<\/div>\n<div class=\"mdjCiter\">[\u2026]\u00a0\u00bb<\/div>\n<div class=\"mdjComplements\">S&rsquo;affranchir du pr\u00e9sent imm\u00e9diat, regarder vers le futur et peut \u00eatre oserais-je ce mot : r\u00e9enchanter la r\u00e9forme qui aujourd&rsquo;hui n&rsquo;est plus v\u00e9cu que comme une r\u00e9gression.<\/div>\n","protected":false},"excerpt":{"rendered":"<p>Jeudi 30 mars 2017 \u00abLa confusion est un signe qu\u2019on vit un moment de bascule\u00bb Fran\u00e7ois Hartog, directeur d\u2019\u00e9tudes \u00e0 l\u2019\u00c9cole des hautes \u00e9tudes en sciences sociales Manuel Valls est accus\u00e9 d&rsquo;\u00eatre un traitre. Il me semble que du point<\/p>\n","protected":false},"author":1,"featured_media":0,"comment_status":"closed","ping_status":"closed","sticky":false,"template":"","format":"standard","meta":{"footnotes":""},"categories":[1],"tags":[3,4],"class_list":["post-482","post","type-post","status-publish","format-standard","hentry","category-motdujour","tag-politique","tag-presidentielle-2017"],"_links":{"self":[{"href":"https:\/\/lemotdujour.fr\/index.php?rest_route=\/wp\/v2\/posts\/482","targetHints":{"allow":["GET"]}}],"collection":[{"href":"https:\/\/lemotdujour.fr\/index.php?rest_route=\/wp\/v2\/posts"}],"about":[{"href":"https:\/\/lemotdujour.fr\/index.php?rest_route=\/wp\/v2\/types\/post"}],"author":[{"embeddable":true,"href":"https:\/\/lemotdujour.fr\/index.php?rest_route=\/wp\/v2\/users\/1"}],"replies":[{"embeddable":true,"href":"https:\/\/lemotdujour.fr\/index.php?rest_route=%2Fwp%2Fv2%2Fcomments&post=482"}],"version-history":[{"count":4,"href":"https:\/\/lemotdujour.fr\/index.php?rest_route=\/wp\/v2\/posts\/482\/revisions"}],"predecessor-version":[{"id":1878,"href":"https:\/\/lemotdujour.fr\/index.php?rest_route=\/wp\/v2\/posts\/482\/revisions\/1878"}],"wp:attachment":[{"href":"https:\/\/lemotdujour.fr\/index.php?rest_route=%2Fwp%2Fv2%2Fmedia&parent=482"}],"wp:term":[{"taxonomy":"category","embeddable":true,"href":"https:\/\/lemotdujour.fr\/index.php?rest_route=%2Fwp%2Fv2%2Fcategories&post=482"},{"taxonomy":"post_tag","embeddable":true,"href":"https:\/\/lemotdujour.fr\/index.php?rest_route=%2Fwp%2Fv2%2Ftags&post=482"}],"curies":[{"name":"wp","href":"https:\/\/api.w.org\/{rel}","templated":true}]}}