{"id":4816,"date":"2018-05-25T00:10:03","date_gmt":"2018-05-24T22:10:03","guid":{"rendered":"http:\/\/lemotdujour.fr\/?p=4816"},"modified":"2022-09-07T11:17:13","modified_gmt":"2022-09-07T09:17:13","slug":"vendredi-24-mai-2018","status":"publish","type":"post","link":"https:\/\/lemotdujour.fr\/?p=4816","title":{"rendered":"Vendredi 25 mai 2018"},"content":{"rendered":"<div class=\"mdjTexte\">\t\u00ab&nbsp;Les fils ne savent pas que leurs m\u00e8res sont mortelles.&nbsp;\u00bb<\/div>\n<div class=\"mdjAuteur\">\tAlbert Cohen \u00ab&nbsp;Le livre de ma m\u00e8re&nbsp;\u00bb chapitre 27<\/div>\n<p><span style=\"color: #777777; font-family: Arial;\">Ce dimanche est consacr\u00e9 \u00e0 la f\u00eates des m\u00e8res. Pour ce jour je voudrais partager ce mot d&rsquo;Albert Cohen.<br \/>\n<\/span><\/p>\n<p><span style=\"color: #777777; font-family: Arial;\">L&rsquo;immense \u00e9crivain, Albert Cohen a \u00e9crit un livre&nbsp;: \u00ab<a style=\"color: #777777;\" href=\"https:\/\/livre.fnac.com\/a138798\/Albert-Cohen-Le-livre-de-ma-mere\"><span style=\"color: #0000ff;\">&nbsp;Le livre de ma m\u00e8re<\/span><\/a><span style=\"color: #0000ff;\">&nbsp;<\/span>\u00bb, livre d&rsquo;un fils qu&rsquo;il a consacr\u00e9 \u00e0 sa m\u00e8re alors qu&rsquo;elle ne faisait plus partie de la communaut\u00e9 des vivants.<br \/>\n<\/span><\/p>\n<p><span style=\"color: #777777; font-family: Arial;\">C&rsquo;est un livre bouleversant qui est certainement r\u00e9sum\u00e9 par ces quelques mots que j&rsquo;ai mis en exergue.<br \/>\n<\/span><\/p>\n<p><span style=\"color: #777777; font-family: Arial;\">C&rsquo;est un livre aussi tr\u00e8s dr\u00f4le o\u00f9 il raconte des anecdotes sur sa m\u00e8re qui est une m\u00e8re juive.<br \/>\n<\/span><\/p>\n<p><span style=\"color: #777777; font-family: Arial;\">Mais toutes les m\u00e8res sont un peu \u00ab&nbsp;des m\u00e8res juives&nbsp;\u00bb.<br \/>\n<\/span><\/p>\n<p><span style=\"color: #777777; font-family: Arial;\">Alors elle est bien s\u00fbr inqui\u00e8te que son fils ne suive pas les r\u00e8gles communautaires&nbsp;:<br \/>\n<\/span><\/p>\n<p style=\"margin-left: 28pt;\"><span style=\"color: #c00000; font-family: Arial;\">\u00ab&nbsp;Dis mon enfant, \u00e0 Gen\u00e8ve, tu ne manges pas de l&rsquo;Innommable&nbsp;? [traduction&nbsp;: du porc].<br \/>\n<\/span><span style=\"color: #c00000; font-family: Arial;\">Enfin, si tu en manges, ne me le dis pas, je ne veux pas savoir.&nbsp;\u00bb (<em>page 25<\/em>)<br \/>\n<\/span><\/p>\n<p><span style=\"color: #777777; font-family: Arial;\">Ou encore&nbsp;:<br \/>\n<\/span><\/p>\n<p style=\"margin-left: 28pt;\"><span style=\"color: #c00000; font-family: Arial;\">\u00ab \u00c9coute, mon fils, m\u00eame si tu ne crois pas en notre Dieu, \u00e0 cause de tous ces savants, maudits soient-ils, eux et leurs chiffres, va tout de m\u00eame un peu \u00e0 la synagogue, supplia t&rsquo;elle gentiment, fais-le pour moi.&nbsp;(<em>page 24<\/em>)\u00bb<br \/>\n<\/span><\/p>\n<p><span style=\"color: #777777; font-family: Arial;\">Elle \u00e9tait simple, pieuse et suivait scrupuleusement les r\u00e8gles religieuses qu&rsquo;on lui avait enseign\u00e9. Elle \u00e9tait pourtant tr\u00e8s lucide sur les fondements de sa religion&nbsp;:<br \/>\n<\/span><\/p>\n<p style=\"margin-left: 28pt;\"><span style=\"color: #c00000; font-family: Arial;\">\u00ab&nbsp;Mon fils, vois-tu, les hommes sont des animaux. Regarde-les, ils ont des pattes, des dents pointues. Mais un jour des anciens temps, notre ma\u00eetre Mo\u00efse est arriv\u00e9 et il a d\u00e9cid\u00e9, dans sa t\u00eate, de changer ces b\u00eates en hommes, en enfants de Dieu, par les Saints Commandements, Tu comprends. Il leur a dit&nbsp;: tu ne feras pas ceci, tu ne feras pas cela, c&rsquo;est mal [\u2026]. Moi, je crois que c&rsquo;est lui qui a invent\u00e9 les Dix commandements en se promenant sur le Mont Sina\u00ef pour mieux r\u00e9fl\u00e9chir. Mais il leur a dit que c&rsquo;\u00e9tait Dieu pour les impressionner, tu comprends. Tu sais comment ils sont, les juifs. Il leur faut toujours le plus cher. [\u2026] Alors, Mo\u00efse qui les connaissait bien, s&rsquo;est dit&nbsp;: si je leur dis que les commandements viennent de l&rsquo;Eternel, ils feront plus attention, ils respecteront davantage.&nbsp;\u00bb (<em>Page 69<\/em>)<br \/>\n<\/span><\/p>\n<p><span style=\"color: #777777; font-family: Arial;\">La sagesse des simples\u2026<br \/>\n<\/span><\/p>\n<p><span style=\"color: #777777; font-family: Arial;\">Mais il n&rsquo;est finalement que peu question de sujets proprement juifs dans ce livre. Il est bien davantage question de l&rsquo;histoire universelle des fils avec leur m\u00e8re.<br \/>\n<\/span><\/p>\n<p><span style=\"color: #777777; font-family: Arial;\">Et Albert Cohen de raconter ce qu&rsquo;il a v\u00e9cu avec sa m\u00e8re qui \u00e9tait toujours pr\u00eate \u00e0 l&rsquo;impossible pour lui, \u00e0 toutes les attentions et lui de raconter toutes ces fois o\u00f9 il a manqu\u00e9 de temps, d&rsquo;attention, de douceur ou m\u00eame les cas o\u00f9 il a \u00e9t\u00e9 injuste \u00e0 son \u00e9gard. Et nous arrivons au chapitre 27&nbsp;:<br \/>\n<\/span><\/p>\n<p style=\"margin-left: 28pt;\"><span style=\"color: #c00000; font-family: Arial;\">\u00ab&nbsp;Et pourtant je l&rsquo;aimais.<br \/>\n<\/span><span style=\"color: #c00000; font-family: Arial;\">Mais j&rsquo;\u00e9tais un fils.<br \/>\n<\/span><span style=\"color: #c00000; font-family: Arial;\">Les fils ne savent pas que leurs m\u00e8res sont mortelles.<br \/>\n<\/span><span style=\"color: #c00000; font-family: Arial;\">Fils des m\u00e8res encore vivantes, n&rsquo;oubliez plus que vos m\u00e8res sont mortelles.<br \/>\n<\/span><span style=\"color: #c00000; font-family: Arial;\">Je n&rsquo;aurai pas \u00e9crit en vain, si l&rsquo;un de vous, apr\u00e8s avoir lu mon chant de mort, est plus doux avec sa m\u00e8re, \u00e0 cause de moi et de ma m\u00e8re.<br \/>\n<\/span><span style=\"color: #c00000; font-family: Arial;\">Soyez doux chaque jour avec votre m\u00e8re.<br \/>\n<\/span><span style=\"color: #c00000; font-family: Arial;\">Aimez-la mieux que je n&rsquo;ai su aimer ma m\u00e8re.<br \/>\n<\/span><span style=\"color: #c00000; font-family: Arial;\">Que chaque jour vous lui apportiez une joie, c&rsquo;est ce que je vous dis du droit de mon regret, gravement du haut de mon deuil.<br \/>\n<\/span><span style=\"color: #c00000; font-family: Arial;\">Ces paroles que je vous adresse, fils des m\u00e8res encore vivantes, sont les seules condol\u00e9ances qu&rsquo;\u00e0 moi-m\u00eame je puisse m&rsquo;offrir.&nbsp;[\u2026]<br \/>\n<\/span><\/p>\n<p style=\"margin-left: 28pt;\"><span style=\"color: #c00000; font-family: Arial;\">Aucun fils ne sait vraiment que sa m\u00e8re mourra et tous les fils se f\u00e2chent et s&rsquo;impatientent contre leurs m\u00e8res, les fous si t\u00f4t punis.\u00bb (<em>page 168-170<\/em>)<br \/>\n<\/span><\/p>\n<p><span style=\"color: #777777; font-family: Arial;\">On dit que les hommes de la guerre 14-18, endurcis et pr\u00eat \u00e0 tous les sacrifices, au moment ultime et dans leur plus grande d\u00e9tresse n&rsquo;avez qu&rsquo;un mot qui venait spontan\u00e9ment&nbsp;: \u00ab&nbsp;Maman&nbsp;\u00bb<br \/>\n<\/span><\/p>\n<p><span style=\"color: #777777; font-family: Arial;\">Fils des m\u00e8res encore vivantes, n&rsquo;oubliez pas que vos m\u00e8res sont mortelles.<br \/>\n<\/span><\/p>\n<p><span style=\"color: #777777; font-family: Arial;\">Car il y a une vie avant la mort, pendant laquelle vous pouvez agir avec attention, en bienveillance et en douceur.<br \/>\n<\/span><\/p>\n<p><img decoding=\"async\" src=\"https:\/\/lemotdujour.fr\/wp-content\/uploads\/2018\/05\/052018_2236_Vendredi24m1.jpg\" alt=\"\"><span style=\"color: #777777; font-family: Arial;\"><br \/>\n<\/span><\/p>\n<p><span style=\"color: #c00000; font-family: Arial;\">&lt;1075&gt;<\/span><\/p>\n","protected":false},"excerpt":{"rendered":"<p>\u00ab&nbsp;Les fils ne savent pas que leurs m\u00e8res sont mortelles.&nbsp;\u00bb Albert Cohen \u00ab&nbsp;Le livre de ma m\u00e8re&nbsp;\u00bb chapitre 27 Ce dimanche est consacr\u00e9 \u00e0 la f\u00eates des m\u00e8res. Pour ce jour je voudrais partager ce mot d&rsquo;Albert Cohen. L&rsquo;immense \u00e9crivain,<\/p>\n","protected":false},"author":1,"featured_media":0,"comment_status":"open","ping_status":"closed","sticky":false,"template":"","format":"standard","meta":{"footnotes":""},"categories":[1],"tags":[53,29,7],"class_list":["post-4816","post","type-post","status-publish","format-standard","hentry","category-motdujour","tag-affect","tag-hommage","tag-societe"],"_links":{"self":[{"href":"https:\/\/lemotdujour.fr\/index.php?rest_route=\/wp\/v2\/posts\/4816","targetHints":{"allow":["GET"]}}],"collection":[{"href":"https:\/\/lemotdujour.fr\/index.php?rest_route=\/wp\/v2\/posts"}],"about":[{"href":"https:\/\/lemotdujour.fr\/index.php?rest_route=\/wp\/v2\/types\/post"}],"author":[{"embeddable":true,"href":"https:\/\/lemotdujour.fr\/index.php?rest_route=\/wp\/v2\/users\/1"}],"replies":[{"embeddable":true,"href":"https:\/\/lemotdujour.fr\/index.php?rest_route=%2Fwp%2Fv2%2Fcomments&post=4816"}],"version-history":[{"count":6,"href":"https:\/\/lemotdujour.fr\/index.php?rest_route=\/wp\/v2\/posts\/4816\/revisions"}],"predecessor-version":[{"id":13942,"href":"https:\/\/lemotdujour.fr\/index.php?rest_route=\/wp\/v2\/posts\/4816\/revisions\/13942"}],"wp:attachment":[{"href":"https:\/\/lemotdujour.fr\/index.php?rest_route=%2Fwp%2Fv2%2Fmedia&parent=4816"}],"wp:term":[{"taxonomy":"category","embeddable":true,"href":"https:\/\/lemotdujour.fr\/index.php?rest_route=%2Fwp%2Fv2%2Fcategories&post=4816"},{"taxonomy":"post_tag","embeddable":true,"href":"https:\/\/lemotdujour.fr\/index.php?rest_route=%2Fwp%2Fv2%2Ftags&post=4816"}],"curies":[{"name":"wp","href":"https:\/\/api.w.org\/{rel}","templated":true}]}}