{"id":480,"date":"2017-03-29T02:00:00","date_gmt":"2017-03-28T22:00:00","guid":{"rendered":"http:\/\/lemotdujour.fr\/?p=480"},"modified":"2017-05-18T21:50:17","modified_gmt":"2017-05-18T19:50:17","slug":"mercredi-29-mars-2017","status":"publish","type":"post","link":"https:\/\/lemotdujour.fr\/?p=480","title":{"rendered":"Mercredi 29 mars 2017"},"content":{"rendered":"<div class=\"mdjDate\"><a id=\"_Toc482008796\"><\/a>Mercredi 29 mars 2017<\/div>\n<div class=\"mdjTexte\">\u00abMacron\u00bb<\/div>\n<div class=\"mdjAuteur\">Nom patronymique dont les m\u00e9dias parlent beaucoup ces derniers temps.<\/div>\n<div class=\"mdjComplements\">Que dire de cette pr\u00e9sidentielle fran\u00e7aise 2017 ?<\/div>\n<div class=\"mdjComplements\">Je vous propose de commencer par un \u00e9clairage un peu plus l\u00e9ger aujourd&rsquo;hui.<\/div>\n<div class=\"mdjComplements\">Il semblerait que Monsieur Macron, Emmanuel est son pr\u00e9nom aurait des chances selon les derniers oracles d&rsquo;acc\u00e9der \u00e0 la pr\u00e9sidence de la r\u00e9publique pour succ\u00e9der \u00e0 Fran\u00e7ois Hollande qui l&rsquo;avait appel\u00e9 aupr\u00e8s de lui d&rsquo;abord pour le conseiller puis pour occuper le poste de Ministre de l\u2019\u00c9conomie.<\/div>\n<div class=\"mdjComplements\">C&rsquo;est une revue de presse qui donne cette information parue dans le bimestriel \u00ab\u00a0CA M&rsquo;INTERESSE\u00a0\u00bb<\/div>\n<div class=\"mdjComplements\"><a href=\"https:\/\/www.franceinter.fr\/emissions\/la-revue-de-presse-de-frederic-pommier\/la-revue-de-presse-de-frederic-pommier-26-fevrier-2017\">https:\/\/www.franceinter.fr\/emissions\/la-revue-de-presse-de-frederic-pommier\/la-revue-de-presse-de-frederic-pommier-26-fevrier-2017<\/a><\/div>\n<div class=\"mdjComplements\">Le bimestriel \u00c7A M&rsquo;INTERESSE HISTOIRE nous apprend\u00a0 que deux Macron se sont d\u00e9j\u00e0 illustr\u00e9s dans le pass\u00e9<\/div>\n<div class=\"mdjComplements\">Au 2\u00e8me si\u00e8cle avant J\u00e9sus-Christ, un certain Ptol\u00e9m\u00e9e Macron travaillait ainsi au service d&rsquo;Antiochos IV, le gouverneur de l&#8217;empire perse s\u00e9leucide. Un jour, son ma\u00eetre le charge d&rsquo;envoyer une arm\u00e9e en Jud\u00e9e. Mais une fois arriv\u00e9 sur place, Ptol\u00e9m\u00e9e Macron choisit de rejoindre les Juifs ; il passe donc dans le camp de l&rsquo;ennemi. Imaginez un peu la t\u00eate d&rsquo;Antiochos IV !<\/div>\n<div class=\"mdjComplements\">Deux cents ans plus tard, en 37 apr\u00e8s J\u00e9sus-Christ, un Macron romain cette fois-ci \u2013 Sutorius Macro, travaillait au service du vieil empereur Tib\u00e8re. Mais il en avait marre \u2013 marre du vieux, grand besoin de changement \u2013 et pour acc\u00e9l\u00e9rer l&rsquo;accession au pouvoir du jeune Caligula, Sutorius Macro a d\u00e9cid\u00e9 de tuer Tib\u00e8re, en l&rsquo;\u00e9touffant sous ses couvertures.<\/div>\n<div class=\"mdjComplements\">L&#8217;empereur, pardon le pr\u00e9sident Fran\u00e7ois Hollande n&rsquo;a, heureusement, pas eu \u00e0 subir le m\u00eame sort de la part du Macron moderne.<\/div>\n<div class=\"mdjComplements\">N&#8217;emp\u00eache, r\u00e9sume la revue : \u00ab Depuis 2.000 ans, Macron rime avec trahison. \u00bb<\/div>\n<div class=\"mdjComplements\">Cela \u00e9tant, doit-on vraiment d\u00e9tester les tra\u00eetres ? \u00ab Non \u00bb, r\u00e9pond Manuela France qui signe le papier. On ne doit pas les ha\u00efr car les pros des coups bas ne sont pas tous d&rsquo;affreux et vils calculateurs. Certains, au contraire, poursuivent un noble id\u00e9al, et ils sont finalement les moteurs de l&rsquo;Histoire.<\/div>\n<div class=\"mdjComplements\">Mais Emmanuel Macron fait-il partie de cette cat\u00e9gorie ? Lui qui a cr\u00e9\u00e9 un mouvement qui a les m\u00eames initiales que son nom et qui a suscit\u00e9 cette belle interrogation de Fr\u00e9d\u00e9ric Lordon : \u00ab En marche ! \u00bb, soit ! Mais ne serait-il pas pertinent de s&rsquo;interroger : en marche vers O\u00f9 ?<\/div>\n<div class=\"mdjComplements\">Le canard enchain\u00e9 de mercredi dernier explique la modernit\u00e9 de cet O.P.N.I. : Objet Politique Non Identifi\u00e9 :<\/div>\n<div class=\"mdjCiter\">\u00ab Mais comment fait Macron pour avoir l&rsquo;air diff\u00e9rent ? Fastoche : il suffit de commencer par le vocabulaire. Dans son QG de campagne, on ne parle pas de \u00abb\u00e9n\u00e9voles\u00bb mais de \u00abhelpers\u00bb, qui causent \u00abfeedback\u00bb et \u00abretour d&rsquo;exp\u00e9rience\u00bb. Waouh ! \u00e7a change tout ! Ou pas&#8230; Dans la start-up Macron, raconte le JDD (19\/3) on ne cherche pas des slogans (beurk) : on \u00abbrainstorme\u00bb pour trouver des \u00abmessages snackables\u00bb, c&rsquo;est-\u00e0-dire \u00abcourts, qui vont attirer l&rsquo;attention\u00bb. A grignoter \u00e0\u00a0 tous les repas.<\/div>\n<div class=\"mdjCiter\">Ici, le \u00abbusiness \u00e9lectoral\u00bb et le business tout court ne sont surtout pas des gros mots. \u00abOn organise des actions de terrain, puis on fonctionne beaucoup au feedback et on essaie d&rsquo;am\u00e9liorer tr\u00e8s rapidement les process\u00bb raconte un \u00abhelper\u00bb qui adore sa nouvelle boite. \u00abOn a cette chance d&rsquo;\u00eatre nouveaux sur le march\u00e9\u00bb plane un autre, \u00e0 l&rsquo;autre bout de l&rsquo;\u00abopen space\u00bb. [&#8230;]<\/div>\n<div class=\"mdjCiter\">Dans cette novlangue pas du tout gadget, la star Macron n&rsquo;a pas des supporteurs mais des \u00abfans\u00bb qu&rsquo;il s&rsquo;agit de bichonner : ces veinards ont droit \u00e0 des \u00ablive\u00bb (des vid\u00e9os) de leur idole, en toute \u00abexclusivit\u00e9\u00bb.\u00bb<\/div>\n<div class=\"mdjComplements\">On a compris, on pr\u00e9sente et vend Macron comme un <a href=\"http:\/\/www.e-marketing.fr\/Definitions-Glossaire\/Produit-238665.htm\">produit marketing<\/a>.<\/div>\n<div class=\"mdjComplements\">Faut-il donner sa chance \u00e0 ce produit ?<\/div>\n<div class=\"mdjComplements\">Florence Aubenas a fait une plong\u00e9e dans les publics qui soutiennent Macron. Vous trouverez en pi\u00e8ce jointe le long article qu&rsquo;elle a r\u00e9dig\u00e9 apr\u00e8s cette enqu\u00eate.<\/div>\n","protected":false},"excerpt":{"rendered":"<p>Mercredi 29 mars 2017 \u00abMacron\u00bb Nom patronymique dont les m\u00e9dias parlent beaucoup ces derniers temps. Que dire de cette pr\u00e9sidentielle fran\u00e7aise 2017 ? Je vous propose de commencer par un \u00e9clairage un peu plus l\u00e9ger aujourd&rsquo;hui. Il semblerait que Monsieur<\/p>\n","protected":false},"author":1,"featured_media":0,"comment_status":"closed","ping_status":"closed","sticky":false,"template":"","format":"standard","meta":{"footnotes":""},"categories":[1],"tags":[3,4],"class_list":["post-480","post","type-post","status-publish","format-standard","hentry","category-motdujour","tag-politique","tag-presidentielle-2017"],"_links":{"self":[{"href":"https:\/\/lemotdujour.fr\/index.php?rest_route=\/wp\/v2\/posts\/480","targetHints":{"allow":["GET"]}}],"collection":[{"href":"https:\/\/lemotdujour.fr\/index.php?rest_route=\/wp\/v2\/posts"}],"about":[{"href":"https:\/\/lemotdujour.fr\/index.php?rest_route=\/wp\/v2\/types\/post"}],"author":[{"embeddable":true,"href":"https:\/\/lemotdujour.fr\/index.php?rest_route=\/wp\/v2\/users\/1"}],"replies":[{"embeddable":true,"href":"https:\/\/lemotdujour.fr\/index.php?rest_route=%2Fwp%2Fv2%2Fcomments&post=480"}],"version-history":[{"count":2,"href":"https:\/\/lemotdujour.fr\/index.php?rest_route=\/wp\/v2\/posts\/480\/revisions"}],"predecessor-version":[{"id":1879,"href":"https:\/\/lemotdujour.fr\/index.php?rest_route=\/wp\/v2\/posts\/480\/revisions\/1879"}],"wp:attachment":[{"href":"https:\/\/lemotdujour.fr\/index.php?rest_route=%2Fwp%2Fv2%2Fmedia&parent=480"}],"wp:term":[{"taxonomy":"category","embeddable":true,"href":"https:\/\/lemotdujour.fr\/index.php?rest_route=%2Fwp%2Fv2%2Fcategories&post=480"},{"taxonomy":"post_tag","embeddable":true,"href":"https:\/\/lemotdujour.fr\/index.php?rest_route=%2Fwp%2Fv2%2Ftags&post=480"}],"curies":[{"name":"wp","href":"https:\/\/api.w.org\/{rel}","templated":true}]}}