{"id":478,"date":"2017-03-28T02:00:00","date_gmt":"2017-03-27T22:00:00","guid":{"rendered":"http:\/\/lemotdujour.fr\/?p=478"},"modified":"2017-05-18T21:54:46","modified_gmt":"2017-05-18T19:54:46","slug":"mardi-28-mars-2017","status":"publish","type":"post","link":"https:\/\/lemotdujour.fr\/?p=478","title":{"rendered":"Mardi 28 mars 2017"},"content":{"rendered":"<div class=\"mdjDate\"><a id=\"_Toc482008795\"><\/a>Mardi 28 mars 2017<\/div>\n<div class=\"mdjTexte\">\u00ab\u00a0Et alors ?\u00a0\u00bb<\/div>\n<div class=\"mdjAuteur\">Expression ouverte ou ferm\u00e9e ?<\/div>\n<div class=\"mdjComplements\">Michel Serres aime raconter des histoires \u00e0 ses petits-enfants, le soir, avant le sommeil.<\/div>\n<div class=\"mdjComplements\">Quand le lendemain, il demande \u00ab\u00a0o\u00f9 en \u00e9tions-nous\u00a0?\u00a0\u00bb, les enfants r\u00e9pondent invariablement, nous \u00e9tions \u00e0 \u00ab\u00a0et alors\u2026\u00a0\u00bb.<\/div>\n<div class=\"mdjComplements\">\u00ab\u00a0Et alors\u00a0\u00bb ouvre vers d\u2019autres aventures, d\u2019autres r\u00e9flexions, d\u2019autres connaissances.<\/div>\n<div class=\"mdjComplements\">Dans le domaine scientifique chaque nouvelle d\u00e9couverte ouvre d\u2019autres perspectives, conduit \u00e0 s\u2019interroger sur la suite, \u00ab\u00a0et alors\u00a0?\u00a0\u00bb.<\/div>\n<div class=\"mdjComplements\">Mais certaines personnes entendent donner \u00e0 l\u2019expression \u00ab\u00a0et alors\u00a0?\u00a0\u00bb un effet de fermeture, de cl\u00f4ture de la discussion, sorte de \u00ab\u00a0point \u00e0 la ligne\u00a0\u00bb et passer \u00e0 autre chose.<\/div>\n<div class=\"mdjComplements\">Ainsi Fran\u00e7ois Fillon a r\u00e9pondu \u00e0 un journaliste qui s\u2019\u00e9tonnait du cadeau d\u2019un g\u00e9n\u00e9reux m\u00e9c\u00e8ne qui avait sign\u00e9 le 20 f\u00e9vrier un ch\u00e8que de 13.000 euros pour le r\u00e8glement de deux costumes achet\u00e9s chez Arnys, un tailleur parisien des quartiers chics\u00a0: <a href=\"http:\/\/www.leparisien.fr\/elections\/presidentielle\/fillon-un-ami-m-a-offert-des-costumes-et-alors-12-03-2017-6756252.php\">\u00ab\u00a0Un ami m&rsquo;a offert des costumes en f\u00e9vrier. Et alors?\u00bb<\/a><\/div>\n<div class=\"mdjComplements\">L\u2019article du Parisien donn\u00e9 en lien continue\u00a0: \u00abJ&rsquo;ai pay\u00e9 \u00e0 la demande de Fran\u00e7ois Fillon\u00bb, a affirm\u00e9 cet \u00abami g\u00e9n\u00e9reux\u00bb au JDD. A cela s&rsquo;ajouteraient selon l&rsquo;hebdomadaire pr\u00e8s de 35.500 euros \u00abr\u00e9gl\u00e9s en liquide\u00bb chez ce tailleur, pour un montant de pr\u00e8s de 48.500 euros au total depuis 2012.\u00a0\u00bb<\/div>\n<div class=\"mdjComplements\">\u00ab\u00a0Et alors\u00a0?\u00a0\u00bb<\/div>\n<div class=\"mdjComplements\">Je ne voudrais pas m\u2019acharner sur cet \u00e9tonnant personnage qui reprochait \u00e0 Nicolas Sarkozy, ses relations compliqu\u00e9es avec la Justice et les \u00ab\u00a0Affaires\u00a0\u00bb et qui avait, alors qu\u2019il \u00e9tait Premier Ministre en 2007, commis &lt;<a href=\"http:\/\/circulaire.legifrance.gouv.fr\/pdf\/2009\/05\/cir_26330.pdf\">cette circulaire<\/a>&gt; o\u00f9 on peut lire : \u00abIl est en cons\u00e9quence normal que [les cadeaux] n\u2019entrent pas dans le patrimoine personnel du ministre ou de sa famille. Ce principe doit \u00eatre concili\u00e9 avec la n\u00e9cessit\u00e9 de ne pas d\u00e9sobliger les personnalit\u00e9s, notamment \u00e9trang\u00e8res, qui souhaitent honorer des membres du gouvernement ou leur conjoint.\u00bb et pour lequel on apprend que pr\u00e9cis\u00e9ment en 2009, toujours Premier ministre, Fran\u00e7ois Fillon s&rsquo;\u00e9tait fait offrir une montre de plus de 10.000 euros. <a href=\"http:\/\/tempsreel.nouvelobs.com\/presidentielle-2017\/20170325.OBS7101\/une-montre-a-10-000-euros-offerte-a-francois-fillon-un-cadeau-desinteresse.html\">Un cadeau \u00ab\u00a0absolument d\u00e9sint\u00e9ress\u00e9\u00a0\u00bb de l&rsquo;homme d&rsquo;affaires italo-suisse, Pablo Victor Dana<\/a>.<\/div>\n<div class=\"mdjComplements\">\u00ab Et alors ? \u00bb<\/div>\n<div class=\"mdjComplements\">Cette nouvelle r\u00e9v\u00e9lation a conduit \u00e0 <a href=\"https:\/\/www.franceinter.fr\/emissions\/la-revue-de-presse-de-frederic-pommier\/la-revue-de-presse-de-frederic-pommier-25-mars-2017\">ce commentaire d\u2019un d\u00e9put\u00e9 LR<\/a> d\u00e9sabus\u00e9 : \u00ab Fran\u00e7ois Fillon, c\u2019est un peu comme un calendrier de l\u2019avent, sauf qu\u2019\u00e0 chaque fois qu\u2019on ouvre une case on ne trouve pas un chocolat, mais une nouvelle affaire. \u00bb<\/div>\n<div class=\"mdjComplements\">Mais, il faut d\u00e9passer le cas de Fran\u00e7ois Fillon, si on veut mener une r\u00e9flexion honn\u00eate et int\u00e8gre.<\/div>\n<div class=\"mdjComplements\">Car le Canard Encha\u00een\u00e9 nous apprend que l&rsquo;ancien Ministre de l&rsquo;Economie aujourd&rsquo;hui commissaire europ\u00e9en, Pierre Moscovici, s&rsquo;\u00e9tait aussi fait offrir des costumes par un ami chez Arnys, le m\u00eame tailleur parisien que Fran\u00e7ois Fillon, rapporte Le Canard Encha\u00een\u00e9. Selon l&rsquo;hebdomadaire satirique, les faits sont ant\u00e9rieurs \u00e0 2012. A cette \u00e9poque, les parlementaires n&rsquo;\u00e9taient pas tenus de d\u00e9clarer les dons qu&rsquo;ils recevaient.<\/div>\n<div class=\"mdjComplements\">Interrog\u00e9 mardi \u00e0 l&rsquo;occasion d&rsquo;un point-presse avec Beno\u00eet Hamon \u00e0 Bruxelles , <a href=\"http:\/\/www.lexpress.fr\/actualite\/politique\/moscovici-s-est-aussi-fait-offrir-des-costumes-chez-le-tailleur-de-fillon_1891523.html\">Pierre Moscovici a confirm\u00e9 les informations du Canard Encha\u00een\u00e9 <\/a>et a d\u00e9clar\u00e9 :<\/div>\n<div class=\"mdjCiter\">\u00ab Ce n&rsquo;est pas tout \u00e0 fait le lieu pour parler de cette affaire, mais je ne suis pas du tout embarrass\u00e9 par cela, d\u00e8s lors que ce sont de vrais cadeaux par de vrais amis, dans un vrai cadre priv\u00e9\u00bb.<\/div>\n<div class=\"mdjComplements\">Version un peu plus longue, mais il dit de la m\u00eame mani\u00e8re \u00ab Et alors ?\u00bb<\/div>\n<div class=\"mdjComplements\">Et&#8230;<\/div>\n<div class=\"mdjComplements\">L&rsquo;hebdomadaire<a href=\"https:\/\/www.challenges.fr\/election-presidentielle-2017\/brigitte-macron-habillee-gratis-par-une-marque-de-luxe_462080\"> &lt;Challenges&gt;<\/a> nous apprend que Brigitte Macron est habill\u00e9e gracieusement par la marque Vuitton. Il ne s&rsquo;agit cette fois pas de cadeau mais de pr\u00eat. Le point commun est que cela reste gratuit.<\/div>\n<div class=\"mdjComplements\">\u00ab Et alors ? \u00bb<\/div>\n<div class=\"mdjComplements\">Et si au lieu de clore la discussion par \u00ab Et alors ? \u00bb, nous l&rsquo;ouvrions&#8230;<\/div>\n<div class=\"mdjComplements\">Et alors ? on s&rsquo;\u00e9tonne du peu de vigueur pour la lutte contre les paradis fiscaux, on constate sur les affaires financi\u00e8res comme sur les sujets de sant\u00e9 publique l&rsquo;importance des lobbys et les d\u00e9cisions \u00e9tonnantes qui sont prises au niveau europ\u00e9en et national. Le sentiment g\u00e9n\u00e9ralis\u00e9 que les d\u00e9cisions prises\u00a0 ne le sont pas dans l&rsquo;int\u00e9r\u00eat g\u00e9n\u00e9ral mais dans l&rsquo;int\u00e9r\u00eat particulier de certains.<\/div>\n<div class=\"mdjComplements\">On nous explique que ces d\u00e9cisions sont n\u00e9cessaires \u00e0 cause de la mondialisation, de la libert\u00e9 des \u00e9changes et que si nous n&rsquo;avions pas une r\u00e9glementation en phase avec cette situation les capitaux et le dynamisme \u00e9conomique fuiraient nos pays pour des contr\u00e9es plus favorables.<\/div>\n<div class=\"mdjComplements\">Peut-\u00eatre &#8230;<\/div>\n<div class=\"mdjComplements\">Mais tous ces cadeaux d\u00e9sint\u00e9ress\u00e9s d&rsquo;amis fortun\u00e9s cr\u00e9ent la suspicion et racontent une autre r\u00e9alit\u00e9.<\/div>\n<div class=\"mdjComplements\">Pourquoi, nous qui avons \u00e9galement des amis d\u00e9sint\u00e9ress\u00e9s, ne nous font-ils pas des cadeaux de 10 000 euros ?<\/div>\n<div class=\"mdjComplements\">Parce qu&rsquo;ils ne sont pas aussi riches ?<\/div>\n<div class=\"mdjComplements\">Ou parce que nous n&rsquo;avons pas le pouvoir pour influer sur des d\u00e9cisions ou des r\u00e9glementations\u00a0 ayant un lien \u00e9troit avec le business ?<\/div>\n<div class=\"mdjComplements\">Probablement que si nous \u00e9tions dans une telle situation nous verrions rapidement surgir des \u00abamis d\u00e9sint\u00e9ress\u00e9s riches\u00bb.<\/div>\n<div class=\"mdjComplements\">Tous ces responsables politiques devraient se souvenir de cette citation attribu\u00e9e \u00e0 Voltaire pour certains, \u00e0 Gabriel S\u00e9nac de Meilhan pour d&rsquo;autres :<\/div>\n<div class=\"mdjCiter\">\u00abMon Dieu, prot\u00e9gez moi de mes amis [<em>d\u00e9sint\u00e9ress\u00e9s<\/em>]. Quant \u00e0 mes ennemis, je m&rsquo;en charge.\u00bb<\/div>\n","protected":false},"excerpt":{"rendered":"<p>Mardi 28 mars 2017 \u00ab\u00a0Et alors ?\u00a0\u00bb Expression ouverte ou ferm\u00e9e ? Michel Serres aime raconter des histoires \u00e0 ses petits-enfants, le soir, avant le sommeil. Quand le lendemain, il demande \u00ab\u00a0o\u00f9 en \u00e9tions-nous\u00a0?\u00a0\u00bb, les enfants r\u00e9pondent invariablement, nous \u00e9tions<\/p>\n","protected":false},"author":1,"featured_media":0,"comment_status":"closed","ping_status":"closed","sticky":false,"template":"","format":"standard","meta":{"footnotes":""},"categories":[1],"tags":[3,4,7],"class_list":["post-478","post","type-post","status-publish","format-standard","hentry","category-motdujour","tag-politique","tag-presidentielle-2017","tag-societe"],"_links":{"self":[{"href":"https:\/\/lemotdujour.fr\/index.php?rest_route=\/wp\/v2\/posts\/478","targetHints":{"allow":["GET"]}}],"collection":[{"href":"https:\/\/lemotdujour.fr\/index.php?rest_route=\/wp\/v2\/posts"}],"about":[{"href":"https:\/\/lemotdujour.fr\/index.php?rest_route=\/wp\/v2\/types\/post"}],"author":[{"embeddable":true,"href":"https:\/\/lemotdujour.fr\/index.php?rest_route=\/wp\/v2\/users\/1"}],"replies":[{"embeddable":true,"href":"https:\/\/lemotdujour.fr\/index.php?rest_route=%2Fwp%2Fv2%2Fcomments&post=478"}],"version-history":[{"count":2,"href":"https:\/\/lemotdujour.fr\/index.php?rest_route=\/wp\/v2\/posts\/478\/revisions"}],"predecessor-version":[{"id":1880,"href":"https:\/\/lemotdujour.fr\/index.php?rest_route=\/wp\/v2\/posts\/478\/revisions\/1880"}],"wp:attachment":[{"href":"https:\/\/lemotdujour.fr\/index.php?rest_route=%2Fwp%2Fv2%2Fmedia&parent=478"}],"wp:term":[{"taxonomy":"category","embeddable":true,"href":"https:\/\/lemotdujour.fr\/index.php?rest_route=%2Fwp%2Fv2%2Fcategories&post=478"},{"taxonomy":"post_tag","embeddable":true,"href":"https:\/\/lemotdujour.fr\/index.php?rest_route=%2Fwp%2Fv2%2Ftags&post=478"}],"curies":[{"name":"wp","href":"https:\/\/api.w.org\/{rel}","templated":true}]}}