{"id":4740,"date":"2018-05-16T03:51:44","date_gmt":"2018-05-16T01:51:44","guid":{"rendered":"http:\/\/lemotdujour.fr\/?p=4740"},"modified":"2021-10-17T12:53:09","modified_gmt":"2021-10-17T10:53:09","slug":"mercredi-16-mai-2018","status":"publish","type":"post","link":"https:\/\/lemotdujour.fr\/?p=4740","title":{"rendered":"Mercredi 16 mai 2018"},"content":{"rendered":"<div class=\"mdjTexte\">\t\u00ab&nbsp;Mai 1968 et la guerre du Viet Nam\u00bb<\/div>\n<div class=\"mdjAuteur\">\tPoursuite du butinage de mai<\/div>\n<p><span style=\"color: #777777; font-family: Arial;\">Dans le mot du jour de lundi, j&rsquo;avais pr\u00e9cis\u00e9 qu&rsquo;en Allemagne et bien s\u00fbr aux Etats-Unis, les \u00e9tudiants manifestaient d&rsquo;abord contre la guerre du Viet-Nam.<br \/>\n<\/span><\/p>\n<p><span style=\"color: #777777; font-family: Arial;\">Mais la France et le mai 68 sont aussi li\u00e9s \u00e9troitement \u00e0 la guerre du Viet Nam.<br \/>\n<\/span><\/p>\n<p><span style=\"color: #777777; font-family: Arial;\">Tout le monde l&rsquo;\u00e9crit aujourd&rsquo;hui&nbsp;: \u00ab&nbsp;<strong>Mai 68 a commenc\u00e9 le 22 mars \u00e0 l&rsquo;Universit\u00e9 de Nanterre<\/strong>\u00bb.<br \/>\n<\/span><\/p>\n<p><span style=\"color: #777777; font-family: Arial;\">Il faut m\u00eame remonter au 20 mars 1968, lorsqu&rsquo;\u00e0 l&rsquo;appel du Comit\u00e9 Vietnam, <span style=\"color: #0000ff;\"><a style=\"color: #0000ff;\" href=\"http:\/\/www.liberation.fr\/direct\/element\/le-20-mars-1968-des-militants-parisiens-contre-la-guerre-du-vietnam-sen-prennent-a-une-agence-de-lam_79213\/\">200 \u00e0 300 personnes brisent les vitrines d&rsquo;une agence parisienne d&rsquo;American Express<\/a><\/span>. Plusieurs manifestants, dont Xavier Langlade (futur dirigeant de la Ligue communiste r\u00e9volutionnaire), \u00e9tudiant tr\u00e8s populaire \u00e0 Nanterre, sont arr\u00eat\u00e9s.<br \/>\n<\/span><\/p>\n<p><span style=\"color: #777777; font-family: Arial;\">Les \u00e9tudiants de Nanterre veulent les faire lib\u00e9rer. C&rsquo;est alors que le 22 mars, aucune lib\u00e9ration n&rsquo;\u00e9tant survenue, entre 400 et 500 personnes se retrouvent \u00e0 17 heures pour une AG.<br \/>\n<\/span><\/p>\n<p><span style=\"color: #777777; font-family: Arial;\">Et c&rsquo;est<span style=\"color: #0000ff;\"> <a style=\"color: #0000ff;\" href=\"http:\/\/www.parismatch.com\/Actu\/Societe\/22-mars-1968-comment-nait-une-insurrection-1483166\">Paris-Match<\/a> <\/span>qui raconte la suite&nbsp;:<br \/>\n<\/span><\/p>\n<p style=\"margin-left: 28pt;\"><span style=\"color: #c00000; font-family: Arial;\">\u00ab&nbsp;Plut\u00f4t que d&rsquo;occuper l&rsquo;habituel b\u00e2timent de sociologie, il est d\u00e9cid\u00e9, \u00abpour d\u00e9montrer [leur] volont\u00e9 de lutter contre la r\u00e9pression\u00bb, dixit Daniel Cohn-Bendit, d\u00e9j\u00e0 \u00e0 la man\u0153uvre, de s&rsquo;installer dans une salle interdite, celle des conseils d&rsquo;universit\u00e9, au 8e \u00e9tage de la tour centrale du campus. \u00abJ&rsquo;avais particip\u00e9 \u00e0 la tentative d&rsquo;occupation de la Sorbonne en 1964, se souvient Prisca Bachelet, une participante. \u00c7a avait \u00e9chou\u00e9, et pourtant \u00e7a avait \u00e9t\u00e9 tellement pr\u00e9par\u00e9! Ce 22 mars, il y avait un rapport \u00e0 la parole, \u00e0 l&rsquo;action et \u00e0 la d\u00e9cision radicalement nouveau, qu&rsquo;on devait beaucoup aux anarchistes et aux libertaires comme Jean-Pierre Duteuil ou Daniel Cohn-Bendit. Les gens parlaient librement. Pour moi qui avais l&rsquo;habitude des groupements politiques et syndicaux, c&rsquo;\u00e9tait extraordinaire.\u00bb Une partie des pr\u00e9sents s&rsquo;attelle \u00e0 l&rsquo;\u00e9criture de ce qui deviendra le \u00abmanifeste des 142\u00bb, qui appelle \u00e0 une journ\u00e9e de r\u00e9flexion la semaine suivante. La s\u00e9ance se termine \u00e0 1h20 apr\u00e8s une \u00abInternationale\u00bb chant\u00e9e le poing lev\u00e9. Et l&rsquo;on se quitte sans savoir que le germe de mai vient d&rsquo;\u00eatre plant\u00e9.<br \/>\n<\/span><\/p>\n<p style=\"margin-left: 28pt;\"><span style=\"color: #c00000; font-family: Arial;\">Le mouvement du 22 mars se transforme en une plateforme construite par l&rsquo;action et emmen\u00e9e par ceux qu&rsquo;on appelle <strong>les \u00abenrag\u00e9s\u00bb.<\/strong> Pour la premi\u00e8re fois, les groupuscules gauchistes r\u00e9ussissent \u00e0 d\u00e9passer leurs divergences.&nbsp;\u00bb<br \/>\n<\/span><\/p>\n<p><a href=\"https:\/\/www.franceinter.fr\/emissions\/affaires-sensibles\/affaires-sensibles-22-mars-2018\"><span style=\"font-family: Arial;\"><span style=\"color: #0000ff;\">Le premier acte de mai 68<\/span><\/span><\/a><span style=\"color: #777777; font-family: Arial;\"> avait pour objet de faire lib\u00e9rer des \u00e9tudiants qui ont \u00e9t\u00e9 arr\u00eat\u00e9s suite \u00e0 une manifestation contre la guerre du Viet Nam.<br \/>\n<\/span><\/p>\n<p><span style=\"color: #777777; font-family: Arial;\">Nous sommes en pleine guerre froide, pour les Etats-Unis il s&rsquo;agit d&#8217;emp\u00eacher l&rsquo;expansion communiste. Le Nord Viet Nam est communiste mais le Sud Viet Nam se trouve sous la protection am\u00e9ricaine car sinon il ne pourrait r\u00e9sister aux assauts des troupes du Nord Viet Nam et de la gu\u00e9rilla locale qui ont pour nom \u00ab&nbsp;Le Viet Cong&nbsp;\u00bb. Pour les Etats-Unis c&rsquo;est avant tout un combat politique.<br \/>\n<\/span><\/p>\n<p><span style=\"color: #777777; font-family: Arial;\">Mais pour les vietnamiens communistes, le combat est aussi nationaliste il faut chasser les troupes d&rsquo;occupation.<br \/>\n<\/span><\/p>\n<p><span style=\"color: #777777; font-family: Arial;\">A l&rsquo;occasion de la mort du c\u00e9l\u00e8bre g\u00e9n\u00e9ral vietnamien GIAP, j&rsquo;avais lors d&rsquo;un mot du jour de 2013 rapport\u00e9 cet entretien qu&rsquo;avait d\u00e9voil\u00e9 le g\u00e9n\u00e9ral GIAP, lui-m\u00eame lors d&rsquo;une interview de l&rsquo;Humanit\u00e9&nbsp;:<br \/>\n<\/span><\/p>\n<p style=\"margin-left: 28pt;\"><span style=\"color: #c00000; font-family: Arial;\">\u00ab&nbsp;Une autre fois, j&rsquo;\u00e9tais \u00e0 Moscou pour demander une aide renforc\u00e9e et j&rsquo;ai eu une r\u00e9union avec l&rsquo;ensemble du bureau politique. Kossyguine m&rsquo;a alors interpell\u00e9 : \u00a0\u00bb Camarade Giap, vous me parlez de vaincre les Am\u00e9ricains. Je me permets de vous demander combien d&rsquo;escadrilles d&rsquo;avions \u00e0 r\u00e9action avez-vous et combien, eux, en ont-ils ? \u00a0\u00bb \u00a0\u00bb Malgr\u00e9 le grand d\u00e9calage des forces militaires, ai-je r\u00e9pondu, je peux vous dire que si nous nous battons \u00e0 la russe nous ne pouvons pas tenir deux heures. <strong>Mais nous nous battrons \u00e0 la vietnamienne et nous vaincrons.<\/strong> &nbsp;\u00bb<br \/>\n<\/span><\/p>\n<p><span style=\"color: #777777; font-family: Arial;\">Et c&rsquo;est ce qu&rsquo;ils ont fait. L&rsquo;Am\u00e9rique s&rsquo;est vraiment engag\u00e9 dans cette guerre \u00e0 partir de 1961 quand le pr\u00e9sident John F. Kennedy envoya plus de 15 000 conseillers militaires. Mais la pr\u00e9sence des Etats-Unis est ant\u00e9rieure. En 1998, le gouvernement f\u00e9d\u00e9ral des \u00c9tats-Unis d\u00e9termine que les militaires am\u00e9ricains tomb\u00e9s apr\u00e8s le 1er novembre 1955 \u2014 date de la cr\u00e9ation du premier groupe de conseillers militaires am\u00e9ricains au Sud Vi\u00eat Nam \u2014 peuvent \u00eatre consid\u00e9r\u00e9s comme morts durant la guerre du Vi\u00eat Nam.<br \/>\n<\/span><\/p>\n<p><span style=\"color: #777777; font-family: Arial;\">Et Lyndon Johnson qui succ\u00e9da \u00e0 Kennedy apr\u00e8s son assassinat le 22 novembre 1963 en sa qualit\u00e9 de vice-pr\u00e9sident, fut contraint \u00e0 encore augmenter l&rsquo;effort de guerre. Il terminera la pr\u00e9sidence de Kennedy, puis sera \u00e9lu sur son propre nom, l&#8217;emportant largement \u00e0 l&rsquo;\u00e9lection pr\u00e9sidentielle de 1964. <strong>1968 est ann\u00e9e d&rsquo;\u00e9lection pr\u00e9sidentielle aux Etats-Unis<\/strong> et Lyndon Johnson peut et veut se repr\u00e9senter, mais il en sera emp\u00each\u00e9 en raison de la guerre du Viet Nam .<br \/>\n<\/span><\/p>\n<p><span style=\"color: #777777; font-family: Arial;\">Terrible ann\u00e9e 1968 aux Etats-Unis, pendant laquelle d&rsquo;abord Martin Luther King fut assassin\u00e9 le 4 avril 1968 \u00e0 Memphis et puis ce fut le tour de Robert F. Kennedy, le 6 juin 1968 alors qu&rsquo;il venait de remporter la primaire de Californie, ce qui faisait alors de lui le candidat le plus probable du parti d\u00e9mocrate.<br \/>\n<\/span><\/p>\n<p><span style=\"color: #777777; font-family: Arial;\">Jamais l&rsquo;engagement am\u00e9ricain n&rsquo;a \u00e9t\u00e9 aussi fort qu&rsquo;au Vietnam en 1968. Les GI&rsquo;s d\u00e9barquent par vagues enti\u00e8res pour atteindre le chiffre record de 500 000 soldats<br \/>\n<\/span><\/p>\n<p><a href=\"http:\/\/tempus-fugit.revolublog.com\/depardon-a127259876\"><img decoding=\"async\" src=\"https:\/\/lemotdujour.fr\/wp-content\/uploads\/2018\/05\/051518_2050_Mercredi16m1.png\" alt=\"\" border=\"0\" align=\"left\"><\/a><span style=\"color: #777777; font-family: Arial;\">Le pr\u00e9sident Johnson annon\u00e7a son renoncement lors d&rsquo;un <a href=\"https:\/\/www.youtube.com\/watch?v=FFyhAcp2DG4\"><span style=\"color: #0000ff;\">discours le 31 mars 1968<\/span><\/a><span style=\"color: #0000ff;\">,<\/span> discours dans lequel il annonce \u00e9galement l&rsquo;arr\u00eat imm\u00e9diat et sans condition des raids au Vi\u00eat Nam et appelle H\u00f4 Chi Minh \u00e0 n\u00e9gocier la paix.<br \/>\n<\/span><\/p>\n<p><span style=\"color: #777777; font-family: Arial;\">Car en janvier 1968, avait commenc\u00e9<span style=\"color: #0000ff;\"> <a style=\"color: #0000ff;\" href=\"http:\/\/www.laguerreduvietnam.com\/pages\/contexte-chronologie-1\/l-offensive-du-tet-de-1968-et-ses-consequences-sur-le-conflit.html\">l&rsquo;offensive du T\u1ebft<\/a><\/span>. Le gouvernement am\u00e9ricain avait promis la \u00ab lumi\u00e8re au bout du tunnel \u00bb et la victoire.<br \/>\n<\/span><\/p>\n<p><span style=\"color: #777777; font-family: Arial;\">Mais le 30 janvier 1968, l&rsquo;ennemi, suppos\u00e9 \u00eatre sur le point de s&rsquo;effondrer, lan\u00e7a l&rsquo;offensive du T\u1ebft en combinant les forces du Front national de lib\u00e9ration du Sud Vi\u00eat Nam (ou Vi\u1ec7t C\u1ed9ng) et de l&rsquo;Arm\u00e9e populaire vietnamienne. L&rsquo;offensive commence pr\u00e9matur\u00e9ment le 30 janvier 1968, un jour avant la nouvelle ann\u00e9e lunaire, le T\u00eat. Le 31 janvier, 80 000 soldats communistes attaquent plus de 100 villes \u00e0 travers le pays dans la plus grande op\u00e9ration militaire conduite \u00e0 ce point de la guerre<br \/>\n<\/span><\/p>\n<p><span style=\"color: #777777; font-family: Arial;\">Le g\u00e9n\u00e9ral Giap, mobilisa la quasi-totalit\u00e9 de ses effectifs dans la bataille.<br \/>\n<\/span><\/p>\n<p><span style=\"color: #777777; font-family: Arial;\">Les buts poursuivis \u00e9taient le soul\u00e8vement de la population sud-vietnamienne contre la R\u00e9publique du Vi\u00eat Nam, d\u00e9montrer que les d\u00e9clarations am\u00e9ricaines selon lesquelles la situation s&rsquo;am\u00e9liorait \u00e9taient fausses, et d\u00e9vier la pression militaire pesant sur les campagnes vers les villes sud-vietnamiennes.<br \/>\n<\/span><\/p>\n<p><span style=\"color: #777777; font-family: Arial;\">Du point de vue militaire, cette offensive, la premi\u00e8re guerre ouverte \u00e0 grande \u00e9chelle des communistes, fut un \u00e9chec. Face \u00e0 la puissance de feu am\u00e9ricaine, ils furent massacr\u00e9s, et il leur fallut deux ans pour reconstituer leurs forces. Mais du point de vue politique, ce fut une victoire. Aux \u00c9tats-Unis, on prit soudain conscience de la force des communistes du Sud. Une grande majorit\u00e9 d&rsquo;Am\u00e9ricains eut le sentiment d&rsquo;avoir \u00e9t\u00e9 tromp\u00e9e et la victoire semblait d\u00e9sormais impossible. Le 29 f\u00e9vrier 1968 le secr\u00e9taire \u00e0 la D\u00e9fense, Robert Macnamara, d\u00e9missionna.<br \/>\n<\/span><\/p>\n<p><span style=\"color: #777777; font-family: Arial;\">9 jours avant les vietnamiens avaient engag\u00e9 un autre front la <span style=\"color: #0000ff;\"><a style=\"color: #0000ff;\" href=\"https:\/\/fr.wikipedia.org\/wiki\/Bataille_de_Khe_Sanh\">bataille de Khe Sanh<\/a><\/span> qui fut la plus longue de la guerre du Viet Nam.<br \/>\n<\/span><\/p>\n<p><span style=\"color: #777777; font-family: Arial;\">La population am\u00e9ricaine perdit la foi en la vict<img decoding=\"async\" src=\"https:\/\/lemotdujour.fr\/wp-content\/uploads\/2018\/05\/051518_2050_Mercredi16m2.gif\" alt=\"\" align=\"left\">oire.<br \/>\n<\/span><\/p>\n<p><span style=\"color: #777777; font-family: Arial;\">En outre, les m\u00e9dias commen\u00e7aient \u00e0 montrer des images et des exactions des soldats am\u00e9ricains exc\u00e9d\u00e9s et devenant fous.<br \/>\n<\/span><\/p>\n<p><span style=\"color: #777777; font-family: Arial;\">C&rsquo;est aussi en 1968, le 16 mars 1968 qu&rsquo;eut lieu <span style=\"color: #0000ff;\"><a style=\"color: #0000ff;\" href=\"https:\/\/fr.wikipedia.org\/wiki\/Massacre_de_M%E1%BB%B9_Lai\">le massacre de M\u1ef9 Lai<\/a>,<\/span> en plus de ne pas parvenir \u00e0 gagner la guerre, l&rsquo;Am\u00e9rique \u00e9tait en train de perdre son \u00e2me. Les jeunes d&rsquo;Am\u00e9rique, comme les jeunes des autres pays occidentaux ne pouvaient qu&rsquo;\u00eatre r\u00e9volt\u00e9s par cette guerre sale devenu incompr\u00e9hensible.<br \/>\n<\/span><\/p>\n<p><span style=\"color: #777777; font-family: Arial;\">Ici un journal de Cleveland relate cette tuerie et montre aux am\u00e9ricains une photo de la r\u00e9alit\u00e9&nbsp;: des civils massacr\u00e9s.<br \/>\n<\/span><\/p>\n<p><span style=\"color: #777777; font-family: Arial;\">Depuis le Viet Nam, les occidentaux n&rsquo;ont plus vraiment pu gagner de guerres, de ces guerres que l&rsquo;on dit asym\u00e9triques.<br \/>\n<\/span><\/p>\n<p><span style=\"color: #777777; font-family: Arial;\">La plus grande arm\u00e9e du monde peut encore gagner des batailles contre des arm\u00e9es r\u00e9guli\u00e8res comme celle d&rsquo;Irak, mais elle ne peut plus gagner la guerre car les politiques n&rsquo;arrivent plus \u00e0 gagner la paix.<br \/>\n<\/span><\/p>\n<p><span style=\"color: #777777; font-family: Arial;\">Contre l&rsquo;Allemagne nazi et contre le Japon imp\u00e9rialiste, les alli\u00e9s y \u00e9taient parvenus. Depuis ils n&rsquo;y arrivent plus.<br \/>\n<\/span><\/p>\n<p><span style=\"color: #777777; font-family: Arial;\">En 1968, ce fut Nixon qui gagna les \u00e9lections et ce fut lui aid\u00e9 par Henry Kissinger qui se r\u00e9solut \u00e0 arr\u00eater cette guerre par les Accords de paix de Paris en 1973. Mais ce ne fut pas la paix mais simplement le retrait militaire am\u00e9ricain.<br \/>\n<\/span><\/p>\n<p><span style=\"color: #777777; font-family: Arial;\">La guerre continua et se termina en 1975 par la victoire totale du Nord Viet-Nam.<br \/>\n<\/span><\/p>\n<p><span style=\"color: #777777; font-family: Arial;\">La guerre du Viet Nam hantait les nuits des soldats am\u00e9ricains et r\u00e9voltait la jeunesse du monde entier.<br \/>\n<\/span><\/p>\n<p><span style=\"color: #777777; font-family: Arial;\">Le secr\u00e9taire d&rsquo;\u00e9tat \u00e0 la d\u00e9fense, lors de la guerre du Viet Nam, Robert McNamara \u00e9crivit un livre \u00ab<span style=\"color: #0000ff;\">&nbsp;<\/span><a href=\"http:\/\/www.seuil.com\/ouvrage\/avec-le-recul-la-tragedie-du-vietnam-et-ses-lecons-robert-s-mcnamara\/9782020259170\"><span style=\"color: #0000ff;\">Avec le recul. La trag\u00e9die du Vietnam et ses le\u00e7ons<\/span>&nbsp;<\/a>\u00bb<br \/>\n<\/span><\/p>\n<p><span style=\"color: #777777; font-family: Arial;\">On peut y lire cet aveu&nbsp;:<br \/>\n<\/span><\/p>\n<p style=\"margin-left: 28pt;\"><span style=\"color: #c00000; font-family: Arial;\">\u00ab&nbsp;Nous, membres des administrations Kennedy et Johnson parties prenantes aux d\u00e9cisions sur le Vietnam, avons agi selon ce que nous pensions \u00eatre les principes et les traditions de notre pays. Nous avons pris nos d\u00e9cisions \u00e0 la lumi\u00e8re de ces valeurs. Pourtant, nous avons eu tort. Terriblement tort.\u00bb<br \/>\n<\/span><\/p>\n<p><span style=\"color: #777777; font-family: Arial;\">Dans cet ouvrage Mac Namara r\u00e9v\u00e8le aussi que de 1965 \u00e0 1968, l&rsquo;op\u00e9ration Rolling Thunder (tonnerre roulant), nom de la campagne de bombardement va \u00ab d\u00e9verser sur le Vietnam plus de bombes qu&rsquo;on n&rsquo;en avait l\u00e2ch\u00e9 sur toute l&rsquo;Europe pendant la Seconde Guerre mondiale \u00bb<br \/>\n<\/span><\/p>\n<p><span style=\"color: #777777; font-family: Arial;\">Cette guerre aura co\u00fbt\u00e9 la vie \u00e0 plus de 58.000 soldats am\u00e9ricains, 250&nbsp;000 morts sud-vietnamiens et 1&nbsp;300&nbsp;000 morts nord vietnamiens. Je ne commente pas. Quelquefois, rarement, les chiffres parlent d&rsquo;eux m\u00eames.<br \/>\n<\/span><\/p>\n<p><span style=\"color: #777777; font-family: Arial;\">Les manifestations contre la guerre du Viet nam fut un grand catalyseur des col\u00e8res \u00e9tudiantes en 1968.<br \/>\n<\/span><\/p>\n<p><span style=\"color: #777777; font-family: Arial;\">L&rsquo;historien Laurent Jalabert \u00e9crivit en 1997 un article sur ce sujet&nbsp;: \u00ab&nbsp;Aux origines de la g\u00e9n\u00e9ration 1968&nbsp;: Les \u00e9tudiants fran\u00e7ais et la guerre du Vietnam&nbsp;\u00bb que vous pourrez lire <a href=\"https:\/\/www.persee.fr\/doc\/xxs_0294-1759_1997_num_55_1_3664\"><span style=\"color: #0000ff;\">&lt;Ici&gt;<\/span>.<\/a><br \/>\n<\/span><\/p>\n<p><span style=\"color: #777777; font-family: Arial;\"><em>Et en France le 16 mai 1968 les gr\u00e8ves s&rsquo;\u00e9tendent dans le mouvement ouvrier&nbsp;: chez Renault \u00e0 Flins, \u00e0 Billancourt, au Mans et \u00e0 Sandouville, \u00e0 la manufacture d&rsquo;armes de Bayonne, chez Kleber-Colombes et Rh\u00f4ne-Poulenc \u00e0 Elbeuf, chez Dresser-Dujardin au Havre, chez Unelec \u00e0 Orl\u00e9ans. Et \u00e0 Renault-Billancourt, le cort\u00e8ge venu du Quartier latin trouve porte close, la CGT voulant \u00e9viter tout risque de \u00ab\u00a0provocation\u00a0\u00bb. Les ouvriers et les \u00e9tudiants manifestent, mais pas ensemble&nbsp;!<br \/>\n<\/em><\/span><\/p>\n<p><span style=\"color: #777777; font-family: Arial;\"><span style=\"color: #800000;\">&lt;1070&gt;<\/span><br \/>\n<\/span><\/p>\n","protected":false},"excerpt":{"rendered":"<p>\u00ab&nbsp;Mai 1968 et la guerre du Viet Nam\u00bb Poursuite du butinage de mai Dans le mot du jour de lundi, j&rsquo;avais pr\u00e9cis\u00e9 qu&rsquo;en Allemagne et bien s\u00fbr aux Etats-Unis, les \u00e9tudiants manifestaient d&rsquo;abord contre la guerre du Viet-Nam. Mais la<\/p>\n","protected":false},"author":1,"featured_media":0,"comment_status":"open","ping_status":"closed","sticky":false,"template":"","format":"standard","meta":{"footnotes":""},"categories":[1],"tags":[65,17,39],"class_list":["post-4740","post","type-post","status-publish","format-standard","hentry","category-motdujour","tag-etats-unis","tag-histoire","tag-jeunesse"],"_links":{"self":[{"href":"https:\/\/lemotdujour.fr\/index.php?rest_route=\/wp\/v2\/posts\/4740","targetHints":{"allow":["GET"]}}],"collection":[{"href":"https:\/\/lemotdujour.fr\/index.php?rest_route=\/wp\/v2\/posts"}],"about":[{"href":"https:\/\/lemotdujour.fr\/index.php?rest_route=\/wp\/v2\/types\/post"}],"author":[{"embeddable":true,"href":"https:\/\/lemotdujour.fr\/index.php?rest_route=\/wp\/v2\/users\/1"}],"replies":[{"embeddable":true,"href":"https:\/\/lemotdujour.fr\/index.php?rest_route=%2Fwp%2Fv2%2Fcomments&post=4740"}],"version-history":[{"count":5,"href":"https:\/\/lemotdujour.fr\/index.php?rest_route=\/wp\/v2\/posts\/4740\/revisions"}],"predecessor-version":[{"id":12368,"href":"https:\/\/lemotdujour.fr\/index.php?rest_route=\/wp\/v2\/posts\/4740\/revisions\/12368"}],"wp:attachment":[{"href":"https:\/\/lemotdujour.fr\/index.php?rest_route=%2Fwp%2Fv2%2Fmedia&parent=4740"}],"wp:term":[{"taxonomy":"category","embeddable":true,"href":"https:\/\/lemotdujour.fr\/index.php?rest_route=%2Fwp%2Fv2%2Fcategories&post=4740"},{"taxonomy":"post_tag","embeddable":true,"href":"https:\/\/lemotdujour.fr\/index.php?rest_route=%2Fwp%2Fv2%2Ftags&post=4740"}],"curies":[{"name":"wp","href":"https:\/\/api.w.org\/{rel}","templated":true}]}}