{"id":474,"date":"2017-03-17T01:00:00","date_gmt":"2017-03-16T22:00:00","guid":{"rendered":"http:\/\/lemotdujour.fr\/?p=474"},"modified":"2020-01-24T00:36:43","modified_gmt":"2020-01-23T23:36:43","slug":"vendredi-17-mars-2017","status":"publish","type":"post","link":"https:\/\/lemotdujour.fr\/?p=474","title":{"rendered":"Vendredi 17 mars 2017"},"content":{"rendered":"<div class=\"mdjDate\"><a id=\"_Toc482008793\"><\/a>Vendredi 17 mars 2017<\/div>\n<div class=\"mdjTexte\">\u00ab\u00a0C\u2019est le chemin le plus important.\u00bb<\/div>\n<div class=\"mdjAuteur\">Michel Serres<\/div>\n<p><span style=\"color: #777777; font-family: Arial;\">Nous voil\u00e0 au bout de 15 mots du jour, tous inspir\u00e9s d&rsquo;une interview de moins d&rsquo;une heure de Michel Serres.<br \/>\n<\/span><\/p>\n<p><span style=\"color: #777777; font-family: Arial;\">Et Emmanuelle Dancourt demanda (41:25 de l&rsquo;<a href=\"https:\/\/www.youtube.com\/watch?v=LJ58JIeR7m8&amp;t=25s\"><span style=\"color: blue; text-decoration: underline;\">interview<\/span><\/a>) \u00e0 Michel Serres de r\u00e9agir \u00e0 cette phrase\u00a0:<br \/>\n<\/span><\/p>\n<p style=\"margin-left: 28pt;\"><span style=\"color: #c00000; font-family: Arial;\">\u00ab\u00a0Je suis le chemin, la v\u00e9rit\u00e9 et la vie.\u00a0\u00bb<br \/>\n<\/span><\/p>\n<p><span style=\"color: #777777; font-family: Arial;\">Cette phrase attribu\u00e9e au Christ et qui est \u00e9nonc\u00e9e au chapitre 14 verset 6 de l&rsquo;Evangile selon Jean, m&rsquo;apparait comme la phrase du totalitarisme religieux par excellence.<br \/>\n<\/span><\/p>\n<p><span style=\"color: #777777; font-family: Arial;\">Il n&rsquo;y a qu&rsquo;une v\u00e9rit\u00e9 dans ce monde-l\u00e0, la v\u00e9rit\u00e9 du dogme, la v\u00e9rit\u00e9 du fondateur r\u00e9el ou imaginaire.<br \/>\n<\/span><\/p>\n<p><span style=\"color: #777777; font-family: Arial;\">Cette phrase a \u00e9t\u00e9 enseign\u00e9e pendant des si\u00e8cles \u00e0 des milliards de chr\u00e9tiens. Pendant longtemps celles et ceux qui s&rsquo;\u00e9loignaient de ce chemin, de cette v\u00e9rit\u00e9 \u00e9taient pers\u00e9cut\u00e9s et souvent tu\u00e9s.<br \/>\n<\/span><\/p>\n<p><span style=\"color: #777777; font-family: Arial;\">J&rsquo;\u00e9tais curieux d&rsquo;entendre la r\u00e9ponse de Michel Serres, celui qui affirme qu&rsquo;il n&rsquo;y a pas qu&rsquo;une v\u00e9rit\u00e9.<br \/>\n<\/span><\/p>\n<p><span style=\"color: #777777; font-family: Arial;\">Et il m&rsquo;a \u00e0 nouveau surpris, en examinant cette phrase sous un tout autre angle\u00a0:<br \/>\n<\/span><\/p>\n<p style=\"margin-left: 28pt;\"><span style=\"color: #c00000; font-family: Arial;\"> \u00ab\u00a0Je crois que contrairement \u00e0 ce que l&rsquo;on croit, l&rsquo;important dans cette phrase est le mot chemin.<br \/>\n<\/span><\/p>\n<p style=\"margin-left: 28pt;\"><span style=\"color: #c00000; font-family: Arial;\">Nous avons parl\u00e9 des migrants. Nous sommes tout le temps en voyage. Et c&rsquo;est le mouvement du voyage qui produit la v\u00e9rit\u00e9. Et c&rsquo;est le mouvement du voyage qui r\u00e9v\u00e8le la vie.<br \/>\n<\/span><\/p>\n<p style=\"margin-left: 28pt;\"><span style=\"color: #c00000; font-family: Arial;\">Et je crois que le mot chemin est important\u00a0: Homo viator\u00a0\u00bb<br \/>\n<\/span><\/p>\n<p><span style=\"color: #777777; font-family: Arial;\">L&rsquo;\u00eatre humain est un \u00ab\u2009<a href=\"https:\/\/www.scienceshumaines.com\/homo-viator_fr_29145.html\"><span style=\"color: blue; text-decoration: underline;\">Homo viator<\/span><\/a>\u2009\u00bb, un \u00e9ternel itin\u00e9rant pouss\u00e9 \u00e0 quitter son sol natal pour aller toujours plus loin.<br \/>\n<\/span><\/p>\n<p style=\"margin-left: 28pt;\"><span style=\"color: #c00000; font-family: Arial;\">\u00ab\u00a0L&rsquo;homme est en train de voyager, l&rsquo;homme est toujours en train de bouger.<br \/>\n<\/span><\/p>\n<p style=\"margin-left: 28pt;\"><span style=\"color: #c00000; font-family: Arial;\">C&rsquo;est-\u00e0-dire que l&rsquo;homme n&rsquo;est pas\u00a0! il n&rsquo;est pas l\u00e0 \u2026 Il est toujours en dehors de lui, il est hors l\u00e0, il va quelque part. Il peut\u00a0! Il va quelque part.<br \/>\n<\/span><\/p>\n<p style=\"margin-left: 28pt;\"><span style=\"color: #c00000; font-family: Arial;\">Et je n&rsquo;ai pas fini ma route. Et cette route-l\u00e0, peu \u00e0 peu, fera ce qui sera ma v\u00e9rit\u00e9 si elle existe un jour. Mais ce sera certainement ma vie.<br \/>\n<\/span><\/p>\n<p style=\"margin-left: 28pt;\"><span style=\"color: #c00000; font-family: Arial;\"><strong>C&rsquo;est le chemin le plus important<\/strong>\u00a0\u00bb<br \/>\n<\/span><\/p>\n<p><img decoding=\"async\" src=\"https:\/\/lemotdujour.fr\/wp-content\/uploads\/2020\/01\/012320_2334_LundiXXdcem1.jpg\" alt=\"\" \/><span style=\"color: #777777; font-family: Arial;\">Dans un autre entretien, Michel Serres disait que vieillir, ce n&rsquo;\u00e9tait pas une descente comme la d\u00e9crivait certains mais bien un escalier o\u00f9 on montait, en apprenant chaque jour, en nous enrichissant de nouvelles connaissances et en nous d\u00e9laissant toujours davantage de ce qui est futile et inutile.<br \/>\n<\/span><\/p>\n<p><span style=\"color: #777777; font-family: Arial;\">Et si sur notre chemin, nous pouvons faire, de ci de l\u00e0, un peu de bien, ne nous en privons pas. Cela nous fait tellement de bien.<br \/>\n<\/span><\/p>\n<p><span style=\"color: #777777; font-family: Arial;\">La semaine prochaine, nous allons prendre un peu de repos avec Annie, pour nous ressourcer. Le prochain mot du jour est pr\u00e9vu le 27 mars 2017.<br \/>\n<\/span><\/p>\n<p><span style=\"color: #c00000; font-family: Arial;\">&lt;860&gt;<\/span><\/p>\n","protected":false},"excerpt":{"rendered":"<p>Vendredi 17 mars 2017 \u00ab\u00a0C\u2019est le chemin le plus important.\u00bb Michel Serres Nous voil\u00e0 au bout de 15 mots du jour, tous inspir\u00e9s d&rsquo;une interview de moins d&rsquo;une heure de Michel Serres. Et Emmanuelle Dancourt demanda (41:25 de l&rsquo;interview) \u00e0<\/p>\n","protected":false},"author":1,"featured_media":0,"comment_status":"closed","ping_status":"closed","sticky":false,"template":"","format":"standard","meta":{"footnotes":""},"categories":[1],"tags":[6],"class_list":["post-474","post","type-post","status-publish","format-standard","hentry","category-motdujour","tag-philosophie"],"_links":{"self":[{"href":"https:\/\/lemotdujour.fr\/index.php?rest_route=\/wp\/v2\/posts\/474","targetHints":{"allow":["GET"]}}],"collection":[{"href":"https:\/\/lemotdujour.fr\/index.php?rest_route=\/wp\/v2\/posts"}],"about":[{"href":"https:\/\/lemotdujour.fr\/index.php?rest_route=\/wp\/v2\/types\/post"}],"author":[{"embeddable":true,"href":"https:\/\/lemotdujour.fr\/index.php?rest_route=\/wp\/v2\/users\/1"}],"replies":[{"embeddable":true,"href":"https:\/\/lemotdujour.fr\/index.php?rest_route=%2Fwp%2Fv2%2Fcomments&post=474"}],"version-history":[{"count":4,"href":"https:\/\/lemotdujour.fr\/index.php?rest_route=\/wp\/v2\/posts\/474\/revisions"}],"predecessor-version":[{"id":7936,"href":"https:\/\/lemotdujour.fr\/index.php?rest_route=\/wp\/v2\/posts\/474\/revisions\/7936"}],"wp:attachment":[{"href":"https:\/\/lemotdujour.fr\/index.php?rest_route=%2Fwp%2Fv2%2Fmedia&parent=474"}],"wp:term":[{"taxonomy":"category","embeddable":true,"href":"https:\/\/lemotdujour.fr\/index.php?rest_route=%2Fwp%2Fv2%2Fcategories&post=474"},{"taxonomy":"post_tag","embeddable":true,"href":"https:\/\/lemotdujour.fr\/index.php?rest_route=%2Fwp%2Fv2%2Ftags&post=474"}],"curies":[{"name":"wp","href":"https:\/\/api.w.org\/{rel}","templated":true}]}}