{"id":4725,"date":"2018-05-15T00:11:11","date_gmt":"2018-05-14T22:11:11","guid":{"rendered":"http:\/\/lemotdujour.fr\/?p=4725"},"modified":"2022-06-29T16:34:26","modified_gmt":"2022-06-29T14:34:26","slug":"mardi-15-mai-2018","status":"publish","type":"post","link":"https:\/\/lemotdujour.fr\/?p=4725","title":{"rendered":"Mardi 15 mai 2018"},"content":{"rendered":"<div class=\"mdjTexte\">\u00ab&nbsp;Ce qui s\u2019est pass\u00e9 en 1968 dans le monde, en dehors de mai 68&nbsp;\u00bb<\/div>\n<div class=\"mdjAuteur\">Poursuite du butinage et des r\u00e9flexions autour de mai 1968<\/div>\n<p><span style=\"color: #777777; font-family: Arial;\">Le mot du jour d&rsquo;hier avait vocation \u00e0 montrer que le mai 1968 des \u00e9tudiants et de la jeunesse, n&rsquo;\u00e9taient pas que fran\u00e7ais. Il \u00e9tait aussi allemand, italien, espagnol, br\u00e9silien, tch\u00e9coslovaque, br\u00e9silien, mexicain.<br \/>\n<\/span><\/p>\n<p><span style=\"color: #777777; font-family: Arial;\">Mais que se passait-il d&rsquo;autres en 1968 qui n&rsquo;\u00e9tait pas le mouvement de mai 68&nbsp;?<br \/>\n<\/span><\/p>\n<p><img decoding=\"async\" class=\"alignleft\" src=\"https:\/\/lemotdujour.fr\/wp-content\/uploads\/2018\/05\/051318_2210_Mardi15mai21.jpg\" alt=\"\" align=\"left\"><span style=\"color: #777777; font-family: Arial;\">Il y avait la guerre du Viet-Nam, mais j&rsquo;y reviendrai par un article sp\u00e9cifique.<br \/>\n<\/span><\/p>\n<p><span style=\"color: #777777; font-family: Arial;\">En 1968, au Stanford Research Institue de Californie, dans le cadre de la premi\u00e8re vid\u00e9o conf\u00e9rence de l&rsquo;histoire, L&rsquo;ing\u00e9nieur Douglas C Engelbart exhibe un petit cube en bois. Le public, m\u00e9dus\u00e9, d\u00e9couvre un boitier capable de d\u00e9placer un pointeur sur l&rsquo;\u00e9cran de l&rsquo;ordinateur. L&rsquo;a\u00efeul <strong>de la souris<\/strong> allait r\u00e9volutionner l&rsquo;usage de l&rsquo;informatique.<br \/>\n<\/span><\/p>\n<p><span style=\"color: #777777; font-family: Arial;\">Gr\u00e2ce \u00e0 cette photo, vous voyez \u00e0 quoi cela ressemblait. <\/span><a href=\"https:\/\/lemotdujour.fr\/?p=2141\"><span style=\"font-family: Arial;\"><span style=\"color: #0000ff;\">&lt;Le mot du jour du 5 juillet 2013&gt;<\/span><\/span><\/a><span style=\"color: #777777; font-family: Arial;\"><span style=\"color: #0000ff;\">,<\/span> c\u00e9l\u00e9brait cette invention car 2 jours avant Douglas Engelbart \u00e9tait mort \u00e0 l&rsquo;\u00e2ge de 88 ans<br \/>\n<\/span><\/p>\n<p><span style=\"color: #777777; font-family: Arial;\">En f\u00e9vrier 1968, <span style=\"color: #0000ff;\"><a style=\"color: #0000ff;\" href=\"https:\/\/fr.wikipedia.org\/wiki\/Jeux_olympiques_d%27hiver_de_1968\">Grenoble accueillait les jeux Olympiques d&rsquo;hiver<\/a><\/span>, car \u00e0 cette \u00e9poque les jeux olympiques d&rsquo;Hiver et d&rsquo;\u00e9t\u00e9 avaient lieu la m\u00eame ann\u00e9e Olympique. La fin de l&rsquo;ann\u00e9e 1968 verrait les jeux olympiques d&rsquo;\u00e9t\u00e9 de Mexico.<br \/>\n<\/span><\/p>\n<p><span style=\"color: #777777; font-family: Arial;\">Lors de ces jeux Jean-Claude Killy gagna les trois m\u00e9dailles d&rsquo;or en descente, slalom sp\u00e9cial et slalom g\u00e9ant. Mais ces jeux comptaient 10 disciplines et 35 \u00e9preuves. Lors des derniers jeux d&rsquo;hiver, ceux de 2018 \u00e0 Pyeongchang en Cor\u00e9e du Sud, il y eut 15 disciplines et 102 \u00e9preuves. Constatant une certaine inflation permettant probablement un meilleur business.<br \/>\n<\/span><\/p>\n<p><span style=\"color: #777777; font-family: Arial;\">Pour les esprits curieux vous saurez que la derni\u00e8re ann\u00e9e olympique qui rassembla les jeux d&rsquo;hiver et d&rsquo;\u00e9t\u00e9 fut 1992 o\u00f9 les jeux d&rsquo;hiver eurent lieu \u00e0 Albertville et les jeux d&rsquo;\u00e9t\u00e9 \u00e0 Barcelone.<br \/>\n<\/span><\/p>\n<p><span style=\"color: #777777; font-family: Arial;\">C&rsquo;est aussi en 1968, en plein pendant les \u00e9v\u00e8nements, <span style=\"color: #0000ff;\"><a style=\"color: #0000ff;\" href=\"https:\/\/www.allodocteurs.fr\/actualite-sante---le-pere-boulogne-un-c-ur-pour-la-science_12644.html\">le 12 mai 1968 que le P\u00e8re Boulogne 57 ans, religieux, se voit greffer le c\u0153ur d&rsquo;un jeune douanier d\u00e9c\u00e9d\u00e9<\/a>.<\/span> C&rsquo;est la premi\u00e8re transplantation de c\u0153ur en France. La premi\u00e8re dans le monde fut r\u00e9alis\u00e9e par le professeur Christian Barnard en d\u00e9cembre 1967 en Afrique du Sud. Le 6 janvier ce sera au tour du Professeur Norman Shumway \u00e0 Stanford en Californie de pratiquer la premi\u00e8re greffe du c\u0153ur aux Etats-Unis.<br \/>\n<\/span><\/p>\n<p><span style=\"color: #777777; font-family: Arial;\">L&rsquo;op\u00e9ration en France avait \u00e9t\u00e9 dirig\u00e9e par le Professeur Charles Dubost et le c\u0153ur greff\u00e9 du P\u00e8re Boulogne battra pendant dix-sept mois et 5 jours.<br \/>\n<\/span><\/p>\n<p><img decoding=\"async\" class=\"alignright\" src=\"https:\/\/lemotdujour.fr\/wp-content\/uploads\/2018\/05\/051318_2210_Mardi15mai22.jpg\" alt=\"\" align=\"left\"><span style=\"color: #777777; font-family: Arial;\">Comment ne pas parler du \u00ab<span style=\"color: #0000ff;\">&nbsp;<a style=\"color: #0000ff;\" href=\"https:\/\/fr.wikipedia.org\/wiki\/Concorde_(avion)\">Concorde<\/a><\/span>&nbsp;\u00bb. L&rsquo;avion est pr\u00e9sent\u00e9 officiellement, le 11 d\u00e9cembre 1967. Il est ensuite pr\u00e9sent\u00e9 \u00e0 la population toulousaine le 28 janvier 1968. Le premier vol d&rsquo;essai de Concorde 001 eut lieu au-dessus de Toulouse, le 2 mars 1969<br \/>\n<\/span><\/p>\n<p><span style=\"color: #777777; font-family: Arial;\">Et puis peu avant No\u00ebl 1968, la NASA envoie <a href=\"https:\/\/fr.wikipedia.org\/wiki\/Apollo_8\"><span style=\"color: #0000ff;\">Apollo 8<\/span><\/a> faire le tour de la lune. Six mois plus tard, Neil Armstrong posera le premier pied humain sur le satellite de la terre, lors de la mission Apollo 11. Elle avait \u00e9t\u00e9 pr\u00e9c\u00e9d\u00e9 par <a href=\"https:\/\/fr.wikipedia.org\/wiki\/Apollo_7\"><span style=\"color: #0000ff;\">Apollo 7<\/span><\/a> (11 octobre 1968 &#8211; 22 octobre 1968) qui fut la premi\u00e8re mission habit\u00e9e du programme Apollo. Ce fut \u00e9galement la premi\u00e8re mission am\u00e9ricaine \u00e0 envoyer une \u00e9quipe de trois hommes dans l&rsquo;espace et la premi\u00e8re mission \u00e0 diffuser des images pour la t\u00e9l\u00e9vision.<br \/>\n<\/span><\/p>\n<p><span style=\"color: #777777; font-family: Arial;\">Nous \u00e9tions, en effet, en pleine conqu\u00eate spatiale. Mon butinage d&rsquo;aujourd&rsquo;hui nous rappelle \u00e0 quel rythme tr\u00e8s soutenu cette mission avan\u00e7ait, car avant Apollo 11, il y eut encore deux autres fus\u00e9es qui seront lanc\u00e9es, en quelques mois.<br \/>\n<\/span><\/p>\n<p><span style=\"color: #777777; font-family: Arial;\">Si maintenant on s&rsquo;int\u00e9resse aux \u0153uvres de l&rsquo;esprit :<br \/>\n<\/span><\/p>\n<p><span style=\"color: #777777; font-family: Arial;\">Le 8 mai 1968, Marguerite Yourcenar publie \u00ab&nbsp;<strong>L&rsquo;\u0152uvre au Noir<\/strong>&nbsp;\u00bb livre dans lequel elle cr\u00e9e un personnage fictif du XVI\u00e8me si\u00e8cle&nbsp;: Z\u00e9non auquel, selon l&rsquo;express du 10 juin 1968 qui pr\u00e9sente cet ouvrage, l&rsquo;\u00e9crivaine a pr\u00eat\u00e9 les traits d&rsquo;Erasme, de L\u00e9onard, de Paracelse, de Michel Servet, Campanella. Comme eux, il lutte contre la b\u00eatise, la routine et les pr\u00e9jug\u00e9s.<br \/>\n<\/span><\/p>\n<p><span style=\"color: #777777; font-family: Arial;\">L&rsquo;express du 22 juillet 1968 nous apprend que le grand \u00e9crivain Albert Cohen publie le troisi\u00e8me volet de sa trilogie consacr\u00e9e aux Solal&nbsp;: \u00ab&nbsp;<strong>Belle du Seigneur<\/strong>&nbsp;\u00bb<br \/>\n<\/span><\/p>\n<p><span style=\"color: #777777; font-family: Arial;\">L&rsquo;express du 16 d\u00e9cembre 1968 annonce la traduction et la parution en fran\u00e7ais de \u00ab&nbsp;<strong>Sexus<\/strong>&nbsp;\u00bb d&rsquo;Henry Miller, censur\u00e9 neuf ans durant. L&rsquo;article de l&rsquo;Express donne la parole \u00e0 Henry Miller&nbsp;: \u00ab&nbsp;<span style=\"color: #c00000;\">Le sujet de mes livres, ce n&rsquo;est pas le sexe, c&rsquo;est la lib\u00e9ration de soi&nbsp;<span style=\"color: #777777;\">\u00bb mais le journal de Servan Schreiber et Fran\u00e7oise Giroud ajoute&nbsp;: \u00ab&nbsp;<span style=\"color: #c00000;\">Sexus contient les pages les plus scabreuses d&rsquo;un auteur qui a franchi depuis longtemps le mur de la pornographie<span style=\"color: #777777;\">.<br \/>\n<\/span><\/span><\/span><\/span><\/span><\/p>\n<p><span style=\"color: #777777; font-family: Arial;\">Au cin\u00e9ma on trouve les sorties suivantes&nbsp;:<br \/>\n<\/span><\/p>\n<ul>\n<li><span style=\"color: #777777; font-family: Arial;\">8 mars 1968&nbsp;: <strong>Le bon, la brute et le truand<\/strong> de Sergio Leone&nbsp;;<br \/>\n<\/span><\/li>\n<li><span style=\"color: #777777; font-family: Arial;\">17 mars 1968&nbsp;<strong>: La mari\u00e9e \u00e9tait en noir<\/strong> de Fran\u00e7ois Truffaut avec Jeanne Moreau<br \/>\n<\/span><\/li>\n<li><span style=\"color: #777777; font-family: Arial;\">1<sup>er<\/sup> avril 1968, <strong>le bal des vampires<\/strong> de Roman Polanski avec dans le r\u00f4le principal son \u00e9pouse Sharon Tate qui sera assassin\u00e9e l&rsquo;ann\u00e9e suivante<br \/>\n<\/span><\/li>\n<li><span style=\"color: #777777; font-family: Arial;\">4 septembre 1968, <strong>le Laur\u00e9at<\/strong> qui r\u00e9v\u00e8le Dustin Hoffman et c\u00e9l\u00e8bre les amours post-adolescents (L&rsquo;express du 9 septembre 1968)<br \/>\n<\/span><\/li>\n<\/ul>\n<p><span style=\"color: #777777; font-family: Arial;\">Et surtout<br \/>\n<\/span><\/p>\n<ul>\n<li>\n<div><span style=\"color: #777777; font-family: Arial;\">Le 27 septembre 1968&nbsp;: <strong>2001 Odyss\u00e9e de l&rsquo;espace<\/strong> de Stanley Kubrick dans lequel l&rsquo;intelligence artificielle du robot qui avait pour nom \u00ab&nbsp;Hal&nbsp;\u00bb tentait de ne pas se faire d\u00e9brancher par l&rsquo;homme qui venait de constater qu&rsquo;il \u00e9tait en train de prendre des d\u00e9cisions contraires aux int\u00e9r\u00eats des humains.<br \/>\n<\/span><\/div>\n<\/li>\n<\/ul>\n<p><span style=\"color: #777777; font-family: Arial;\">Et puis il y a d&rsquo;autres choses qui se passent dans le monde qui sont moins r\u00e9jouissantes&nbsp;:<br \/>\n<\/span><\/p>\n<p><span style=\"color: #777777; font-family: Arial;\"><strong>D&rsquo;abord la r\u00e9volution culturelle en Chine.<br \/>\n<\/strong><\/span><\/p>\n<p><span style=\"color: #777777; font-family: Arial;\">Le 8 ao\u00fbt 1966, le comit\u00e9 central du parti communiste chinois avait \u00e9mis un projet de loi (sans doute r\u00e9dig\u00e9 par Mao) concernant les \u00ab&nbsp;d\u00e9cisions sur la grande r\u00e9volution culturelle prol\u00e9tarienne&nbsp;\u00bb. Ce texte constitue une forme de charte de la R\u00e9volution culturelle. La r\u00e9volution culturelle, un moment d&rsquo;une violence inou\u00efe, chaotique atteindra son apog\u00e9e en 1968.<br \/>\n<\/span><\/p>\n<p><span style=\"color: #777777; font-family: Arial;\">Parmi ceux ont fait mai 1968 en France, il y avait un nombre important de mao\u00efstes ou du moins des gens qui exprimaient une grande sympathie pour Mao. La Gauche Prol\u00e9tarienne \u00e9tait une des structures qui regroupaient ces militants : Benny L\u00e9vy, Alain Geismar, Serge July, G\u00e9rard Miller, Marin Karmitz, Andr\u00e9 Glucksmann, Daniel Rondeau, Olivier Roy etc.<br \/>\n<\/span><\/p>\n<p><a href=\"https:\/\/www.lexpress.fr\/actualite\/politique\/l-enfant-et-les-gardes-rouges_501532.html\"><span style=\"font-family: Arial;\"><span style=\"color: #0000ff;\">&lt;Dans cet article : L&rsquo;enfant et les gardes rouges&gt;<\/span><\/span><\/a><span style=\"color: #777777; font-family: Arial;\"> il est question de Xu Xing qui vit cette p\u00e9riode \u00e0 12 ans, s\u00e9par\u00e9 des siens et qui est devenu \u00e9crivain et r\u00e9alisateur. Il raconte la violence dont il a \u00e9t\u00e9 t\u00e9moin&nbsp;:<br \/>\n<\/span><\/p>\n<p style=\"margin-left: 28pt;\"><span style=\"color: #c00000; font-family: Arial;\"> \u00ab&nbsp;La violence \u00e9tait partout Surtout entre 1966 et 1968. Tous les jours, des maisons \u00e9taient mises \u00e0 sac. Lui est trop petit pour \u00eatre vis\u00e9 par les Gardes rouges. Et sa famille, envoy\u00e9e \u00e0 la campagne, \u00e9chappe \u00e0 l&rsquo;acharnement des petits soldats de Mao. Mais ma voisine a \u00e9t\u00e9 battue \u00e0 mort ou presque se souvient-il. Elle \u00e9tait propri\u00e9taire, dans ma ruelle d&rsquo;une grande cour. La porte \u00e9tait toujours ferm\u00e9e et elle ne se m\u00e9lait pas aux voisins. Un jour, un groupe de gardes rouges est entr\u00e9. Tout \u00e0 coup, on a entendu un cri terrifiant et ils ont fait sortir cette vieille femme, \u00e0 laquelle ils avaient coup\u00e9 les cheveux n&rsquo;importe comment. Ils l&rsquo;ont jet\u00e9e dans un triporteur et, debout, les gardes rouges la frappaient avec une ceinture en cuir. Son corps \u00e9tait couvert de sang\u2026Ses cris je m&rsquo;en souviens encore&nbsp;\u00bb.<br \/>\n<\/span><\/p>\n<p><span style=\"color: #777777; font-family: Arial;\">L&rsquo;autre drame, outre le Viet Nam, dans le monde en 1968 \u00e9tait <strong>la famine au Biafra<br \/>\n<\/strong><\/span><\/p>\n<p><span style=\"color: #777777; font-family: Arial;\">Il s&rsquo;agit d&rsquo;une <span style=\"color: #0000ff;\"><a style=\"color: #0000ff;\" href=\"https:\/\/fr.wikipedia.org\/wiki\/Guerre_du_Biafra\">guerre civile entre ethnies au Nigeria<\/a> <\/span>dont l&rsquo;origine plonge \u00e0 la fois dans les fronti\u00e8res artificielles et les antagonismes qui ont \u00e9t\u00e9 provoqu\u00e9s par les colonisateurs europ\u00e9ens. L&rsquo;ethnie des ibos, catholiques avaient longtemps \u00e9t\u00e9 privil\u00e9gi\u00e9s par les blancs. Au d\u00e9but de l&rsquo;ind\u00e9pendance du Nig\u00e9ria, cette ethnie tenait plut\u00f4t les leviers du pouvoir, mais minoritaire elle va bient\u00f4t \u00eatre rejet\u00e9e et faire l&rsquo;objet de massacres par les populations du nord, musulmanes, les Haoussas et les Fulanis. La population Ibos se retranche alors dans sa r\u00e9gion d&rsquo;origine qui va devenir le Biafra et va tenter par les armes d&rsquo;obtenir son ind\u00e9pendance. Mais le Biafra dirig\u00e9 par un chef intransigeant et rigide&nbsp;: le colonel Ojukwu l\u00e2ch\u00e9 par les occidentaux et les autres pays africains qui ne veulent pas remettre en cause les fronti\u00e8res de l&rsquo;Afrique, encercl\u00e9 et soumis \u00e0 un blocus par les troupes nig\u00e9rianes f\u00e9d\u00e9rales beaucoup plus nombreuses, va d&rsquo;abord mourir de faim avant que la r\u00e9bellion ne s&rsquo;\u00e9croule.<span style=\"color: #0000ff;\"> <a style=\"color: #0000ff;\" href=\"https:\/\/www.tdg.ch\/monde\/Biafra-la-famine-qui-a-emu-le-monde\/story\/28810081\">Un article d&rsquo;un journal suisse<\/a><\/span> essaye d&rsquo;expliquer la complexit\u00e9 de ce conflit et l&rsquo;utilisation de la famine comme ultime arme de communication du colonel Ojukwu pour essayer d&rsquo;obtenir l&rsquo;ind\u00e9pendance.<br \/>\n<\/span><\/p>\n<p><span style=\"color: #777777; font-family: Arial;\">Les images sont insoutenables. Il suffit de chercher sur un moteur de recherche \u00ab&nbsp;famine Biafra&nbsp;\u00bb pour en trouver de nombreuses.<br \/>\n<\/span><\/p>\n<p><span style=\"color: #777777; font-family: Arial;\">C&rsquo;est lors de ce conflit que les premi\u00e8res organisations humanitaires vont na\u00eetre, des m\u00e9decins dont Bernard Kouchner le plus m\u00e9diatique d&rsquo;entre eux vont d&rsquo;abord sous l&rsquo;\u00e9gide de la Croix Rouge se rendre sur ce territoire o\u00f9 agonise un peuple et en r\u00e9action cr\u00e9er \u00ab&nbsp;m\u00e9decins sans fronti\u00e8res&nbsp;\u00bb puis d&rsquo;autres ONG analogues.<br \/>\n<\/span><\/p>\n<p><span style=\"color: #777777; font-family: Arial;\">Voil\u00e0 ce qui se passait dans le monde en 1968 pendant que les \u00e9tudiants fran\u00e7ais \u00e9crivaient des slogans sur les murs comme&nbsp;: \u00ab&nbsp;Sous les pav\u00e9s, la plage&nbsp;\u00bb. Il est vrai que Romain Goupil&nbsp;avec Daniel Cohn-Bendit, <span style=\"color: #0000ff;\"><a style=\"color: #0000ff;\" href=\"https:\/\/www.franceinter.fr\/emissions\/l-invite-de-8h20-le-grand-entretien\/l-invite-de-8h20-le-grand-entretien-14-mai-2018\">invit\u00e9 par France Inter, hier le 14 mai,<\/a><\/span>&nbsp; pour leur film, pr\u00e9sent\u00e9 \u00e0 Cannes, \u00ab<a href=\"https:\/\/www.vanityfair.fr\/pouvoir\/politique\/story\/cohn-bendit-goupil-macron-trois-hommes-et-deux-generations-dans-un-road-movie\/2099#1\"><span style=\"color: #0000ff;\">la travers\u00e9e<\/span><\/a>\u00bb et pr\u00e9sentant la France d&rsquo;aujourd&rsquo;hui, a transform\u00e9 ce slogan au cours de l&rsquo;\u00e9mission en disant : \u00ab&nbsp;Sous les pav\u00e9s, les sages \u00bb. Car il reconnaissait qu&rsquo;en 1968 il \u00e9tait sectaire, bolchevique et gauchiste. Ce documentaire sera diffus\u00e9 le 21 mai \u00e0 20h50 sur France 5.<br \/>\n<\/span><\/p>\n<p><span style=\"color: #777777; font-family: Arial;\"><em><img loading=\"lazy\" decoding=\"async\" class=\"size-medium wp-image-4734 alignleft\" src=\"https:\/\/lemotdujour.fr\/wp-content\/uploads\/2018\/05\/L_Odeon-est-occup\u00e9-211x300.jpg\" alt=\"\" width=\"211\" height=\"300\" srcset=\"https:\/\/lemotdujour.fr\/wp-content\/uploads\/2018\/05\/L_Odeon-est-occup\u00e9-211x300.jpg 211w, https:\/\/lemotdujour.fr\/wp-content\/uploads\/2018\/05\/L_Odeon-est-occup\u00e9.jpg 352w\" sizes=\"auto, (max-width: 211px) 100vw, 211px\" \/><\/em><\/span><\/p>\n<p>&nbsp;<\/p>\n<p>&nbsp;<\/p>\n<p><span style=\"color: #777777; font-family: Arial;\"><em>A Paris, le 15 mai 1968, le Th\u00e9\u00e2tre de l&rsquo;Od\u00e9on est occup\u00e9.<br \/>\n<\/em><\/span><\/p>\n<p>&nbsp;<\/p>\n<p>&nbsp;<\/p>\n<p>&nbsp;<\/p>\n<p>&nbsp;<\/p>\n<p>&nbsp;<\/p>\n<p><span style=\"color: #800000;\">&lt;1069&gt;<\/span><\/p>\n","protected":false},"excerpt":{"rendered":"<p>\u00ab&nbsp;Ce qui s\u2019est pass\u00e9 en 1968 dans le monde, en dehors de mai 68&nbsp;\u00bb Poursuite du butinage et des r\u00e9flexions autour de mai 1968 Le mot du jour d&rsquo;hier avait vocation \u00e0 montrer que le mai 1968 des \u00e9tudiants et<\/p>\n","protected":false},"author":1,"featured_media":0,"comment_status":"open","ping_status":"closed","sticky":false,"template":"","format":"standard","meta":{"footnotes":""},"categories":[1],"tags":[17,18,39],"class_list":["post-4725","post","type-post","status-publish","format-standard","hentry","category-motdujour","tag-histoire","tag-international","tag-jeunesse"],"_links":{"self":[{"href":"https:\/\/lemotdujour.fr\/index.php?rest_route=\/wp\/v2\/posts\/4725","targetHints":{"allow":["GET"]}}],"collection":[{"href":"https:\/\/lemotdujour.fr\/index.php?rest_route=\/wp\/v2\/posts"}],"about":[{"href":"https:\/\/lemotdujour.fr\/index.php?rest_route=\/wp\/v2\/types\/post"}],"author":[{"embeddable":true,"href":"https:\/\/lemotdujour.fr\/index.php?rest_route=\/wp\/v2\/users\/1"}],"replies":[{"embeddable":true,"href":"https:\/\/lemotdujour.fr\/index.php?rest_route=%2Fwp%2Fv2%2Fcomments&post=4725"}],"version-history":[{"count":10,"href":"https:\/\/lemotdujour.fr\/index.php?rest_route=\/wp\/v2\/posts\/4725\/revisions"}],"predecessor-version":[{"id":13695,"href":"https:\/\/lemotdujour.fr\/index.php?rest_route=\/wp\/v2\/posts\/4725\/revisions\/13695"}],"wp:attachment":[{"href":"https:\/\/lemotdujour.fr\/index.php?rest_route=%2Fwp%2Fv2%2Fmedia&parent=4725"}],"wp:term":[{"taxonomy":"category","embeddable":true,"href":"https:\/\/lemotdujour.fr\/index.php?rest_route=%2Fwp%2Fv2%2Fcategories&post=4725"},{"taxonomy":"post_tag","embeddable":true,"href":"https:\/\/lemotdujour.fr\/index.php?rest_route=%2Fwp%2Fv2%2Ftags&post=4725"}],"curies":[{"name":"wp","href":"https:\/\/api.w.org\/{rel}","templated":true}]}}