{"id":472,"date":"2017-03-16T01:00:00","date_gmt":"2017-03-15T22:00:00","guid":{"rendered":"http:\/\/lemotdujour.fr\/?p=472"},"modified":"2023-08-15T01:17:37","modified_gmt":"2023-08-14T23:17:37","slug":"jeudi-16-mars-2017","status":"publish","type":"post","link":"https:\/\/lemotdujour.fr\/?p=472","title":{"rendered":"Jeudi 16 mars 2017"},"content":{"rendered":"<div class=\"mdjDate\"><a id=\"_Toc482008792\"><\/a>Jeudi 16 mars 2017<\/div>\n<div class=\"mdjTexte\">\u00ab\u00a0Il n\u2019y a pas qu\u2019une v\u00e9rit\u00e9. Il y a des milliards de v\u00e9rit\u00e9\u00bb<\/div>\n<div class=\"mdjAuteur\">Michel Serres<\/div>\n<p><span style=\"color: #777777; font-family: Arial;\">Tout \u00e0 la fin <span style=\"color: #0000ff;\"><a style=\"color: #0000ff;\" href=\"https:\/\/www.youtube.com\/watch?v=LJ58JIeR7m8&amp;t=25s\">de l&rsquo;entretien<\/a><\/span> (44:00), Emmanuelle Dancourt demande \u00e0 Michel Serres\u00a0:<br \/>\n<\/span><\/p>\n<p style=\"margin-left: 28pt;\"><span style=\"color: #c00000; font-family: Arial;\">\u00ab\u00a0Pourquoi prenez-vous la nuit \u00e9toil\u00e9e comme le mod\u00e8le de notre savoir, alors que moi j&rsquo;\u00e9tais rest\u00e9e \u00e0 la caverne de Platon.\u00a0\u00bb<br \/>\n<\/span><\/p>\n<p><span style=\"color: #777777; font-family: Arial;\">C&rsquo;est, en effet, \u00a0dans un ouvrage pr\u00e9c\u00e9dent \u00ab\u00a0 <span style=\"color: #0000ff;\"><a style=\"color: #0000ff;\" href=\"http:\/\/lemotetlachose.blog.lemonde.fr\/2014\/12\/06\/yeux-michel-serres-editions-le-pommier\/\">Yeux<\/a>\u00a0<\/span>\u00bb que Michel Serres a d\u00e9velopp\u00e9 cette contre-proposition \u00e0 la Caverne de Platon<br \/>\n<\/span><\/p>\n<p><span style=\"color: #777777; font-family: Arial;\">On se rappelle que selon cette all\u00e9gorie, tr\u00e8s importante dans la pens\u00e9e occidentale, les humains \u00a0sont enferm\u00e9s dans une caverne et observent, sur une paroi, des ombres bouger. L&rsquo;un d&rsquo;eux s&rsquo;\u00e9chappe et d\u00e9couvre la v\u00e9rit\u00e9 \u00e0 la lumi\u00e8re du Soleil. Dans cette vision, \u00ab\u00a0la v\u00e9rit\u00e9\u00a0\u00bb se trouve en plein jour, le soleil est la v\u00e9rit\u00e9 et il n&rsquo;y en a qu&rsquo;une.<br \/>\n<\/span><\/p>\n<p><span style=\"color: #777777; font-family: Arial;\">Mais selon Michel Serres\u00a0:<br \/>\n<\/span><\/p>\n<p style=\"margin-left: 28pt;\"><span style=\"color: #c00000; font-family: Arial;\">\u00abLa nuit est le mod\u00e8le de notre savoir, pas le jour\u00a0\u00bb<br \/>\n<\/span><\/p>\n<p><span style=\"color: #777777; font-family: Arial;\">Alors quand Emmanuelle Dancourt repose sa question\u00a0:<br \/>\n<\/span><\/p>\n<p style=\"margin-left: 28pt;\"><span style=\"color: #c00000; font-family: Arial;\">\u00ab\u00a0Pourquoi vous faites-nous lever les yeux vers la nuit \u00e9toil\u00e9e pour trouver la v\u00e9rit\u00e9\u00a0?\u00a0\u00bb.<br \/>\n<\/span><\/p>\n<p><span style=\"color: #777777; font-family: Arial;\">Michel Serres r\u00e9pond\u00a0:<br \/>\n<\/span><\/p>\n<p style=\"margin-left: 28pt;\"><img loading=\"lazy\" decoding=\"async\" class=\"alignleft\" src=\"https:\/\/lemotdujour.fr\/wp-content\/uploads\/2020\/01\/012320_2327_LundiXXdcem1.jpg\" alt=\"\" width=\"308\" height=\"308\" align=\"left\" \/><span style=\"color: #c00000; font-family: Arial;\">\u00ab\u00a0Pour deux raisons :<br \/>\n<\/span><\/p>\n<p style=\"margin-left: 28pt;\"><span style=\"color: #c00000; font-family: Arial;\">1\u00b0 Si on prend le soleil et la journ\u00e9e comme mod\u00e8le de la v\u00e9rit\u00e9. Il n&rsquo;y a qu&rsquo;une v\u00e9rit\u00e9, c&rsquo;est le soleil. Et ce n&rsquo;est pas vrai ! Il n&rsquo;y a pas qu&rsquo;une v\u00e9rit\u00e9 !<br \/>\n<\/span><\/p>\n<p style=\"margin-left: 28pt;\"><span style=\"color: #c00000; font-family: Arial;\">Il y a des milliards de v\u00e9rit\u00e9, et ces milliards de v\u00e9rit\u00e9 sont repr\u00e9sent\u00e9s par le ciel \u00e9toil\u00e9, par la totalit\u00e9 des constellations.<br \/>\n<\/span><\/p>\n<p style=\"margin-left: 28pt;\"><span style=\"color: #c00000; font-family: Arial;\">2\u00b0 Et d&rsquo;autre part si vous prenez la journ\u00e9e et le soleil comme mod\u00e8le de connaissance, il n&rsquo;y a pas de non-connaissance. Donc il n&rsquo;y a pas de progr\u00e8s, la connaissance vous est donn\u00e9e d&rsquo;un coup !<br \/>\n<\/span><\/p>\n<p style=\"margin-left: 28pt;\"><span style=\"color: #c00000; font-family: Arial;\">Tandis ce que dans la nuit, tous ces milliards de v\u00e9rit\u00e9 sont sur un fond noir. Et ce fond noir c&rsquo;est ce vers quoi je vais, pour essayer de comprendre.<br \/>\n<\/span><\/p>\n<p style=\"margin-left: 28pt;\"><span style=\"color: #c00000; font-family: Arial;\">Donc il y a du non savoir qui me promet encore un savoir nouveau.<br \/>\n<\/span><\/p>\n<p style=\"margin-left: 28pt;\"><span style=\"color: #c00000; font-family: Arial;\">C&rsquo;est pourquoi le vrai mod\u00e8le de la connaissance, c&rsquo;est vraiment la nuit \u00e9toil\u00e9e et pas le jour.<br \/>\n<\/span><\/p>\n<p style=\"margin-left: 28pt;\"><span style=\"color: #c00000; font-family: Arial;\">Le jour s&rsquo;appelle l&rsquo;id\u00e9ologie. Et l&rsquo;id\u00e9ologie peut \u00eatre cruelle, elle peut-\u00eatre affreuse.<br \/>\n<\/span><\/p>\n<p style=\"margin-left: 28pt;\"><span style=\"color: #c00000; font-family: Arial;\">Le fait qu&rsquo;il y ait qu&rsquo;une v\u00e9rit\u00e9 est abominable. Cela s&rsquo;appelle l&rsquo;int\u00e9grisme !<br \/>\n<\/span><\/p>\n<p style=\"margin-left: 28pt;\"><span style=\"color: #c00000; font-family: Arial;\">Et au nom de l&rsquo;int\u00e9grisme, on tue, on massacre ! Alors qu&rsquo;il y a des milliards de v\u00e9rit\u00e9.<br \/>\n<\/span><\/p>\n<p style=\"margin-left: 28pt;\"><span style=\"color: #c00000; font-family: Arial;\">On ne comprend pas, on n&rsquo;estime pas assez l&rsquo;avantage qu&rsquo;a eu la religion chr\u00e9tienne, d&rsquo;avoir eu \u00e0 se battre, sans arr\u00eat depuis des si\u00e8cles contre Galil\u00e9e, contre Giordano Bruno, contre Darwin.<br \/>\n<\/span><\/p>\n<p style=\"margin-left: 28pt;\"><span style=\"color: #c00000; font-family: Arial;\">Et peu \u00e0 peu elle a d\u00fb reculer et a d\u00fb s&rsquo;apercevoir que Oui le soleil est au centre du syst\u00e8me solaire, oui il y a des fossiles etc\u2026Elle a d\u00fb feuilleter sa v\u00e9rit\u00e9. Elle est arriv\u00e9e \u00e0 dire : Oui il y a des v\u00e9rit\u00e9s. [\u2026] Il y a un feuilletage de la v\u00e9rit\u00e9, c&rsquo;est-\u00e0-dire le ciel \u00e9toil\u00e9.<br \/>\n<\/span><\/p>\n<p style=\"margin-left: 28pt;\"><span style=\"color: #c00000; font-family: Arial;\">Il s&rsquo;agit d&rsquo;un progr\u00e8s gigantesque.<br \/>\n<\/span><\/p>\n<p style=\"margin-left: 28pt;\"><span style=\"color: #c00000; font-family: Arial;\">Les religions qui n&rsquo;ont pas eu \u00e0 se battre contre la science, n&rsquo;ont gard\u00e9 qu&rsquo;une seule v\u00e9rit\u00e9 et c&rsquo;est pour \u00e7a qu&rsquo;elles tuent. \u00bb<br \/>\n<\/span><\/p>\n<p><span style=\"color: #777777; font-family: Arial;\">R\u00e9gis Debray avait eu ce mot qui m&rsquo;a beaucoup marqu\u00e9 :<br \/>\n<\/span><\/p>\n<p style=\"margin-left: 28pt;\"><span style=\"color: #c00000; font-family: Arial;\">\u00ab\u00a0\u00bbLes religions monoth\u00e9istes ont li\u00e9 la notion de croyance et la notion de v\u00e9rit\u00e9 et \u00e7a c&rsquo;est de la dynamite !\u00a0\u00bb<br \/>\n<\/span><\/p>\n<p><span style=\"color: #777777; font-family: Arial;\">Vu \u00e0 l&rsquo;aune de ces r\u00e9flexions le passage du polyth\u00e9isme au monoth\u00e9isme ne fut pas forc\u00e9ment un progr\u00e8s pour l&rsquo;homme\u00a0!<br \/>\n<\/span><\/p>\n<p><span style=\"color: #800000; font-family: Arial;\">&lt;859&gt;<\/span><\/p>\n","protected":false},"excerpt":{"rendered":"<p>Jeudi 16 mars 2017 \u00ab\u00a0Il n\u2019y a pas qu\u2019une v\u00e9rit\u00e9. Il y a des milliards de v\u00e9rit\u00e9\u00bb Michel Serres Tout \u00e0 la fin de l&rsquo;entretien (44:00), Emmanuelle Dancourt demande \u00e0 Michel Serres\u00a0: \u00ab\u00a0Pourquoi prenez-vous la nuit \u00e9toil\u00e9e comme le mod\u00e8le<\/p>\n","protected":false},"author":1,"featured_media":0,"comment_status":"closed","ping_status":"closed","sticky":false,"template":"","format":"standard","meta":{"footnotes":""},"categories":[1],"tags":[6,212],"class_list":["post-472","post","type-post","status-publish","format-standard","hentry","category-motdujour","tag-philosophie","tag-spiritualite"],"_links":{"self":[{"href":"https:\/\/lemotdujour.fr\/index.php?rest_route=\/wp\/v2\/posts\/472","targetHints":{"allow":["GET"]}}],"collection":[{"href":"https:\/\/lemotdujour.fr\/index.php?rest_route=\/wp\/v2\/posts"}],"about":[{"href":"https:\/\/lemotdujour.fr\/index.php?rest_route=\/wp\/v2\/types\/post"}],"author":[{"embeddable":true,"href":"https:\/\/lemotdujour.fr\/index.php?rest_route=\/wp\/v2\/users\/1"}],"replies":[{"embeddable":true,"href":"https:\/\/lemotdujour.fr\/index.php?rest_route=%2Fwp%2Fv2%2Fcomments&post=472"}],"version-history":[{"count":6,"href":"https:\/\/lemotdujour.fr\/index.php?rest_route=\/wp\/v2\/posts\/472\/revisions"}],"predecessor-version":[{"id":7932,"href":"https:\/\/lemotdujour.fr\/index.php?rest_route=\/wp\/v2\/posts\/472\/revisions\/7932"}],"wp:attachment":[{"href":"https:\/\/lemotdujour.fr\/index.php?rest_route=%2Fwp%2Fv2%2Fmedia&parent=472"}],"wp:term":[{"taxonomy":"category","embeddable":true,"href":"https:\/\/lemotdujour.fr\/index.php?rest_route=%2Fwp%2Fv2%2Fcategories&post=472"},{"taxonomy":"post_tag","embeddable":true,"href":"https:\/\/lemotdujour.fr\/index.php?rest_route=%2Fwp%2Fv2%2Ftags&post=472"}],"curies":[{"name":"wp","href":"https:\/\/api.w.org\/{rel}","templated":true}]}}