{"id":4701,"date":"2018-05-11T00:10:57","date_gmt":"2018-05-10T22:10:57","guid":{"rendered":"http:\/\/lemotdujour.fr\/?p=4701"},"modified":"2022-06-29T16:30:26","modified_gmt":"2022-06-29T14:30:26","slug":"vendredi-11-mai-2018","status":"publish","type":"post","link":"https:\/\/lemotdujour.fr\/?p=4701","title":{"rendered":"Vendredi 11 mai 2018"},"content":{"rendered":"<div class=\"mdjTexte\">\u00ab&nbsp;Heb&rsquo;di&nbsp;\u00bb<\/div>\n<div class=\"mdjAuteur\">\u00ab&nbsp;Accroche-toi&nbsp;\u00bb, journal alsacien qui a mis en ligne l&rsquo;\u00e9change entre le Samu de Strasbourg et Naomi Musenga<\/div>\n<p><span style=\"color: #777777; font-family: Arial;\">A moins que vous ayez d\u00e9cid\u00e9 de vous isoler de toutes informations et de tous m\u00e9dias, il n&rsquo;est pas possible que vous ignoriez le destin tragique de Naomi Musenga qui a appel\u00e9 le Samu de Strasbourg en se sentant mourir et qui au lieu d&rsquo;\u00eatre prise en charge, a fait l&rsquo;objet de moqueries au t\u00e9l\u00e9phone et a \u00e9t\u00e9 abandonn\u00e9e \u00e0 son sort. Quand quelques heures plus tard elle a enfin \u00e9t\u00e9 amen\u00e9e \u00e0 l&rsquo;h\u00f4pital public, elle est morte d&rsquo;une h\u00e9morragie interne.<br \/>\n<\/span><\/p>\n<p><img decoding=\"async\" class=\"alignleft\" src=\"https:\/\/lemotdujour.fr\/wp-content\/uploads\/2018\/05\/051018_1748_Vendredi11m1.jpg\" alt=\"\" align=\"left\"><span style=\"color: #777777; font-family: Arial;\">Avant de continuer, une photo, tant il est vrai que lorsqu&rsquo;on voit une image de cette jeune femme rayonnante, on per\u00e7oit une part encore plus grande d&#8217;empathie.<br \/>\n<\/span><\/p>\n<p><span style=\"color: #777777; font-family: Arial;\">Ce drame a eu lieu le vendredi 29 d\u00e9cembre 2017, et on n&rsquo;en parle qu&rsquo;aujourd&rsquo;hui, <strong>6 mois apr\u00e8s<\/strong>&nbsp;!<br \/>\n<\/span><\/p>\n<p><span style=\"color: #777777; font-family: Arial;\">Le journal <span style=\"color: #0000ff;\"><a style=\"color: #0000ff;\" href=\"http:\/\/www.lemonde.fr\/les-decodeurs\/article\/2018\/05\/08\/moquee-par-le-samu-une-jeune-strasbourgeoise-meurt-peu-apres-l-enregistrement-est-vrai_5296033_4355770.html\">\u00ab&nbsp;LE MONDE&nbsp;\u00bb<\/a><\/span> publie un communiqu\u00e9 des h\u00f4pitaux Universitaires de Strasbourg <strong>le 3 mai 2018 <\/strong>dans lequel on peut lire&nbsp;:<br \/>\n<\/span><\/p>\n<p style=\"margin-left: 28pt;\"><span style=\"color: #c00000; font-family: Arial;\">\u00ab&nbsp;La Direction g\u00e9n\u00e9rale des H\u00f4pitaux Universitaires de Strasbourg a pris connaissance vendredi 27 avril, d&rsquo;un article paru dans le journal Heb&rsquo;di, relatif aux conditions de traitement d&rsquo;un appel r\u00e9ceptionn\u00e9 au SAMU 67.<br \/>\n<\/span><\/p>\n<p style=\"margin-left: 28pt;\"><span style=\"color: #c00000; font-family: Arial;\">Avant toute chose, les HUS s&rsquo;associent \u00e0 la peine de la famille et des proches de la patiente et leur pr\u00e9sentent leurs sinc\u00e8res condol\u00e9ances.<br \/>\n<\/span><\/p>\n<p style=\"margin-left: 28pt;\"><span style=\"color: #c00000; font-family: Arial;\">Les HUS diligentent dans la foul\u00e9e une enqu\u00eate administrative destin\u00e9e \u00e0 faire toute la lumi\u00e8re sur les faits relat\u00e9s dans l&rsquo;article&nbsp;\u00bb<br \/>\n<\/span><\/p>\n<p><span style=\"color: #777777; font-family: Arial;\">Car c&rsquo;est bien un tout petit journal alsacien, lanceur d&rsquo;alerte, qui a eu de la compassion et a fait confiance \u00e0 la famille de Naomi Musenga pour faire \u00e9clater cette histoire 6 mois apr\u00e8s les faits.<br \/>\n<\/span><\/p>\n<p><span style=\"color: #777777; font-family: Arial;\">Aujourd&rsquo;hui tout le monde s&rsquo;\u00e9meut de cette histoire, mais au-del\u00e0 du d\u00e9rapage de deux op\u00e9ratrices (la premi\u00e8re des sapeurs-pompiers qui passe la communication \u00e0 l&rsquo;op\u00e9ratrice du samu) plante un d\u00e9cor de suspicion et de moquerie&nbsp;:<br \/>\n<\/span><\/p>\n<p style=\"margin-left: 28pt;\"><span style=\"color: #c00000; font-family: Arial;\">&nbsp;\u00ab\u00a0Elle m&rsquo;a dit qu&rsquo;elle &lsquo;va mourir&rsquo;.&nbsp;Elle a 22 ans, elle a des douleurs au ventre, (&#8230;) elle a de la fi\u00e8vre, et &lsquo;elle va mourir&rsquo; \u00ab\u00a0,<br \/>\n<\/span><\/p>\n<p><span style=\"color: #777777; font-family: Arial;\">Tout cela dit sur un ton manifestement incr\u00e9dule et la seconde op\u00e9ratrice va continuer dans ce sens.<br \/>\n<\/span><\/p>\n<p><span style=\"color: #777777; font-family: Arial;\">J&rsquo;ai d\u00e9couvert l&rsquo;existence, le r\u00f4le et aussi les difficult\u00e9s de ce petit journal Hebdi par <a href=\"https:\/\/www.franceinter.fr\/emissions\/la-revue-de-presse\/la-revue-de-presse-09-mai-2018\"><span style=\"color: #0000ff;\">la revue de presse de France Inter du 9 mai 2018<\/span><\/a> qui va un peu plus loin dans l&rsquo;interrogation&nbsp;:<br \/>\n<\/span><\/p>\n<p style=\"margin-left: 28pt;\"><span style=\"color: #c00000; font-family: Arial;\">\u00ab&nbsp;Naomi Musenga qui appelait le Samu de Strasbourg &nbsp;le 29 d\u00e9cembre dernier parce qu&rsquo;elle se sentait mourir, et elle est morte effectivement, apr\u00e8s avoir \u00e9t\u00e9 moqu\u00e9e et retard\u00e9e par l&rsquo;op\u00e9ratrice de la plateforme d&rsquo;urgence&#8230;<br \/>\n<\/span><\/p>\n<p style=\"margin-left: 28pt;\"><span style=\"color: #c00000; font-family: Arial;\">\u00ab\u00a0Le scandale qui secoue le Samu\u00a0\u00bb est la Une du Parisien, qui rappelle que Naomi n&rsquo;est pas seule \u00e0 avoir \u00e9t\u00e9 maltrait\u00e9e en urgence, Thomas en t\u00e9moigne qui fut amput\u00e9 de la jambe droite apr\u00e8s avoir \u00e9t\u00e9 invit\u00e9 \u00e0 r\u00e9duire lui-m\u00eame sa fracture avant d&rsquo;aller \u00e0 l&rsquo;h\u00f4pital.<br \/>\n<\/span><\/p>\n<p style=\"margin-left: 28pt;\"><span style=\"color: #c00000; font-family: Arial;\">Mais pour que toute cette compr\u00e9hension nous arrive, il a fallu d&rsquo;abord que l&rsquo;on entende la voix de Naomi parlant &nbsp;au Samu, &nbsp;et il a fallu qu&rsquo;un journal le publie en premier&#8230; Il s&rsquo;appelle Heb&rsquo;di, ce qui est un jeu de mots, heb&rsquo;di signifie accroche-toi en alsacien&#8230; &nbsp;Journal impoli, de dessins caustiques et de papiers f\u00e2ch\u00e9s, et un mensuel qui dans sa derni\u00e8re \u00e9dition d\u00e9non\u00e7ait l&rsquo;agonie d&rsquo;un centre anti cancer \u00e0 Strasbourg&#8230; Heb&rsquo;di avait mis en ligne l&rsquo;enregistrement de Naomi le 27 avril<strong>&#8230; Il a fallu plus de dix jours que le scoop des dissidents devienne un scandale confirm\u00e9 et authentifi\u00e9 par les media l\u00e9gitimes&#8230;<\/strong><br \/>\n<\/span><\/p>\n<p style=\"margin-left: 28pt;\"><span style=\"color: #c00000; font-family: Arial;\">Mais qui est l\u00e9gitime? Heb&rsquo;di est &nbsp;port\u00e9 par son fondateur Thierry Hans&#8230; Un ancien \u00e9lectricien pass\u00e9 \u00e0 la presse parce que les journaux qu&rsquo;il lisait ne le satisfaisaient pas&#8230; il a lanc\u00e9 Heb&rsquo;di en autoentrepreneur et le maintient en d\u00e9pit des banques&#8230; &nbsp;Il a racont\u00e9 tout cela sur un site, capital investissement, consacr\u00e9 aux PME&#8230; &nbsp;&nbsp;Car Heb&rsquo;di ne va pas bien et p\u00e9titionne pour vivre, il reste 75 jours pour sauver le journal qui nous a fait connaitre l&rsquo;agonie de Naomi&#8230;<br \/>\n<\/span><\/p>\n<p style=\"margin-left: 28pt;\"><span style=\"color: #c00000; font-family: Arial;\">Et c&rsquo;est donc une histoire de journalisme aussi que l&rsquo;on raconte ce matin, quand les grands journaux veulent \u00e9clairer l&rsquo;inqui\u00e9tante obscurit\u00e9 de la plan\u00e8te&#8230;&nbsp;\u00bb<br \/>\n<\/span><\/p>\n<p><span style=\"color: #777777; font-family: Arial;\">C&rsquo;est donc <strong>Heb&rsquo;di<\/strong> qui sur <a href=\"https:\/\/www.hebdi.com\/operatrices-samu-se-moquent-de-naomi-jeune-maman-decede-quelques-heures-plus-tard-enregistrement\/\">&lt;<span style=\"color: #0000ff;\">cette page<\/span>&gt;<\/a> va publier l&rsquo;enregistrement audio et va r\u00e9v\u00e9ler cette affaire incroyable&nbsp;:<br \/>\n<\/span><\/p>\n<p style=\"margin-left: 28pt;\"><span style=\"color: #c00000; font-family: Arial;\">\u00ab&nbsp;Le 29 d\u00e9cembre 2017, 11 heures. Prise de tr\u00e8s fortes douleurs, Naomi, \u00e0 bout de force appelle le SAMU de Strasbourg.<br \/>\n<\/span><\/p>\n<p style=\"margin-left: 28pt;\"><span style=\"color: #c00000; font-family: Arial;\">Comme l&rsquo;indique l&rsquo;enregistrement les deux op\u00e9ratrices, manifestement de bonne humeur, ricanent. Elles ont un comportement \u00e9tonnant, moqueur voire m\u00e9chant.<br \/>\n<\/span><\/p>\n<p style=\"margin-left: 28pt;\"><span style=\"color: #c00000; font-family: Arial;\">Elles ne donnent pas suite \u00e0 la demande d&rsquo;assistance de la jeune femme, qui est renvoy\u00e9e vers SOS-M\u00e9decins\u2026.<br \/>\n<\/span><\/p>\n<p style=\"margin-left: 28pt;\"><span style=\"color: #c00000; font-family: Arial;\">La jeune femme de 22 ans arrivera \u00e0 contacter SOS-M\u00e9decins, qui demande\u2026 au SAMU d&rsquo;intervenir !<br \/>\n<\/span><\/p>\n<p style=\"margin-left: 28pt;\"><span style=\"color: #c00000; font-family: Arial;\">\u00c0 l&rsquo;arriv\u00e9e des secouristes, Naomi est consciente mais son \u00e9tat se d\u00e9grade fortement. Son rythme cardiaque baisse de fa\u00e7on inqui\u00e9tante lors du transfert aux urgences du Nouvel H\u00f4pital Civil (NHC) de Strasbourg.<br \/>\n<\/span><\/p>\n<p style=\"margin-left: 28pt;\"><span style=\"color: #c00000; font-family: Arial;\">Sur place, la jeune maman passe rapidement un scanner, lors duquel elle pr\u00e9sente un arr\u00eat cardiaque. Dix minutes de massage cardiaque seront n\u00e9cessaires. Elle est transf\u00e9r\u00e9e au service de r\u00e9animation o\u00f9 elle d\u00e9c\u00e8de \u00e0 17h30.<br \/>\n<\/span><\/p>\n<p style=\"margin-left: 28pt;\"><span style=\"color: #c00000; font-family: Arial;\">Une autopsie sera pratiqu\u00e9e 5 jours apr\u00e8s sur un corps \u00ab en \u00e9tat de putr\u00e9faction avanc\u00e9e \u00bb. La cause annonc\u00e9e est une d\u00e9faillance multi-visc\u00e9rale : un ensemble de sympt\u00f4mes comprenant des difficult\u00e9s tr\u00e8s importantes de l&rsquo;appareil pulmonaire (du type d\u00e9tresse respiratoire) associ\u00e9s \u00e0 une insuffisance de fonctionnement de plusieurs organes comme le c\u0153ur ou le syst\u00e8me nerveux. Les rapports m\u00e9dicaux et d&rsquo;autopsie n&rsquo;indiquent pas les origines de cette d\u00e9faillance multi-visc\u00e9rale.<br \/>\n<\/span><\/p>\n<p style=\"margin-left: 28pt;\"><span style=\"color: #c00000; font-family: Arial;\">La famille de Naomi souhaite conna\u00eetre les r\u00e9elles causes du d\u00e9c\u00e8s et savoir si une intervention directe du SAMU aurait pu sauver Naomi. Le procureur a \u00e9t\u00e9 saisi.<br \/>\n<\/span><\/p>\n<p style=\"margin-left: 28pt;\"><span style=\"color: #c00000; font-family: Arial;\">Naomi devait f\u00eater son vingt-troisi\u00e8me anniversaire le premier avril. Sa fille aura deux ans en juillet.<br \/>\n<\/span><\/p>\n<p style=\"margin-left: 28pt;\"><span style=\"color: #c00000; font-family: Arial;\">Nous avons contact\u00e9 les services du SAMU de Strasbourg .<br \/>\n<\/span><\/p>\n<p style=\"margin-left: 28pt;\"><span style=\"color: #c00000; font-family: Arial;\">Il nous a \u00e9t\u00e9 demand\u00e9 de faire une demande \u00e9crite par mail et, \u00e0 ce jour, nous n&rsquo;avons re\u00e7u aucune r\u00e9ponse.&nbsp;\u00bb<br \/>\n<\/span><\/p>\n<p><span style=\"color: #777777; font-family: Arial;\">Aujourd&rsquo;hui selon les propos de diff\u00e9rentes autorit\u00e9s du SAMU et de la Sant\u00e9, l&rsquo;op\u00e9ratrice a commis une faute professionnelle en ne faisant pas appel \u00e0 un m\u00e9decin r\u00e9gulateur.<br \/>\n<\/span><\/p>\n<p><span style=\"color: #777777; font-family: Arial;\">Ainsi on peut lire sur site de <a href=\"https:\/\/www.francetvinfo.fr\/sante\/mort-de-naomi-musenga\/affaire-naomi-musenga-nous-nous-acheminons-vers-un-element-de-faute-personnelle-annonce-le-directeur-general-du-chu-de-strasbourg_2745867.html\"><span style=\"color: #0000ff;\">&lt;France Info<\/span>&gt;<\/a>&nbsp;:<br \/>\n<\/span><\/p>\n<p style=\"margin-left: 28pt;\"><span style=\"color: #c00000; font-family: Arial;\">\u00ab&nbsp;Christophe Gautier, directeur g\u00e9n\u00e9ral des H\u00f4pitaux universitaires de Strasbourg, a indiqu\u00e9 que l&rsquo;enqu\u00eate s&rsquo;achemine&nbsp;\u00ab\u00a0vers un \u00e9l\u00e9ment de faute personnelle\u00a0\u00bb [\u2026] Dans les premiers \u00e9l\u00e9ments que nous avons pu mettre en avant, il m&rsquo;est apparu que la pr\u00e9somption d&rsquo;une faute grave de manquement \u00e0 une proc\u00e9dure avait \u00e9t\u00e9 constat\u00e9e. Cela m&rsquo;a conduit \u00e0 prendre la d\u00e9cision de suspension \u00e0 titre conservatoire, qui ne pr\u00e9juge pas des conclusions d\u00e9finitives, mais qui est n\u00e9cessaire dans le contexte de ce drame.&nbsp;\u00bb<br \/>\n<\/span><\/p>\n<p><span style=\"color: #777777; font-family: Arial;\">Et sur <a href=\"https:\/\/www.francetvinfo.fr\/sante\/ce-que-l-on-sait-de-l-histoire-de-naomi-musenga-morte-apres-avoir-tente-d-appeler-a-l-aide-le-samu_2743789.html\">&lt;<span style=\"color: #0000ff;\">cette autre page<\/span>&gt;<\/a> de France Info on peut lire<br \/>\n<\/span><\/p>\n<p style=\"margin-left: 28pt;\"><span style=\"color: #c00000; font-family: Arial;\">Les propos qui sont tenus par l&rsquo;op\u00e9ratrice du Samu ne sont \u00ab\u00a0pas acceptables\u00a0\u00bb, confirme Fran\u00e7ois Braun, pr\u00e9sident de Samu-Urgences de France, sur franceinfo. Selon lui, l&rsquo;op\u00e9ratrice n&rsquo;avait pas \u00e0 prendre seule la d\u00e9cision de rediriger Naomi vers SOS M\u00e9decins. \u00ab\u00a0Ce qui est encore moins acceptable, poursuit-il, c&rsquo;est que normalement tout appel est transmis \u00e0 un m\u00e9decin r\u00e9gulateur. C&rsquo;est ce m\u00e9decin qui prend les d\u00e9cisions apr\u00e8s un interrogatoire m\u00e9dical et, dans ce cas, l&rsquo;appel n&rsquo;a pas \u00e9t\u00e9 transmis au m\u00e9decin. Ce n&rsquo;est absolument pas la proc\u00e9dure. Ce n&rsquo;est absolument pas ce que l&rsquo;on apprend \u00e0 nos op\u00e9ratrices. On ne demande pas aux gens de rappeler, on le fait nous-m\u00eames et on transmet l&rsquo;appel \u00e9ventuellement \u00e0 un autre service.\u00a0\u00bb<br \/>\n<\/span><\/p>\n<p><span style=\"color: #777777; font-family: Arial;\">Mais au-del\u00e0 de cette faute,<br \/>\n<\/span><\/p>\n<ul>\n<li><span style=\"color: #777777; font-family: Arial;\">Comment se fait-il que l&rsquo;autopsie ait \u00e9t\u00e9 si tardive&nbsp;?<br \/>\n<\/span><\/li>\n<li><span style=\"color: #777777; font-family: Arial;\">Comment est-il possible qu&rsquo;il n&rsquo;y ait pas imm\u00e9diatement d&rsquo;enqu\u00eate interne pour comprendre ce qui s&rsquo;est pass\u00e9&nbsp;?<br \/>\n<\/span><\/li>\n<\/ul>\n<p><span style=\"color: #777777; font-family: Arial;\">La ministre de la Sant\u00e9, <span style=\"color: #0000ff;\"><a style=\"color: #0000ff;\" href=\"https:\/\/www.lci.fr\/societe\/affaire-naomi-musenga-samu-strasbourg-de-nombreuses-zones-d-ombre-a-eclaircir-2086906.html\">Agn\u00e8s Buzyn<\/a><\/span>, a insist\u00e9 ce jeudi sur France Info :<br \/>\n<\/span><\/p>\n<p style=\"margin-left: 28pt;\"><span style=\"color: #c00000; font-family: Arial;\">\u00ab&nbsp;Quand il y a un \u00e9v\u00e9nement ind\u00e9sirable grave qui aboutit au d\u00e9c\u00e8s, on doit obligatoirement en r\u00e9f\u00e9rer \u00e0 l&rsquo;Agence r\u00e9gionale de sant\u00e9 (ARS) qui doit mener une enqu\u00eate, voire le faire remonter au minist\u00e8re.\u00a0\u00bb Or, suite \u00e0 la mort de la jeune femme, l&rsquo;ARS n&rsquo;a rien re\u00e7u.&nbsp;\u00bb<br \/>\n<\/span><\/p>\n<p><span style=\"color: #777777; font-family: Arial;\">C&rsquo;est finalement la famille qui a obtenu apr\u00e8s de nombreuses d\u00e9marches l&rsquo;enregistrement du SAMU et c&rsquo;est ce petit journal <span style=\"color: #0000ff;\"><a style=\"color: #0000ff;\" href=\"https:\/\/www.hebdi.com\/\">HEB&rsquo;DI<\/a> <\/span>qui a relay\u00e9 l&rsquo;information et non les grands journaux alsaciens \u00ab&nbsp;Les derni\u00e8res nouvelles d&rsquo;Alsace&nbsp;\u00bb ou&nbsp;\u00ab&nbsp;L&rsquo;Alsace&nbsp;\u00bb qui ont d&rsquo;ailleurs publi\u00e9s l&rsquo;information encore beaucoup plus tardivement que les autres journaux nationaux qui n&rsquo;avait pas \u00e9t\u00e9 rapide (10 jours&nbsp;!) comme s&rsquo;en \u00e9tonnait le journaliste de la Revue de Presse de France Inter.<br \/>\n<\/span><\/p>\n<p><span style=\"color: #777777; font-family: Arial;\">C&rsquo;est pourquoi, il est important qu&rsquo;il existe des journaux ind\u00e9pendants, des journaux lanceurs d&rsquo;Alerte.<br \/>\n<\/span><\/p>\n<p><span style=\"color: #777777; font-family: Arial;\">Vous pouvez, comme moi, faire un don pour que ce journal puisse continuer \u00e0 vivre et \u00e0 agir contre l&rsquo;indiff\u00e9rence et chaque fois que les institutions et les autres m\u00e9dias sont aveugles, sourds, fain\u00e9ants ou peut \u00eatre pire, complice\u2026<br \/>\n<\/span><\/p>\n<p><a href=\"https:\/\/www.okpal.com\/heb-di\"><img decoding=\"async\" src=\"https:\/\/lemotdujour.fr\/wp-content\/uploads\/2018\/05\/051018_1748_Vendredi11m2.png\" alt=\"\" border=\"0\"><\/a><span style=\"color: #777777; font-family: Arial;\"><br \/>\n<\/span><\/p>\n<p><span style=\"color: maroon; font-family: Arial;\">&lt;1067&gt;<\/span><\/p>\n","protected":false},"excerpt":{"rendered":"<p>\u00ab&nbsp;Heb&rsquo;di&nbsp;\u00bb \u00ab&nbsp;Accroche-toi&nbsp;\u00bb, journal alsacien qui a mis en ligne l&rsquo;\u00e9change entre le Samu de Strasbourg et Naomi Musenga A moins que vous ayez d\u00e9cid\u00e9 de vous isoler de toutes informations et de tous m\u00e9dias, il n&rsquo;est pas possible que vous<\/p>\n","protected":false},"author":1,"featured_media":0,"comment_status":"open","ping_status":"closed","sticky":false,"template":"","format":"standard","meta":{"footnotes":""},"categories":[1],"tags":[24,89,13],"class_list":["post-4701","post","type-post","status-publish","format-standard","hentry","category-motdujour","tag-actualite","tag-media","tag-sante"],"_links":{"self":[{"href":"https:\/\/lemotdujour.fr\/index.php?rest_route=\/wp\/v2\/posts\/4701","targetHints":{"allow":["GET"]}}],"collection":[{"href":"https:\/\/lemotdujour.fr\/index.php?rest_route=\/wp\/v2\/posts"}],"about":[{"href":"https:\/\/lemotdujour.fr\/index.php?rest_route=\/wp\/v2\/types\/post"}],"author":[{"embeddable":true,"href":"https:\/\/lemotdujour.fr\/index.php?rest_route=\/wp\/v2\/users\/1"}],"replies":[{"embeddable":true,"href":"https:\/\/lemotdujour.fr\/index.php?rest_route=%2Fwp%2Fv2%2Fcomments&post=4701"}],"version-history":[{"count":5,"href":"https:\/\/lemotdujour.fr\/index.php?rest_route=\/wp\/v2\/posts\/4701\/revisions"}],"predecessor-version":[{"id":13693,"href":"https:\/\/lemotdujour.fr\/index.php?rest_route=\/wp\/v2\/posts\/4701\/revisions\/13693"}],"wp:attachment":[{"href":"https:\/\/lemotdujour.fr\/index.php?rest_route=%2Fwp%2Fv2%2Fmedia&parent=4701"}],"wp:term":[{"taxonomy":"category","embeddable":true,"href":"https:\/\/lemotdujour.fr\/index.php?rest_route=%2Fwp%2Fv2%2Fcategories&post=4701"},{"taxonomy":"post_tag","embeddable":true,"href":"https:\/\/lemotdujour.fr\/index.php?rest_route=%2Fwp%2Fv2%2Ftags&post=4701"}],"curies":[{"name":"wp","href":"https:\/\/api.w.org\/{rel}","templated":true}]}}