{"id":468,"date":"2017-03-14T01:00:00","date_gmt":"2017-03-13T22:00:00","guid":{"rendered":"http:\/\/lemotdujour.fr\/?p=468"},"modified":"2020-01-24T00:18:25","modified_gmt":"2020-01-23T23:18:25","slug":"mardi-14-mars-2017","status":"publish","type":"post","link":"https:\/\/lemotdujour.fr\/?p=468","title":{"rendered":"Mardi 14 mars 2017"},"content":{"rendered":"<div class=\"mdjDate\"><a id=\"_Toc482008790\"><\/a>Mardi 14 mars 2017<\/div>\n<div class=\"mdjTexte\">\u00ab\u00a0Le f\u00e9tiche rafistol\u00e9\u00a0\u00bb<\/div>\n<div class=\"mdjAuteur\">Objet pr\u00e9sent dans \u00ab\u00a0L\u2019oreille cass\u00e9e\u00a0\u00bb 6<sup>\u00e8me<\/sup> album de Tintin et sur lequel Michel Serres philosophe dans l\u2019interview d\u2019Emmanuelle Dancourt<\/div>\n<p><span style=\"color: #777777; font-family: Arial;\">Emmanuelle Dancourt a demand\u00e9 \u00e0 Michel Serres d&#8217;emmener un objet (34:30 de l&rsquo;<span style=\"color: #0000ff;\"><a style=\"color: #0000ff;\" href=\"https:\/\/www.youtube.com\/watch?v=LJ58JIeR7m8&amp;t=25s\">interview<\/a><\/span>)<br \/>\n<\/span><\/p>\n<p><span style=\"color: #777777; font-family: Arial;\">Michel Serres a r\u00e9pondu de mani\u00e8re virtuelle, c&rsquo;est \u00e0 dire qu&rsquo;il n&rsquo;avait pas un objet sur lui mais il a parl\u00e9 d&rsquo;un objet pr\u00e9sent dans l&rsquo;album de Tintin : \u00ab <span style=\"color: #0000ff;\"><a style=\"color: #0000ff;\" href=\"https:\/\/www.tintin.com\/fr\/albums\/l-oreille-cassee\">L&rsquo;Oreille cass\u00e9e<\/a><\/span> \u00bb et cet objet est le <strong>f\u00e9tiche arumbaya<\/strong> qui est au centre de cette histoire. Au d\u00e9but de l&rsquo;aventure le f\u00e9tiche est d\u00e9rob\u00e9 dans le mus\u00e9e ethnographique parce que les voleurs esp\u00e8rent r\u00e9cup\u00e9rer un diamant qui est dans la statuette. Au bout de l&rsquo;histoire, le f\u00e9tiche tombe sur le pont d&rsquo;un navire et explose en plusieurs morceaux, le diamant tombe \u00e0 la mer.<br \/>\n<\/span><\/p>\n<p><img decoding=\"async\" class=\"alignleft\" src=\"https:\/\/lemotdujour.fr\/wp-content\/uploads\/2020\/01\/012320_2314_LundiXXdcem1.jpg\" alt=\"\" align=\"left\" \/><span style=\"color: #777777; font-family: Arial;\">Et \u00e0 la fin de l&rsquo;Histoire, le f\u00e9tiche retrouve son socle dans le mus\u00e9e, mais le f\u00e9tiche est totalement rafistol\u00e9. C&rsquo;est ce f\u00e9tiche rafistol\u00e9 sur lequel Michel Serres va philosopher :<br \/>\n<\/span><\/p>\n<p style=\"margin-left: 28pt;\"><span style=\"color: #c00000; font-family: Arial;\">\u00ab Quand il reparait sur son socle, il est compl\u00e9tement rafistol\u00e9, bricol\u00e9, avec des fils de fer, avec du sparadrap, avec des \u00e9clisses, avec des plaques etc. et \u00e7a \u00e7a m&rsquo;int\u00e9resse, cet objet m&rsquo;int\u00e9resse.<br \/>\n<\/span><\/p>\n<p style=\"margin-left: 28pt;\"><span style=\"color: #c00000; font-family: Arial;\">Pourquoi ?<br \/>\n<\/span><\/p>\n<p style=\"margin-left: 28pt;\"><span style=\"color: #c00000; font-family: Arial;\">Parce que c&rsquo;est \u00e7a l&rsquo;organisme vivant.<br \/>\n<\/span><\/p>\n<p style=\"margin-left: 28pt;\"><span style=\"color: #c00000; font-family: Arial;\">L&rsquo;organisme vivant, ce n&rsquo;est pas contrairement \u00e0 ce qu&rsquo;on croit, un syst\u00e8me harmonieux o\u00f9 tout serait parfaitement en place.<br \/>\n<\/span><\/p>\n<p style=\"margin-left: 28pt;\"><span style=\"color: #c00000; font-family: Arial;\">Pas du tout, pas du tout. L&rsquo;\u00e9volution a amen\u00e9 l&rsquo;\u0153il \u00e0 tel endroit, a amen\u00e9 le cerveau \u00e0 tel endroit. Mais il vient d&rsquo;o\u00f9 l&rsquo;\u0153il. Il y a des parties qui viennent de tr\u00e8s tr\u00e8s loin, qui sont tr\u00e8s archa\u00efques et d&rsquo;autres qui sont beaucoup plus r\u00e9cents.<br \/>\n<\/span><\/p>\n<p style=\"margin-left: 28pt;\"><span style=\"color: #c00000; font-family: Arial;\">Notre corps est enti\u00e8rement bricol\u00e9, rafistol\u00e9.<br \/>\n<\/span><\/p>\n<p style=\"margin-left: 28pt;\"><span style=\"color: #c00000; font-family: Arial;\">Le f\u00e9tiche bricol\u00e9, rafistol\u00e9, \u00e0 la fin de l&rsquo;Histoire, c&rsquo;est \u00e7a notre vie, c&rsquo;est \u00e7a notre vie !<br \/>\n<\/span><\/p>\n<p style=\"margin-left: 28pt;\"><span style=\"color: #c00000; font-family: Arial;\">C&rsquo;est pour \u00e7a qu&rsquo;on devient malade parfois et qu&rsquo;on meurt. Si nous \u00e9tions parfait, nous serions \u00e9ternel\u2026<br \/>\n<\/span><\/p>\n<p style=\"margin-left: 28pt;\"><span style=\"color: #c00000; font-family: Arial;\">Le f\u00e9tiche c&rsquo;est \u00e7a ! <\/span><span style=\"color: #c00000; font-family: Arial;\">Mais c&rsquo;est plus que \u00e7a !<br \/>\n<\/span><\/p>\n<p style=\"margin-left: 28pt;\"><span style=\"color: #c00000; font-family: Arial;\">Il y a des gens qui critiquent beaucoup l&rsquo;Europe, en ce moment. [\u2026]<br \/>\n<\/span><\/p>\n<p style=\"margin-left: 28pt;\"><span style=\"color: #c00000; font-family: Arial;\">Je repense toujours \u00e0 mon f\u00e9tiche, moi\u2026Je pense toujours \u00e0 cet organisme vivant tel qu&rsquo;il est en r\u00e9alit\u00e9. Et je n&rsquo;aime pas les syst\u00e8mes politiques parfaits, bien faits, unitaires etc. Cela me rappelle trop le fascisme, le nazisme, L\u00e9nine, Staline etc. Le syst\u00e8me parfait c&rsquo;est \u00e7a.<br \/>\n<\/span><\/p>\n<p style=\"margin-left: 28pt;\"><span style=\"color: #c00000; font-family: Arial;\">Alors que les syst\u00e8mes qui sont un peu bricol\u00e9s, mal faits, qu&rsquo;il faut rattraper\u2026 alors il y a le brexit, est-ce que \u00e7a va fonctionner ? On ne sait pas \u2026<br \/>\n<\/span><\/p>\n<p style=\"margin-left: 28pt;\"><span style=\"color: #c00000; font-family: Arial;\">J&rsquo;adore \u00e7a, c&rsquo;est des syst\u00e8mes humains. C&rsquo;est des syst\u00e8mes vivants, des vrais syst\u00e8mes et qui ne prendront jamais la vie de personne.<br \/>\n<\/span><\/p>\n<p style=\"margin-left: 28pt;\"><span style=\"color: #c00000; font-family: Arial;\">Les syst\u00e8mes unitaires sont des syst\u00e8mes cruels, qui am\u00e8nent \u00e0 la mort, \u00e0 la destruction.<br \/>\n<\/span><\/p>\n<p style=\"margin-left: 28pt;\"><span style=\"color: #c00000; font-family: Arial;\">Alors que les syst\u00e8mes qui sont comme \u00e7a, un peu maladroits\u2026<br \/>\n<\/span><\/p>\n<p style=\"margin-left: 28pt;\"><span style=\"color: #c00000; font-family: Arial;\">L&rsquo;Europe c&rsquo;est mon corps et mon corps c&rsquo;est le f\u00e9tiche rafistol\u00e9.<br \/>\n<\/span><\/p>\n<p style=\"margin-left: 28pt;\"><span style=\"color: #c00000; font-family: Arial;\">Fran\u00e7ois Jacob disait un jour \u00e0 c\u00f4t\u00e9 de moi, \u00e0 l&rsquo;Acad\u00e9mie fran\u00e7aise : \u00ab <strong>Tu sais Michel ce que c&rsquo;est que le syst\u00e8me nerveux ? C&rsquo;est tr\u00e8s simple : c&rsquo;est un ordinateur port\u00e9 par une brouette. <\/strong>\u00bb Et c&rsquo;est exactement \u00e7a. Il y a des parties qui sont r\u00e9centes, par exemple le cerveau, et des parties qui sont tr\u00e8s archa\u00efques et qu&rsquo;on peut d\u00e9crire par des brouettes.<br \/>\n<\/span><\/p>\n<p style=\"margin-left: 28pt;\"><span style=\"color: #c00000; font-family: Arial;\">Par cons\u00e9quent, un ordinateur port\u00e9 par une brouette, c&rsquo;est \u00e7a le f\u00e9tiche arumbaya. \u00bb<br \/>\n<\/span><\/p>\n<p><span style=\"color: #777777; font-family: Arial;\">Dans son livre \u00ab <a href=\"https:\/\/www.editions-lepommier.fr\/herge-mon-ami\"><span style=\"color: #0000ff;\">Herg\u00e9 mon ami<\/span><\/a> \u00bb, Michel serres consacre un long chapitre de la page 39 \u00e0 56 \u00e0 l&rsquo;oreille cass\u00e9e et \u00e0 des r\u00e9flexions sur le f\u00e9tiche et le f\u00e9tichisme, qu&rsquo;il conclut par cette question :<br \/>\n<\/span><\/p>\n<p style=\"margin-left: 28pt;\"><span style=\"color: #c00000; font-family: Arial;\">\u00ab Qu&rsquo;est-ce qu&rsquo;un f\u00e9tiche, en v\u00e9rit\u00e9 ? Tous le prennent-ils pour une m\u00eame chose ou chacun pour autre chose ? \u00bb.<br \/>\n<\/span><\/p>\n<p><img decoding=\"async\" class=\"alignright\" src=\"https:\/\/lemotdujour.fr\/wp-content\/uploads\/2020\/01\/012320_2314_LundiXXdcem2.png\" alt=\"\" align=\"left\" \/><span style=\"color: #777777; font-family: Arial;\">Je sais bien que cette r\u00e9flexion de Michel Serres, surprenante, d\u00e9cal\u00e9e c&rsquo;est-\u00e0-dire intelligente ne r\u00e9sout pas les probl\u00e8mes de l&rsquo;Union europ\u00e9enne.<br \/>\n<\/span><\/p>\n<p><span style=\"color: #777777; font-family: Arial;\">Mais sa r\u00e9flexion sur l&rsquo;aspiration \u00e0 des syst\u00e8mes trop parfaits, alors que pr\u00e9cis\u00e9ment les corps vivants sont des corps rafistol\u00e9s, cicatris\u00e9s, r\u00e9silients oriente notre r\u00e9flexion vers d&rsquo;autres horizons.<br \/>\n<\/span><\/p>\n<p><span style=\"color: #777777; font-family: Arial;\">C&rsquo;est aussi un avertissement pour le vieux gauchiste que je suis qui pourrait avoir la tentation que le syst\u00e8me \u00e9conomique et politique soit totalement ma\u00eetris\u00e9, r\u00e9gul\u00e9, encadr\u00e9.<br \/>\n<\/span><\/p>\n<p><span style=\"color: #777777; font-family: Arial;\">C&rsquo;est probablement une des grandes forces du lib\u00e9ralisme d&rsquo;\u00eatre beaucoup plus bricol\u00e9, invent\u00e9 au fur \u00e0 mesure, stimul\u00e9 par des initiatives multiples et priv\u00e9es. Il est plus proche d&rsquo;un organisme vivant.<br \/>\n<\/span><\/p>\n<p><span style=\"color: #777777; font-family: Arial;\">Ce qui ne signifie pas qu&rsquo;il ne faut pas le r\u00e9guler, en corriger les abus. Mais avoir le projet ou l&rsquo;ambition de cr\u00e9er un syst\u00e8me parfait, pens\u00e9 intellectuellement et conceptuellement est certainement beaucoup plus dangereux qu&rsquo;exaltant.<br \/>\n<\/span><\/p>\n<p><span style=\"color: maroon; font-family: Arial;\">&lt;857&gt;<\/span><\/p>\n","protected":false},"excerpt":{"rendered":"<p>Mardi 14 mars 2017 \u00ab\u00a0Le f\u00e9tiche rafistol\u00e9\u00a0\u00bb Objet pr\u00e9sent dans \u00ab\u00a0L\u2019oreille cass\u00e9e\u00a0\u00bb 6\u00e8me album de Tintin et sur lequel Michel Serres philosophe dans l\u2019interview d\u2019Emmanuelle Dancourt Emmanuelle Dancourt a demand\u00e9 \u00e0 Michel Serres d&#8217;emmener un objet (34:30 de l&rsquo;interview) Michel<\/p>\n","protected":false},"author":1,"featured_media":0,"comment_status":"closed","ping_status":"closed","sticky":false,"template":"","format":"standard","meta":{"footnotes":""},"categories":[1],"tags":[167,132,6],"class_list":["post-468","post","type-post","status-publish","format-standard","hentry","category-motdujour","tag-bande-dessinee","tag-medecine","tag-philosophie"],"_links":{"self":[{"href":"https:\/\/lemotdujour.fr\/index.php?rest_route=\/wp\/v2\/posts\/468","targetHints":{"allow":["GET"]}}],"collection":[{"href":"https:\/\/lemotdujour.fr\/index.php?rest_route=\/wp\/v2\/posts"}],"about":[{"href":"https:\/\/lemotdujour.fr\/index.php?rest_route=\/wp\/v2\/types\/post"}],"author":[{"embeddable":true,"href":"https:\/\/lemotdujour.fr\/index.php?rest_route=\/wp\/v2\/users\/1"}],"replies":[{"embeddable":true,"href":"https:\/\/lemotdujour.fr\/index.php?rest_route=%2Fwp%2Fv2%2Fcomments&post=468"}],"version-history":[{"count":3,"href":"https:\/\/lemotdujour.fr\/index.php?rest_route=\/wp\/v2\/posts\/468\/revisions"}],"predecessor-version":[{"id":7925,"href":"https:\/\/lemotdujour.fr\/index.php?rest_route=\/wp\/v2\/posts\/468\/revisions\/7925"}],"wp:attachment":[{"href":"https:\/\/lemotdujour.fr\/index.php?rest_route=%2Fwp%2Fv2%2Fmedia&parent=468"}],"wp:term":[{"taxonomy":"category","embeddable":true,"href":"https:\/\/lemotdujour.fr\/index.php?rest_route=%2Fwp%2Fv2%2Fcategories&post=468"},{"taxonomy":"post_tag","embeddable":true,"href":"https:\/\/lemotdujour.fr\/index.php?rest_route=%2Fwp%2Fv2%2Ftags&post=468"}],"curies":[{"name":"wp","href":"https:\/\/api.w.org\/{rel}","templated":true}]}}