{"id":4677,"date":"2018-05-07T03:46:38","date_gmt":"2018-05-07T01:46:38","guid":{"rendered":"http:\/\/lemotdujour.fr\/?p=4677"},"modified":"2023-08-15T01:17:18","modified_gmt":"2023-08-14T23:17:18","slug":"lundi-7-mai-2018","status":"publish","type":"post","link":"https:\/\/lemotdujour.fr\/?p=4677","title":{"rendered":"Lundi 7 mai 2018"},"content":{"rendered":"<div class=\"mdjTexte\">\u00ab&nbsp;Mass&nbsp;\u00bb<\/div>\n<div class=\"mdjAuteur\">L\u00e9onard Bernstein (1918-1990)<\/div>\n<p><span style=\"color: #777777; font-family: Arial;\">L\u00e9onard Bernstein est n\u00e9 le 25 ao\u00fbt 1918. C&rsquo;est encore un peu t\u00f4t pour f\u00eater son centi\u00e8me anniversaire, mais les circonstances font que je voudrais aujourd&rsquo;hui vous parler d&rsquo;une \u0153uvre qui \u00e0 mon avis est absolument g\u00e9niale : <strong>\u00ab&nbsp;Mass&nbsp;\u00bb.<\/strong><br \/>\n<\/span><\/p>\n<p><span style=\"color: #777777; font-family: Arial;\">Et j&rsquo;ai d\u00e9couvert qu&rsquo;ARTE a retransmis le remarquable concert qui avait eu lieu \u00e0 la Philharmonie de Paris le 22 mars 2018 et qu&rsquo;il est possible de voir et d&rsquo;\u00e9couter ce spectacle en replay pendant quelques mois.<br \/>\n<\/span><\/p>\n<p><span style=\"color: #777777; font-family: Arial;\">Donc pour tous celles et ceux qui sont press\u00e9s et aiment aller \u00e0 l&rsquo;essentiel&nbsp;:<br \/>\n<\/span><\/p>\n<p><span style=\"color: #777777; font-family: Arial;\">Voici le lien vers le site de la Philharmonie : <span style=\"color: #0000ff;\"><a style=\"color: #0000ff;\" href=\"https:\/\/live.philharmoniedeparis.fr\/concert\/1079162\/mass-bernstein-orchestre-de-paris-wayne-marshall.html\">&lt;Live.philharmoniedeparis.fr &#8211; Bernstein : MASS&gt;<\/a><\/span><br \/>\n<\/span><\/p>\n<p><span style=\"color: #777777; font-family: Arial;\">La Philharmonie ne permet plus de voir qu&rsquo;un extrait. Si vous voulez voir l&rsquo;int\u00e9gralit\u00e9 il se trouve apr\u00e8s une page de publicit\u00e9 derri\u00e8re ce lien &lt;<span style=\"color: #0000ff;\"><a style=\"color: #0000ff;\" href=\"https:\/\/www.youtube.com\/watch?v=5imPUq39jlg\">Bernstein : MASS \u00e0 la Philharmonie de Paris<\/a><\/span>&gt;.<\/span><\/p>\n<p><span style=\"color: #777777; font-family: Arial;\">Le programme de la Philharmonie introduit cette \u0153uvre de la mani\u00e8re suivante :<br \/>\n<\/span><\/p>\n<p style=\"margin-left: 28pt;\"><span style=\"color: #c00000; font-family: Arial;\"><em>\u00ab&nbsp;<strong>Mass<\/strong><\/em> de Bernstein est une des partitions les plus foisonnantes de l&rsquo;histoire de la musique, passant dans l&rsquo;instant de l&rsquo;exp\u00e9rimentation ludique \u00e0 une com\u00e9die musicale, d&rsquo;une fanfare \u00e0 un gospel. Cette grande messe est un objet musical peu identifi\u00e9 qui m\u00eale jazz, rock, classique aux sons de batteries, de guitares \u00e9lectriques, de synth\u00e9tiseurs, port\u00e9e par une libert\u00e9 de ton donnant l&rsquo;impression d&rsquo;un happening sans limites. &nbsp;\u00bb<br \/>\n<\/span><\/p>\n<p><span style=\"color: #777777; font-family: Arial;\">ARTE la pr\u00e9sente ainsi&nbsp;: \u00ab<br \/>\n<\/span><\/p>\n<p style=\"margin-left: 28pt;\"><span style=\"color: #c00000; font-family: Arial;\">\u00ab&nbsp;\u0152uvre aussi grandiose qu&rsquo;iconoclaste, [\u2026] cette messe pas comme les autres se situe \u00e0 la fronti\u00e8re de l&rsquo;oratorio et de la com\u00e9die musicale.&nbsp;\u00bb<br \/>\n<\/span><\/p>\n<p><span style=\"color: #777777; font-family: Arial;\">ARTE annonce que la vid\u00e9o sera disponible jusqu&rsquo;au 21\/03\/2020, ce qui m&rsquo;\u00e9tonne mais donne \u00e0 chacun le temps de visionner cette \u00ab&nbsp;<strong>OVNI<\/strong>&nbsp;\u00bb. (\u0152uvre Vocale Non Identifi\u00e9)<br \/>\n<\/span><\/p>\n<p><span style=\"color: #777777; font-family: Arial;\">Si vous souhaitez en savoir un peu plus et me donner le temps de tenter d&rsquo;expliquer pourquoi, cette \u0153uvre assez m\u00e9connue jusqu&rsquo;ici, est exceptionnelle, je vous invite \u00e0 lire la suite de ce mot du jour.<br \/>\n<\/span><\/p>\n<p><img loading=\"lazy\" decoding=\"async\" class=\"alignleft\" src=\"https:\/\/lemotdujour.fr\/wp-content\/uploads\/2018\/05\/050618_2044_Lundi7mai201.jpg\" alt=\"\" width=\"312\" height=\"311\" align=\"left\"><span style=\"color: #777777; font-family: Arial;\">J&rsquo;ai d\u00e9couvert cette \u0153uvre il y a environ quinze ans par l&rsquo;enregistrement qu&rsquo;en a fait le compositeur lui-m\u00eame \u00e0 la suite de sa cr\u00e9ation en 1971.<br \/>\n<\/span><\/p>\n<p><span style=\"color: #777777; font-family: Arial;\">Il faut d&rsquo;abord parler de L\u00e9onard Bernstein.<br \/>\n<\/span><\/p>\n<p><span style=\"color: #777777; font-family: Arial;\">Il est n\u00e9 dans le Massachusetts, de parents juifs ukrainiens. <a href=\"http:\/\/www.telerama.fr\/musique\/et-leonard-devint-bernstein,n5518587.php\"><span style=\"color: #0000ff;\">&lt;TELERAMA&gt;<\/span><\/a> nous apprend que son p\u00e8re voulait en faire un rabbin. Mais la musique le saisit d&rsquo;abord comme interpr\u00e8te puis comme compositeur.<br \/>\n<\/span><\/p>\n<p><span style=\"color: #777777; font-family: Arial;\">Il devint, bien s\u00fbr, mondialement c\u00e9l\u00e8bre en composant la musique de la com\u00e9die musicale \u00ab&nbsp;<span style=\"color: #0000ff;\"><a style=\"color: #0000ff;\" href=\"http:\/\/www.telerama.fr\/cinema\/films\/west-side-story,6336.php\">West Side Story&nbsp;<\/a>\u00bb<\/span><br \/>\n<\/span><\/p>\n<p><span style=\"color: #777777; font-family: Arial;\">C&rsquo;\u00e9tait un homme charismatique, plein de fougue et d&rsquo;exc\u00e8s, j&rsquo;y reviendrai dans un mot du jour ult\u00e9rieur, plus proche de sa date anniversaire.<br \/>\n<\/span><\/p>\n<p><span style=\"color: #777777; font-family: Arial;\">Mais c&rsquo;\u00e9tait un musicien extraordinaire. La grande cantatrice allemande Christa Ludwig qui a beaucoup travaill\u00e9 avec le musicien dit en toute simplicit\u00e9&nbsp;:<br \/>\n<\/span><\/p>\n<p style=\"margin-left: 28pt;\"><span style=\"color: #c00000; font-family: Arial;\">\u00abLeonard Bernstein ne faisait pas de la musique, il \u00e9tait la musique!\u00bb<br \/>\n<\/span><span style=\"color: #777777; font-family: Arial;\"><em>(Propos rapport\u00e9s par le Figaro du 18 mars 2018)<br \/>\n<\/em><\/span><\/p>\n<p><span style=\"color: #777777; font-family: Arial;\">Lors de sa disparition subite, le 14 octobre 1990, des suites d&rsquo;une crise cardiaque, le New York Times titrait&nbsp;: \u00ab <span style=\"color: #c00000;\">Music&rsquo;s Monarch, Dies<span style=\"color: #777777;\"> \u00bb (Le seigneur de la musique est mort).<br \/>\n<\/span><\/span><\/span><\/p>\n<p><span style=\"color: #777777; font-family: Arial;\">Il \u00e9tait surtout tr\u00e8s \u00e9clectique et s&rsquo;int\u00e9ressait \u00e0 toutes les musiques, le jazz, le rock.<br \/>\n<\/span><\/p>\n<p><span style=\"color: #777777; font-family: Arial;\">Et <span style=\"color: #0000ff;\">&lt;<a style=\"color: #0000ff;\" href=\"https:\/\/www.francemusique.fr\/comedies-musicales\/10-petites-choses-que-vous-ne-savez-peut-etre-pas-sur-leonard-bernstein-57475\">France Musique<\/a>&gt;<\/span> nous apprend que dans une \u00e9mission diffus\u00e9e en 1967 sur CBS, Inside Pop &#8211; The Rock Revolution, L\u00e9onard Bernstein a os\u00e9 cette comparaison&nbsp;:<br \/>\n<\/span><\/p>\n<p style=\"margin-left: 28pt;\"><span style=\"color: #c00000; font-family: Arial;\">\u00ab&nbsp;Les Beatles sont les Schubert de notre temps&nbsp;\u00bb<br \/>\n<\/span><\/p>\n<p><span style=\"color: #777777; font-family: Arial;\">Je ne partage pas cette vision \u2026<br \/>\n<\/span><\/p>\n<p><span style=\"color: #777777; font-family: Arial;\">D&rsquo;ailleurs je pense que les m\u00e9lomanes sp\u00e9cialis\u00e9s dans la musique classique auront plus de mal \u00e0 entrer en r\u00e9sonance avec \u00ab Mass \u00bb que ceux qui se sentent plus proches du jazz et du rock. Il n&rsquo;est pas rare que des musiciens de rock aient introduit dans leurs spectacles des morceaux de musique classique, le contraire est quasi inexistant. L\u00e9onard Bernstein l&rsquo;a fait pour la premi\u00e8re fois, \u00e0 ma connaissance<br \/>\n<\/span><\/p>\n<p><span style=\"color: #777777; font-family: Arial;\">Mais si les habitu\u00e9s de la musique classique auront du mal, il est aussi possible que les croyants catholiques aient du mal&nbsp;: car Mass n&rsquo;est pas une messe, mais un \u00ab&nbsp;oratorio sc\u00e9nique&nbsp;\u00bb pour chanteurs, musiciens et danseurs qui se base sur le texte liturgique catholique mais pour en faire une chose tr\u00e8s diff\u00e9rente&nbsp;: une interrogation sur la spiritualit\u00e9, une interpellation tr\u00e8s vive de Dieu.<br \/>\n<\/span><\/p>\n<p><a href=\"https:\/\/www.qobuz.com\/lu-fr\/info\/actualite\/video-du-jour\/bernstein-a-la-mass180263\"><span style=\"font-family: Arial;\"><span style=\"color: #0000ff;\">&lt;Le site Qobuz&gt;<\/span><\/span><\/a><span style=\"color: #777777; font-family: Arial;\"> explique&nbsp;:<br \/>\n<\/span><\/p>\n<p style=\"margin-left: 28pt;\"><span style=\"color: #c00000; font-family: Arial;\">\u00ab&nbsp;Difficile de classer <em>Mass<\/em> de Bernstein, cr\u00e9\u00e9e en 1971. Il ne s&rsquo;agit pas vraiment d&rsquo;une messe \u00e0 proprement parler, [\u2026] et l&rsquo;argument pourrait \u00eatre celui d&rsquo;une sorte de service divin qui tournerait au vinaigre avant de retrouver, finalement, la paix universelle. Au d\u00e9but, tout le monde semble d&rsquo;accord, puis les \u00ab musiciens de rue \u00bb commencent \u00e0 questionner la n\u00e9cessit\u00e9, voire m\u00eame l&rsquo;existence, d&rsquo;un dieu. La cacophonie qui s&rsquo;installe jusqu&rsquo;\u00e0 l&rsquo;\u00c9l\u00e9vation catastrophique est finalement apais\u00e9e apr\u00e8s que le serviteur de la messe rassemble tous les esprits autour de la divinit\u00e9 et un dernier \u00ab allez en paix \u00bb. Bernstein a rassembl\u00e9 dans sa partition tous les \u00e9l\u00e9ments possibles et imaginables de la musique du XXe si\u00e8cle : jazz band, blues, ensemble de rock, Broadway, expressionnisme, dod\u00e9caphonisme, modernisme qui n&rsquo;est pas sans rappeler Britten, musique de rue, fanfare, voix classiques m\u00eal\u00e9es aux voix de rock et de jazz et aux r\u00e9citations du Gospel : une v\u00e9ritable Tour de Babel qu&rsquo;il n&rsquo;est pas n\u00e9cessairement facile de rassembler autour d&rsquo;un m\u00eame souffle.&nbsp;\u00bb<br \/>\n<\/span><\/p>\n<p><img loading=\"lazy\" decoding=\"async\" class=\"alignright\" src=\"https:\/\/lemotdujour.fr\/wp-content\/uploads\/2018\/05\/050618_2044_Lundi7mai202.jpg\" alt=\"\" width=\"445\" height=\"267\" align=\"left\"><span style=\"color: #777777; font-family: Arial;\">Mais revenant au commencement. L\u00e9onard Bernstein, de nombreux signes le montrent est profond\u00e9ment ancr\u00e9 dans la tradition juive et h\u00e9bra\u00efque. Par exemple dans ses \u0153uvres plus acad\u00e9miques : ses symphonies, la premi\u00e8re est consacr\u00e9e au grand proph\u00e8te juif \u00ab&nbsp;J\u00e9r\u00e9mie&nbsp;\u00bb et la troisi\u00e8me porte pour titre \u00ab&nbsp;Kaddish&nbsp;\u00bb, la pri\u00e8re juive par excellence.<br \/>\n<\/span><\/p>\n<p><span style=\"color: #777777; font-family: Arial;\">Donc cela peut sembler une incongruit\u00e9 que Jacqueline Kennedy demande \u00e0 L\u00e9onard Bernstein de consacrer une \u0153uvre \u00ab religieuse \u00bb en l&rsquo;honneur du pr\u00e9sident assassin\u00e9, premier pr\u00e9sident et il me semble toujours seul pr\u00e9sident des \u00c9tats-Unis catholique. Car il faut quand m\u00eame rappeler qu&rsquo;au centre de cette liturgie catholique, plus pr\u00e9cis\u00e9ment dans le \u00ab Credo \u00bb se trouve cet acte de Foi \u00ab&nbsp;<i>Je crois en l&rsquo;\u00c9glise, une, sainte, catholique et apostolique. <\/i>&nbsp;\u00bb prompte \u00e0 \u00e9loigner tous ceux qui ne partagent pas cette croyance<br \/>\n<\/span><\/p>\n<p><span style=\"color: #777777; font-family: Arial;\">Et c&rsquo;est ainsi que \u00ab&nbsp;<strong>Mass&nbsp;<\/strong>\u00bb est n\u00e9 et a \u00e9t\u00e9 interpr\u00e9t\u00e9 pour la premi\u00e8re fois au<span style=\"color: #0000ff;\"> <a style=\"color: #0000ff;\" href=\"https:\/\/fr.wikipedia.org\/wiki\/John_F._Kennedy_Center_for_the_Performing_Arts\">John F. Kennedy Center for the Performing Arts<\/a>,<\/span> le 8 septembre 1971<br \/>\n<\/span><\/p>\n<p><span style=\"color: #777777; font-family: Arial;\">Il faut noter que L\u00e9onard Bernstein fut tr\u00e8s ami avec la famille Kennedy.<br \/>\n<\/span><\/p>\n<p><span style=\"color: #777777; font-family: Arial;\">Bernstein s&rsquo;entoura d&rsquo;un groupe de collaborateurs dont certains illustres pour cr\u00e9er cette pi\u00e8ce de th\u00e9\u00e2tre pour chanteurs, com\u00e9diens et danseurs comme par exemple Alvin Ailey, Gordon Davidson, Roger LM. Stevens. Les textes compl\u00e9mentaires au texte liturgique furent \u00e9crits par L\u00e9onard Bernstein lui-m\u00eame mais aussi en partie par Stephen Lawrence Schwartz.<br \/>\n<\/span><\/p>\n<p><span style=\"color: #777777; font-family: Arial;\">MASS commence par un Kyrie sur le texte traditionnel dans une musique tr\u00e8s moderne et assez chaotique mais tr\u00e8s vite remplac\u00e9 par un chant de l&rsquo;officiant qui joue un r\u00f4le central dans cette pi\u00e8ce.<br \/>\n<\/span><\/p>\n<p><span style=\"color: #777777; font-family: Arial;\">Le livret qui accompagne l&rsquo;enregistrement de Bernstein \u00e9crit&nbsp;:<br \/>\n<\/span><\/p>\n<p style=\"margin-left: 28pt;\"><span style=\"color: #c00000; font-family: Arial;\">\u00ab&nbsp;Il existe pour acc\u00e9der \u00e0 cette \u0153uvre une cl\u00e9 qui r\u00e9side dans les toutes premi\u00e8res paroles chant\u00e9es par le c\u00e9l\u00e9brant&nbsp;: \u00ab&nbsp;Chantez au Seigneur un chant simple&nbsp;\u00bb.<br \/>\n<\/span><\/p>\n<p><span style=\"color: #777777; font-family: Arial;\">Vous pouvez entendre dans la version de Bernstein ce \u00ab&nbsp;<a href=\"https:\/\/www.youtube.com\/watch?v=4a4naYEHUZs\"><span style=\"color: #0000ff;\">Simple song<\/span>&nbsp;<\/a>\u00bb<br \/>\n<\/span><\/p>\n<p style=\"margin-left: 28pt;\"><span style=\"color: #c00000; font-family: Arial;\">\u00ab&nbsp;Mass \u00e9tait probablement \u00ab&nbsp;un chant simple&nbsp;\u00bb pour L\u00e9onard Bernstein, cet homme au g\u00e9nie cr\u00e9ateur le plus complexe que l&rsquo;Am\u00e9rique ait jamais produit. Il voulait s&rsquo;exprimer sur la n\u00e9cessit\u00e9 pour chacun de nous de poss\u00e9der et de cultiver une vie spirituelle au sein de notre vie de tous les jours.&nbsp;\u00bb<br \/>\n<\/span><\/p>\n<p><a href=\"http:\/\/www.citedelamusique.fr\/pdf\/note_programme\/archives\/040618_new_york.pdf\"><span style=\"font-family: Arial;\"><span style=\"color: #0000ff;\">&lt;Le site de la Cit\u00e9 de la Musique donne aussi des cl\u00e9s&gt;<\/span><\/span><\/a><span style=\"color: #777777; font-family: Arial;\"><span style=\"color: #0000ff;\">&nbsp;:<\/span><br \/>\n<\/span><\/p>\n<p style=\"margin-left: 28pt;\"><span style=\"color: #c00000; font-family: Arial;\">\u00ab&nbsp;1971 : les \u00c9tats-Unis sont en pleine guerre du Vietnam et Leonard Bernstein compose sa messe. Pour l&rsquo;anecdote, le chef du FBI aux \u00c9tats-Unis, J. Edgar Hoover, envoya un message au procureur g\u00e9n\u00e9ral du pr\u00e9sident Richard Nixon pour l&rsquo;informer que cette \u0153uvre, programm\u00e9e pour l&rsquo;ouverture du nouveau centre d&rsquo;arts et concerts de Washington \u2013 le Centre Kennedy \u2013 pouvait contenir un texte subversif. Faisait-on allusion au texte \u00ab&nbsp;Dona Nobis Pacem \u00bb ? Toujours est-il que Richard Nixon n&rsquo;est pas venu \u00e0 la premi\u00e8re.<br \/>\n<\/span><\/p>\n<p style=\"margin-left: 28pt;\"><span style=\"color: #c00000; font-family: Arial;\">Mass est une \u0153uvre compl\u00e8tement li\u00e9e \u00e0 son \u00e9poque. [\u2026] On sent, d&rsquo;un c\u00f4t\u00e9, le d\u00e9sespoir de ceux dont les rep\u00e8res moraux et religieux ont \u00e9t\u00e9 bouscul\u00e9s, mais aussi l&rsquo;optimisme de ceux qui cherchent un nouveau chemin spirituel. [\u2026]<br \/>\n<\/span><\/p>\n<p style=\"margin-left: 28pt;\"><span style=\"color: #c00000; font-family: Arial;\">Les v\u00e9ritables intentions de Bernstein \u00e9taient d&rsquo;une part d&rsquo;ouvrir la messe catholique \u00e0 un \u0153cum\u00e9nisme spirituel et musical, d&rsquo;autre part de protester contre l&rsquo;indiff\u00e9rence de Dieu face aux horreurs de la guerre en cours au Vi\u00eatnam.<br \/>\n<\/span><\/p>\n<p style=\"margin-left: 28pt;\"><span style=\"color: #c00000; font-family: Arial;\">La crise de foi du jeune c\u00e9l\u00e9brant qui, apr\u00e8s le \u00ab Dona nobis pacem \u00bb, jette violemment par terre les sacrements et, v\u00eatements liturgiques et linge de l&rsquo;autel arrach\u00e9s, saute sur l&rsquo;autel et commence \u00e0 danser, exprime l&rsquo;inqui\u00e9tude et la rage de la g\u00e9n\u00e9ration soixante-huitarde. Dans le contexte socio-politique de l&rsquo;\u00e9poque, il \u00e9tait \u00e9vident que la contestation du jeune c\u00e9l\u00e9brant ne concernait pas seulement Dieu et le formalisme liturgique, mais aussi les responsables de la guerre du Vi\u00eatnam, le pr\u00e9sident Nixon en t\u00eate qui, \u00e0 l&rsquo;occasion de la cr\u00e9ation de Mass, laissa volontiers sa place \u00e0 la veuve du pr\u00e9sident assassin\u00e9, Jacqueline, d\u00e9sormais \u00e9pouse d&rsquo;Onassis.&nbsp;\u00bb<br \/>\n<\/span><\/p>\n<p><span style=\"color: #777777; font-family: Arial;\">Le Monde est tr\u00e8s \u00e9logieux sur l&rsquo;interpr\u00e9tation qui a \u00e9t\u00e9 produite \u00e0 la philharmonie de Paris&nbsp;: \u00ab&nbsp;<a href=\"http:\/\/www.lemonde.fr\/televisions-radio\/article\/2018\/04\/07\/tv-mass-de-bernstein-une-uvre-pop-classique-et-hippie_5282286_1655027.html\"><span style=\"color: #0000ff;\">\u00ab Mass \u00bb, de Bernstein, une \u0153uvre pop, classique et hippie<\/span>&nbsp;<\/a>\u00bb<br \/>\n<\/span><\/p>\n<p><span style=\"color: #777777; font-family: Arial;\">Les deux acteurs principaux de cette r\u00e9ussite sont \u00ab&nbsp;Jubilant Sykes&nbsp;\u00bb qui incarne le \u00ab c\u00e9l\u00e9brant et le chef d&rsquo;orchestre anglais \u00ab&nbsp;Wayne Marshall&nbsp;\u00bb.<br \/>\n<\/span><\/p>\n<p><span style=\"color: #777777; font-family: Arial;\">Le replay d&rsquo;ARTE n&rsquo;est plus actif, mais vous pouvez trouver des extraits :<span style=\"color: #0000ff;\"><a style=\"color: #0000ff;\" href=\"https:\/\/www.youtube.com\/watch?v=v2P_eG2bjB4\"> &lt;ICI&gt;<\/a><\/span> ou <a href=\"https:\/\/www.youtube.com\/watch?v=jyauQXP2q9I\"><span style=\"color: #0000ff;\">&lt;ICI&gt;<\/span> <\/a><\/span><\/p>\n<p><span style=\"color: #777777; font-family: Arial;\">Et si vous avez besoin d&rsquo;un aper\u00e7u plus court (2mn) \u00e9coutez cet extrait du Gloria dans une autre interpr\u00e9tation au Prom&rsquo;s de Londres&nbsp;<span style=\"color: #0000ff;\">: <a style=\"color: #0000ff;\" href=\"https:\/\/www.youtube.com\/watch?v=sBVgCxbZaIc\">\u00ab&nbsp;Mass &#8211; Gloria &#8211; BBC Proms 2012&nbsp;<\/a>\u00bb. <\/span><br \/>\n<\/span><\/p>\n<p><span style=\"color: #777777; font-family: Arial;\">Je pense cependant que toutes ces versions, tr\u00e8s bonnes du point de vue musicales, restent un peu statiques par rapport \u00e0 la version initiale dont la chor\u00e9graphie \u00e9tait l\u2019\u0153uvre&nbsp; d&rsquo;Alvin Ailey. J&rsquo;ai trouv\u00e9 des extraits d&rsquo;un spectacle sur un&nbsp; site enti\u00e8rement consacr\u00e9 \u00e0 l\u00e9onard Bernstein, je pense que l&rsquo;organisation sc\u00e9nique est plus proche de ce qu&rsquo;avait imagin\u00e9 Bernstein et Ailey :<span style=\"color: #0000ff;\"> <a style=\"color: #0000ff;\" href=\"https:\/\/www.youtube.com\/watch?v=GMxcTqTXADc&amp;start_radio=1&amp;list=RDGMxcTqTXADc\">&lt;Trailer de Mass&gt; <\/a><\/span><\/span><\/p>\n<p><span style=\"color: maroon; font-family: Arial;\">&lt;1065&gt;<\/span><\/p>\n","protected":false},"excerpt":{"rendered":"<p>\u00ab&nbsp;Mass&nbsp;\u00bb L\u00e9onard Bernstein (1918-1990) L\u00e9onard Bernstein est n\u00e9 le 25 ao\u00fbt 1918. C&rsquo;est encore un peu t\u00f4t pour f\u00eater son centi\u00e8me anniversaire, mais les circonstances font que je voudrais aujourd&rsquo;hui vous parler d&rsquo;une \u0153uvre qui \u00e0 mon avis est absolument<\/p>\n","protected":false},"author":1,"featured_media":0,"comment_status":"open","ping_status":"closed","sticky":false,"template":"","format":"standard","meta":{"footnotes":""},"categories":[1],"tags":[65,20,212],"class_list":["post-4677","post","type-post","status-publish","format-standard","hentry","category-motdujour","tag-etats-unis","tag-musique","tag-spiritualite"],"_links":{"self":[{"href":"https:\/\/lemotdujour.fr\/index.php?rest_route=\/wp\/v2\/posts\/4677","targetHints":{"allow":["GET"]}}],"collection":[{"href":"https:\/\/lemotdujour.fr\/index.php?rest_route=\/wp\/v2\/posts"}],"about":[{"href":"https:\/\/lemotdujour.fr\/index.php?rest_route=\/wp\/v2\/types\/post"}],"author":[{"embeddable":true,"href":"https:\/\/lemotdujour.fr\/index.php?rest_route=\/wp\/v2\/users\/1"}],"replies":[{"embeddable":true,"href":"https:\/\/lemotdujour.fr\/index.php?rest_route=%2Fwp%2Fv2%2Fcomments&post=4677"}],"version-history":[{"count":14,"href":"https:\/\/lemotdujour.fr\/index.php?rest_route=\/wp\/v2\/posts\/4677\/revisions"}],"predecessor-version":[{"id":13691,"href":"https:\/\/lemotdujour.fr\/index.php?rest_route=\/wp\/v2\/posts\/4677\/revisions\/13691"}],"wp:attachment":[{"href":"https:\/\/lemotdujour.fr\/index.php?rest_route=%2Fwp%2Fv2%2Fmedia&parent=4677"}],"wp:term":[{"taxonomy":"category","embeddable":true,"href":"https:\/\/lemotdujour.fr\/index.php?rest_route=%2Fwp%2Fv2%2Fcategories&post=4677"},{"taxonomy":"post_tag","embeddable":true,"href":"https:\/\/lemotdujour.fr\/index.php?rest_route=%2Fwp%2Fv2%2Ftags&post=4677"}],"curies":[{"name":"wp","href":"https:\/\/api.w.org\/{rel}","templated":true}]}}