{"id":4666,"date":"2018-05-03T03:34:35","date_gmt":"2018-05-03T01:34:35","guid":{"rendered":"http:\/\/lemotdujour.fr\/?p=4666"},"modified":"2021-10-17T12:54:44","modified_gmt":"2021-10-17T10:54:44","slug":"jeudi-3-mai-2018","status":"publish","type":"post","link":"https:\/\/lemotdujour.fr\/?p=4666","title":{"rendered":"Jeudi 3 mai 2018"},"content":{"rendered":"<div class=\"mdjTexte\">\t\u00abNe pas devenir les sp\u00e9cialistes de l\u2019\u00e9thique tandis que les Chinois et les Am\u00e9ricains deviennent des sp\u00e9cialistes du business.\u00bb<\/div>\n<div class=\"mdjAuteur\">\tAntoine Petit, pr\u00e9sident du CNRS \u00e0 propos du rapport Villani<\/div>\n<p><span style=\"color: #777777; font-family: Arial;\">C\u00e9dric Villani a donc produit un rapport sur l&rsquo;intelligence artificielle (IA)&nbsp;: \u00ab&nbsp;<a href=\"https:\/\/www.aiforhumanity.fr\/pdfs\/9782111457089_Rapport_Villani_accessible.pdf\"><span style=\"color: #0000ff;\">Donner du sens \u00e0 l&rsquo;intelligence artificielle<\/span>&nbsp;<\/a>\u00bb<br \/>\n<\/span><\/p>\n<p><span style=\"color: #777777; font-family: Arial;\">Je ne l&rsquo;ai pas lu, j&rsquo;ai entendu et vu plusieurs interventions de C\u00e9dric Villani qui parlait de son rapport et de sa r\u00e9flexion sur le sujet.<br \/>\n<\/span><\/p>\n<p><span style=\"color: #777777; font-family: Arial;\">Un sp\u00e9cialiste de l&rsquo;intelligence artificielle <strong>Olivier Ezratty <\/strong>a \u00e9crit un article critique tr\u00e8s complet sur ce sujet et que vous trouverez derri\u00e8re ce lien&nbsp;: &lt;<a href=\"http:\/\/www.oezratty.net\/wordpress\/2018\/rapport-villani\/\"><span style=\"color: #0000ff;\">Ce que r\u00e9v\u00e8le le Rapport Villani<\/span><\/a>&gt;<br \/>\n<\/span><\/p>\n<p><span style=\"color: #777777; font-family: Arial;\">Mais le mot du jour d&rsquo;aujourd&rsquo;hui va insister sur un autre article concernant ce sujet et plus pr\u00e9cis\u00e9ment <strong>le lien que fait ce rapport entre l&rsquo;intelligence artificielle et l&rsquo;\u00e9thique<\/strong>.<br \/>\n<\/span><\/p>\n<p><span style=\"color: #777777; font-family: Arial;\">Cet article m&rsquo;a \u00e9t\u00e9 sugg\u00e9r\u00e9 par Daniel qui me fait le plaisir de commenter tr\u00e8s souvent les mots du jour.<br \/>\n<\/span><\/p>\n<p><span style=\"color: #777777; font-family: Arial;\">Cet article se trouve sur le site d\u00e9di\u00e9 \u00e0 l&rsquo;innovation&nbsp;:<span style=\"color: #0000ff;\"> <a style=\"color: #0000ff;\" href=\"https:\/\/www.frenchweb.fr\">https:\/\/www.frenchweb.fr<\/a><\/span> et a \u00e9t\u00e9 \u00e9crit par Philippe Silberzahn, professeur \u00e0 EMLYON Business School et chercheur associ\u00e9 \u00e0 l&rsquo;\u00c9cole Polytechnique.<br \/>\n<\/span><\/p>\n<p><span style=\"color: #777777; font-family: Arial;\">Il a pour titre&nbsp;: \u00ab&nbsp;<a href=\"https:\/\/www.frenchweb.fr\/ia-et-ethique-le-contresens-navrant-de-cedric-villani\/321805\"><span style=\"color: #0000ff;\">IA et \u00e9thique: le contresens navrant de C\u00e9dric Villani&nbsp;<\/span><\/a>\u00bb<br \/>\n<\/span><\/p>\n<p><span style=\"color: #777777; font-family: Arial;\">Et voil\u00e0 ce qu&rsquo;il dit en substance&nbsp;:<br \/>\n<\/span><\/p>\n<p><span style=\"color: #777777; font-family: Arial;\">Il attaque assez fort d\u00e8s le d\u00e9part&nbsp;:<br \/>\n<\/span><\/p>\n<p style=\"margin-left: 28pt;\"><span style=\"color: #c00000; font-family: Arial;\">\u00ab&nbsp; Avec le rapport Villani sur l&rsquo;intelligence artificielle, la France a renou\u00e9 avec une vieille tradition: demander \u00e0 quelqu&rsquo;un d&rsquo;intelligent d&rsquo;\u00e9crire un rapport idiot. Enfin idiot, on se comprendra: le rapport que notre M\u00e9daille Fields vient de r\u00e9diger n&rsquo;est pas tant idiot que convenu.&nbsp;\u00bb<br \/>\n<\/span><\/p>\n<p><span style=\"color: #777777; font-family: Arial;\">S&rsquo;appuyant sur des exemples historiques r\u00e9cents et moins r\u00e9cents, bien connus de nous tous, Philippe Silberzahn conteste fondamentalement la possibilit\u00e9 de donner, a priori, un jugement \u00e9thique sur une innovation&nbsp;:<br \/>\n<\/span><\/p>\n<p style=\"margin-left: 28pt;\"><span style=\"color: #c00000; font-family: Arial;\">\u00ab&nbsp;Le titre-m\u00eame du rapport \u00ab Donner un sens \u00e0 l&rsquo;IA \u00bb est probl\u00e9matique. Quand on regarde l&rsquo;histoire de l&rsquo;innovation, le sens a toujours \u00e9t\u00e9 donn\u00e9 a posteriori. Et ce pour une raison tr\u00e8s simple: les ruptures technologiques pr\u00e9sentent toujours des situations in\u00e9dites sur le plan l\u00e9gal, social et \u00e9thique. Il est tr\u00e8s difficile, voire impossible, de penser ces ruptures avant qu&rsquo;elles ne se produisent, et avant que les effets ne soient visibles. On risque de penser dans le vide. Lorsque McKinsey conduit une \u00e9tude de march\u00e9 pour AT&amp;T en 1989 pour \u00e9valuer le potentiel de la t\u00e9l\u00e9phonie mobile, les r\u00e9sultats sont d\u00e9sastreux: personne ne voit l&rsquo;int\u00e9r\u00eat d&rsquo;avoir un t\u00e9l\u00e9phone mobile. Personne ne peut simplement imaginer ce qu&rsquo;on ferait avec. Seule l&rsquo;utilisation effective a r\u00e9v\u00e9l\u00e9 les possibilit\u00e9s de la technologie, de m\u00eame qu&rsquo;aujourd&rsquo;hui seule l&rsquo;utilisation de Facebook en r\u00e9v\u00e8le les dangers pour la vie priv\u00e9e.<br \/>\n<\/span><\/p>\n<p style=\"margin-left: 28pt;\"><span style=\"color: #c00000; font-family: Arial;\">Plus g\u00e9n\u00e9ralement, les applications d&rsquo;une nouvelle technologie sont impossibles \u00e0 anticiper. Lorsque les ing\u00e9nieurs fran\u00e7ais et autrichien d\u00e9couvrent les ultra-sons en 1911, ils s&rsquo;en servent pour d\u00e9tecter les sous-marins. Quarante ans apr\u00e8s, cette technologie est utilis\u00e9e en m\u00e9decine, c&rsquo;est l&rsquo;\u00e9chographie. Cette utilisation est totalement impr\u00e9vue et d&rsquo;ailleurs, il \u00e9tait initialement question que ce soit pour la d\u00e9tection des cancers. Aujourd&rsquo;hui, l&rsquo;\u00e9chographie est devenue banale et peu ch\u00e8re, \u00e0 tel point qu&rsquo;elle est utilis\u00e9e dans les pays pauvres, en particulier en Chine et en Inde. Utilis\u00e9e pour l&rsquo;avortement s\u00e9lectif, elle est directement responsable du fait notamment qu&rsquo;environ 25 millions de femmes ne sont pas n\u00e9es en Chine, causant un d\u00e9s\u00e9quilibre des sexes qui entra\u00eene de lourds probl\u00e8mes sociaux et donc politiques. Qui aurait pu penser qu&rsquo;une technologie mise au point en Europe pour la lutte anti sous-marine soit la cause, un si\u00e8cle plus tard, d&rsquo;un bouleversement social en Asie? Penser les cons\u00e9quences de l&rsquo;\u00e9chographie a priori aurait \u00e9t\u00e9 totalement vain.&nbsp;\u00bb<br \/>\n<\/span><\/p>\n<p><span style=\"color: #777777; font-family: Arial;\">Il nous pousse ensuite dans nos contradictions et pose la question subtile du constat \u00e9thique de l&rsquo;automobile&nbsp;:<br \/>\n<\/span><\/p>\n<p style=\"margin-left: 28pt;\"><span style=\"color: #c00000; font-family: Arial;\">\u00ab&nbsp;Mais il y a pire. Toute technologie est duale, au sens o\u00f9 elle peut servir \u00e0 faire le bien comme le mal. Imaginez que vous soyez ministre de l&rsquo;environnement dans un pays \u00e9thique qui a mis le principe de pr\u00e9caution dans sa constitution (exemple fictif bien-s\u00fbr). Un groupe d&rsquo;industriels vient vous voir pour obtenir l&rsquo;autorisation pr\u00e9alable n\u00e9cessaire \u00e0 la commercialisation de leur nouvelle technologie. Elle apportera de toute \u00e9vidence des bienfaits immenses, facilitant la vie de nombreux habitants. Son seul d\u00e9faut: elle tuera environ un million de personnes par an dans le monde.<br \/>\n<\/span><\/p>\n<p style=\"margin-left: 28pt;\"><span style=\"color: #c00000; font-family: Arial;\">Que faites-vous?<br \/>\n<\/span><\/p>\n<p style=\"margin-left: 28pt;\"><span style=\"color: #c00000; font-family: Arial;\">Vous l&rsquo;interdirez probablement et mettrez un comit\u00e9 d&rsquo;\u00e9thique sur le dossier.<br \/>\n<\/span><\/p>\n<p style=\"margin-left: 28pt;\"><span style=\"color: #c00000; font-family: Arial;\">Cette technologie? C&rsquo;est l&rsquo;automobile.&nbsp;\u00bb<br \/>\n<\/span><\/p>\n<p><span style=\"color: #777777; font-family: Arial;\">Michel Serres cite souvent &lt;<span style=\"color: #0000ff;\"><a style=\"color: #0000ff;\" href=\"https:\/\/a4traduction.com\/glossaire-de-la-traduction\/Langue-d-Esope\">la fable de la langue<\/a><\/span>&gt; \u00e9crit par Esope, le fabuliste grec, au VI\u00e8me si\u00e8cle avant notre \u00e8re.:<br \/>\n<\/span><\/p>\n<p style=\"margin-left: 28pt;\"><span style=\"color: #c00000; font-family: Arial;\">\u00ab&nbsp;Le ma\u00eetre d&rsquo;\u00c9sope lui demande d&rsquo;aller acheter, pour un banquet, la meilleure des nourritures et rien d&rsquo;autre. \u00c9sope ne ram\u00e8ne que des langues ! Entr\u00e9e, plat, dessert, que des langues ! Les invit\u00e9s au d\u00e9but se r\u00e9galent puis sont vite d\u00e9go\u00fbt\u00e9s.<br \/>\n<\/span><\/p>\n<p style=\"margin-left: 28pt;\"><span style=\"color: #c00000; font-family: Arial;\">&#8211; Pourquoi n&rsquo;as-tu achet\u00e9 que \u00e7a ?<br \/>\n<\/span><\/p>\n<p style=\"margin-left: 28pt;\"><span style=\"color: #c00000; font-family: Arial;\">&#8211; Mais la langue est la meilleure des choses. C&rsquo;est le lien de la vie civile, la clef des sciences, avec elle on instruit, on persuade, on r\u00e8gne dans les assembl\u00e9es&#8230;<br \/>\n<\/span><\/p>\n<p style=\"margin-left: 28pt;\"><span style=\"color: #c00000; font-family: Arial;\">&#8211; Eh bien ach\u00e8te-moi pour demain la pire des choses, je veux de la vari\u00e9t\u00e9 et les m\u00eames invit\u00e9s seront l\u00e0. <\/span><\/p>\n<p style=\"margin-left: 28pt;\"><span style=\"color: #c00000; font-family: Arial;\">&#8211; \u00c9sope ach\u00e8te encore des langues, disant que c&rsquo;est la pire des choses, la m\u00e8re de tous les d\u00e9bats, la nourrice des proc\u00e8s, la source des guerres, de la calomnie et du mensonge.&nbsp;\u00bb<br \/>\n<\/span><\/p>\n<p><span style=\"color: #777777; font-family: Arial;\">La conclusion de Philippe Silberzahn qui cite le patron du CNRS, citation dont j&rsquo;ai fait l&rsquo;exergue de ce mot du jour, constitue un questionnement fort et complexe :<br \/>\n<\/span><\/p>\n<p style=\"margin-left: 28pt;\"><span style=\"color: #c00000; font-family: Arial;\">\u00ab&nbsp;En pla\u00e7ant l&rsquo;IA au service de l&rsquo;\u00e9thique, le rapport commet donc deux erreurs: d&rsquo;une part il ne se donne aucune chance de penser l&rsquo;\u00e9thique de l&rsquo;IA correctement, car nous penserons dans le vide \u2013 nous ne pourrons penser qu&rsquo;en faisant, et d&rsquo;autre part il condamne la France \u00e0 regarder les autres danser depuis le balcon. Antoine Petit, le patron du CNRS lors de la conf\u00e9rence <a href=\"https:\/\/www.aiforhumanity.fr\/\"><span style=\"color: #0000ff;\">AI For Humanity<\/span><\/a> o\u00f9 \u00e9tait pr\u00e9sent\u00e9 le rapport Villani, nous invitait ainsi \u00e0 \u00e9viter un \u00e9cueil: \u00ab <strong>Ne pas devenir les sp\u00e9cialistes de l&rsquo;\u00e9thique tandis que les Chinois et les Am\u00e9ricains deviennent des sp\u00e9cialistes du business.<\/strong> \u00bb<br \/>\n<\/span><\/p>\n<p style=\"margin-left: 28pt;\"><span style=\"color: #c00000; font-family: Arial;\">C&rsquo;est tout l&rsquo;enjeu et \u00e0 vouloir mettre l&rsquo;IA d&rsquo;entr\u00e9e de jeu au service de la diversit\u00e9, de l&rsquo;\u00e9galit\u00e9 homme-femme, du bien commun et des services publics, c&rsquo;est sacrifier aux modes du moment en se trompant de combat.<br \/>\n<\/span><\/p>\n<p style=\"margin-left: 28pt;\"><span style=\"color: #c00000; font-family: Arial;\">On demandait \u00e0 C\u00e9dric Villani de nous dire comment la France pouvait rattraper son retard en IA, c&rsquo;est \u00e0 dire de poser un raisonnement industriel, pas de signaler sa vertu \u00e0 l&rsquo;intelligentsia post-moderniste qui gouverne la pens\u00e9e de ce pays.<br \/>\n<\/span><\/p>\n<p style=\"margin-left: 28pt;\"><span style=\"color: #c00000; font-family: Arial;\">Sans compter que comme souvent dans ces cas-l\u00e0, le sens que l&rsquo;on donne \u00e0 \u00e9thique est bien restreint. Il peut \u00eatre \u00e9thique de ne pas vouloir d\u00e9velopper une IA aux cons\u00e9quences n\u00e9gatives, mais il peut \u00eatre \u00e9galement \u00e9thique d&rsquo;essayer pour voir, car ce n&rsquo;est qu&rsquo;en agissant que nous saurons. Les entrepreneurs savent cela depuis longtemps, nos savants intelligents et ceux qui nous gouvernement l&rsquo;ignorent, et se condamnent peu \u00e0 peu \u00e0 la paralysie par exc\u00e8s de prudence et, au fond, par peur du futur.<br \/>\n<\/span><\/p>\n<p style=\"margin-left: 28pt;\"><span style=\"color: #c00000; font-family: Arial;\">Nous devenons un vieux pays, et laissons progressivement les autres d\u00e9velopper l&rsquo;avenir.<br \/>\n<\/span><\/p>\n<p style=\"margin-left: 28pt;\"><span style=\"color: #c00000; font-family: Arial;\">Au fond, le rapport Villani est un rapport de vieux, la hype de notre ami C\u00e9dric en plus.&nbsp;\u00bb<br \/>\n<\/span><\/p>\n<p><span style=\"color: #777777; font-family: Arial;\">Les craintes exprim\u00e9es ne peuvent que nous interpeller.<br \/>\n<\/span><\/p>\n<p><span style=\"color: #777777; font-family: Arial;\">Cela \u00e9tant, au fur \u00e0 mesure de l&rsquo;utilisation de l&rsquo;IA nous devrons rester vigilants.<br \/>\n<\/span><\/p>\n<p><span style=\"color: #777777; font-family: Arial;\">En serons-nous capable entra\u00een\u00e9s par le vertige de la modernit\u00e9&nbsp;?<\/span><\/p>\n<p><span style=\"color: #800000;\">&lt;1063&gt;<\/span><\/p>\n","protected":false},"excerpt":{"rendered":"<p>\u00abNe pas devenir les sp\u00e9cialistes de l\u2019\u00e9thique tandis que les Chinois et les Am\u00e9ricains deviennent des sp\u00e9cialistes du business.\u00bb Antoine Petit, pr\u00e9sident du CNRS \u00e0 propos du rapport Villani C\u00e9dric Villani a donc produit un rapport sur l&rsquo;intelligence artificielle (IA)&nbsp;:<\/p>\n","protected":false},"author":1,"featured_media":0,"comment_status":"open","ping_status":"closed","sticky":false,"template":"","format":"standard","meta":{"footnotes":""},"categories":[1],"tags":[91,49,101],"class_list":["post-4666","post","type-post","status-publish","format-standard","hentry","category-motdujour","tag-ethique","tag-futur","tag-intelligence-artificielle"],"_links":{"self":[{"href":"https:\/\/lemotdujour.fr\/index.php?rest_route=\/wp\/v2\/posts\/4666","targetHints":{"allow":["GET"]}}],"collection":[{"href":"https:\/\/lemotdujour.fr\/index.php?rest_route=\/wp\/v2\/posts"}],"about":[{"href":"https:\/\/lemotdujour.fr\/index.php?rest_route=\/wp\/v2\/types\/post"}],"author":[{"embeddable":true,"href":"https:\/\/lemotdujour.fr\/index.php?rest_route=\/wp\/v2\/users\/1"}],"replies":[{"embeddable":true,"href":"https:\/\/lemotdujour.fr\/index.php?rest_route=%2Fwp%2Fv2%2Fcomments&post=4666"}],"version-history":[{"count":6,"href":"https:\/\/lemotdujour.fr\/index.php?rest_route=\/wp\/v2\/posts\/4666\/revisions"}],"predecessor-version":[{"id":12370,"href":"https:\/\/lemotdujour.fr\/index.php?rest_route=\/wp\/v2\/posts\/4666\/revisions\/12370"}],"wp:attachment":[{"href":"https:\/\/lemotdujour.fr\/index.php?rest_route=%2Fwp%2Fv2%2Fmedia&parent=4666"}],"wp:term":[{"taxonomy":"category","embeddable":true,"href":"https:\/\/lemotdujour.fr\/index.php?rest_route=%2Fwp%2Fv2%2Fcategories&post=4666"},{"taxonomy":"post_tag","embeddable":true,"href":"https:\/\/lemotdujour.fr\/index.php?rest_route=%2Fwp%2Fv2%2Ftags&post=4666"}],"curies":[{"name":"wp","href":"https:\/\/api.w.org\/{rel}","templated":true}]}}