{"id":466,"date":"2017-03-13T01:00:00","date_gmt":"2017-03-12T22:00:00","guid":{"rendered":"http:\/\/lemotdujour.fr\/?p=466"},"modified":"2020-01-24T00:04:36","modified_gmt":"2020-01-23T23:04:36","slug":"lundi-13-mars-2017","status":"publish","type":"post","link":"https:\/\/lemotdujour.fr\/?p=466","title":{"rendered":"Lundi 13 mars 2017"},"content":{"rendered":"<div class=\"mdjDate\"><a id=\"_Toc482008789\"><\/a>Lundi 13 mars 2017<\/div>\n<div class=\"mdjTexte\">\u00ab\u00a0Michel, Michel, je ne suis pas aussi intelligent que tu ne le crois\u00a0!\u00a0\u00bb<\/div>\n<div class=\"mdjAuteur\">Herg\u00e9 \u00e0 Michel Serres qui lui expliquait la profondeur philosophique des albums de Tintin (dans l<a href=\"https:\/\/www.youtube.com\/watch?v=LJ58JIeR7m8&amp;t=25s\">\u2019<span style=\"color: #0000ff;\">interview<\/span><\/a> d\u2019Emmanuelle Dancourt (23:55))<\/div>\n<p><span style=\"color: #777777; font-family: Arial;\">Herg\u00e9, est le pseudonyme de Georges Remi (1907-1983). Il est surtout c\u00e9l\u00e8bre parce qu&rsquo;il a \u00e9t\u00e9 le cr\u00e9ateur de Tintin, une des s\u00e9ries de bandes dessin\u00e9es europ\u00e9ennes qui a eu le plus de succ\u00e8s dans l&rsquo;histoire de la BD.<br \/>\n<\/span><\/p>\n<p><img decoding=\"async\" class=\"alignleft\" src=\"https:\/\/lemotdujour.fr\/wp-content\/uploads\/2020\/01\/012320_2250_LundiXXdcem1.jpg\" alt=\"\" align=\"left\" \/><span style=\"color: #777777; font-family: Arial;\">C&rsquo;est le 10 janvier 1929 que paraissait pour la premi\u00e8re fois les aventures de Tintin, \u00ab <a href=\"https:\/\/www.tintin.com\/fr\/albums\/tintin-au-pays-des-soviets\"><span style=\"color: #0000ff;\">Tintin au pays des soviets<\/span> <\/a>\u00bb, dans un journal illustr\u00e9 catholique pour les enfants qui s&rsquo;appelait <a href=\"https:\/\/fr.wikipedia.org\/wiki\/Le_Petit_Vingti%C3%A8me\">l<span style=\"color: #0000ff;\">e petit vingti\u00e8me<\/span><\/a>.<br \/>\n<\/span><\/p>\n<p><a href=\"https:\/\/fr.wikipedia.org\/wiki\/Les_Aventures_de_Tintin\"><span style=\"font-family: Arial;\"><span style=\"color: #0000ff;\">L&rsquo;ensemble de la s\u00e9rie<\/span><\/span><\/a><span style=\"color: #777777; font-family: Arial;\"> compte 23 albums plus un inachev\u00e9 \u00ab Tintin et l&rsquo;Alph-Art \u00bb, auquel Herg\u00e9 a travaill\u00e9 jusqu&rsquo;\u00e0 sa mort en 1983. Le dernier complet \u00ab Tintin et les picaros \u00bb est paru en 1976.<br \/>\n<\/span><\/p>\n<p><span style=\"color: #777777; font-family: Arial;\">Dans <a href=\"https:\/\/www.youtube.com\/watch?v=Z3PzxHIeuyI\"><span style=\"color: #0000ff;\">une archive de l&rsquo;INA<\/span><\/a> on trouve cet extrait d&rsquo;Apostrophe o\u00f9 Bernard Pivot interroge Herg\u00e9 qui, modeste, comme le d\u00e9crit Michel Serres, explique le parcours de Tintin qui au d\u00e9but est colonialiste et raciste et qui va \u00e9voluer, comme le monde europ\u00e9en, au cours de toutes ces ann\u00e9es et devenir un personnage de plus en plus humaniste et ouvert au monde.<br \/>\n<\/span><\/p>\n<p><span style=\"color: #777777; font-family: Arial;\">Michel Serres a rencontr\u00e9 Herg\u00e9, le cr\u00e9ateur de Tintin tard dans sa vie, il l&rsquo;appelle dans l&rsquo;interview d&rsquo;Emmanuelle Dancourt un \u00ab <span style=\"color: #c00000;\">ami de vieillesse<span style=\"color: #777777;\"> \u00bb, par opposition \u00e0 la notion plus r\u00e9pandue et plus connue d&rsquo; \u00ab ami de jeunesse \u00bb.<br \/>\n<\/span><\/span><\/span><\/p>\n<p><span style=\"color: #777777; font-family: Arial;\">\u00ab <span style=\"color: #c00000;\">Les meilleurs amis dit-on, reste de la jeunesse ; mais avez-vous eu des amis de vieillesse ? Quand le mot n&rsquo;existe pas, doit-on douter de la chose ?<span style=\"color: #777777;\"> \u00bb Page 31 du livre &lt;Herg\u00e9 mon ami&gt;<br \/>\n<\/span><\/span><\/span><\/p>\n<p><span style=\"color: #777777; font-family: Arial;\">Herg\u00e9 \u00e9tait l&rsquo;ain\u00e9 de Michel Serres de 23 ans. Michel Serres introduit son ouvrage par ce texte :<br \/>\n<\/span><\/p>\n<p style=\"margin-left: 28pt;\"><span style=\"color: #c00000; font-family: Arial;\">\u00ab Un grand homme doux, est-ce possible ? Les grands hommes, faux ou vrais, le deviennent le plus souvent par la chamaille, la bataille, l&rsquo;arrogance, le meurtre fourr\u00e9, ce sont de grands fauves. Georges R\u00e9mi est un grand homme vrai, un grand homme rare, un grand homme doux. Ami d\u00e9licat, fid\u00e8le, attentif, inusable comme les bandes qu&rsquo;il a dessin\u00e9es, ami gai, profond, modeste, retir\u00e9, le voici depuis si longtemps immortel d&rsquo;avoir donn\u00e9 son \u0153uvre aux enfants. Les enfants n\u00e9s depuis avant les ann\u00e9es 30 sont les enfants de son sourire et de son charme, vous comme moi et vos neveux comme les miens. Combien de grands hommes avons-nous depuis oubli\u00e9s ? Tous peut-\u00eatre, nous n&rsquo;avons jamais oubli\u00e9 Herg\u00e9. [\u2026]<br \/>\n<\/span><\/p>\n<p style=\"margin-left: 28pt;\"><span style=\"color: #c00000; font-family: Arial;\">Paisible, profond, quotidien, inusable ami. Ai-je connu dans toute ma vie plus grand homme que lui, et plus respectable ? Ami admirable qui m&rsquo;a aid\u00e9 \u00e0 vivre et \u00e0 penser qui ne m&rsquo;a jamais cru quand, les larmes aux yeux, j&rsquo;essayais de lui dire qui vraiment il \u00e9tait. Il riait.<br \/>\n<\/span><\/p>\n<p style=\"margin-left: 28pt;\"><span style=\"color: #c00000; font-family: Arial;\">Il riait comme un enfant. Doucement. Il \u00e9tait un homme de bienfait. [\u2026]<br \/>\n<\/span><\/p>\n<p style=\"margin-left: 28pt;\"><span style=\"color: #c00000; font-family: Arial;\">J&rsquo;ai plus appris en th\u00e9orie de la communication dans les bijoux de la Castafiore que dans cent livres th\u00e9oriques mortels d&rsquo;ennui et st\u00e9riles de r\u00e9sultats. J&rsquo;ai plus appris, je le dirai longuement, sur le f\u00e9tichisme dans l&rsquo;Oreille cass\u00e9e que chez Freud, Marx ou Auguste Comte [\u2026].<br \/>\n<\/span><\/p>\n<p style=\"margin-left: 28pt;\"><span style=\"color: #c00000; font-family: Arial;\">J&rsquo;ai plus appris sur quasi objet dans l&rsquo;affaire Tournesol que partout ailleurs. Je ne me suis pas seulement diverti, j&rsquo;ai appris. Herg\u00e9 donne \u00e0 rire, \u00e0 penser, \u00e0 inventer : verbe unique en trois personnes.<br \/>\n<\/span><\/p>\n<p style=\"margin-left: 28pt;\"><span style=\"color: #c00000; font-family: Arial;\">Il disait : \u00ab je commence mon histoire et je la laisse aller. Elle se d\u00e9veloppe comme du lierre. \u00bb Qui a jamais \u00e9crit, cherch\u00e9, invent\u00e9, dans nos m\u00e9tiers de langues, entend l\u00e0 une parole vraie. L&rsquo;\u0153uvre monte doucement, comme du lierre.<br \/>\n<\/span><\/p>\n<p style=\"margin-left: 28pt;\"><span style=\"color: #c00000; font-family: Arial;\">Toute seule. Oui, l&rsquo;\u0153uvre de g\u00e9nie. \u00bb<br \/>\n<\/span><\/p>\n<p><a href=\"https:\/\/www.youtube.com\/watch?v=LJ58JIeR7m8&amp;t=25s\"><span style=\"font-family: Arial;\"><span style=\"color: #0000ff;\">Dans l&rsquo;interview d&rsquo;Emmanuelle Dancourt<\/span><\/span><\/a><span style=\"color: #777777; font-family: Arial;\"><span style=\"color: #0000ff;\">,<\/span> le livre \u00ab <strong>Herg\u00e9 mon ami<\/strong> \u00bb est \u00e9voqu\u00e9 \u00e0 partir de 20:13 et elle dit une chose que je partage : Quand on lit ce livre on ne lit plus Tintin de la m\u00eame mani\u00e8re. Emmanuelle Dancourt parle de \u00ab <span style=\"color: #c00000;\">La port\u00e9e philosophique des albums de Tintin<span style=\"color: #777777;\">. \u00bb<br \/>\n<\/span><\/span><\/span><\/p>\n<p><span style=\"color: #777777; font-family: Arial;\">Et c&rsquo;est alors que Michel Serres \u00e9voque cet \u00e9change avec son ami o\u00f9 apr\u00e8s lui avoir encore une fois expliqu\u00e9 ce qu&rsquo;il y avait de g\u00e9nial dans un de ses albums Herg\u00e9 a r\u00e9pondu :<br \/>\n<\/span><\/p>\n<p style=\"margin-left: 28pt;\"><span style=\"color: #c00000; font-family: Arial;\">\u00ab Michel, Michel, je ne suis pas aussi intelligent que tu ne le crois ! \u00bb<br \/>\n<\/span><\/p>\n<p><span style=\"color: #777777; font-family: Arial;\">Dans l&rsquo;interview Emmanuelle Dancourt et Michel Serres \u00e9voque \u00ab Tintin au Tibet \u00bb, album dans lequel Tintin va sauver son ami Tchang qui a surv\u00e9cu \u00e0 un accident d&rsquo;avion dans le Tibet et qui a \u00e9t\u00e9 sauv\u00e9 et secouru par un immense singe appel\u00e9 \u00ab le y\u00e9ti \u00bb<br \/>\n<\/span><\/p>\n<p><span style=\"color: #777777; font-family: Arial;\">Pour Michel Serres : L&rsquo;abominable homme des neiges, de Tintin au Tibet est aussi un bon samaritain. Un \u00eatre, a priori fruste et violent et qui se r\u00e9v\u00e8le un personnage plein de bont\u00e9 qui va aider, secourir et nourrir l&rsquo;ami de Tintin, Tchang. En r\u00e9alit\u00e9 le Y\u00e9ti a toutes les vertus.<br \/>\n<\/span><\/p>\n<p><span style=\"color: #777777; font-family: Arial;\">La derni\u00e8re image est d\u00e9chirante. Le y\u00e9ti n&rsquo;a plus d&rsquo;ami et il est infiniment triste. Par un dessin Herg\u00e9 arrive \u00e0 rendre l&rsquo;immense humanit\u00e9 de ce moment<br \/>\n<\/span><\/p>\n<p><img decoding=\"async\" class=\"aligncenter\" src=\"https:\/\/lemotdujour.fr\/wp-content\/uploads\/2020\/01\/012320_2250_LundiXXdcem2.png\" alt=\"\" \/><span style=\"color: #777777; font-family: Arial;\"><br \/>\n<\/span><\/p>\n<p><span style=\"color: maroon; font-family: Arial;\">&lt;856&gt;<\/span><\/p>\n","protected":false},"excerpt":{"rendered":"<p>Lundi 13 mars 2017 \u00ab\u00a0Michel, Michel, je ne suis pas aussi intelligent que tu ne le crois\u00a0!\u00a0\u00bb Herg\u00e9 \u00e0 Michel Serres qui lui expliquait la profondeur philosophique des albums de Tintin (dans l\u2019interview d\u2019Emmanuelle Dancourt (23:55)) Herg\u00e9, est le pseudonyme<\/p>\n","protected":false},"author":1,"featured_media":0,"comment_status":"closed","ping_status":"closed","sticky":false,"template":"","format":"standard","meta":{"footnotes":""},"categories":[1],"tags":[167,9,6],"class_list":["post-466","post","type-post","status-publish","format-standard","hentry","category-motdujour","tag-bande-dessinee","tag-litterature","tag-philosophie"],"_links":{"self":[{"href":"https:\/\/lemotdujour.fr\/index.php?rest_route=\/wp\/v2\/posts\/466","targetHints":{"allow":["GET"]}}],"collection":[{"href":"https:\/\/lemotdujour.fr\/index.php?rest_route=\/wp\/v2\/posts"}],"about":[{"href":"https:\/\/lemotdujour.fr\/index.php?rest_route=\/wp\/v2\/types\/post"}],"author":[{"embeddable":true,"href":"https:\/\/lemotdujour.fr\/index.php?rest_route=\/wp\/v2\/users\/1"}],"replies":[{"embeddable":true,"href":"https:\/\/lemotdujour.fr\/index.php?rest_route=%2Fwp%2Fv2%2Fcomments&post=466"}],"version-history":[{"count":3,"href":"https:\/\/lemotdujour.fr\/index.php?rest_route=\/wp\/v2\/posts\/466\/revisions"}],"predecessor-version":[{"id":7920,"href":"https:\/\/lemotdujour.fr\/index.php?rest_route=\/wp\/v2\/posts\/466\/revisions\/7920"}],"wp:attachment":[{"href":"https:\/\/lemotdujour.fr\/index.php?rest_route=%2Fwp%2Fv2%2Fmedia&parent=466"}],"wp:term":[{"taxonomy":"category","embeddable":true,"href":"https:\/\/lemotdujour.fr\/index.php?rest_route=%2Fwp%2Fv2%2Fcategories&post=466"},{"taxonomy":"post_tag","embeddable":true,"href":"https:\/\/lemotdujour.fr\/index.php?rest_route=%2Fwp%2Fv2%2Ftags&post=466"}],"curies":[{"name":"wp","href":"https:\/\/api.w.org\/{rel}","templated":true}]}}