{"id":4657,"date":"2018-05-04T03:56:20","date_gmt":"2018-05-04T01:56:20","guid":{"rendered":"http:\/\/lemotdujour.fr\/?p=4657"},"modified":"2021-10-17T12:53:52","modified_gmt":"2021-10-17T10:53:52","slug":"vendredi-4-mai-2018","status":"publish","type":"post","link":"https:\/\/lemotdujour.fr\/?p=4657","title":{"rendered":"Vendredi 4 mai 2018"},"content":{"rendered":"<div class=\"mdjTexte\">\t\u00ab&nbsp;Et, j\u2019ai d\u00e9cid\u00e9 que j\u2019allais consacrer ma vie \u00e0 aimer mon prochain par contraste avec ce que je voyais&nbsp;!\u00bb<\/div>\n<div class=\"mdjAuteur\">\tDanielle M\u00e9rian<\/div>\n<p><span style=\"color: #777777; font-family: Arial;\">Le monde de l&rsquo;information est en plein bouleversement. Il doit se r\u00e9inventer, trouver de nouveaux formats et arriver \u00e0 trouver un public.<br \/>\n<\/span><\/p>\n<p><a href=\"http:\/\/brut.live\/\"><span style=\"font-family: Arial;\"><span style=\"color: #0000ff;\">BRUT<\/span><\/span><\/a><span style=\"color: #777777; font-family: Arial;\"> est un de ces m\u00e9dias.<br \/>\n<\/span><\/p>\n<p><span style=\"color: #777777; font-family: Arial;\">C&rsquo;est un m\u00e9dia en ligne fran\u00e7ais fond\u00e9 en novembre 2016 et exclusivement diffus\u00e9 sur les r\u00e9seaux sociaux.<br \/>\n<\/span><span style=\"color: #777777; font-family: Arial;\">Au d\u00e9part le choix \u00e9tait de s&rsquo;int\u00e9grer \u00e0 Facebook, mais d\u00e9sormais on le trouve aussi sur Youtube, sur Dailymotion, Instagram etc..<br \/>\n<\/span><span style=\"color: #777777; font-family: Arial;\">Le format est toujours vid\u00e9o et les reportages sont tr\u00e8s courts.<br \/>\n<\/span><\/p>\n<p><a href=\"https:\/\/fr.wikipedia.org\/wiki\/Brut_(m%C3%A9dia)\"><span style=\"font-family: Arial;\"><span style=\"color: #0000ff;\">Wikipedia<\/span><\/span><\/a><span style=\"color: #777777; font-family: Arial;\"> nous apprend que BRUT a \u00e9t\u00e9 fond\u00e9 par&nbsp;:<br \/>\n<\/span><\/p>\n<p style=\"margin-left: 28pt;\"><span style=\"color: #c00000; font-family: Arial;\">\u00ab&nbsp;Renaud Le Van Kim, Guillaume Lacroix et Laurent Lucas. Guillaume Lacroix est le fondateur de Studio Bagel et Renaud Le Van Kim l&rsquo;ancien producteur du Grand Journal de Canal+ d&rsquo;o\u00f9 vient \u00e9galement le directeur des r\u00e9dactions de Brut Laurent Lucas. Une quarantaine de personnes travaillent pour Brut et produisent deux heures de direct diffus\u00e9es sur Facebook Live et des courtes vid\u00e9os d&rsquo;analyse et d&rsquo;entretiens. [\u2026] Selon Lacroix, les fondateurs voulaient \u00ab cr\u00e9er un m\u00e9dia qui soit un point d&rsquo;entr\u00e9e sur l&rsquo;actualit\u00e9 pour toute une g\u00e9n\u00e9ration qui s&rsquo;\u00e9loigne des acteurs traditionnels \u00bb. Selon lui, 80 % de ceux qui les suivent sur Facebook ont moins de 35 ans.<br \/>\n<\/span><\/p>\n<p style=\"margin-left: 28pt;\"><span style=\"color: #c00000; font-family: Arial;\">Entre le lancement en novembre 2016 et f\u00e9vrier 2017, les vid\u00e9os de Brut ont \u00e9t\u00e9 visionn\u00e9es plus de 100 millions de fois dont 29 millions pour le seul mois de f\u00e9vrier. \u00c0 cette date, Brut ne gagne pas encore d&rsquo;argent.&nbsp;\u00bb<br \/>\n<\/span><\/p>\n<p><span style=\"color: #777777; font-family: Arial;\">Souvent ces courtes vid\u00e9os me paraissent int\u00e9ressantes.<br \/>\n<\/span><\/p>\n<p><span style=\"color: #777777; font-family: Arial;\">Et je voudrais aujourd&rsquo;hui en partager une avec vous.<br \/>\n<\/span><\/p>\n<p><span style=\"color: #777777; font-family: Arial;\">Peut-\u00eatre vous souvenez vous de Danielle M\u00e9rian, vieille dame tr\u00e8s digne qui avait \u00e9t\u00e9 interview\u00e9e, par hasard, par une chaine de t\u00e9l\u00e9vision le lendemain du massacre du bataclan du 13 novembre 2015 alors qu&rsquo;elle venait d\u00e9poser un bouquet de fleurs devant la salle de spectacles ?<br \/>\n<\/span><\/p>\n<p><span style=\"color: #777777; font-family: Arial;\">Elle avait alors dit&nbsp;:<br \/>\n<\/span><\/p>\n<p style=\"margin-left: 28pt;\"><span style=\"color: #c00000; font-family: Arial;\">\u00ab&nbsp;C&rsquo;est tr\u00e8s important d&rsquo;apporter des fleurs \u00e0 nos morts.<br \/>\n<\/span><\/p>\n<p style=\"margin-left: 28pt;\"><span style=\"color: #c00000; font-family: Arial;\">C&rsquo;est tr\u00e8s important de voir [lire] plusieurs fois \u00ab<span style=\"color: #0000ff;\">&nbsp;<\/span><a href=\"https:\/\/livre.fnac.com\/a4243181\/Ernest-Hemingway-Paris-est-une-fete\"><span style=\"color: #0000ff;\">Paris est une f\u00eate<\/span>&nbsp;<\/a>\u00bb d&rsquo;Hemingway. Parce que nous sommes une civilisation tr\u00e8s ancienne et nous porterons au plus haut nos valeurs.<br \/>\n<\/span><\/p>\n<p style=\"margin-left: 28pt;\"><span style=\"color: #c00000; font-family: Arial;\">Et nous fraterniserons avec 5 millions de musulmans qui exercent leur religion librement et gentiment. Et nous nous battrons contre les 10&nbsp;000 barbares qui tuent soi-disant au nom d&rsquo;Allah.&nbsp;\u00bb<br \/>\n<\/span><\/p>\n<p><span style=\"color: #777777; font-family: Arial;\">Apr\u00e8s la diffusion de ce petit entretien, la vente de \u00ab&nbsp;Paris est une f\u00eate&nbsp;\u00bb a explos\u00e9.<br \/>\n<\/span><br \/>\n<span style=\"color: #777777; font-family: Arial;\">Aid\u00e9 par Tania de Montaigne, elle a, suite \u00e0 ce bref moment o\u00f9 un micro s&rsquo;est approch\u00e9 d&rsquo;elle et o\u00f9 elle a trouv\u00e9 les mots qui devaient \u00eatre dits en cet instant, \u00e9crit un livre racontant sa vie : \u00ab <a href=\"https:\/\/www.grasset.fr\/nous-navons-pas-fini-de-nous-aimer-9782246862727\"><span style=\"color: #0000ff;\">Nous n&rsquo;avons pas fini de nous aimer<\/span> <\/a>\u00bb.<br \/>\n<\/span><\/p>\n<p><span style=\"color: #777777; font-family: Arial;\">Car ces mots ne sont pas venus par hasard. Ils \u00e9taient \u00e0 la conclusion d&rsquo;une vie, d&rsquo;exp\u00e9riences, de r\u00e9flexions et de combats.<\/span><\/p>\n<p><span style=\"color: #777777; font-family: Arial;\">BRUT reprend cet extrait devant le bataclan, mais ajoute que Danielle M\u00e9rian a encore des choses \u00e0 dire&nbsp;:<br \/>\n<\/span><\/p>\n<p style=\"margin-left: 28pt;\"><span style=\"color: #c00000; font-family: Arial;\">\u00ab&nbsp;J&rsquo;ai \u00e9t\u00e9 tr\u00e8s contente de voir se lever \u00ab&nbsp;Me Too&nbsp;\u00bb, \u00ab&nbsp;Balance ton porc&nbsp;\u00bb.<br \/>\n<\/span><span style=\"color: #c00000; font-family: Arial;\">Ce n&rsquo;est pas \u00e9l\u00e9gant \u00ab&nbsp;balance ton porc&nbsp;\u00bb, n&rsquo;est-ce pas&nbsp;?<br \/>\n<\/span><span style=\"color: #c00000; font-family: Arial;\">Mais le viol est ce \u00e9l\u00e9gant&nbsp;? Et la main \u00e0 la cuisse est ce que c&rsquo;est \u00e9l\u00e9gant&nbsp;? Et les propos salaces est ce que c&rsquo;est \u00e9l\u00e9gant&nbsp;?<br \/>\n<\/span><\/p>\n<p style=\"margin-left: 28pt;\"><span style=\"color: #c00000; font-family: Arial;\">Je suis une f\u00e9ministe depuis l&rsquo;enfance, pourquoi&nbsp;?<br \/>\n<\/span><span style=\"color: #c00000; font-family: Arial;\">Parce que je suis n\u00e9e en 1938, \u00e0 une \u00e9poque o\u00f9 on pr\u00e9f\u00e9rait les gar\u00e7ons aux filles.<br \/>\n<\/span><span style=\"color: #c00000; font-family: Arial;\">Donc mes parents quoique forts intelligents, pr\u00e9f\u00e9raient mon fr\u00e8re a\u00een\u00e9 \u00e0 moi-m\u00eame.<br \/>\n<\/span><span style=\"color: #c00000; font-family: Arial;\">Je me disais&nbsp;: nous sommes dans un monde de fou, il va falloir changer tout \u00e7a.<br \/>\n<\/span><span style=\"color: #c00000; font-family: Arial;\">Donc si vous voulez, j&rsquo;\u00e9tais d\u00e9j\u00e0 une r\u00e9volt\u00e9e de naissance, du fait qu&rsquo;il n&rsquo;y avait pas \u00e9galit\u00e9 entre mon fr\u00e8re et moi, ce que je trouvais aberrant.<br \/>\n<\/span><\/p>\n<p style=\"margin-left: 28pt;\"><span style=\"color: #c00000; font-family: Arial;\">Et il se trouve que mon p\u00e8re [\u2026] qui \u00e9tait journaliste comme mon grand-p\u00e8re a termin\u00e9 la guerre comme correspondant de guerre dans l&rsquo;arm\u00e9e canadienne et a ouvert les camps de concentration. Il avait une grande enveloppe dans les mains et il dit \u00e0 ma m\u00e8re&nbsp;: \u00ab&nbsp;Il ne faut pas que les enfants voient \u00e7a&nbsp;\u00bb<br \/>\n<\/span><\/p>\n<p style=\"margin-left: 28pt;\"><span style=\"color: #c00000; font-family: Arial;\">Donc d\u00e8s qu&rsquo;il a eu le dos tourn\u00e9, j&rsquo;ai fouill\u00e9 son bureau. Je suis tomb\u00e9 sur les photos de l&rsquo;abomination et j&rsquo;en suis \u00e9mue encore quand j&rsquo;y pense\u2026<br \/>\n<\/span><\/p>\n<p style=\"margin-left: 28pt;\"><span style=\"color: #c00000; font-family: Arial;\"><strong>Et, j&rsquo;ai d\u00e9cid\u00e9 que j&rsquo;allais consacrer ma vie \u00e0 aimer mon prochain par contraste avec ce que je voyais <\/strong>que l&rsquo;homme est un loup pour l&rsquo;homme&nbsp;\u00bb<br \/>\n<\/span><\/p>\n<p><img decoding=\"async\" class=\"alignleft\" src=\"https:\/\/lemotdujour.fr\/wp-content\/uploads\/2018\/05\/050118_1551_Vendredi4ma1.jpg\" alt=\"\" align=\"left\"><span style=\"color: #777777; font-family: Arial;\">Aujourd&rsquo;hui son grand combat est celui de la lutte contre l&rsquo;excision.<br \/>\n<\/span><\/p>\n<p><span style=\"color: #777777; font-family: Arial;\">C&rsquo;est encore Wikipedia qui nous apprend que Danielle M\u00e9rian est n\u00e9e Dani\u00e8le Savarit, en 1938 et qu&rsquo;elle est avocate honoraire au barreau de Paris. Elle se revendique comme militante chr\u00e9tienne et f\u00e9ministe. Elle \u00e9tudie le droit durant la guerre d&rsquo;Alg\u00e9rie et se fiance \u00e0 cette p\u00e9riode. \u00c0 partir de 1975, elle milite avec son mari au sein de l&rsquo;ACAT, l&rsquo;Action des Chr\u00e9tiens pour l&rsquo;Abolition de la Torture, notamment en soutien aux Grands-m\u00e8res de la place de Mai ou pour l&rsquo;abolition des ex\u00e9cutions capitales, ainsi que pour la lib\u00e9ration ou l&rsquo;am\u00e9lioration des conditions de d\u00e9tention des prisonniers politiques.<br \/>\n<\/span><\/p>\n<p><span style=\"color: #777777; font-family: Arial;\">Apr\u00e8s la mort de son mari en 1995 , elle continue \u00e0 militer ; ses principaux terrains d&rsquo;engagement sont outre l&rsquo;ACAT, avec PRSF (PRisonniers Sans Fronti\u00e8res) l&rsquo;am\u00e9lioration des conditions de d\u00e9tention en Afrique de l&rsquo;Ouest, avec PARCOURS D&rsquo;EXIL le soin aux tortur\u00e9s, avec SOS Africaines en Danger la lutte contre l&rsquo;excision et le mariage forc\u00e9.<br \/>\n<\/span><\/p>\n<p><span style=\"color: #777777; font-family: Arial;\">Encore une belle \u00e2me qui donne confiance en l&rsquo;humanit\u00e9.<br \/>\n<\/span><\/p>\n<p><span style=\"color: #777777; font-family: Arial;\">Pour retrouver cette vid\u00e9o, je donne \u00e0 dessein le lien vers le site fran\u00e7ais dailymotion plut\u00f4t que vers la cr\u00e9ature de Google&nbsp;: Youtube.<br \/>\n<\/span><\/p>\n<p><a href=\"https:\/\/www.dailymotion.com\/video\/x6fb3h0\"><span style=\"font-family: Arial;\"><span style=\"color: #0000ff;\">&lt;Danielle M\u00e9rian sur Dailymotion&gt;<\/span><\/span><\/a><span style=\"color: #777777; font-family: Arial;\"><br \/>\n<\/span><\/p>\n<p><span style=\"color: #777777; font-family: Arial;\"><span style=\"color: #800000;\">&lt;1064&gt;<\/span><br \/>\n<\/span><\/p>\n","protected":false},"excerpt":{"rendered":"<p>\u00ab&nbsp;Et, j\u2019ai d\u00e9cid\u00e9 que j\u2019allais consacrer ma vie \u00e0 aimer mon prochain par contraste avec ce que je voyais&nbsp;!\u00bb Danielle M\u00e9rian Le monde de l&rsquo;information est en plein bouleversement. Il doit se r\u00e9inventer, trouver de nouveaux formats et arriver \u00e0<\/p>\n","protected":false},"author":1,"featured_media":0,"comment_status":"open","ping_status":"closed","sticky":false,"template":"","format":"standard","meta":{"footnotes":""},"categories":[1],"tags":[36,54,89],"class_list":["post-4657","post","type-post","status-publish","format-standard","hentry","category-motdujour","tag-feminisme","tag-humanisme","tag-media"],"_links":{"self":[{"href":"https:\/\/lemotdujour.fr\/index.php?rest_route=\/wp\/v2\/posts\/4657","targetHints":{"allow":["GET"]}}],"collection":[{"href":"https:\/\/lemotdujour.fr\/index.php?rest_route=\/wp\/v2\/posts"}],"about":[{"href":"https:\/\/lemotdujour.fr\/index.php?rest_route=\/wp\/v2\/types\/post"}],"author":[{"embeddable":true,"href":"https:\/\/lemotdujour.fr\/index.php?rest_route=\/wp\/v2\/users\/1"}],"replies":[{"embeddable":true,"href":"https:\/\/lemotdujour.fr\/index.php?rest_route=%2Fwp%2Fv2%2Fcomments&post=4657"}],"version-history":[{"count":6,"href":"https:\/\/lemotdujour.fr\/index.php?rest_route=\/wp\/v2\/posts\/4657\/revisions"}],"predecessor-version":[{"id":12369,"href":"https:\/\/lemotdujour.fr\/index.php?rest_route=\/wp\/v2\/posts\/4657\/revisions\/12369"}],"wp:attachment":[{"href":"https:\/\/lemotdujour.fr\/index.php?rest_route=%2Fwp%2Fv2%2Fmedia&parent=4657"}],"wp:term":[{"taxonomy":"category","embeddable":true,"href":"https:\/\/lemotdujour.fr\/index.php?rest_route=%2Fwp%2Fv2%2Fcategories&post=4657"},{"taxonomy":"post_tag","embeddable":true,"href":"https:\/\/lemotdujour.fr\/index.php?rest_route=%2Fwp%2Fv2%2Ftags&post=4657"}],"curies":[{"name":"wp","href":"https:\/\/api.w.org\/{rel}","templated":true}]}}