{"id":4650,"date":"2018-05-02T03:45:49","date_gmt":"2018-05-02T01:45:49","guid":{"rendered":"http:\/\/lemotdujour.fr\/?p=4650"},"modified":"2022-06-29T16:18:33","modified_gmt":"2022-06-29T14:18:33","slug":"mercredi-2-mai-2018","status":"publish","type":"post","link":"https:\/\/lemotdujour.fr\/?p=4650","title":{"rendered":"Mercredi 2 mai 2018"},"content":{"rendered":"<div class=\"mdjTexte\">\u00ab&nbsp;Grandeur et servitude du syst\u00e8me de retraite par r\u00e9partition&nbsp;\u00bb<\/div>\n<div class=\"mdjAuteur\">R\u00e9flexion sur notre syst\u00e8me de retraite<\/div>\n<p><span style=\"color: #777777; font-family: Arial;\">Quand il m&rsquo;arrive de discuter avec nos a\u00een\u00e9s ou de les entendre parler, je me pose parfois la question mais ont-il bien compris comment fonctionne notre syst\u00e8me de retraite par r\u00e9partition&nbsp;?<br \/>\n<\/span><\/p>\n<p><span style=\"color: #777777; font-family: Arial;\">Dire par exemple&nbsp;: \u00ab&nbsp;<span style=\"color: #c00000;\">J&rsquo;ai cotis\u00e9 pendant toute ma vie pour ma retraite et j&rsquo;ai maintenant le droit de toucher mon d\u00fb<span style=\"color: #777777;\">&nbsp;\u00bb n&rsquo;est pas tout \u00e0 fait exact m\u00eame si on peut comprendre que c&rsquo;est un sentiment l\u00e9gitime de pr\u00e9tendre que lorsqu&rsquo;on a cotis\u00e9 toute sa vie de travail, on a droit aussi de s&rsquo;arr\u00eater de travailler et de percevoir une pension de retraite.<br \/>\n<\/span><\/span><\/span><\/p>\n<p><span style=\"color: #777777; font-family: Arial;\">Mais dire \u00ab&nbsp; <span style=\"color: #c00000;\">j&rsquo;ai cotis\u00e9 pour ma retraite<span style=\"color: #777777;\">&nbsp;\u00bb est faux, dans notre syst\u00e8me. Il faut bien s&rsquo;en rendre compte.<br \/>\n<\/span><\/span><\/span><\/p>\n<p><span style=\"color: #777777; font-family: Arial;\">On peut dire&nbsp;: <strong>\u00ab&nbsp;<\/strong><span style=\"color: #c00000;\">j&rsquo;ai particip\u00e9 au syst\u00e8me de retraite en tant que cotisant<span style=\"color: #777777;\"><strong>&nbsp;\u00bb<\/strong> et ajouter&nbsp;: \u00ab&nbsp;<span style=\"color: #c00000;\">En tant que participant au syst\u00e8me, j&rsquo;ai le droit d&rsquo;en b\u00e9n\u00e9ficier et d&rsquo;obtenir une pension pour ma retraite<span style=\"color: #777777;\">.&nbsp;\u00bb<br \/>\n<\/span><\/span><\/span><\/span><\/span><\/p>\n<p><span style=\"color: #777777; font-family: Arial;\">Dans le syst\u00e8me de r\u00e9partition dans lequel nous sommes, <strong>les gens qui travaillent cotisent pour payer les retraites de leurs a\u00een\u00e9s qui ne travaillent plus.<\/strong><br \/>\n<\/span><\/p>\n<p><span style=\"color: #777777; font-family: Arial;\">Un ministre allemand a dit un jour \u00e0 un homologue asiatique&nbsp;: \u00ab&nbsp;<span style=\"color: #c00000;\">Et en Europe nous sommes tellement riches que nous pouvons m\u00eame payer des gens \u00e0 ne pas travailler<span style=\"color: #777777;\">&nbsp;\u00bb.<br \/>\n<\/span><\/span><\/span><\/p>\n<p><span style=\"color: #777777; font-family: Arial;\">C&rsquo;est fondamentalement un syst\u00e8me de solidarit\u00e9. Un syst\u00e8me qui ne peut \u00eatre mis en place que dans une soci\u00e9t\u00e9 que le grand sociologue Emile Durkheim a d\u00e9crit ainsi&nbsp;:<br \/>\n<\/span><\/p>\n<p style=\"margin-left: 28pt;\"><span style=\"color: #c00000; font-family: Arial;\">\u00ab&nbsp;Pour que les hommes se reconnaissent et se garantissent mutuellement des droits, ils faut qu&rsquo;ils s&rsquo;aiment et que pour une raison quelconque ils tiennent les uns aux autres et \u00e0 une m\u00eame soci\u00e9t\u00e9 dont ils fassent partie. \u00bb<br \/>\n<\/span><\/p>\n<p><span style=\"color: #777777; font-family: Arial;\">J&rsquo;ai \u00e9voqu\u00e9 cette solidarit\u00e9 lors de deux mots du jour&nbsp;: celui du &lt; <a href=\"https:\/\/lemotdujour.fr\/?p=820\"><span style=\"color: #0000ff;\">Vendredi 12 septembre 2014<\/span><\/a>&gt; et aussi celui plus r\u00e9cent que j&rsquo;ai intitul\u00e9 \u00ab<span style=\"color: #0000ff;\">&nbsp;<a style=\"color: #0000ff;\" href=\"https:\/\/lemotdujour.fr\/?p=4114\">R\u00e9flexions sur l&rsquo;Etat social&nbsp;<\/a><\/span>\u00bb<br \/>\n<\/span><\/p>\n<p><span style=\"color: #777777; font-family: Arial;\">Avant de continuer, je voudrais affirmer ma communaut\u00e9 d&rsquo;int\u00e9r\u00eats avec les retrait\u00e9s, car vu mon \u00e2ge j&rsquo;esp\u00e8re pouvoir entrer dans peu d&rsquo;ann\u00e9es dans cette nouvelle partie de la vie.<br \/>\n<\/span><\/p>\n<p><span style=\"color: #777777; font-family: Arial;\">Mais parler en terme de \u00ab&nbsp;droit&nbsp;\u00bb, me semble d\u00e9licat et m\u00eame inappropri\u00e9 car ce terme ne r\u00e9v\u00e8le pas totalement la situation de solidarit\u00e9 et de confiance qui fonde ce syst\u00e8me.<br \/>\n<\/span><\/p>\n<p><span style=\"color: #777777; font-family: Arial;\">Soyons clair&nbsp;: Celles et ceux pour qui les retrait\u00e9s d&rsquo;aujourd&rsquo;hui ont cotis\u00e9 lorsqu&rsquo;ils travaillaient sont pour une grande part d&rsquo;entre eux morts. La confiance dont je parle ne les concerne pas. La confiance concerne les jeunes et les \u00ab&nbsp;actifs&nbsp;\u00bb d&rsquo;aujourd&rsquo;hui qui cotisent pour que les ain\u00e9s puissent ne pas travailler. Et la confiance signifie d&rsquo;abord que ceux qui cotisent peuvent croire qu&rsquo;eux-m\u00eames b\u00e9n\u00e9ficieront un jour de ce syst\u00e8me et ensuite que la cotisation qu&rsquo;il verse est acceptable par rapport \u00e0 leurs revenus. \u00bb<br \/>\n<\/span><\/p>\n<p><span style=\"color: #777777; font-family: Arial;\">Poser les faits de cette mani\u00e8re nous am\u00e8ne \u00e0 ce constat inqui\u00e9tant que r\u00e9v\u00e8le le sch\u00e9ma suivant&nbsp;:<br \/>\n<\/span><\/p>\n<p><img decoding=\"async\" src=\"https:\/\/lemotdujour.fr\/wp-content\/uploads\/2018\/05\/043018_2243_Mercredi2ma1.jpg\" alt=\"\"><span style=\"color: #777777; font-family: Arial;\"><br \/>\n<\/span><\/p>\n<p><span style=\"color: #777777; font-family: Arial;\">Ceci signifie qu&rsquo;en 1960&nbsp;: 4 actifs cotisaient, en moyenne, chacun 25 euros pour qu&rsquo;un retrait\u00e9 puisse toucher 100 euros. Selon cette projection en 2050, un actif devra cotiser 83,33 \u20ac pour arriver au m\u00eame r\u00e9sultat que le retrait\u00e9 puisse toucher 100 euros.<br \/>\n<\/span><\/p>\n<p><span style=\"color: #777777; font-family: Arial;\">Grandeur de la solidarit\u00e9.<br \/>\n<\/span><\/p>\n<p><span style=\"color: #777777; font-family: Arial;\">Mais servitude aussi.<br \/>\n<\/span><\/p>\n<p><span style=\"color: #777777; font-family: Arial;\">Le syst\u00e8me social a \u00e9t\u00e9 mis en place par la rencontre de deux pens\u00e9es&nbsp;:<br \/>\n<\/span><\/p>\n<ul>\n<li><span style=\"color: #777777; font-family: Arial;\">La pens\u00e9e sociale&nbsp;: il fallait permettre aux ain\u00e9s de vivre dignement et de mani\u00e8re apais\u00e9e la derni\u00e8re p\u00e9riode de leur vie&nbsp;!<br \/>\n<\/span><\/li>\n<li><span style=\"color: #777777; font-family: Arial;\">La pens\u00e9e \u00e9conomique&nbsp;: les a\u00een\u00e9s sont moins productifs et consomment donc moins, ce n&rsquo;est pas bon pour le PIB. Leur donner une pension leur permet de continuer \u00e0 consommer et donc de contribuer \u00e0 la prosp\u00e9rit\u00e9 g\u00e9n\u00e9rale du syst\u00e8me \u00e9conomique.<br \/>\n<\/span><\/li>\n<\/ul>\n<p><span style=\"color: #777777; font-family: Arial;\">Dans ce syst\u00e8me quand j&rsquo;entends des retrait\u00e9s dirent je vais aller vivre au Portugal, je vivrai mieux, la vie est moins ch\u00e8re, je suis encore une fois inquiet du manque de compr\u00e9hension ou d&rsquo;appr\u00e9hension de ceux qui agissent ainsi. Si je cite le Portugal, ce n&rsquo;est pas un hasard mais une r\u00e9alit\u00e9 : \u00ab<span style=\"color: #0000ff;\"><a style=\"color: #0000ff;\" href=\"http:\/\/www.lemonde.fr\/argent\/article\/2015\/07\/27\/le-portugal-seduit-de-plus-en-plus-de-retraites-francais_4700907_1657007.html\">Le Portugal s\u00e9duit de plus en plus de retrait\u00e9s fran\u00e7ais<\/a><\/span>\u00bb.<br \/>\n<\/span><\/p>\n<p><span style=\"color: #777777; font-family: Arial;\">Ce sont des motivations \u00e9go\u00efstes et individualistes qui ne sont pas tr\u00e8s compatibles avec le syst\u00e8me de solidarit\u00e9.<br \/>\n<\/span><\/p>\n<p><span style=\"color: #777777; font-family: Arial;\">Evidemment s&rsquo;il n&rsquo;y a que quelques individus qui font ce choix, l&rsquo;\u00e9quilibre du syst\u00e8me ne sera pas affect\u00e9 m\u00eame si l&rsquo;esprit en est un peu d\u00e9voy\u00e9.<br \/>\n<\/span><\/p>\n<p><span style=\"color: #777777; font-family: Arial;\">Mais si ce comportement devient massif, les actifs fran\u00e7ais vont cotiser pour des retrait\u00e9s qui vont abonder l&rsquo;\u00e9conomie portugaise et non l&rsquo;\u00e9conomie des actifs.<br \/>\n<\/span><\/p>\n<p><span style=\"color: #777777; font-family: Arial;\">Ceci ne poserait pas de difficult\u00e9s si de mani\u00e8re r\u00e9ciproque un nombre \u00e9quivalent de retrait\u00e9s portugais venaient d\u00e9penser leurs retraites en France. Mais vous savez bien que ce n&rsquo;est pas le cas, si des portugais poursuivent la m\u00eame ambition ils vont aller vivre dans un autre pays ayant un niveau de vie inf\u00e9rieure que celui du Portugal.<br \/>\n<\/span><\/p>\n<p><span style=\"color: #777777; font-family: Arial;\">Quand on sort de la solidarit\u00e9 et qu&rsquo;on devient pleinement individualiste le syst\u00e8me par r\u00e9partition n&rsquo;est plus appropri\u00e9 il faut opter pour le syst\u00e8me de fonds de pension. Dans ce cas vous ne cotisez plus pour vos ain\u00e9s, mais vous investissez pour vous-m\u00eame en confiant une partie de votre argent d&rsquo;actif \u00e0 une institution financi\u00e8re.<br \/>\n<\/span><\/p>\n<p><span style=\"color: #777777; font-family: Arial;\">Mais alors, vous ne pourrez plus vous plaindre que seuls les raisonnements financiers \u00e0 court terme sont \u00e0 l&rsquo;\u0153uvre dans l&rsquo;\u00e9conomie. En effet, les fonds de pension du monde entier investissent et demandent aux entreprises dans lesquels ils investissent un rendement suffisant pour pouvoir payer les pensions des retrait\u00e9s qui leur ont fait confiance. Il faut conna\u00eetre les priorit\u00e9s : les salari\u00e9s de l&rsquo;entreprise ou les retrait\u00e9s clients de l&rsquo;actionnaire ?<br \/>\n<\/span><\/p>\n<p><span style=\"color: #777777; font-family: Arial;\">En outre, ce syst\u00e8me peut poser de grands probl\u00e8mes aux retrait\u00e9s en cas de crise financi\u00e8re, car dans ce cas les fonds de pension ne peuvent plus payer les retraites au m\u00eame niveau et ils peuvent m\u00eame faire faillite.<br \/>\n<\/span><\/p>\n<p><span style=\"color: #777777; font-family: Arial;\">Une grande part de ces probl\u00e8mes provient d&rsquo;une merveilleuse nouvelle&nbsp;: nous vivons de plus en plus vieux.<br \/>\n<\/span><\/p>\n<p><span style=\"color: #777777; font-family: Arial;\">Une autre part vient du fait que la g\u00e9n\u00e9ration des baby-boomers pour des raisons de confort et d&rsquo;\u00e9volution soci\u00e9tale ont fait moins d&rsquo;enfants que leurs ain\u00e9s.<br \/>\n<\/span><\/p>\n<p><span style=\"color: #777777; font-family: Arial;\">Et c&rsquo;est ainsi que les baby-boomers de l&rsquo;apr\u00e8s-guerre r\u00e9ussissent cet exploit \u00e0 la fois d&rsquo;avoir \u00e9t\u00e9 nombreux en tant qu&rsquo;actifs par rapport aux retrait\u00e9s d&rsquo;alors et maintenant d&rsquo;\u00eatre aussi nombreux en tant que retrait\u00e9s par rapport aux actifs.<br \/>\n<\/span><\/p>\n<p><span style=\"color: #777777; font-family: Arial;\">La France a en outre ce privil\u00e8ge d&rsquo;avoir plus d&rsquo;une quarantaine de syst\u00e8mes diff\u00e9rents qui fragilisent encore le syst\u00e8me d&rsquo;ensemble.<br \/>\n<\/span><\/p>\n<p><span style=\"color: #777777; font-family: Arial;\">Pendant de longues ann\u00e9es les gouvernements n&rsquo;ont fait que du param\u00e9trage jouant sur les 3 leviers dont ils disposaient&nbsp;:<br \/>\n<\/span><\/p>\n<ul>\n<li><span style=\"color: #777777; font-family: Arial;\">Les montants des cotisations&nbsp;;<br \/>\n<\/span><\/li>\n<li><span style=\"color: #777777; font-family: Arial;\">Le niveau des retraites&nbsp;;<br \/>\n<\/span><\/li>\n<li><span style=\"color: #777777; font-family: Arial;\">L&rsquo;\u00e2ge de d\u00e9part \u00e0 la retraite.<br \/>\n<\/span><\/li>\n<\/ul>\n<p><span style=\"color: #777777; font-family: Arial;\">Emmanuel Macron entend aller plus loin et refonder le syst\u00e8me. Il a dit qu&rsquo;il souhaite conserver le syst\u00e8me par r\u00e9partition en le rendant universel et probablement par points.<br \/>\n<\/span><\/p>\n<p><span style=\"color: #777777; font-family: Arial;\">Voici comment <span style=\"color: #0000ff;\"><a style=\"color: #0000ff;\" href=\"https:\/\/blogs.mediapart.fr\/marie-anne-kraft\/blog\/120613\/reforme-des-retraites-la-retraite-points-cest-maintenant\">un blog de mediapart<\/a> <\/span>pr\u00e9sente ce syst\u00e8me avec sa variante \u00ab&nbsp;\u00e0 compte notionnel&nbsp;\u00bb<br \/>\n<\/span><\/p>\n<p style=\"margin-left: 28pt;\"><span style=\"color: #c00000; font-family: Arial;\">\u00ab&nbsp;La retraite \u00e0 points, qui se base sur la r\u00e9partition, o\u00f9 la solidarit\u00e9 nationale joue pleinement son r\u00f4le, offre aussi une grande transparence. Chaque Fran\u00e7ais poss\u00e8de un compte aliment\u00e9 par ses cotisations, la valeur des points acquis \u00e9tant revaloris\u00e9e chaque ann\u00e9e. Cela permet \u00e0 chaque assur\u00e9 de conna\u00eetre le montant de sa pension s&rsquo;il devait partir \u00e0 la retraite.<br \/>\n<\/span><\/p>\n<p style=\"margin-left: 28pt;\"><span style=\"color: #c00000; font-family: Arial;\">Il existe une variante du syst\u00e8me \u00e0 points, dit \u00ab\u00a0\u00e0 compte notionnel\u00a0\u00bb. Dans ce type de r\u00e9gime, en vigueur en Su\u00e8de par exemple, chaque personne se trouve \u00e0 la t\u00eate d&rsquo;un \u00ab\u00a0capital\u00a0\u00bb, aliment\u00e9 par les cotisations qu&rsquo;elle verse pour sa retraite. Lorsqu&rsquo;elle fait liquider ses droits, un coefficient de conversion est appliqu\u00e9 \u00e0 ce capital pour d\u00e9terminer le montant de sa pension. On est donc proche d&rsquo;un r\u00e9gime par points. Mais l&rsquo;id\u00e9e novatrice du syst\u00e8me de \u00ab\u00a0comptes notionnels\u00a0\u00bb, c&rsquo;est que ce coefficient peut \u00eatre \u00e9tabli en fonction de l&rsquo;\u00e2ge mais aussi de l&rsquo;esp\u00e9rance de vie de la g\u00e9n\u00e9ration concern\u00e9e.<br \/>\n<\/span><\/p>\n<p style=\"margin-left: 28pt;\"><span style=\"color: #c00000; font-family: Arial;\">Rappelons qu&rsquo;un syst\u00e8me par points attribue des droits \u00e0 pension mais ne fixe pas le niveau des pensions, qui d\u00e9pend de la valeur des points, laquelle n&rsquo;est pas donn\u00e9e a priori. Un tel syst\u00e8me joue sur la distribution des pensions au sein d&rsquo;une m\u00eame g\u00e9n\u00e9ration mais ne r\u00e9sout pas vraiment la question du financement des retraites, en tout cas il reste un d\u00e9ficit initial \u00e0 amortir (qui va le payer ?) et au lieu de d\u00e9ficits futurs, le syst\u00e8me visant un \u00e9quilibrage oblige \u00e0 un ajustement (baisse de pensions ou allongement de cotisations ou hausse de cotisation) mais au choix du cotisant. [\u2026]<br \/>\n<\/span><\/p>\n<p style=\"margin-left: 28pt;\"><span style=\"color: #c00000; font-family: Arial;\">La Su\u00e8de, qui avait un syst\u00e8me proche du syst\u00e8me fran\u00e7ais, est le premier pays \u00e0 avoir adopt\u00e9 un tel r\u00e9gime en 1999, dans une version \u00ab\u00a0comptes notionnels\u00a0\u00bb tenant compte de l&rsquo;esp\u00e9rance de vie. Le syst\u00e8me su\u00e9dois est souvent montr\u00e9 en exemple. Il serait transposable en France \u00e0 condition d&rsquo;unifier l&rsquo;ensemble des r\u00e9gimes de retraites (sp\u00e9ciaux, fonctionnaires etc.).&nbsp;\u00bb<br \/>\n<\/span><\/p>\n<p><span style=\"color: #777777; font-family: Arial;\">Tout ceci sera forc\u00e9ment compliqu\u00e9 mais repose \u00e0 peu pr\u00e8s sur ce principe : les retrait\u00e9s touchent ce que les actifs sont capables et acceptent de cotiser.<br \/>\n<\/span><\/p>\n<p><span style=\"color: #777777; font-family: Arial;\">L&rsquo;exergue du mot du jour fait bien s\u00fbr r\u00e9f\u00e9rence \u00e0 \u00ab&nbsp;<a href=\"https:\/\/fr.wikisource.org\/wiki\/Servitude_et_grandeur_militaires\"><span style=\"color: #0000ff;\">Servitude et grandeur militaires<\/span>&nbsp;<\/a>\u00bb qui est un recueil de nouvelles d&rsquo;Alfred de Vigny publi\u00e9 en 1835. <\/span><\/p>\n<p><span style=\"color: #777777; font-family: Arial;\">Et pour rester taquin, je vous donne un lien vers un site qui organise la fraude \u00e0 la retraite, je veux dire l\u2019expatriation des retrait\u00e9s au Portugal : &lt;<span style=\"color: #0000ff;\"><a style=\"color: #0000ff;\" href=\"http:\/\/www.maison-au-portugal.com\/RetraiteauPortugal\/RetraiteauPortugal.aspx\">Maison au Portugal<\/a><\/span>&gt;. J&rsquo;esp\u00e8re que vous saurez r\u00e9sister&#8230;<br \/>\n<\/span><\/p>\n<p><span style=\"color: #777777; font-family: Arial;\"><span style=\"color: #800000;\">&lt;1062&gt;<\/span><br \/>\n<\/span><\/p>\n<p><span style=\"color: #777777; font-family: Arial;\"><br \/>\n<\/span><\/p>\n","protected":false},"excerpt":{"rendered":"<p>\u00ab&nbsp;Grandeur et servitude du syst\u00e8me de retraite par r\u00e9partition&nbsp;\u00bb R\u00e9flexion sur notre syst\u00e8me de retraite Quand il m&rsquo;arrive de discuter avec nos a\u00een\u00e9s ou de les entendre parler, je me pose parfois la question mais ont-il bien compris comment fonctionne<\/p>\n","protected":false},"author":1,"featured_media":0,"comment_status":"open","ping_status":"closed","sticky":false,"template":"","format":"standard","meta":{"footnotes":""},"categories":[1],"tags":[10,15,76],"class_list":["post-4650","post","type-post","status-publish","format-standard","hentry","category-motdujour","tag-economie","tag-france","tag-social"],"_links":{"self":[{"href":"https:\/\/lemotdujour.fr\/index.php?rest_route=\/wp\/v2\/posts\/4650","targetHints":{"allow":["GET"]}}],"collection":[{"href":"https:\/\/lemotdujour.fr\/index.php?rest_route=\/wp\/v2\/posts"}],"about":[{"href":"https:\/\/lemotdujour.fr\/index.php?rest_route=\/wp\/v2\/types\/post"}],"author":[{"embeddable":true,"href":"https:\/\/lemotdujour.fr\/index.php?rest_route=\/wp\/v2\/users\/1"}],"replies":[{"embeddable":true,"href":"https:\/\/lemotdujour.fr\/index.php?rest_route=%2Fwp%2Fv2%2Fcomments&post=4650"}],"version-history":[{"count":6,"href":"https:\/\/lemotdujour.fr\/index.php?rest_route=\/wp\/v2\/posts\/4650\/revisions"}],"predecessor-version":[{"id":13690,"href":"https:\/\/lemotdujour.fr\/index.php?rest_route=\/wp\/v2\/posts\/4650\/revisions\/13690"}],"wp:attachment":[{"href":"https:\/\/lemotdujour.fr\/index.php?rest_route=%2Fwp%2Fv2%2Fmedia&parent=4650"}],"wp:term":[{"taxonomy":"category","embeddable":true,"href":"https:\/\/lemotdujour.fr\/index.php?rest_route=%2Fwp%2Fv2%2Fcategories&post=4650"},{"taxonomy":"post_tag","embeddable":true,"href":"https:\/\/lemotdujour.fr\/index.php?rest_route=%2Fwp%2Fv2%2Ftags&post=4650"}],"curies":[{"name":"wp","href":"https:\/\/api.w.org\/{rel}","templated":true}]}}