{"id":464,"date":"2017-03-10T01:00:00","date_gmt":"2017-03-09T22:00:00","guid":{"rendered":"http:\/\/lemotdujour.fr\/?p=464"},"modified":"2020-01-23T23:20:02","modified_gmt":"2020-01-23T22:20:02","slug":"vendredi-10-mars-2017","status":"publish","type":"post","link":"https:\/\/lemotdujour.fr\/?p=464","title":{"rendered":"Vendredi 10 mars 2017"},"content":{"rendered":"<div class=\"mdjDate\"><a id=\"_Toc482008788\"><\/a>Vendredi 10 mars 2017<\/div>\n<div class=\"mdjTexte\">\u00ab\u00a0Steve Job a fini par reconna\u00eetre que le logo de la pomme croqu\u00e9e d\u2019Apple faisait r\u00e9f\u00e9rence \u00e0 la pomme empoisonn\u00e9e avec laquelle Alan T\u00fcring avait mis fin \u00e0 ses jours\u00a0\u00bb<\/div>\n<div class=\"mdjAuteur\">Michel Serres<\/div>\n<p><span style=\"color: #777777; font-family: Arial;\">J&rsquo;ai \u00e9crit que j&rsquo;ai acquis le livre \u00ab Darwin, Bonaparte et le samaritain \u00bb et j&rsquo;ai donc pu vous en parler directement et non seulement \u00e0 travers l&rsquo;interview ou des articles qui lui sont consacr\u00e9s. J&rsquo;ai fait de m\u00eame avec le livre sur Herg\u00e9 et Tintin. En revanche, je n&rsquo;ai pas fait de m\u00eame avec le troisi\u00e8me ouvrage.<br \/>\n<\/span><\/p>\n<p><img loading=\"lazy\" decoding=\"async\" class=\"alignleft\" src=\"https:\/\/lemotdujour.fr\/wp-content\/uploads\/2020\/01\/012320_2215_LundiXXdcem1.jpg\" alt=\"\" width=\"327\" height=\"428\" align=\"left\" \/><span style=\"color: #777777; font-family: Arial;\">Le dernier livre de Michel Serres \u00e9voqu\u00e9 lors de l&rsquo;entretien KTO est \u00ab<span style=\"color: #0000ff;\">\u00a0<\/span><a href=\"https:\/\/www.mollat.com\/livres\/1569825\/michel-serres-la-legende-des-anges-hermes-gabriel-turing\"><span style=\"color: #0000ff;\">La l\u00e9gende des anges<\/span>\u00a0<\/a>\u00bb, publi\u00e9 en 1993 et republi\u00e9 le 12\/10\/2016.<br \/>\n<\/span><\/p>\n<p><span style=\"color: #777777; font-family: Arial;\">Les anges sont porteurs de messages, de nouvelles. C&rsquo;est pour cela que Michel Serres utilise ce vecteur pour \u00ab\u00a0raconter\u00a0\u00bb notre monde de communication et de r\u00e9seaux ou des milliers de messages sont transport\u00e9s chaque jour.<br \/>\n<\/span><\/p>\n<p><span style=\"color: #777777; font-family: Arial;\">Michel Serres d\u00e9signe 3 anges\u00a0:<br \/>\n<\/span><\/p>\n<p><a href=\"https:\/\/fr.wikipedia.org\/wiki\/Herm%C3%A8s\"><span style=\"font-family: Arial;\"><span style=\"color: #0000ff;\">&lt;<strong>Herm\u00e8s<\/strong>&gt;<\/span><\/span><\/a><span style=\"color: #777777; font-family: Arial;\"> qui dans la mythologie grecque est le dieu de l&rsquo;Olympe charg\u00e9 de porter les messages des dieux. Il correspond au Mercure des Romains.<br \/>\n<\/span><\/p>\n<p><a href=\"https:\/\/fr.wikipedia.org\/wiki\/Gabriel_%28archange%29\"><span style=\"font-family: Arial;\">&lt;<span style=\"color: #0000ff;\"><strong>Gabriel<\/strong>&gt;<\/span><\/span><\/a><span style=\"color: #777777; font-family: Arial;\"> Gabriel est quant \u00e0 lui le porteur de messages des 3 religions monoth\u00e9istes . Il semble qu&rsquo;il apparaisse d&rsquo;abord, dans la Bible h\u00e9bra\u00efque dans le livre de Daniel o\u00f9 il appara\u00eet au proph\u00e8te Daniel pour que ce dernier puisse annoncer ses proph\u00e9ties.<br \/>\n<\/span><\/p>\n<p><span style=\"color: #777777; font-family: Arial;\">Dans le Nouveau Testament, il annonce \u00e0 Zacharie que sa femme Elisabeth aura un fils qu&rsquo;il appellera Jean, puis il annonce la naissance de J\u00e9sus \u00e0 la Vierge Marie : c&rsquo;est l&rsquo;Annonciation des chr\u00e9tiens.<br \/>\n<\/span><\/p>\n<p><span style=\"color: #777777; font-family: Arial;\">Enfin dans l&rsquo;Islam, c&rsquo;est encore l&rsquo;ange Gabriel qui r\u00e9v\u00e8le les versets du Coran \u00e0 Mahomet dans la grotte de Hira.<br \/>\n<\/span><\/p>\n<p><span style=\"color: #777777; font-family: Arial;\">Mais de mani\u00e8re plus surprenante le troisi\u00e8me ange de Michel Serres est <span style=\"color: #0000ff;\"><a style=\"color: #0000ff;\" href=\"http:\/\/www.lemonde.fr\/pixels\/article\/2015\/01\/28\/alan-turing-l-interminable-rehabilitation-d-un-genie_4564537_4408996.html\">&lt;<strong>Alan Turing<\/strong>&gt;<\/a><\/span><br \/>\n<\/span><\/p>\n<p><span style=\"color: #777777; font-family: Arial;\">J&rsquo;ai fait r\u00e9f\u00e9rence la premi\u00e8re fois <strong>\u00e0 Alan Turing<\/strong>, lors du<span style=\"color: #0000ff;\"> <a style=\"color: #0000ff;\" href=\"https:\/\/lemotdujour.fr\/?p=550\">mot du jour du 31\/12\/2013<\/a><\/span>, il s&rsquo;agissait du mot du jour N\u00b0 212 et celui qui a exprim\u00e9 ce regret \u00e9tait Chris Grayling Ministre de la Justice britannique\u00a0:<br \/>\n<\/span><\/p>\n<p style=\"margin-left: 28pt;\"><span style=\"color: #c00000; font-family: Arial;\">\u00abSon apport a \u00e9t\u00e9 d\u00e9cisif pour briser le code Enigma, contribuer \u00e0 mettre fin \u00e0 la guerre et sauver des milliers des vies Sa vie a plus tard \u00e9t\u00e9 assombrie par sa condamnation pour homosexualit\u00e9, condamnation que nous consid\u00e9rerions aujourd&rsquo;hui comme injuste et discriminatoire, et qui est d\u00e9sormais annul\u00e9e.\u00bb<br \/>\n<\/span><\/p>\n<p><span style=\"color: #777777; font-family: Arial;\">La reine d&rsquo;Angleterre avait accord\u00e9, enfin, le 24 d\u00e9cembre 2013, <strong>une gr\u00e2ce posthume \u00e0 Alan Turing, 59 ans apr\u00e8s sa mort<\/strong>.<br \/>\n<\/span><\/p>\n<p><span style=\"color: #777777; font-family: Arial;\">Alan Turing est rest\u00e9 dans l&rsquo;histoire comme l&rsquo;homme qui a mis au point la machine \u00e9lectrom\u00e9canique ayant servi \u00e0 \u00ab\u00a0casser\u00a0\u00bb le code \u00ab\u00a0<a href=\"https:\/\/fr.wikipedia.org\/wiki\/Enigma_(machine)\"><span style=\"color: #0000ff;\">Enigma<\/span><\/a>\u00a0\u00bb utilis\u00e9 par les sous-marins allemands pendant la Seconde Guerre mondiale.<br \/>\n<\/span><\/p>\n<p><span style=\"color: #777777; font-family: Arial;\">Cette invention avait donn\u00e9 un avantage consid\u00e9rable aux Alli\u00e9s face \u00e0 l&rsquo;Allemagne nazie.<br \/>\n<\/span><\/p>\n<p><span style=\"color: #777777; font-family: Arial;\">Certains consid\u00e8rent m\u00eame que Turing est le p\u00e8re de l&rsquo;informatique moderne parce qu&rsquo;il est parvenu \u00e0 d\u00e9finir <span style=\"color: #0000ff;\"><a style=\"color: #0000ff;\" href=\"http:\/\/www.artificiel.net\/test-de-turing\">les crit\u00e8res de l&rsquo;intelligence artificielle<\/a><\/span>.<br \/>\n<\/span><\/p>\n<p><span style=\"color: #777777; font-family: Arial;\">Malgr\u00e9 son apport immense \u00e0 la victoire des alli\u00e9s, il a \u00e9t\u00e9 condamn\u00e9 pour homosexualit\u00e9. Il a \u00e9t\u00e9 contraint \u00e0 subir une castration chimique en 1952.<br \/>\n<\/span><\/p>\n<p><span style=\"color: #777777; font-family: Arial;\">Il est donc assez normal que Michel Serres qui avait pour objet de d\u00e9crire le monde de r\u00e9seaux d&rsquo;aujourd&rsquo;hui, de mettre en lumi\u00e8re celui qui est un des inventeurs de l&rsquo;informatique.<br \/>\n<\/span><\/p>\n<p><span style=\"color: #777777; font-family: Arial;\">Et Michel Serres lors de l&rsquo;interview avec Emmanuelle Dancourt reprend l&rsquo;aveu tardif du cr\u00e9ateur d&rsquo;Apple que le fameux logo est un hommage \u00e0 Alan T\u00fcring.<br \/>\n<\/span><\/p>\n<p><a href=\"http:\/\/www.francetvinfo.fr\/replay-radio\/les-pourquoi\/pourquoi-le-logo-dapple-est-il-une-pomme-croquee_1771173.html\"><span style=\"font-family: Arial;\"><span style=\"color: #0000ff;\">&lt;Le site de France Info reprend cette th\u00e8se&gt;<\/span><\/span><\/a><span style=\"color: #777777; font-family: Arial;\"><span style=\"color: #0000ff;\">\u00a0:<\/span><br \/>\n<\/span><\/p>\n<p style=\"margin-left: 28pt;\"><span style=\"color: #c00000; font-family: Arial;\">\u00ab\u00a0D&rsquo;abord, le logo est une pomme car c&rsquo;est le nom de la marque, en anglais. [\u2026]<br \/>\n<\/span><\/p>\n<p style=\"margin-left: 28pt;\"><span style=\"color: #c00000; font-family: Arial;\">Mais pourquoi la pomme est-elle croqu\u00e9e? En fait, c&rsquo;est un hommage \u00e0 l&rsquo;anglais Alan Turing, g\u00e9nial math\u00e9maticien, qui pendant la Seconde Guerre mondiale, a r\u00e9ussi \u00e0 d\u00e9crypter le code secret des nazis, g\u00e9n\u00e9r\u00e9 par leur fameuse machine Enigma. Sans Turing, les Alli\u00e9s auraient perdu la bataille de l&rsquo;Atlantique, et peut-\u00eatre la guerre contre le nazisme. Turing est un h\u00e9ros immense. On consid\u00e8re qu&rsquo;il a invent\u00e9 l&rsquo;ordinateur et l&rsquo;informatique. Oui, mais il \u00e9tait gay, et \u00e0 l&rsquo;\u00e9poque c&rsquo;\u00e9tait un d\u00e9lit. La justice britannique le condamna \u00e0 la castration chimique. Officiellement, il fut inculp\u00e9 \u00ab\u00a0d&rsquo;ind\u00e9cence manifeste et de perversion sexuelle \u00ab\u00a0. D\u00e9sesp\u00e9r\u00e9, humili\u00e9, il pr\u00e9f\u00e9ra se suicider en 1954, \u00e0 42 ans, en mordant dans une pomme empoisonn\u00e9e au cyanure, comme Blanche-Neige, qu&rsquo;il adorait.<br \/>\n<\/span><\/p>\n<p style=\"margin-left: 28pt;\"><span style=\"color: #c00000; font-family: Arial;\">En fondant Apple, Jobs et Wozniak lui rendirent cet hommage. Leur pomme (arc-en-ciel, signe du mouvement gay) porte la mortelle morsure. [\u2026]<br \/>\n<\/span><\/p>\n<p style=\"margin-left: 28pt;\"><span style=\"color: #c00000; font-family: Arial;\">Au passage, savez-vous pourquoi les ordinateurs portables Apple ont ils \u00e9t\u00e9 baptis\u00e9s \u00ab\u00a0MacIntoch\u00a0\u00bb (plut\u00f4t que s&rsquo;appeler po\u00e9tiquement D630 ou H-50-NF comme leurs concurrents) ? Parce que Jef Raskin, l&rsquo;ing\u00e9nieur d&rsquo;Apple, qui a cr\u00e9\u00e9 le premier mod\u00e8le de Mac au d\u00e9but des ann\u00e9es 80, adorait les pommes, et sa vari\u00e9t\u00e9 pr\u00e9f\u00e9r\u00e9e \u00e9tait la MacIntosh\u2026\u00a0\u00bb<br \/>\n<\/span><\/p>\n<p><span style=\"color: #0000ff;\"><a style=\"color: #0000ff;\" href=\"http:\/\/www.maxisciences.com\/urban-scientist\/pourquoi-le-logo-d-039-apple-est-une-pomme-croquee_art37765.html\"><span style=\"font-family: Arial;\">&lt;Mais ce site donne une autre version&gt;<\/span><\/a><\/span><span style=\"color: #777777; font-family: Arial;\"><span style=\"color: #0000ff;\">\u00a0<\/span>:<br \/>\n<\/span><\/p>\n<p style=\"margin-left: 28pt;\"><span style=\"color: #c00000; font-family: Arial;\">\u00ab\u00a0Selon la l\u00e9gende, la pomme croqu\u00e9e serait un hommage au c\u00e9l\u00e8bre math\u00e9maticien anglais Alan Turing. [\u2026] Les fondateurs d&rsquo;Apple se seraient donc inspir\u00e9s de cette histoire pour honorer l&rsquo;homme qui les a rendus milliardaires. Pourtant bien que cette version, plut\u00f4t favorable en termes d&rsquo;image de marque, n&rsquo;ait jamais \u00e9t\u00e9 r\u00e9fut\u00e9e par la soci\u00e9t\u00e9, il semble que la r\u00e9alit\u00e9 soit bien diff\u00e9rente. Ainsi, selon Rob Janoff, le designer \u00e0 l&rsquo;origine du logo, la morsure dans la pomme serait seulement l\u00e0 pour montrer qu&rsquo;il s&rsquo;agit bien d&rsquo;une pomme et non d&rsquo;une cerise. La taille du croc donnant ainsi l&rsquo;\u00e9chelle du fruit. De plus, croquer une pomme est un geste universel, compr\u00e9hensible par tous. Enfin, les couleurs arc-en-ciel de la pomme ne seraient pas un clin d&rsquo;\u0153il au drapeau gay, mais plut\u00f4t une r\u00e9f\u00e9rence au moniteur couleur qui \u00e9quipaient \u00e0 l&rsquo;\u00e9poque les produits Apple.\u00a0\u00bb<br \/>\n<\/span><\/p>\n<p><img loading=\"lazy\" decoding=\"async\" class=\"alignleft\" src=\"https:\/\/lemotdujour.fr\/wp-content\/uploads\/2020\/01\/012320_2215_LundiXXdcem2.jpg\" alt=\"\" width=\"305\" height=\"220\" align=\"left\" \/><a href=\"http:\/\/www.lavenir.net\/cnt\/dmf20170131_00953075\"><span style=\"font-family: Arial;\"><span style=\"color: #0000ff;\">&lt;Toujours est-il que le parlement britannique vient de voter une loi Alan T\u00fcring&gt;<\/span><\/span><\/a><span style=\"color: #777777; font-family: Arial;\"><br \/>\n<\/span><\/p>\n<p><span style=\"color: #777777; font-family: Arial;\">Par cette loi \u00e0 qui on a donn\u00e9 le nom du math\u00e9maticien de g\u00e9nie des dizaines de milliers d&rsquo;homosexuels, condamn\u00e9s \u00e0 une \u00e9poque o\u00f9 leurs m\u0153urs constituaient un d\u00e9lit, ont obtenu une gr\u00e2ce du gouvernement britannique. L&rsquo;agence de presse britannique estime que la loi concerne 100 000 hommes condamn\u00e9s entre 1885 et 2003, lorsque les derni\u00e8res lois hostiles \u00e0 l&rsquo;homosexualit\u00e9 ont \u00e9t\u00e9 abrog\u00e9es. Parmi eux figure notamment Oscar Wilde (1854-1900), condamn\u00e9 en 1895.<br \/>\n<\/span><\/p>\n<p><span style=\"color: #777777; font-family: Arial;\">Dans l&rsquo;entretien de KTO, Michel Serres fustigeait cette morbide habitude\u2026 qui consiste \u00e0 orner nos places de statues de chefs de guerre et de g\u00e9n\u00e9raux responsables de carnage et de massacre, alors qu&rsquo;il y a si peu de statue des vrais grands hommes comme Alan T\u00fcring ou aussi de grandes femmes comme <a href=\"https:\/\/fr.wikipedia.org\/wiki\/%C3%89milie_du_Ch%C3%A2telet\"><span style=\"color: #0000ff;\">&lt;Emilie du Chatelet&gt;<\/span><\/a> par exemple<br \/>\n<\/span><\/p>\n<p><span style=\"color: #777777; font-family: Arial;\">Un film <a href=\"https:\/\/fr.wikipedia.org\/wiki\/Imitation_Game\"><span style=\"color: #0000ff;\">&lt;Imitation Game&gt;<\/span><\/a> sorti en 2014 a tent\u00e9 de retracer l&rsquo;histoire d&rsquo;Alan T\u00fcring.<br \/>\n<\/span><\/p>\n<p><span style=\"color: maroon; font-family: Arial;\"> &lt;855&gt;<\/span><\/p>\n","protected":false},"excerpt":{"rendered":"<p>Vendredi 10 mars 2017 \u00ab\u00a0Steve Job a fini par reconna\u00eetre que le logo de la pomme croqu\u00e9e d\u2019Apple faisait r\u00e9f\u00e9rence \u00e0 la pomme empoisonn\u00e9e avec laquelle Alan T\u00fcring avait mis fin \u00e0 ses jours\u00a0\u00bb Michel Serres J&rsquo;ai \u00e9crit que j&rsquo;ai<\/p>\n","protected":false},"author":1,"featured_media":0,"comment_status":"closed","ping_status":"closed","sticky":false,"template":"","format":"standard","meta":{"footnotes":""},"categories":[1],"tags":[17,166,32],"class_list":["post-464","post","type-post","status-publish","format-standard","hentry","category-motdujour","tag-histoire","tag-homophobie","tag-numerique"],"_links":{"self":[{"href":"https:\/\/lemotdujour.fr\/index.php?rest_route=\/wp\/v2\/posts\/464","targetHints":{"allow":["GET"]}}],"collection":[{"href":"https:\/\/lemotdujour.fr\/index.php?rest_route=\/wp\/v2\/posts"}],"about":[{"href":"https:\/\/lemotdujour.fr\/index.php?rest_route=\/wp\/v2\/types\/post"}],"author":[{"embeddable":true,"href":"https:\/\/lemotdujour.fr\/index.php?rest_route=\/wp\/v2\/users\/1"}],"replies":[{"embeddable":true,"href":"https:\/\/lemotdujour.fr\/index.php?rest_route=%2Fwp%2Fv2%2Fcomments&post=464"}],"version-history":[{"count":2,"href":"https:\/\/lemotdujour.fr\/index.php?rest_route=\/wp\/v2\/posts\/464\/revisions"}],"predecessor-version":[{"id":7903,"href":"https:\/\/lemotdujour.fr\/index.php?rest_route=\/wp\/v2\/posts\/464\/revisions\/7903"}],"wp:attachment":[{"href":"https:\/\/lemotdujour.fr\/index.php?rest_route=%2Fwp%2Fv2%2Fmedia&parent=464"}],"wp:term":[{"taxonomy":"category","embeddable":true,"href":"https:\/\/lemotdujour.fr\/index.php?rest_route=%2Fwp%2Fv2%2Fcategories&post=464"},{"taxonomy":"post_tag","embeddable":true,"href":"https:\/\/lemotdujour.fr\/index.php?rest_route=%2Fwp%2Fv2%2Ftags&post=464"}],"curies":[{"name":"wp","href":"https:\/\/api.w.org\/{rel}","templated":true}]}}