{"id":462,"date":"2017-03-09T01:00:00","date_gmt":"2017-03-08T22:00:00","guid":{"rendered":"http:\/\/lemotdujour.fr\/?p=462"},"modified":"2020-01-23T22:59:48","modified_gmt":"2020-01-23T21:59:48","slug":"jeudi-9-mars-2017","status":"publish","type":"post","link":"https:\/\/lemotdujour.fr\/?p=462","title":{"rendered":"Jeudi 9 mars 2017"},"content":{"rendered":"<div class=\"mdjDate\"><a id=\"_Toc482008787\"><\/a>Jeudi 9 mars 2017<\/div>\n<div class=\"mdjTexte\">\u00ab\u00a0De la mani\u00e8re de n\u00e9gocier avec les souverains\u00a0\u00bb<\/div>\n<div class=\"mdjAuteur\">Fran\u00e7ois de Calli\u00e8res (1645-1717)<\/div>\n<p><span style=\"color: #777777; font-family: Arial;\">Ce qu&rsquo;il y a de remarquable avec des hommes comme Michel Serres, c&rsquo;est qu&rsquo;ils ouvrent votre esprit et vous font conna\u00eetre d&rsquo;autres esprits f\u00e9conds.<br \/>\n<\/span><\/p>\n<p><span style=\"color: #777777; font-family: Arial;\">Je ne connaissais pas <strong>Fran\u00e7ois de Calli\u00e8res<\/strong>, mais \u00e0 partir du moment o\u00f9 j&rsquo;ai appris \u00e0 le conna\u00eetre gr\u00e2ce \u00e0 la lecture des pages 124 \u00e0 127 de son ouvrage sur une Philosophie de l&rsquo;Histoire, une rapide recherche sur le \u00ab\u00a0c\u00f4t\u00e9 lumineux\u00a0\u00bb d&rsquo;Internet montre alors que cet homme compte et a compt\u00e9 dans l&rsquo;histoire des id\u00e9es et des relations internationales.<br \/>\n<\/span><\/p>\n<p><span style=\"color: #777777; font-family: Arial;\">Michel Serres pr\u00e9sente Fran\u00e7ois de Calli\u00e8res comme symbole du deuxi\u00e8me h\u00e9ros de l&rsquo;\u00e2ge doux, le n\u00e9gociateur (le premier \u00e9tant le m\u00e9decin symbolis\u00e9 par le samaritain).<br \/>\n<\/span><\/p>\n<p><img loading=\"lazy\" decoding=\"async\" class=\"alignleft\" src=\"https:\/\/lemotdujour.fr\/wp-content\/uploads\/2020\/01\/012320_2157_LundiXXdcem1.jpg\" alt=\"\" width=\"314\" height=\"452\" align=\"left\" \/><span style=\"color: #777777; font-family: Arial;\">Je cite donc simplement Michel Serres\u00a0:<br \/>\n<\/span><\/p>\n<p style=\"margin-left: 28pt;\"><span style=\"color: #c00000; font-family: Arial;\">\u00ab\u00a0Louis XIV ne cessa de faire la guerre, plus de 300\u00a0000 morts; \u00e0 peine si son r\u00e8gne ensoleill\u00e9 connus quelques mois de paix. De ces ann\u00e9es la France sortit \u00e9puis\u00e9e, exsangue, ruin\u00e9e ; ledit grand si\u00e8cle co\u00fbta un prix exorbitant. [\u2026]<br \/>\n<\/span><\/p>\n<p style=\"margin-left: 28pt;\"><span style=\"color: #c00000; font-family: Arial;\">Avant Louis XIV, Richelieu fonda l&rsquo;Acad\u00e9mie fran\u00e7aise. Nous conservons la liste de ceux qui occup\u00e8rent, tour \u00e0 tour, les 40 fauteuils. Quelques gloires incontestables s&rsquo;y noient parmi mille noms oubli\u00e9s. Longtemps pris pour un auteur m\u00e9diocre, l&rsquo;un de ces acad\u00e9miciens de l&rsquo;ombre \u00e9crit, dans son \u0153uvre pr\u00e9cise, le d\u00e9s\u00e9quilibre vie-mort, th\u00e8me de ce livre et tente de l&rsquo;inverser. Conseiller aupr\u00e8s de ce roi mortif\u00e8re, Fran\u00e7ois de Calli\u00e8res publia en effet, en 1716, ann\u00e9e qui suivit la mort du monarque qui pr\u00e9c\u00e9da la sienne propre, un livre d\u00e9cisif : \u00ab <a href=\"https:\/\/www.decitre.fr\/livres\/de-la-maniere-de-negocier-avec-les-souverains-internationaux-9791091749176.html\">de la mani\u00e8re de n\u00e9gocier avec les souverains<\/a> \u00bb, texte qui sombra dans l&rsquo;oubli pendant deux si\u00e8cles avant de conna\u00eetre, \u00e0 partir de 1917, une r\u00e9surrection impr\u00e9vue. Je tiens d\u00e9sormais son auteur comme l&rsquo;un des grands penseurs de ce temps et du n\u00f4tre, d&rsquo;autant qu&rsquo;il partage avec Vauban le m\u00e9rite de prendre \u00e0 rebours les usages pugnaces du roi.<br \/>\n<\/span><\/p>\n<p style=\"margin-left: 28pt;\"><span style=\"color: #c00000; font-family: Arial;\">Il n&rsquo;eut pas le courage ou la possibilit\u00e9, pendant un r\u00e8gne o\u00f9 r\u00e9gnaient, aux fronti\u00e8res, le bruit et la fureur, de publier ce livre paisible, qui resurgit \u00e0 une date o\u00f9 la premi\u00e8re guerre mondiale d\u00e9veloppait son inutile boucherie et avant que le trait\u00e9 de Versailles ne dev\u00eent le contrat l\u00e9onin dont les cons\u00e9quences n\u00e9fastes entra\u00een\u00e8rent les ann\u00e9es suivantes \u00e0 une guerre pire et se font encore sentir aujourd&rsquo;hui.<br \/>\n<\/span><\/p>\n<p style=\"margin-left: 28pt;\"><span style=\"color: #c00000; font-family: Arial;\">\u00c0 partir de 1917, donc en plein conflit, traduit en de nombreuses langues et mis au programme de maintes universit\u00e9s, m\u00eame des \u00e9coles de commerce soucieuses d&rsquo;enseigner la n\u00e9gociation. Cet ouvrage parcourt la plan\u00e8te, de la Chine au Portugal et du Japon \u00e0 la Pologne. Consid\u00e9r\u00e9 d\u00e9sormais comme un \u00a0classique, traduit en anglais, par exemple, par le secr\u00e9taire de Sir Winston Churchill, l&rsquo;ouvrage de Fran\u00e7ois de carri\u00e8re eut pour lecteurs assidus et admirateurs de hauts personnages de la politique ou de l&rsquo;\u00e9conomie, comme Thomas Jefferson ou John Galbraith. Dans un livre r\u00e9cent, mon ami et coll\u00e8gue Amin Maalouf le remit en sc\u00e8ne devant nos yeux et, pour mon bonheur, me l&rsquo;enseigna.<br \/>\n<\/span><\/p>\n<p style=\"margin-left: 28pt;\"><span style=\"color: #c00000; font-family: Arial;\">\u00c0 distance immense de Machiavel, avant, ou de Clausewitz apr\u00e8s lui, Fran\u00e7ois de Calli\u00e8res voit d&rsquo;abord, son pays d&rsquo;un \u0153il lucide : notre nation est si belliqueuse, \u00e9crit-il, qu&rsquo;elle ne conna\u00eet presque point d&rsquo;autre gloire ni d&rsquo;autres honneurs que ceux qui s&rsquo;acqui\u00e8rent par la profession des armes\u2026, avant de d\u00e9finir le but du n\u00e9gociateur : \u00e9viter au maximum les conflits. \u00bb<br \/>\n<\/span><\/p>\n<p><span style=\"color: #777777; font-family: Arial;\">Cette sentence de Fran\u00e7ois de Calli\u00e8res me fait penser \u00e0 un \u00e9change que j&rsquo;ai eu un jour avec des jeunes Allemands.<br \/>\n<\/span><\/p>\n<p><span style=\"color: #777777; font-family: Arial;\">Un ami, m&rsquo;avait emmen\u00e9 \u00e0 Sarrebruck rencontrer un groupe de jeunes Allemands. Et nous discutions des relations entre la France et l&rsquo;Allemagne. Ces jeunes allemands d\u00e9crivaient notre pays, la France, comme un des pays les plus belliqueux qu&rsquo;il n&rsquo;y eut jamais sur la terre et notamment en Europe, au cours des si\u00e8cles. Je fus \u00e9tonn\u00e9, car mes cours d&rsquo;histoire parlant de la guerre de 1870 de la premi\u00e8re et la seconde guerre mondiale m&rsquo;ont toujours conduit \u00e0 penser que s&rsquo;il y avait un fauteur de guerre en Europe c&rsquo;\u00e9tait l&rsquo;Allemagne ou la Prusse. Cette discussion m&rsquo;avait troubl\u00e9 et je repartis vers les livres d&rsquo;Histoire. C&rsquo;\u00e9tait \u00e9videmment ces jeunes Allemands qui avaient raison.<br \/>\n<\/span><\/p>\n<p><span style=\"color: #777777; font-family: Arial;\">Au cours des si\u00e8cles, Louis XIV comme Napol\u00e9on ou la r\u00e9volution sont particuli\u00e8rement dans cette logique, la France a attaqu\u00e9 syst\u00e9matiquement tous les pays d&rsquo;Europe pour asseoir sa supr\u00e9matie, pour accro\u00eetre son territoire<strong>. La France est la nation de la guerre par excellence<\/strong>.<br \/>\n<\/span><\/p>\n<p><span style=\"color: #777777; font-family: Arial;\">Michel Serres cite encore Fran\u00e7ois de Calli\u00e8res\u00a0:<br \/>\n<\/span><\/p>\n<p style=\"margin-left: 28pt;\"><span style=\"color: #c00000; font-family: Arial;\">\u00ab Tout prince chr\u00e9tien, doit avoir pour maxime principale de n&#8217;employer la voie des armes, pour soutenir et faire valoir ses droits, qu&rsquo;apr\u00e8s avoir tent\u00e9 et \u00e9puis\u00e9 celle de la raison et de la persuasion. Mieux encore, son livre comporte des pages qui d\u00e9crivent quasi \u00a0express\u00e9ment la mani\u00e8re adopt\u00e9e par ceux qui construisirent, pass\u00e9 la seconde guerre mondiale, notre Europe pacifi\u00e9e. Existe-t-il meilleure preuve de g\u00e9nie qu&rsquo;une telle proph\u00e9tie ? Apr\u00e8s Fran\u00e7ois de Calli\u00e8res, Edgar Faure allait disant que la guerre co\u00fbte toujours plus cher que la paix, m\u00eame acquise \u00e0 n&rsquo;importe quel prix. [\u2026]<br \/>\n<\/span><\/p>\n<p style=\"margin-left: 28pt;\"><span style=\"color: #c00000; font-family: Arial;\">Certains experts anglo-saxons disent de Fran\u00e7ois de Calli\u00e8res qu&rsquo;il inventa le soft power. Preuve en est ce texte dont les pages, conseillant le doux tout court et comment y parvenir, rest\u00e8rent inou\u00efes pendant deux si\u00e8cles assourdis par le bruit des conflits, jusqu&rsquo;\u00e0 ce que ces derniers deviennent absurdes et monstrueux. Pour cette innovation h\u00e9ro\u00efque, je salue Fran\u00e7ois de Calli\u00e8res, initiateur de l&rsquo;Europe actuelle et de mon petit livre, comme le deuxi\u00e8me h\u00e9ros de l&rsquo;\u00e2ge doux : le n\u00e9gociateur apr\u00e8s le m\u00e9decin, Schuman et Adenauer apr\u00e8s Schweitzer et Monod. Je proclame cet homme de l&rsquo;ombre comme l&rsquo;une des gloires de l&rsquo;Acad\u00e9mie et de la France. [\u2026]<br \/>\n<\/span><\/p>\n<p style=\"margin-left: 28pt;\"><span style=\"color: #c00000; font-family: Arial;\">Je r\u00eave que, dans un Panth\u00e9on r\u00e9am\u00e9nag\u00e9, soient transport\u00e9es les cendres du grand homme et qu&rsquo;avant ma mort je puisse fleurir sa statue \u00e9rig\u00e9e entre les Invalides et le Quai d&rsquo;Orsay, apr\u00e8s que l&rsquo;on aurait fabriqu\u00e9 des cymbales et des casseroles avec les m\u00e9taux fondus \u00e0 partir des statues m\u00e9diocres de Louis XIV sur la place desdites Victoires ou de Foch au Trocad\u00e9ro. Nous agr\u00e9menterions la f\u00eate d&rsquo;une musique accompagn\u00e9e du son de ces percussions.\u00a0\u00bb<br \/>\n<\/span><\/p>\n<p><span style=\"color: #777777; font-family: Arial;\">Comme je l&rsquo;ai \u00e9crit au d\u00e9but de cette chronique, on trouve sur Internet \u00e9norm\u00e9ment de pages consacr\u00e9es \u00e0 cet homme qui devrait \u00eatre illustre selon Michel Serres.<br \/>\n<\/span><\/p>\n<p><span style=\"color: #777777; font-family: Arial;\">Il dispose bien s\u00fbr d&rsquo;une page tr\u00e8s document\u00e9e sur <a href=\"https:\/\/fr.wikipedia.org\/wiki\/Fran%C3%A7ois_de_Calli%C3%A8res\"><span style=\"color: blue; text-decoration: underline;\">&lt;Wikipedia&gt;<\/span><\/a><br \/>\n<\/span><\/p>\n<p><a href=\"http:\/\/gallica.bnf.fr\/ark:\/12148\/bpt6k936753\"><span style=\"color: blue; font-family: Arial; text-decoration: underline;\">&lt;L&rsquo;extraordinaire biblioth\u00e8que en ligne Gallica, permet de lire l&rsquo;ouvrage cit\u00e9&gt;<\/span><\/a><span style=\"color: #777777; font-family: Arial;\"><br \/>\n<\/span><\/p>\n<p><a href=\"http:\/\/www.academie-francaise.fr\/discours-de-reception-et-reponse-de-francois-charpentier-1\"><span style=\"color: blue; font-family: Arial; text-decoration: underline;\">&lt;Sur le site de l&rsquo;Acad\u00e9mie fran\u00e7aise, il est possible de lire le discours de r\u00e9ception, prononc\u00e9 le 7. F\u00e9vrier 1689, par Fran\u00e7ois de Calli\u00e8res&gt;.<\/span><\/a><span style=\"color: #777777; font-family: Arial;\"><br \/>\n<\/span><\/p>\n<p><span style=\"color: #777777; font-family: Arial;\">Ainsi un nouvel homme remarquable entre dans notre panth\u00e9on de la connaissance gr\u00e2ce \u00e0 Michel Serres.<br \/>\n<\/span><\/p>\n<p><span style=\"color: maroon; font-family: Arial;\">&lt;854&gt;<\/span><\/p>\n","protected":false},"excerpt":{"rendered":"<p>Jeudi 9 mars 2017 \u00ab\u00a0De la mani\u00e8re de n\u00e9gocier avec les souverains\u00a0\u00bb Fran\u00e7ois de Calli\u00e8res (1645-1717) Ce qu&rsquo;il y a de remarquable avec des hommes comme Michel Serres, c&rsquo;est qu&rsquo;ils ouvrent votre esprit et vous font conna\u00eetre d&rsquo;autres esprits f\u00e9conds.<\/p>\n","protected":false},"author":1,"featured_media":0,"comment_status":"closed","ping_status":"closed","sticky":false,"template":"","format":"standard","meta":{"footnotes":""},"categories":[1],"tags":[165,109,17],"class_list":["post-462","post","type-post","status-publish","format-standard","hentry","category-motdujour","tag-diplomatie","tag-geopolitique","tag-histoire"],"_links":{"self":[{"href":"https:\/\/lemotdujour.fr\/index.php?rest_route=\/wp\/v2\/posts\/462","targetHints":{"allow":["GET"]}}],"collection":[{"href":"https:\/\/lemotdujour.fr\/index.php?rest_route=\/wp\/v2\/posts"}],"about":[{"href":"https:\/\/lemotdujour.fr\/index.php?rest_route=\/wp\/v2\/types\/post"}],"author":[{"embeddable":true,"href":"https:\/\/lemotdujour.fr\/index.php?rest_route=\/wp\/v2\/users\/1"}],"replies":[{"embeddable":true,"href":"https:\/\/lemotdujour.fr\/index.php?rest_route=%2Fwp%2Fv2%2Fcomments&post=462"}],"version-history":[{"count":3,"href":"https:\/\/lemotdujour.fr\/index.php?rest_route=\/wp\/v2\/posts\/462\/revisions"}],"predecessor-version":[{"id":7899,"href":"https:\/\/lemotdujour.fr\/index.php?rest_route=\/wp\/v2\/posts\/462\/revisions\/7899"}],"wp:attachment":[{"href":"https:\/\/lemotdujour.fr\/index.php?rest_route=%2Fwp%2Fv2%2Fmedia&parent=462"}],"wp:term":[{"taxonomy":"category","embeddable":true,"href":"https:\/\/lemotdujour.fr\/index.php?rest_route=%2Fwp%2Fv2%2Fcategories&post=462"},{"taxonomy":"post_tag","embeddable":true,"href":"https:\/\/lemotdujour.fr\/index.php?rest_route=%2Fwp%2Fv2%2Ftags&post=462"}],"curies":[{"name":"wp","href":"https:\/\/api.w.org\/{rel}","templated":true}]}}