{"id":4611,"date":"2018-04-18T04:11:22","date_gmt":"2018-04-18T02:11:22","guid":{"rendered":"http:\/\/lemotdujour.fr\/?p=4611"},"modified":"2022-06-29T16:15:30","modified_gmt":"2022-06-29T14:15:30","slug":"mercredi-18-avril-2018","status":"publish","type":"post","link":"https:\/\/lemotdujour.fr\/?p=4611","title":{"rendered":"Mercredi 18 avril 2018"},"content":{"rendered":"<div class=\"mdjTexte\">\u00ab&nbsp;Je n\u2019ai pas d\u2019amis&nbsp;\u00bb<\/div>\n<div class=\"mdjAuteur\">Le pr\u00e9sident de la R\u00e9publique, Emmanuel Macron, pendant l\u2019interview du Palais de Chaillot<\/div>\n<p><span style=\"color: #777777; font-family: Arial;\">Et Jean-Jacques Bourdin, parlant de l&rsquo;\u00e9vasion fiscale avec verve lan\u00e7a au Pr\u00e9sident de la R\u00e9publique c&rsquo;est \u00ab&nbsp;<span style=\"color: #c00000;\">ce que fait votre ami Bernard Arnault<span style=\"color: #777777;\">&nbsp;\u00bb.<br \/>\n<\/span><\/span><\/span><\/p>\n<p><span style=\"color: #777777; font-family: Arial;\">Le chef de l&rsquo;Etat n&rsquo;a pas aim\u00e9 cette all\u00e9gation et l&rsquo;a coup\u00e9 aussit\u00f4t&nbsp;:<br \/>\n<\/span><\/p>\n<p style=\"margin-left: 28pt;\"><span style=\"color: #c00000; font-family: Arial;\">\u00ab&nbsp;Pardon, moi, je n&rsquo;ai pas d&rsquo;amis, M. Bourdin. De l\u00e0 o\u00f9 je suis, je n&rsquo;ai pas d&rsquo;amis.&nbsp;\u00bb<br \/>\n<\/span><\/p>\n<p><span style=\"color: #777777; font-family: Arial;\">Et, il a ajout\u00e9<br \/>\n<\/span><\/p>\n<p style=\"margin-left: 28pt;\"><span style=\"color: #c00000; font-family: Arial;\">\u00ab&nbsp;Vous savez, les insinuations dans la vie, ce n&rsquo;est pas une bonne chose.&nbsp;\u00bb<br \/>\n<\/span><\/p>\n<p><span style=\"color: #777777; font-family: Arial;\">Et Jean-Jacques Bourdin a alors r\u00e9pondu&nbsp;:<br \/>\n<\/span><\/p>\n<p style=\"margin-left: 28pt;\"><span style=\"color: #c00000; font-family: Arial;\">\u00ab&nbsp;Ce ne sont pas des insinuations&nbsp;\u00bb<br \/>\n<\/span><\/p>\n<p><span style=\"color: #777777; font-family: Arial;\">Et encore quelques \u00e9changes aigres doux vont se poursuivre en raison de cette affirmation qui a d\u00e9plu au Pr\u00e9sident de la R\u00e9publique.<br \/>\n<\/span><\/p>\n<p><span style=\"color: #777777; font-family: Arial;\">\u00ab&nbsp;<strong>Je n&rsquo;ai pas d&rsquo;amis<\/strong>&nbsp;\u00bb<br \/>\n<\/span><\/p>\n<p><span style=\"color: #777777; font-family: Arial;\">Est-ce l\u00e0 un sujet personnel, intime, li\u00e9 \u00e0 la personnalit\u00e9 d&rsquo;Emmanuel Macron&nbsp;?<br \/>\n<\/span><\/p>\n<p><span style=\"color: #777777; font-family: Arial;\">En septembre 2017, l&rsquo;\u00e9crivain Philippe Besson publie \u00ab<span style=\"color: #0000ff;\">&nbsp;<a style=\"color: #0000ff;\" href=\"https:\/\/www.decitre.fr\/livres\/un-personnage-de-roman-9782260030072.html\"><strong>Un personnage de roman<\/strong>&nbsp;<\/a><\/span>\u00bb, r\u00e9cit intime de la campagne pr\u00e9sidentielle d&rsquo;Emmanuel Macron qu&rsquo;il conna\u00eet et pour qui il avoue une sympathie certaine.<br \/>\n<\/span><\/p>\n<p><span style=\"color: #777777; font-family: Arial;\">Pour pr\u00e9senter son livre il avait \u00e9t\u00e9 invit\u00e9 par L\u00e9a Salam\u00e9 \u00e0 France Inter .lors de son <span style=\"color: #0000ff;\"><a style=\"color: #0000ff;\" href=\"https:\/\/www.franceinter.fr\/emissions\/l-invite-de-7h50\/l-invite-de-7h50-08-septembre-2017\">\u00e9mission du 8 septembre 2017<\/a>.<\/span><br \/>\n<\/span><\/p>\n<p><span style=\"color: #777777; font-family: Arial;\">Et dans cette \u00e9mission il a dit ceci&nbsp;:<br \/>\n<\/span><\/p>\n<p style=\"margin-left: 28pt;\"><span style=\"color: #c00000; font-family: Arial;\">\u00ab&nbsp;Il n&rsquo;a pas d&rsquo;ami, tr\u00e8s peu d&rsquo;ami. Il a du mal avec l&rsquo;intimit\u00e9, il est intime avec tr\u00e8s peu de gens, et il cite souvent cette phrase de Diderot, qui est une fa\u00e7on de prendre de la distance : \u00ab\u00a0Partout o\u00f9 il n&rsquo;y aura rien, lisez que je vous aime.\u00a0\u00bb Il est dans l&rsquo;impossibilit\u00e9 de dire les choses. Et puis parce que sans doute, l&rsquo;essentiel se joue dans l&rsquo;intimit\u00e9 familiale. Ce sur quoi il se replie, c&rsquo;est son \u00e9pouse, sa famille. Et c&rsquo;est l\u00e0 que l&rsquo;essentiel se joue, l&rsquo;intimit\u00e9 est l\u00e0, la fragilit\u00e9 aussi.&nbsp;\u00bb\u00a0\u00bb<br \/>\n<\/span><\/p>\n<p><span style=\"color: #777777; font-family: Arial;\">M\u00eame si cette description peut \u00eatre int\u00e9ressante montrant ainsi des f\u00ealures de l&rsquo;humain ce n&rsquo;est \u00e9videmment pas cet aspect qui nous int\u00e9resse.<br \/>\n<\/span><\/p>\n<p><span style=\"color: #777777; font-family: Arial;\">D&rsquo;ailleurs dans la r\u00e9ponse d&rsquo;Emmanuel Macron, il y a une autre proposition dans la m\u00eame phrase&nbsp;:<br \/>\n<\/span><\/p>\n<p style=\"margin-left: 28pt;\"><span style=\"color: #c00000; font-family: Arial;\">\u00ab&nbsp;De l\u00e0 o\u00f9 je suis, je n&rsquo;ai pas d&rsquo;amis.&nbsp;\u00bb<br \/>\n<\/span><\/p>\n<p><span style=\"color: #777777; font-family: Arial;\">De l\u00e0 o\u00f9 il est\u2026 donc en tant que Pr\u00e9sident de la R\u00e9publique \u2026<br \/>\n<\/span><\/p>\n<p><span style=\"color: #777777; font-family: Arial;\">En serait-il de m\u00eame des Pr\u00e9sidents de la R\u00e9publique que des Etats, dont le G\u00e9n\u00e9ral de Gaulle disait&nbsp;:<br \/>\n<\/span><\/p>\n<p style=\"margin-left: 28pt;\"><span style=\"color: #c00000; font-family: Arial;\">\u00ab&nbsp;Les \u00c9tats n&rsquo;ont pas d&rsquo;amis, ils n&rsquo;ont que des int\u00e9r\u00eats.&nbsp;\u00bb<br \/>\n<\/span><\/p>\n<p><span style=\"color: #777777; font-family: Arial;\">J&rsquo;aimerai \u00e0 croire ou \u00e0 esp\u00e9rer que le Pr\u00e9sident de la R\u00e9publique n&rsquo;a pas que <strong>des int\u00e9r\u00eats<\/strong> mais a <strong>plut\u00f4t l&rsquo;int\u00e9r\u00eat g\u00e9n\u00e9ral chevill\u00e9 au c\u0153ur et \u00e0 l&rsquo;esprit quand il propose, agit et d\u00e9cide<\/strong>.<br \/>\n<\/span><\/p>\n<p><span style=\"color: #777777; font-family: Arial;\">Guillaume Erner a consacr\u00e9 son <span style=\"color: #0000ff;\"><a style=\"color: #0000ff;\" href=\"https:\/\/www.franceculture.fr\/emissions\/lhumeur-du-matin-par-guillaume-erner\/lhumeur-du-jour-par-guillaume-erner-du-lundi-16-avril-2018\">billet d&rsquo;humeur du 16 avril 2018<\/a><\/span> \u00e0 cette privation pr\u00e9sidentielle d&rsquo;amis&nbsp;:<br \/>\n<\/span><\/p>\n<p style=\"margin-left: 28pt;\"><span style=\"color: #c00000; font-family: Arial;\">\u00ab&nbsp;Une vraie rupture avec les pr\u00e9sidents pr\u00e9c\u00e9dents.<br \/>\n<\/span><\/p>\n<p style=\"margin-left: 28pt;\"><span style=\"color: #c00000; font-family: Arial;\">Vous savez que chacun de nos pr\u00e9sidents pourrait se caract\u00e9riser par son rapport \u00e0 l&rsquo;amiti\u00e9&nbsp;: Fran\u00e7ois Mitterrand avait des amiti\u00e9s tr\u00e8s encombrantes, je pense bien \u00e9videmment \u00e0 Ren\u00e9 Bousquet, et une r\u00e8gle, ne jamais renier ses amis. Jacques Chirac n&rsquo;avait lui que des amis parmi ses compatriotes, donnant l&rsquo;impression qu&rsquo;il \u00e9tait toujours l&rsquo;heure de l&rsquo;anisette. Nicolas Sarkozy a parfois donn\u00e9 l&rsquo;impression qu&rsquo;il aurait aim\u00e9 avoir 40 amis, avec un 40 comme CAC 40. Fran\u00e7ois Hollande a eu cinq ans pour faire le plan de table du PS, l&rsquo;art de la synth\u00e8se \u00e9tant de conserver tous ses amis. Et Emmanuel Macron, lui, donc, n&rsquo;aurait pas d&rsquo;amis.<br \/>\n<\/span><\/p>\n<p style=\"margin-left: 28pt;\"><span style=\"color: #c00000; font-family: Arial;\">Une mani\u00e8re bien entendu de dire que l&rsquo;on est inaccessible au conflit d&rsquo;amiti\u00e9, que l&rsquo;on est le pr\u00e9sident de tous, et l&rsquo;ami de personne, mais aussi une mani\u00e8re d&rsquo;\u00e9voquer la solitude du pouvoir, celui qui isole et esseule. A moins,&nbsp;\u00e0 moins qu&rsquo;il y ait une mani\u00e8re encore plus noire d&rsquo;entendre cet aveu, une mani\u00e8re de dire \u00ab&nbsp; je n&rsquo;ai pas d&rsquo;amis, je n&rsquo;ai que des oblig\u00e9s, je n&rsquo;ai que des courtisans&nbsp;\u00bb.&nbsp;\u00bb<br \/>\n<\/span><\/p>\n<p><span style=\"color: #777777; font-family: Arial;\">Peut-\u00eatre, est-ce la lucidit\u00e9 d&rsquo;Emmanuel Macron de comprendre qu&rsquo;il est surtout entour\u00e9 de courtisans.<br \/>\n<\/span><\/p>\n<p><span style=\"color: #777777; font-family: Arial;\">Mais il pourrait aussi avoir des amis qui ont des int\u00e9r\u00eats et sur lesquels il aurait pu compter pour arriver l\u00e0 o\u00f9 il est et qui sauront aussi \u00eatre l\u00e0 le jour o\u00f9 il ne sera plus Pr\u00e9sident de la R\u00e9publique et vu son jeune \u00e2ge cherchera d&rsquo;autres occupations&nbsp;?<br \/>\n<\/span><\/p>\n<p><a href=\"https:\/\/www.huffingtonpost.fr\/2018\/04\/16\/bernard-arnault-est-il-vraiment-lami-demmanuel-macron-comme-la-dit-jean-jacques-bourdin_a_23411982\/\"><span style=\"font-family: Arial;\"><span style=\"color: #0000ff;\">Le Huffington Post tente de r\u00e9pondre<\/span><\/span><\/a><span style=\"color: #777777; font-family: Arial;\"> de mani\u00e8re factuelle \u00e0 cette question&nbsp;: Existe-t-il des raisons objectives permettant de penser que Bernard Arnault et Emmanuel Macron sont amis, non pas amis de c\u0153ur ce qui ne nous regarderait pas, mais amis d&rsquo;int\u00e9r\u00eats&nbsp;?<br \/>\n<\/span><\/p>\n<p style=\"margin-left: 28pt;\"><span style=\"color: #c00000; font-family: Arial;\">\u00ab&nbsp;Si le chef de l&rsquo;\u00c9tat n&rsquo;est pas un \u00ab\u00a0intime\u00a0\u00bb du milliardaire, il existe plusieurs \u00e9l\u00e9ments de rapprochement entre les deux. Dans l&rsquo;entre-deux-tours de la pr\u00e9sidentielle dans Les Echos, journal dont il est propri\u00e9taire, Bernard Arnault avait publi\u00e9 une tribune pour appeler, comme d&rsquo;autres, \u00e0 voter Emmanuel Macron face \u00e0 Marine Le Pen. Dans ce billet, le milliardaire saluait \u00ab\u00a0un programme de libert\u00e9 et de stimulation du succ\u00e8s \u00e9conomique\u00a0\u00bb. Un programme \u00ab\u00a0b\u00e2ti sur la conviction que l&rsquo;entreprise priv\u00e9e constitue le seul levier efficace de cr\u00e9ation durable, saine et massive d&#8217;emplois en France\u00a0\u00bb, louait-il sans pour autant mettre en avant d&rsquo;\u00e9ventuels liens personnels avec le futur pr\u00e9sident de la R\u00e9publique.&nbsp;\u00bb<br \/>\n<\/span><\/p>\n<p><span style=\"color: #777777; font-family: Arial;\">Le Huffington Post cite ensuite un article du journal Capital du mois d&rsquo;avril 2017.<br \/>\n<\/span><\/p>\n<p style=\"margin-left: 28pt;\"><span style=\"color: #c00000; font-family: Arial;\">\u00ab&nbsp;Entre les Arnault et les Macron, c&rsquo;est peut-\u00eatre une longue amiti\u00e9 qui commence. Elle a d\u00e9marr\u00e9 au lyc\u00e9e priv\u00e9 Franklin, dans le XVI e arrondissement de Paris, o\u00f9 Brigitte fut la prof de fran\u00e7ais de Fr\u00e9d\u00e9ric et Jean. Puis la Picarde a sympathis\u00e9 avec Delphine lors d&rsquo;un d\u00e9jeuner \u00e0 New York \u00e0 l&rsquo;\u00e9t\u00e9 2014, accompagn\u00e9es de leurs conjoints respectifs, Emmanuel et Xavier (Niel). Depuis, l&rsquo;\u00e9pouse du candidat \u00e0 la pr\u00e9sidentielle porte du Vuitton \u00e0 chacune de ses sorties officielles&nbsp;\u00bb.<br \/>\n<\/span><\/p>\n<p><span style=\"color: #777777; font-family: Arial;\">Alors l\u00e0 il faut d\u00e9crypter pour que le commun des mortels se retrouve dans ces liens crois\u00e9s et ces familles&nbsp;:<br \/>\n<\/span><\/p>\n<p><span style=\"color: #777777; font-family: Arial;\">Delphine, est <a href=\"https:\/\/fr.wikipedia.org\/wiki\/Delphine_Arnault\"><span style=\"color: #0000ff;\">Delphine Arnault<\/span><\/a> fille de Bernard, n\u00e9 en 1975. Elle est dipl\u00f4m\u00e9e de l&rsquo;EDHEC Business School, \u00e0 Lille et de la London School of Economics, elle a travaill\u00e9, \u00e0 ses d\u00e9buts, pour le cabinet de conseil en strat\u00e9gie McKinsey &amp; Company. Elle rejoint, en 2000, le groupe LVMH fond\u00e9 par son p\u00e8re. Depuis 2013 elle est directrice g\u00e9n\u00e9rale adjointe de<span style=\"color: #0000ff;\"> <a style=\"color: #0000ff;\" title=\"Louis Vuitton\" href=\"https:\/\/fr.wikipedia.org\/wiki\/Louis_Vuitton\">Louis Vuitton<\/a><\/span>. Elle est la compagne de Xavier Niel, une fille est n\u00e9e dans ce couple en 2012.<br \/>\n<\/span><\/p>\n<p><span style=\"color: #777777; font-family: Arial;\">Fr\u00e9d\u00e9ric et Jean sont ses fr\u00e8res ou plus pr\u00e9cis\u00e9ment ses demi-fr\u00e8res car issues du second mariage de son p\u00e8re. Je suis un peu g\u00ean\u00e9 que mon mot du jour devienne brusquement une chronique mondaine. Je n&rsquo;avais pas imagin\u00e9 cela.<br \/>\n<\/span><\/p>\n<p><span style=\"color: #777777; font-family: Arial;\">Le huffington Post poursuit&nbsp;:<br \/>\n<\/span><\/p>\n<p style=\"margin-left: 28pt;\"><span style=\"color: #c00000; font-family: Arial;\">\u00ab&nbsp;Il y a quelques jours \u00e0 peine, lors de l&rsquo;assembl\u00e9e g\u00e9n\u00e9rale annuelle des actionnaires du groupe de luxe r\u00e9unie au Carrousel du Louvre le 12 avril, Bernard Arnault ne s&rsquo;en est pas cach\u00e9. \u00ab\u00a0Nous sommes tr\u00e8s fiers d&rsquo;habiller la premi\u00e8re dame\u00a0\u00bb, a-t-il lanc\u00e9, pr\u00e9cisant que \u00ab\u00a0aucun impact commercial\u00a0\u00bb n&rsquo;\u00e9tait constat\u00e9 depuis cette collaboration.<br \/>\n<\/span><\/p>\n<p style=\"margin-left: 28pt;\"><span style=\"color: #c00000; font-family: Arial;\">Ces informations n&rsquo;ont pas \u00e9t\u00e9 d\u00e9menties par l&rsquo;Elys\u00e9e m\u00eame si, l\u00e0 encore, elles ne constituent pas une preuve d&rsquo;une amiti\u00e9 directe entre le fondateur du g\u00e9ant du luxe et le chef de l&rsquo;Etat. \u00bb<br \/>\n<\/span><\/p>\n<p><span style=\"color: #777777; font-family: Arial;\">Ce journal ne peut donc conclure que prudemment et sans certitude.<br \/>\n<\/span><\/p>\n<p><span style=\"color: #777777; font-family: Arial;\">Il serait \u00e9thique que le pr\u00e9sident de la r\u00e9publique n&rsquo;ait pas des amis qui ont des int\u00e9r\u00eats \u00e0 d\u00e9fendre face \u00e0 l\u2019\u00c9tat.<br \/>\n<\/span><\/p>\n<p><span style=\"color: #777777; font-family: Arial;\">J&rsquo;esp\u00e8re que c&rsquo;est le cas.<br \/>\n<\/span><\/p>\n<p><span style=\"color: #777777; font-family: Arial;\">Pouvons-nous le croire&nbsp;?<br \/>\n<\/span><\/p>\n<p><span style=\"color: maroon; font-family: Arial;\">&lt;1059&gt;<\/span><\/p>\n","protected":false},"excerpt":{"rendered":"<p>\u00ab&nbsp;Je n\u2019ai pas d\u2019amis&nbsp;\u00bb Le pr\u00e9sident de la R\u00e9publique, Emmanuel Macron, pendant l\u2019interview du Palais de Chaillot Et Jean-Jacques Bourdin, parlant de l&rsquo;\u00e9vasion fiscale avec verve lan\u00e7a au Pr\u00e9sident de la R\u00e9publique c&rsquo;est \u00ab&nbsp;ce que fait votre ami Bernard Arnault&nbsp;\u00bb.<\/p>\n","protected":false},"author":1,"featured_media":0,"comment_status":"open","ping_status":"closed","sticky":false,"template":"","format":"standard","meta":{"footnotes":""},"categories":[1],"tags":[10,15,3],"class_list":["post-4611","post","type-post","status-publish","format-standard","hentry","category-motdujour","tag-economie","tag-france","tag-politique"],"_links":{"self":[{"href":"https:\/\/lemotdujour.fr\/index.php?rest_route=\/wp\/v2\/posts\/4611","targetHints":{"allow":["GET"]}}],"collection":[{"href":"https:\/\/lemotdujour.fr\/index.php?rest_route=\/wp\/v2\/posts"}],"about":[{"href":"https:\/\/lemotdujour.fr\/index.php?rest_route=\/wp\/v2\/types\/post"}],"author":[{"embeddable":true,"href":"https:\/\/lemotdujour.fr\/index.php?rest_route=\/wp\/v2\/users\/1"}],"replies":[{"embeddable":true,"href":"https:\/\/lemotdujour.fr\/index.php?rest_route=%2Fwp%2Fv2%2Fcomments&post=4611"}],"version-history":[{"count":4,"href":"https:\/\/lemotdujour.fr\/index.php?rest_route=\/wp\/v2\/posts\/4611\/revisions"}],"predecessor-version":[{"id":13687,"href":"https:\/\/lemotdujour.fr\/index.php?rest_route=\/wp\/v2\/posts\/4611\/revisions\/13687"}],"wp:attachment":[{"href":"https:\/\/lemotdujour.fr\/index.php?rest_route=%2Fwp%2Fv2%2Fmedia&parent=4611"}],"wp:term":[{"taxonomy":"category","embeddable":true,"href":"https:\/\/lemotdujour.fr\/index.php?rest_route=%2Fwp%2Fv2%2Fcategories&post=4611"},{"taxonomy":"post_tag","embeddable":true,"href":"https:\/\/lemotdujour.fr\/index.php?rest_route=%2Fwp%2Fv2%2Ftags&post=4611"}],"curies":[{"name":"wp","href":"https:\/\/api.w.org\/{rel}","templated":true}]}}