{"id":460,"date":"2017-03-08T01:00:00","date_gmt":"2017-03-07T22:00:00","guid":{"rendered":"http:\/\/lemotdujour.fr\/?p=460"},"modified":"2020-01-23T22:41:02","modified_gmt":"2020-01-23T21:41:02","slug":"mercredi-8-mars-2017","status":"publish","type":"post","link":"https:\/\/lemotdujour.fr\/?p=460","title":{"rendered":"Mercredi 8 mars 2017"},"content":{"rendered":"<div class=\"mdjDate\"><a id=\"_Toc482008786\"><\/a>Mercredi 8 mars 2017<\/div>\n<div class=\"mdjTexte\">\u00ab&nbsp;La parabole du bon samaritain&nbsp;\u00bb<\/div>\n<div class=\"mdjAuteur\">Evangile selon Luc Chapitre 10<\/div>\n<p><span style=\"color: #777777; font-family: Arial;\">Michel Serres utilise la parabole du bon samaritain comme le symbole de l&rsquo;\u00e2ge doux et du \u00ab\u00a0prendre soin\u00a0\u00bb, ce qui constitue un absolu de notre \u00e9poque actuel. Le m\u00e9decin est omnipr\u00e9sent et sauf quelques irr\u00e9ductibles, d\u00e8s le moindre ennui nous allons voir un ou des m\u00e9decins pour qu&rsquo;ils prennent soin de nous. Et pour tous nos proches, \u00e0 la moindre inqui\u00e9tude, nous conseillons : il faut aller voir le m\u00e9decin.<br \/>\n<\/span><\/p>\n<p><img decoding=\"async\" class=\"alignleft\" src=\"https:\/\/lemotdujour.fr\/wp-content\/uploads\/2020\/01\/012320_2138_LundiXXdcem1.jpg\" alt=\"\" align=\"left\"><span style=\"color: #777777; font-family: Arial;\">Il y a bien longtemps maintenant j&rsquo;avais achet\u00e9 un livre de Fran\u00e7ois Dolto qui avait pour titre, <a href=\"http:\/\/www.seuil.com\/ouvrage\/l-evangile-au-risque-de-la-psychanalyse-francoise-dolto\/9782757854228\"><span style=\"color: blue; text-decoration: underline;\">\u00ab L&rsquo;Evangile au risque de la psychanalyse \u00bb<\/span><\/a> et je me souviens encore de son explication de cette parabole et surtout du d\u00e9calage absolu avec ce que j&rsquo;avais compris des cours de religion et des diff\u00e9rents cur\u00e9s qui avaient un jour parl\u00e9 de cette parabole.<br \/>\n<\/span><\/p>\n<p><span style=\"color: #777777; font-family: Arial;\">Et je crois que l&rsquo;on soit croyant ou non, ce que Fran\u00e7oise Dolto a r\u00e9v\u00e9l\u00e9 par rapport \u00e0 cette histoire qui s&rsquo;inscrit dans notre culture jud\u00e9o chr\u00e9tienne et nos valeurs, me parait tr\u00e8s int\u00e9ressant.<br \/>\n<\/span><\/p>\n<p><span style=\"color: #777777; font-family: Arial;\">D&rsquo;abord voici cette parabole telle qu&rsquo;elle est relat\u00e9e dans<span style=\"color: #0000ff;\"> <a style=\"color: #0000ff;\" href=\"http:\/\/www.bible-en-ligne.net\/traduction.php\">la bible de Segond<\/a><\/span> qui faisait autorit\u00e9 dans les ann\u00e9es 80 dans les \u00e9glises r\u00e9form\u00e9es.<br \/>\n<\/span><\/p>\n<p><span style=\"color: #777777; font-family: Arial;\">Il y a au d\u00e9part un docteur de la Loi qui selon cet \u00e9vangile veut pi\u00e9ger J\u00e9sus, en lui posant une question :<br \/>\n<\/span><\/p>\n<p style=\"margin-left: 28pt;\"><span style=\"color: #c00000; font-family: Arial;\">\u00ab Mais lui, voulant se justifier, dit \u00e0 J\u00e9sus: Et qui est mon prochain?<br \/>\n<\/span><\/p>\n<p style=\"margin-left: 28pt;\"><span style=\"color: #c00000; font-family: Arial;\">J\u00e9sus reprit la parole, et dit: Un homme descendait de J\u00e9rusalem \u00e0 J\u00e9richo. Il tomba au milieu des brigands, qui le d\u00e9pouill\u00e8rent, le charg\u00e8rent de coups, et s&rsquo;en all\u00e8rent, le laissant \u00e0 demi mort.<br \/>\n<\/span><\/p>\n<p style=\"margin-left: 28pt;\"><span style=\"color: #c00000; font-family: Arial;\">Un sacrificateur, qui par hasard descendait par le m\u00eame chemin, ayant vu cet homme, passa outre.<br \/>\n<\/span><\/p>\n<p style=\"margin-left: 28pt;\"><span style=\"color: #c00000; font-family: Arial;\">Un L\u00e9vite, qui arriva aussi dans ce lieu, l&rsquo;ayant vu, passa outre.<br \/>\n<\/span><\/p>\n<p style=\"margin-left: 28pt;\"><span style=\"color: #c00000; font-family: Arial;\">Mais un Samaritain, qui voyageait, \u00e9tant venu l\u00e0, fut \u00e9mu de compassion lorsqu&rsquo;il le vit.<br \/>\n<\/span><\/p>\n<p style=\"margin-left: 28pt;\"><span style=\"color: #c00000; font-family: Arial;\">Il s&rsquo;approcha, et banda ses plaies, en y versant de l&rsquo;huile et du vin; puis il le mit sur sa propre monture, le conduisit \u00e0 une h\u00f4tellerie, et prit soin de lui.<br \/>\n<\/span><\/p>\n<p style=\"margin-left: 28pt;\"><span style=\"color: #c00000; font-family: Arial;\">Le lendemain, il tira deux deniers, les donna \u00e0 l&rsquo;h\u00f4te, et dit: Aie soin de lui, et ce que tu d\u00e9penseras de plus, je te le rendrai \u00e0 mon retour.<br \/>\n<\/span><\/p>\n<p style=\"margin-left: 28pt;\"><span style=\"color: #c00000; font-family: Arial;\">Lequel de ces trois te semble avoir \u00e9t\u00e9 le prochain de celui qui \u00e9tait tomb\u00e9 au milieu des brigands?<br \/>\n<\/span><\/p>\n<p style=\"margin-left: 28pt;\"><span style=\"color: #c00000; font-family: Arial;\">C&rsquo;est celui qui a exerc\u00e9 la mis\u00e9ricorde envers lui, r\u00e9pondit le docteur de la loi. Et J\u00e9sus lui dit: Va, et toi, fais de m\u00eame. \u00bb<br \/>\n<\/span><\/p>\n<p><span style=\"color: #777777; font-family: Arial;\">Pour celles et ceux qui n&rsquo;ont aucune culture religieuse, il convient au minimum de dire que dans cette parabole qui s&rsquo;adresse disons \u00ab aux juifs bien-pensant \u00bb les samaritains sont des m\u00e9cr\u00e9ants qui ne suivent pas les pr\u00e9ceptes que suivent les juifs bien-pensants. Et que les personnages de sacrificateur et de l\u00e9vite sont plus que des juifs bien-pensants, l&rsquo;\u00e9lite des juifs bien-pensants.<br \/>\n<\/span><\/p>\n<p><span style=\"color: #777777; font-family: Arial;\">Dans mes cours de religion on m&rsquo;avait appris que le samaritain, bien que vilipend\u00e9 par la bonne soci\u00e9t\u00e9 juive avait bien agi car il avait aid\u00e9 son prochain, contrairement aux bien-pensants. Et qu&rsquo;en plus, il \u00e9tait formidable il s&rsquo;\u00e9tait super bien occup\u00e9 de ce pauvre bless\u00e9, ce que Michel Serres traduit par l&rsquo;humanit\u00e9 souffrante.<br \/>\n<\/span><\/p>\n<p><span style=\"color: #777777; font-family: Arial;\">Et Fran\u00e7oise Dolto m&rsquo;a fait remarquer que ce n&rsquo;\u00e9tait pas du tout ce qui \u00e9tait \u00e9crit. Et que si on consid\u00e8re cette parabole comme une parole de sagesse, elle pr\u00e9sente les choses sous un tout autre angle.<br \/>\n<\/span><\/p>\n<p><span style=\"color: #777777; font-family: Arial;\">La question \u00e9tait : \u00ab <strong>qui est notre prochain que nous devons aimer ?<\/strong> \u00bb<br \/>\n<\/span><\/p>\n<p><span style=\"color: #777777; font-family: Arial;\">Et si vous relisez ce qui est \u00e9crit vous verrez que le texte chr\u00e9tien dit : <strong>le prochain de celui qui \u00e9tait bless\u00e9 est le samaritain, c&rsquo;est-\u00e0-dire celui qui l&rsquo;a secouru<\/strong>.<br \/>\n<\/span><\/p>\n<p><span style=\"color: #777777; font-family: Arial;\">Peut-\u00eatre qu&rsquo;ailleurs il existe d&rsquo;autres injonctions !<br \/>\n<\/span><\/p>\n<p><span style=\"color: #777777; font-family: Arial;\">Mais dans cette parabole, il est \u00e9crit qu&rsquo;il faut aimer ceux qui vous ont fait du bien, et peut \u00eatre aussi, pas forc\u00e9ment les biens pensants, les \u00e9lites de la hi\u00e9rarchie sociale, mais ceux qui ont manifest\u00e9 de la bienveillance\u2026 Il n&rsquo;y a pas une injonction \u00e0 aimer tout le monde.<br \/>\n<\/span><\/p>\n<p><span style=\"color: #777777; font-family: Arial;\"><strong>Et puis le samaritain que fait-il ?<br \/>\n<\/strong><\/span><\/p>\n<p><span style=\"color: #777777; font-family: Arial;\">Il ne prend pas toute la charge sur ses \u00e9paules ! Il prodigue les premiers soins.<br \/>\n<\/span><\/p>\n<p><span style=\"color: #777777; font-family: Arial;\">Et alors ?<br \/>\n<\/span><\/p>\n<p><span style=\"color: #777777; font-family: Arial;\">Il am\u00e8ne le bless\u00e9 dans une h\u00f4tellerie et il charge quelqu&rsquo;un d&rsquo;autre de s&rsquo;occuper du bless\u00e9 contre une r\u00e9mun\u00e9ration qu&rsquo;il paie !<br \/>\n<\/span><\/p>\n<p><span style=\"color: #777777; font-family: Arial;\">Oui, il ne prend pas en charge tout le soin, il passe la main \u00e0 quelqu&rsquo;un qui va le faire pour de l&rsquo;argent et lui continue sa route.<br \/>\n<\/span><\/p>\n<p><span style=\"color: #777777; font-family: Arial;\">Je n&rsquo;en dis pas plus, j&rsquo;ai simplement voulu partager cette lecture qui m&rsquo;avait beaucoup impressionn\u00e9 \u00e0 l&rsquo;\u00e9poque.<br \/>\n<\/span><\/p>\n<p><span style=\"color: #777777; font-family: Arial;\">J&rsquo;ai trouv\u00e9 cette page internet qui semble faire r\u00e9f\u00e9rence \u00e0 cette m\u00eame lecture :<br \/>\n<\/span><\/p>\n<p><span style=\"color: #0000ff;\"><a style=\"color: #0000ff;\" href=\"http:\/\/www.stylite.net\/religion\/rel-citationsauteurs\/rel-ref-aut-dolto-bonsamaritain-tab.htm\"><span style=\"font-family: Arial; text-decoration: underline;\">&lt;Extrait de l&rsquo;\u00c9vangile au risque de la psychanalyse&gt;<\/span><\/a><\/span><span style=\"color: #777777; font-family: Arial;\"><br \/>\n<\/span><\/p>\n<p><span style=\"color: maroon; font-family: Arial;\">&lt;853&gt;<\/span><\/p>\n","protected":false},"excerpt":{"rendered":"<p>Mercredi 8 mars 2017 \u00ab&nbsp;La parabole du bon samaritain&nbsp;\u00bb Evangile selon Luc Chapitre 10 Michel Serres utilise la parabole du bon samaritain comme le symbole de l&rsquo;\u00e2ge doux et du \u00ab\u00a0prendre soin\u00a0\u00bb, ce qui constitue un absolu de notre \u00e9poque<\/p>\n","protected":false},"author":1,"featured_media":0,"comment_status":"closed","ping_status":"closed","sticky":false,"template":"","format":"standard","meta":{"footnotes":""},"categories":[1],"tags":[54,84,34],"class_list":["post-460","post","type-post","status-publish","format-standard","hentry","category-motdujour","tag-humanisme","tag-psychanalyse","tag-religion"],"_links":{"self":[{"href":"https:\/\/lemotdujour.fr\/index.php?rest_route=\/wp\/v2\/posts\/460","targetHints":{"allow":["GET"]}}],"collection":[{"href":"https:\/\/lemotdujour.fr\/index.php?rest_route=\/wp\/v2\/posts"}],"about":[{"href":"https:\/\/lemotdujour.fr\/index.php?rest_route=\/wp\/v2\/types\/post"}],"author":[{"embeddable":true,"href":"https:\/\/lemotdujour.fr\/index.php?rest_route=\/wp\/v2\/users\/1"}],"replies":[{"embeddable":true,"href":"https:\/\/lemotdujour.fr\/index.php?rest_route=%2Fwp%2Fv2%2Fcomments&post=460"}],"version-history":[{"count":3,"href":"https:\/\/lemotdujour.fr\/index.php?rest_route=\/wp\/v2\/posts\/460\/revisions"}],"predecessor-version":[{"id":7892,"href":"https:\/\/lemotdujour.fr\/index.php?rest_route=\/wp\/v2\/posts\/460\/revisions\/7892"}],"wp:attachment":[{"href":"https:\/\/lemotdujour.fr\/index.php?rest_route=%2Fwp%2Fv2%2Fmedia&parent=460"}],"wp:term":[{"taxonomy":"category","embeddable":true,"href":"https:\/\/lemotdujour.fr\/index.php?rest_route=%2Fwp%2Fv2%2Fcategories&post=460"},{"taxonomy":"post_tag","embeddable":true,"href":"https:\/\/lemotdujour.fr\/index.php?rest_route=%2Fwp%2Fv2%2Ftags&post=460"}],"curies":[{"name":"wp","href":"https:\/\/api.w.org\/{rel}","templated":true}]}}