{"id":4599,"date":"2018-04-17T04:09:20","date_gmt":"2018-04-17T02:09:20","guid":{"rendered":"http:\/\/lemotdujour.fr\/?p=4599"},"modified":"2022-06-29T16:14:30","modified_gmt":"2022-06-29T14:14:30","slug":"lundi-9-avril-2018-2","status":"publish","type":"post","link":"https:\/\/lemotdujour.fr\/?p=4599","title":{"rendered":"Mardi 17 avril 2018"},"content":{"rendered":"<div class=\"mdjTexte\">\u00ab&nbsp;&nbsp;La convergence des luttes&nbsp;\u00bb<\/div>\n<div class=\"mdjAuteur\">R\u00e9flexions sur ce concept mani\u00e9 par certains aujourd\u2019hui en France<\/div>\n<p><span style=\"color: #777777; font-family: Arial;\">Dans un article qui n&rsquo;est qu&rsquo;\u00e0 l&rsquo;\u00e9tat d&rsquo;\u00e9bauche, Wikipedia donne comme d\u00e9finition&nbsp;: \u00ab&nbsp;<span style=\"color: #c00000;\">La convergence des luttes est une d\u00e9marche syndicale en usage dans le syndicalisme de lutte, mais aussi parfois dans le monde associatif militant, qui tend \u00e0 faire converger dans un mouvement social commun des luttes diff\u00e9rentes mais proches<span style=\"color: #777777;\">.&nbsp;\u00bb<br \/>\n<\/span><\/span><\/span><\/p>\n<p><span style=\"color: #777777; font-family: Arial;\">Le mouvement Nuit debout a cr\u00e9\u00e9 un site Convergences des luttes&nbsp;: <a href=\"http:\/\/convergencedesluttes.fr\/\"><span style=\"color: #0000ff;\">http:\/\/convergencedesluttes.fr\/<\/span><\/a>, mais ce site semble bloquer \u00e0 la date du 20 avril 2016. Il est vrai que \u00ab&nbsp;Nuit Debout&nbsp;\u00bb avait beaucoup utilis\u00e9 ce slogan de la convergence des luttes.<br \/>\n<\/span><\/p>\n<p><span style=\"color: #777777; font-family: Arial;\">Sur un autre site cr\u00e9\u00e9 par un mouvement appel\u00e9 P\u00f4le de Renaissance Communiste en France. La <a href=\"https:\/\/www.initiative-communiste.fr\/articles\/leur-trouille-la-convergence-des-luttes-front-syndical-de-classe\/\"><span style=\"color: #0000ff;\">page d&rsquo;accueil<\/span><\/a> de ce site r\u00e9agit <a href=\"https:\/\/www.franceinter.fr\/emissions\/l-edito-politique\/l-edito-politique-03-avril-2018\"><span style=\"color: #0000ff;\">\u00e0 l&rsquo;\u00e9dito politique de Thomas Legrand sur France Inter du 3 avril 2018&nbsp;<\/span><\/a><span style=\"color: #0000ff;\">:<\/span><br \/>\n<\/span><\/p>\n<p style=\"margin-left: 28pt;\"><span style=\"color: #c00000; font-family: Arial;\">\u00ab&nbsp;Sur France inter ce matin Thomas Legrand s&rsquo;inqui\u00e8te de la convergence des luttes qui montent \u2026 d\u00e9cr\u00e8te son illusion et pr\u00e9conise au pouvoir enfin \u2026 de la p\u00e9dagogie en mettant l&rsquo;accent sur ce qu&rsquo;il n&rsquo;y aurait pas de commun entre :<br \/>\n<\/span><\/p>\n<p style=\"margin-left: 28pt;\"><span style=\"color: #c00000; font-family: Arial;\">Les cheminots qui veulent garder leur statut, des hospitaliers qui n&rsquo;arrivent pas \u00e0 soigner leurs patients \u2026 les employ\u00e9s de la grande distribution, les retrait\u00e9s qui craignent pour leur pouvoir d&rsquo;achat \u2026 les \u00e9tudiants qui ne veulent pas de s\u00e9lection\u00a0\u00bb<br \/>\n<\/span><\/p>\n<p style=\"margin-left: 28pt;\"><span style=\"color: #c00000; font-family: Arial;\">Mais ce qu&rsquo;ignore ou feint d&rsquo;ignorer l&rsquo;\u00e9ditorialiste au quotidien c&rsquo;est que la diversit\u00e9 des effets et des situations est le r\u00e9sultat diversifi\u00e9 d&rsquo;une m\u00eame politique.<br \/>\n<\/span><\/p>\n<p style=\"margin-left: 28pt;\"><span style=\"color: #c00000; font-family: Arial;\">Cette politique et celle de ceux qui l&rsquo;ont pr\u00e9c\u00e9d\u00e9 consistant \u00e0 privil\u00e9gier les privil\u00e9gi\u00e9s, \u00e0 d\u00e9sorganiser les services publics, \u00e0 remettre en cause TOUS les conquis de la Lib\u00e9ration sous le mensonge r\u00e9current de la n\u00e9cessit\u00e9 de la \u00ab\u00a0r\u00e9forme\u00a0\u00bb et de la modernisation, de l&rsquo;adaptation \u00e0 la mondialisation \u2026<br \/>\n<\/span><\/p>\n<p style=\"margin-left: 28pt;\"><span style=\"color: #c00000; font-family: Arial;\">Mais il arrive toujours un moment o\u00f9 les mensonges craquent et o\u00f9 les efforts de \u00ab\u00a0p\u00e9dagogie\u00a0\u00bb des classes dominantes \u00e9chouent comme les \u00e9paves et les d\u00e9tritus sur les rivages de nos plages.<br \/>\n<\/span><\/p>\n<p style=\"margin-left: 28pt;\"><span style=\"color: #c00000; font-family: Arial;\">Et que la question d&rsquo;une autre politique, d&rsquo;un autre pouvoir, d&rsquo;autres forces dirigeantes \u2026 soit pos\u00e9e !&nbsp;\u00bb<br \/>\n<\/span><\/p>\n<p><span style=\"color: #777777; font-family: Arial;\">Une autre politique&nbsp;! <strong>Oui mais laquelle&nbsp;?<\/strong><br \/>\n<\/span><\/p>\n<p><span style=\"color: #777777; font-family: Arial;\">Ce m\u00eame jour, le 3 avril, l&rsquo;autre radio du service public, les matins de France Culture avaient pris comme sujet de d\u00e9bat&nbsp;: <a href=\"https:\/\/www.franceculture.fr\/emissions\/linvite-des-matins\/la-convergence-des-luttes-un-reve-general\"><span style=\"color: #0000ff;\">\u00ab&nbsp;La convergence des luttes : un r\u00eave g\u00e9n\u00e9ral ?&nbsp;\u00bb<\/span><\/a><br \/>\n<\/span><\/p>\n<p><span style=\"color: #777777; font-family: Arial;\">Le sociologue, invit\u00e9 par Guillaume Erner, Manuel Cervera Marzal avait r\u00e9sum\u00e9 dans une phrase le malaise d&rsquo;aujourd&rsquo;hui :<br \/>\n<\/span><\/p>\n<p style=\"margin-left: 28pt;\"><span style=\"color: #c00000; font-family: Arial;\">\u00ab Quand on parle de r\u00e9forme aujourd&rsquo;hui, on parle en r\u00e9alit\u00e9 de contre-r\u00e9forme : il s&rsquo;agit de revenir sur des acquis sociaux. \u00bb<br \/>\n<\/span><\/p>\n<p><span style=\"color: #777777; font-family: Arial;\">Sommes-nous dans un moment de convergences des luttes, comme en mai 68 o\u00f9 les ouvriers ont rejoint les \u00e9tudiants dans un mouvement o\u00f9 les revendications sociales ont rejoint les revendications soci\u00e9tales et de lib\u00e9ration des m\u0153urs et des id\u00e9es&nbsp;?<br \/>\n<\/span><\/p>\n<p><span style=\"color: #777777; font-family: Arial;\">Laurent Berger, secr\u00e9taire g\u00e9n\u00e9ral de la CFDT, n&rsquo;y croit pas. Le journal Lib\u00e9ration publie un article&nbsp;: <span style=\"color: #0000ff;\"><a style=\"color: #0000ff;\" href=\"http:\/\/www.liberation.fr\/france\/2018\/04\/05\/laurent-berger-je-ne-crois-pas-a-la-convergence-des-luttes_1641192\">Laurent Berger: \u00abje ne crois pas \u00e0 la convergence des luttes\u00bb<\/a>.<\/span> Il s&rsquo;oppose sur ce point avec la CGT&nbsp;:<br \/>\n<\/span><\/p>\n<p style=\"margin-left: 28pt;\"><span style=\"color: #c00000; font-family: Arial;\">\u00abJe ne crois pas \u00e0 la convergence des luttes\u00bb, a d\u00e9clar\u00e9 le patron de la CFDT sur RMC et BFMTV, soulignant qu&rsquo;il s&rsquo;agissait d&rsquo;un \u00abpoint de d\u00e9saccord\u00bb avec la CGT.<br \/>\n<\/span><\/p>\n<p><span style=\"color: #777777; font-family: Arial;\">Dans l&rsquo;autre camp, celui qu&rsquo;on appellerait dans un langage bienveillant, le partenaire gouvernemental on n&rsquo;y croit pas non plus&nbsp;:<br \/>\n<\/span><\/p>\n<p><span style=\"color: #777777; font-family: Arial;\">Cette fois il faut lire <a href=\"http:\/\/www.lefigaro.fr\/flash-eco\/2018\/03\/18\/97002-20180318FILWWW00039-buzyn-ne-croit-pas-a-la-convergence-des-luttes.php\"><span style=\"color: #0000ff;\">le Figaro<\/span><\/a> ou le Journal du dimanche pour entendre l&rsquo;avis d&rsquo;Agn\u00e8s Buzyn&nbsp;:<br \/>\n<\/span><\/p>\n<p style=\"margin-left: 28pt;\"><span style=\"color: #c00000; font-family: Arial;\">\u00ab&nbsp;La ministre de la Sant\u00e9 balaie dans une interview au Journal du dimanche le sc\u00e9nario d&rsquo;une \u00ab\u00a0convergence des luttes\u00a0\u00bb, au moment o\u00f9 s&rsquo;exprime le m\u00e9contentement des retrait\u00e9s, des cheminots et des fonctionnaires face aux choix du gouvernement.&nbsp;\u00bb<br \/>\n<\/span><\/p>\n<p><span style=\"color: #777777; font-family: Arial;\">Dans l&rsquo;interview du Palais de Chaillot de dimanche, Emmanuel Macron a utilis\u00e9 une autre terminologie&nbsp;: \u00ab&nbsp;La coagulation des m\u00e9contentements&nbsp;\u00bb pour pr\u00e9ciser qu&rsquo;il n&rsquo;y croit pas non plus.<br \/>\n<\/span><\/p>\n<p><span style=\"color: #777777; font-family: Arial;\">Nous disposons d&rsquo;un gouvernement d&rsquo;experts, du moins il se pr\u00e9sente ainsi, c&rsquo;est pourquoi le Point fait appel \u00e0 des \u00ab&nbsp;experts&nbsp;\u00bb de l&rsquo;analyse politique et sociologique pour en arriver \u00e0 la conclusion&nbsp;:<br \/>\n<\/span><\/p>\n<p><a href=\"http:\/\/www.lepoint.fr\/societe\/la-convergence-des-luttes-on-n-y-est-pas-encore-selon-les-experts-06-04-2018-2208569_23.php\"><span style=\"font-family: Arial;\"><span style=\"color: #0000ff;\">\u00ab&nbsp;La \u00ab\u00a0convergence des luttes\u00a0\u00bb: on n&rsquo;y est pas encore&nbsp;\u00bb<\/span><\/span><\/a><span style=\"color: #777777; font-family: Arial;\"><span style=\"color: #0000ff;\">.<\/span><br \/>\n<\/span><\/p>\n<p><span style=\"color: #777777; font-family: Arial;\">Dans le corps de l&rsquo;article, l&rsquo;hebdomadaire est plus prudent et substitue au terme \u00ab&nbsp;expert&nbsp;\u00bb le terme \u00ab&nbsp;sp\u00e9cialiste&nbsp;\u00bb&nbsp;:<br \/>\n<\/span><\/p>\n<p style=\"margin-left: 28pt;\"><span style=\"color: #c00000; font-family: Arial;\">\u00ab&nbsp;D&rsquo;abord, il faudrait un objectif politique commun comme faire tomber le gouvernement. Or, personne dans les syndicats n&rsquo;a cette vision\u00a0\u00bb, souligne le politologue Philippe Braud. Ensuite, selon lui, il n&rsquo;y a pas de \u00ab\u00a0figure charismatique\u00a0\u00bb qui incarne la mobilisation. Enfin, il rappelle la d\u00e9sunion syndicale. [\u2026]<br \/>\n<\/span><\/p>\n<p style=\"margin-left: 28pt;\"><span style=\"color: #c00000; font-family: Arial;\">Selon l&rsquo;historienne Dani\u00e8le Tartakowsky, \u00ab\u00a0la convergence\u00a0\u00bb est \u00ab\u00a0avant tout un slogan pour cristalliser des espoirs et le sympt\u00f4me de l&rsquo;absence de strat\u00e9gie unifiante\u00a0\u00bb.[\u2026]<br \/>\n<\/span><\/p>\n<p style=\"margin-left: 28pt;\"><span style=\"color: #c00000; font-family: Arial;\">De son c\u00f4t\u00e9, le politologue Jean-Marie Pernot se montre \u00ab\u00a0moins cat\u00e9gorique\u00a0\u00bb sur l&rsquo;impossibilit\u00e9 d&rsquo;une \u00ab\u00a0convergence\u00a0\u00bb des luttes, une \u00ab\u00a0strat\u00e9gie syndicale qui a du sens\u00a0\u00bb. Il rappelle qu&rsquo;en 1995 aussi, personne ne croyait \u00e0 l&rsquo;\u00e9mergence d&rsquo;un \u00ab\u00a0grand mouvement\u00a0\u00bb. \u00ab\u00a0Or, les ranc\u0153urs sociales aujourd&rsquo;hui sont tr\u00e8s grandes et il y a une vie propre \u00e0 ces mouvements de mobilisation que les syndicats ne ma\u00eetrisent pas\u00a0\u00bb, explique-t-il. [\u2026]<br \/>\n<\/span><\/p>\n<p style=\"margin-left: 28pt;\"><span style=\"color: #c00000; font-family: Arial;\">Quant \u00e0 cr\u00e9er un \u00e9ventuel mouvement d&rsquo;entra\u00eenement, c&rsquo;est celui des cheminots qui est consid\u00e9r\u00e9 comme \u00ab\u00a0strat\u00e9gique\u00a0\u00bb par les trois sp\u00e9cialistes. . [\u2026]<br \/>\n<\/span><\/p>\n<p style=\"margin-left: 28pt;\"><span style=\"color: #c00000; font-family: Arial;\">\u00ab\u00a0Les cheminots sont sur le devant de la sc\u00e8ne. Il faudrait vraiment qu&rsquo;ils gagnent pour que les autres fronts prennent de l&rsquo;ampleur\u00a0\u00bb, affirme Philippe Braud.<br \/>\n<\/span><\/p>\n<p style=\"margin-left: 28pt;\"><span style=\"color: #c00000; font-family: Arial;\">Toutefois, il se montre pessimiste sur ce sc\u00e9nario, estimant qu&rsquo;il y a un \u00ab\u00a0alignement des plan\u00e8tes en faveur de l&rsquo;acceptation des r\u00e9formes\u00a0\u00bb par le grand public. \u00ab\u00a0Le taux de soutien aux gr\u00e9vistes est faible alors qu&rsquo;en France d&rsquo;habitude, les gens soutiennent majoritairement les mouvements sociaux\u00a0\u00bb, ajoute-t-il.&nbsp;\u00bb<br \/>\n<\/span><\/p>\n<p><span style=\"color: #777777; font-family: Arial;\"><strong>La convergence des luttes&nbsp;!<br \/>\n<\/strong><\/span><\/p>\n<p><span style=\"color: #777777; font-family: Arial;\">Si nous essayons de reprendre un peu de hauteur et d&rsquo;essayer de comprendre ce qui se passe, que peut-on dire&nbsp;?<br \/>\n<\/span><\/p>\n<p><span style=\"color: #777777; font-family: Arial;\">Une phrase de Thomas Legrand dans son \u00e9dito pr\u00e9cit\u00e9 ouvre une piste de r\u00e9flexion&nbsp;:<br \/>\n<\/span><\/p>\n<p style=\"margin-left: 28pt;\"><span style=\"color: #c00000; font-family: Arial;\">\u00ab&nbsp;Ces m\u00e9contentements ne dessinent pas un mod\u00e8le alternatif coh\u00e9rent&nbsp;\u00bb<br \/>\n<\/span><\/p>\n<p><span style=\"color: #777777; font-family: Arial;\">Et il ajoute une phrase tout aussi importante&nbsp;:<br \/>\n<\/span><\/p>\n<p style=\"margin-left: 28pt;\"><span style=\"color: #c00000; font-family: Arial;\">\u00ab&nbsp;Il peut na\u00eetre un front du refus.&nbsp;\u00bb<br \/>\n<\/span><\/p>\n<p><span style=\"color: #777777; font-family: Arial;\">Dit plus simplement cela signifie que <strong>les NON peuvent s&rsquo;ajouter pour bloquer le syst\u00e8me<\/strong> mais que pour pouvoir s&rsquo;inscrire dans la dur\u00e9e et dans une organisation viable et p\u00e9renne, il faut <strong>se mettre d&rsquo;accord sur un OUI.<br \/>\n<\/strong><\/span><\/p>\n<p><span style=\"color: #777777; font-family: Arial;\">Alors \u00e9videmment on peut partir de la r\u00e9flexion de Manuel Cervera Marzal&nbsp;: \u00ab <span style=\"color: #c00000;\">Quand on parle de r\u00e9forme aujourd&rsquo;hui, [\u2026] il s&rsquo;agit de revenir sur des acquis sociaux.<span style=\"color: #777777;\"> \u00bb<br \/>\n<\/span><\/span><\/span><\/p>\n<p><span style=\"color: #777777; font-family: Arial;\">Exprim\u00e9 ainsi, il semble que l&rsquo;essentiel du probl\u00e8me provienne d&rsquo;une volont\u00e9 explicite de ce que les militants de gauche pourraient appeler, \u00ab&nbsp;des forces du capital&nbsp;\u00bb de rogner toujours davantage les droits, les acquis, les protections des salari\u00e9s.<br \/>\n<\/span><\/p>\n<p><span style=\"color: #777777; font-family: Arial;\">Il s&rsquo;agit \u00e9videmment d&rsquo;un des aspects du probl\u00e8me&nbsp;: l&rsquo;omnipotence du capitalisme financier sur l&rsquo;\u00e9conomie mondiale, le refus des plus riches et notamment des grandes multinationales de participer \u00e0 l&rsquo;effort commun pour pr\u00e9server L\u2019\u00c9tat social.<br \/>\n<\/span><\/p>\n<p><span style=\"color: #777777; font-family: Arial;\">Mais il faut comprendre qu&rsquo;une grande partie du monde ne veut pas de cet \u00c9tat social. Que la plus grande part de celles et ceux qui participent \u00e0 la r\u00e9volution de la Silicon Valley sont des Libertariens qui fustigent l&rsquo;interventionnisme de L\u2019\u00c9tat.<br \/>\n<\/span><\/p>\n<p><span style=\"color: #777777; font-family: Arial;\">J&rsquo;ai d\u00e9couvert tout r\u00e9cemment <a href=\"https:\/\/fr.wikipedia.org\/wiki\/Ayn_Rand\"><span style=\"color: #0000ff;\">Ayn Rand<\/span><\/a> qui est une Philosophe, sc\u00e9nariste et romanci\u00e8re am\u00e9ricaine d&rsquo;origine russe, juive ath\u00e9e(1905-1982) qui a \u00e9crit <a href=\"https:\/\/fr.wikipedia.org\/wiki\/La_Gr%C3%A8ve_(roman_d%27Ayn_Rand)\"><span style=\"color: #0000ff;\">La Gr\u00e8ve ou La R\u00e9volte d&rsquo;Atlas<\/span><\/a> (titre original en anglais : Atlas Shrugged, litt\u00e9ralement : \u00ab Atlas haussa les \u00e9paules \u00bb). Selon une \u00e9tude de la biblioth\u00e8que du Congr\u00e8s am\u00e9ricain et du Book of the month club men\u00e9e dans les ann\u00e9es 1990, ce livre est aux \u00c9tats-Unis le livre le plus influent sur les sond\u00e9s, apr\u00e8s la Bible. Il a \u00e9t\u00e9 publi\u00e9 en 1957 aux \u00c9tats-Unis. Elle y d\u00e9veloppe sa pens\u00e9e critique de la d\u00e9mocratie sociale interventionniste en envisageant ce que deviendrait le monde si ceux qui le font avancer, les \u00ab hommes de l&rsquo;esprit \u00bb, d\u00e9cidaient de se retirer : en l&rsquo;absence de ceux qui soutiennent le monde (tel le l\u00e9gendaire titan grec Atlas), la soci\u00e9t\u00e9 s&rsquo;\u00e9croule.<br \/>\n<\/span><\/p>\n<p><span style=\"color: #777777; font-family: Arial;\">C&rsquo;\u00e9tait le livre de chevet de Ronald Reagan et de ses principaux conseillers, c&rsquo;est encore cette pens\u00e9e qui irrigue les d\u00e9tenteurs du pouvoir dans les entreprises am\u00e9ricaines num\u00e9riques qui dominent le monde. Mais j&rsquo;y reviendrais dans d&rsquo;autres mots du jour.<br \/>\n<\/span><\/p>\n<p><span style=\"color: #777777; font-family: Arial;\">Mais bien au-del\u00e0 de cette r\u00e9alit\u00e9 du monde dans laquelle la pens\u00e9e individualiste est extr\u00eamement puissante, la conservation des acquis sociaux se heurtent \u00e0 bien d&rsquo;autres contraintes&nbsp;:<br \/>\n<\/span><\/p>\n<p><span style=\"color: #777777; font-family: Arial;\">Nos acquis sociaux occidentaux ont repos\u00e9 pour une grande part sur l&rsquo;exploitation de nos pays et de nos entreprises sur le reste du monde. J&rsquo;avais consacr\u00e9 le <a href=\"https:\/\/lemotdujour.fr\/?p=438\"><span style=\"color: #0000ff;\">mot du jour du 21 f\u00e9vrier 2017<\/span><\/a> au politologue Zaki La\u00efdi qui avait cette formule : \u00ab<span style=\"color: #c00000;\">La mondialisation c&rsquo;est la fin de la rente que l&rsquo;Occident avait sur le monde depuis la r\u00e9volution industrielle<span style=\"color: #777777;\">.\u00bb. Nous ne sommes plus dans cette position avantageuse, dont nous ne devrions d&rsquo;ailleurs pas \u00eatre fiers, mais plut\u00f4t dans une position beaucoup plus compliqu\u00e9e pour nous de la concurrence avec le reste du monde.<br \/>\n<\/span><\/span><\/span><\/p>\n<p><span style=\"color: #777777; font-family: Arial;\">Dans ce contexte quel est notre OUI&nbsp;?<br \/>\n<\/span><\/p>\n<p><span style=\"color: #777777; font-family: Arial;\">C&rsquo;est une question qui me pr\u00e9occupe depuis longtemps et qui me plonge dans un oc\u00e9an de perplexit\u00e9, notamment quand je discute avec certains coll\u00e8gues, voisins, connaissances ou que j&rsquo;entends par voie de presse ou de r\u00e9seaux sociaux s&rsquo;exprimer car j&rsquo;ai le sentiment qu&rsquo;il y a beaucoup d&rsquo;illusions et de contradictions dans ce qui est esp\u00e9r\u00e9 et exprim\u00e9.<br \/>\n<\/span><\/p>\n<p><span style=\"color: #777777; font-family: Arial;\">.<br \/>\n<\/span><\/p>\n<p><span style=\"color: #777777; font-family: Arial;\">J&rsquo;ai acquis une conviction, c&rsquo;est que si des id\u00e9es comme celles que d\u00e9fend M\u00e9lenchon arrivaient au pouvoir, nous serions conduits \u00e0 une alternative&nbsp;:<br \/>\n<\/span><\/p>\n<ul>\n<li><span style=\"color: #777777; font-family: Arial;\">La premi\u00e8re serait qu&rsquo;au bout de tr\u00e8s peu de temps, il suivrait la voie d&rsquo;Alexis Tsipras et son parti grec SYRIZA c&rsquo;est-\u00e0-dire qu&rsquo;il renoncerait \u00e0 son programme et se soumettrait aux diktats des puissances financi\u00e8res&nbsp;;<br \/>\n<\/span><\/li>\n<li><span style=\"color: #777777; font-family: Arial;\">La seconde serait qu&rsquo;il ne soumette pas, et mette en \u0153uvre contre vents et mar\u00e9es son programme qui d\u00e9plairait donc tr\u00e8s fort aux puissances financi\u00e8res et mondialis\u00e9es.<br \/>\n<\/span><\/li>\n<\/ul>\n<p><span style=\"color: #777777; font-family: Arial;\">Dans cette seconde hypoth\u00e8se et pendant longtemps, tous les fran\u00e7ais qui resteraient en France perdraient \u00e9norm\u00e9ment de pouvoir d&rsquo;achat. Il y a des denr\u00e9es indispensables comme le p\u00e9trole dont la France ne dispose pas, d&rsquo;autres biens services qu&rsquo;elle ne sait plus faire surtout pas au co\u00fbt que lui offre la mondialisation.<br \/>\n<\/span><\/p>\n<p><span style=\"color: #777777; font-family: Arial;\">Je ne dis pas qu&rsquo;il n&rsquo;y a pas d&rsquo;alternative, mais la politique qui conduirait \u00e0 r\u00e9aliser une politique en France totalement d\u00e9cal\u00e9e avec l&rsquo;\u00e9conomie mondiale ne conduit pas \u00e0 une augmentation du pouvoir d&rsquo;achat. Le pr\u00e9tendre est un mensonge, le croire est une na\u00efvet\u00e9.<br \/>\n<\/span><\/p>\n<p><span style=\"color: #777777; font-family: Arial;\">L&rsquo;alternative cr\u00e9dible est plut\u00f4t dans ce cas celle que propose un homme comme Pierre Rahbi&nbsp;: \u00ab<\/span><span style=\"font-family: Arial;\">&nbsp;<\/span><span style=\"font-family: Arial;\"><a href=\"https:\/\/www.actes-sud.fr\/catalogue\/economie\/vers-la-sobriete-heureuse\"><span style=\"color: #0000ff;\">Vers la sobri\u00e9t\u00e9 heureuse<\/span>&nbsp;<\/a><\/span><span style=\"color: #777777; font-family: Arial;\">\u00bb pens\u00e9e qu&rsquo;il d\u00e9veloppe aussi lors de sa conf\u00e9rence \u00e0 l&rsquo;universit\u00e9 de Lyon 3 dont je vous donne le <span style=\"color: #0000ff;\"><a style=\"color: #0000ff;\" href=\"https:\/\/www.youtube.com\/watch?v=K-ZsEWtNOrw\">&lt;<\/a><\/span><\/span><span style=\"font-family: Arial; color: #0000ff;\"><a style=\"color: #0000ff;\" href=\"https:\/\/www.youtube.com\/watch?v=K-ZsEWtNOrw\">lien<\/a><\/span><span style=\"color: #777777; font-family: Arial;\"><span style=\"color: #0000ff;\"><a style=\"color: #0000ff;\" href=\"https:\/\/www.youtube.com\/watch?v=K-ZsEWtNOrw\">&gt;.<\/a><\/span><br \/>\n<\/span><\/p>\n<p><span style=\"color: #777777; font-family: Arial;\">Dans ce type de soci\u00e9t\u00e9, vous vivez sans doute plus sainement, mieux en harmonie avec la nature, mais vous consommez beaucoup moins. Moins de produits de toute sorte, moins de services achet\u00e9s, moins de voyages, moins de soins etc. La soci\u00e9t\u00e9 fran\u00e7aise y est-elle pr\u00eate&nbsp;?<br \/>\n<\/span><\/p>\n<p><span style=\"color: #777777; font-family: Arial;\">J&rsquo;entends surtout&nbsp;: \u00ab&nbsp;On veut plus de pouvoir d&rsquo;achat&nbsp;!&nbsp;\u00bb.<br \/>\n<\/span><\/p>\n<p><span style=\"color: #777777; font-family: Arial;\">Bien s\u00fbr que ce n&rsquo;est pas la consommation qui rend heureux ou alors quelques minutes simplement et encore ce n&rsquo;est pas du bonheur, plut\u00f4t du plaisir ou de la satisfaction.<br \/>\n<\/span><\/p>\n<p><span style=\"color: #777777; font-family: Arial;\">Mais sortir de cette soci\u00e9t\u00e9 de consommation et de concurrence demande une r\u00e9volution personnelle et soci\u00e9tale.<br \/>\n<\/span><\/p>\n<p><span style=\"color: #777777; font-family: Arial;\">Je ne crois pas qu&rsquo;on soit pr\u00eat \u00e0 cette r\u00e9volution, ou qu&rsquo;il y a suffisamment de volontaires pour cr\u00e9er cela au niveau d&rsquo;un pays.<br \/>\n<\/span><\/p>\n<p><span style=\"color: #777777; font-family: Arial;\">Et cela pose d&rsquo;autres questions&nbsp;:<br \/>\n<\/span><\/p>\n<ul>\n<li><span style=\"color: #777777; font-family: Arial;\">Comment payer les d\u00e9penses de sant\u00e9 de plus en plus on\u00e9reuses&nbsp;?<br \/>\n<\/span><\/li>\n<li><span style=\"color: #777777; font-family: Arial;\">Comment payer les retraites dans une soci\u00e9t\u00e9 de plus en plus vieille&nbsp;?<br \/>\n<\/span><\/li>\n<li><span style=\"color: #777777; font-family: Arial;\">Comment payer les \u00e9tudes des enfants, alors que l\u00e0 aussi cela coute de plus en plus cher surtout s&rsquo;il faut faire un passage \u00e0 l&rsquo;\u00e9tranger&nbsp;?<br \/>\n<\/span><\/li>\n<\/ul>\n<p><span style=\"color: #777777; font-family: Arial;\">Et puis il existe un certain nombre de nos concitoyens qui seraient visc\u00e9ralement contre ce type d&rsquo;\u00e9volution et qui irait mener leurs affaires ailleurs, les destinations ne manquent pas.<br \/>\n<\/span><\/p>\n<p><span style=\"color: #777777; font-family: Arial;\">Ajouter les <strong>\u00ab&nbsp;Non&nbsp;\u00bb<\/strong> ne suffit pas il faut se retrouver sur un <strong>\u00ab&nbsp;Oui&nbsp;\u00bb<\/strong><br \/>\n<\/span><\/p>\n<p><span style=\"color: #777777; font-family: Arial;\">Et encore faut-il penser que ce serait une \u00e9volution franco fran\u00e7aise, alors que le reste du monde continuerait sa course folle vers la consommation et le progr\u00e8s technique. Au moins aussi longtemps que la nature et la terre ne disent stop \u00e0 ce d\u00e9sir de d\u00e9miurge.<br \/>\n<\/span><\/p>\n<p><span style=\"color: maroon; font-family: Arial;\">&lt;1058&gt;<\/span><\/p>\n","protected":false},"excerpt":{"rendered":"<p>\u00ab&nbsp;&nbsp;La convergence des luttes&nbsp;\u00bb R\u00e9flexions sur ce concept mani\u00e9 par certains aujourd\u2019hui en France Dans un article qui n&rsquo;est qu&rsquo;\u00e0 l&rsquo;\u00e9tat d&rsquo;\u00e9bauche, Wikipedia donne comme d\u00e9finition&nbsp;: \u00ab&nbsp;La convergence des luttes est une d\u00e9marche syndicale en usage dans le syndicalisme de<\/p>\n","protected":false},"author":1,"featured_media":0,"comment_status":"open","ping_status":"closed","sticky":false,"template":"","format":"standard","meta":{"footnotes":""},"categories":[1],"tags":[10,15,3],"class_list":["post-4599","post","type-post","status-publish","format-standard","hentry","category-motdujour","tag-economie","tag-france","tag-politique"],"_links":{"self":[{"href":"https:\/\/lemotdujour.fr\/index.php?rest_route=\/wp\/v2\/posts\/4599","targetHints":{"allow":["GET"]}}],"collection":[{"href":"https:\/\/lemotdujour.fr\/index.php?rest_route=\/wp\/v2\/posts"}],"about":[{"href":"https:\/\/lemotdujour.fr\/index.php?rest_route=\/wp\/v2\/types\/post"}],"author":[{"embeddable":true,"href":"https:\/\/lemotdujour.fr\/index.php?rest_route=\/wp\/v2\/users\/1"}],"replies":[{"embeddable":true,"href":"https:\/\/lemotdujour.fr\/index.php?rest_route=%2Fwp%2Fv2%2Fcomments&post=4599"}],"version-history":[{"count":8,"href":"https:\/\/lemotdujour.fr\/index.php?rest_route=\/wp\/v2\/posts\/4599\/revisions"}],"predecessor-version":[{"id":13686,"href":"https:\/\/lemotdujour.fr\/index.php?rest_route=\/wp\/v2\/posts\/4599\/revisions\/13686"}],"wp:attachment":[{"href":"https:\/\/lemotdujour.fr\/index.php?rest_route=%2Fwp%2Fv2%2Fmedia&parent=4599"}],"wp:term":[{"taxonomy":"category","embeddable":true,"href":"https:\/\/lemotdujour.fr\/index.php?rest_route=%2Fwp%2Fv2%2Fcategories&post=4599"},{"taxonomy":"post_tag","embeddable":true,"href":"https:\/\/lemotdujour.fr\/index.php?rest_route=%2Fwp%2Fv2%2Ftags&post=4599"}],"curies":[{"name":"wp","href":"https:\/\/api.w.org\/{rel}","templated":true}]}}