{"id":4584,"date":"2018-04-16T03:51:25","date_gmt":"2018-04-16T01:51:25","guid":{"rendered":"http:\/\/lemotdujour.fr\/?p=4584"},"modified":"2022-06-01T00:34:38","modified_gmt":"2022-05-31T22:34:38","slug":"lundi-16-avril-2018","status":"publish","type":"post","link":"https:\/\/lemotdujour.fr\/?p=4584","title":{"rendered":"Lundi 16 avril 2018"},"content":{"rendered":"<div class=\"mdjTexte\">\u00ab&nbsp;Mais sans la confiance du peuple, aucun Etat ne saurait tenir !&nbsp;\u00bb<\/div>\n<div class=\"mdjAuteur\">Confucius<\/div>\n<p><span style=\"color: #777777; font-family: Arial;\">Peut-\u00eatre que certains pensaient que je r\u00e9agirais aujourd&rsquo;hui \u00e0 l&rsquo;entretien d&rsquo;hier entre le Pr\u00e9sident de la R\u00e9publique avec Edwy Plenel et Jean-Jacques Bourdin. Entretien qui a \u00e9t\u00e9 tenu au Palais de Chaillot o\u00f9 fut proclam\u00e9e, en 1948, la D\u00e9claration universelle des droits de l&rsquo;homme.<br \/>\n<\/span><\/p>\n<p><span style=\"color: #777777; font-family: Arial;\">Je ne le ferai pas&nbsp;!<br \/>\n<\/span><\/p>\n<p><span style=\"color: #777777; font-family: Arial;\">Quoi que \u2026<br \/>\n<\/span><\/p>\n<p><span style=\"color: #777777; font-family: Arial;\">Je vais aujourd&rsquo;hui vous parler de l&rsquo;\u00e9mission du 5 avril 2018 \u00abdu Grain \u00e0 moudre\u00bb d&rsquo;Herv\u00e9 Gardette qui posait cette question surprenante&nbsp;: <span style=\"color: #0000ff;\"><a style=\"color: #0000ff;\" href=\"https:\/\/www.franceculture.fr\/emissions\/du-grain-a-moudre\/platon-confucius-quont-ils-encore-a-nous-dire\">\u00abPlaton, Confucius : qu&rsquo;ont-ils encore \u00e0 nous dire ?\u00bb<\/a><\/span><br \/>\n<\/span><\/p>\n<p><span style=\"color: #777777; font-family: Arial;\"><strong>Platon<\/strong> (n\u00e9 \u2212428\/\u2212427 et mort en \u2212348\/\u2212347 \u00e0 Ath\u00e8nes) est probablement le plus c\u00e9l\u00e8bre philosophe de la Gr\u00e8ce classique, au temps de la d\u00e9mocratie ath\u00e9nienne. Il est un \u00e9l\u00e9ment central de la pens\u00e9e occidentale et a marqu\u00e9 l&rsquo;Histoire de la Philosophie<br \/>\n<\/span><\/p>\n<p><span style=\"color: #777777; font-family: Arial;\"><strong>Confucius<\/strong> n&rsquo;est pas de notre culture. Il a v\u00e9cu un si\u00e8cle avant Platon (n\u00e9 &#8211; 551 et mort en \u2013 479), plus pr\u00e9cis\u00e9ment d&rsquo;apr\u00e8s ces dates, toujours sujets \u00e0 caution \u00e0 cette \u00e9poque, il serait mort environ 50 ans avant la naissance de Platon. Confucius est \u00e9videmment le philosophe chinois le plus connu. Selon beaucoup, il est le personnage historique qui a le plus marqu\u00e9 la civilisation chinoise, et est consid\u00e9r\u00e9 comme le premier \u00ab \u00e9ducateur \u00bb de la Chine. Son enseignement a donn\u00e9 naissance au confucianisme, doctrine politique et sociale \u00e9rig\u00e9e en religion d&rsquo;\u00c9tat d\u00e8s la dynastie Han et qui ne fut officiellement bannie que dans la Chine communiste et mao\u00efste du XXe si\u00e8cle.<br \/>\n<\/span><\/p>\n<p><span style=\"color: #777777; font-family: Arial;\">Mais, dans la Chine contemporaine, post mao\u00efste, on observe un retour massif vers Confucius <a href=\"https:\/\/www.franceculture.fr\/conferences\/college-de-france\/pourquoi-confucius-merite-notre-attention\"><span style=\"color: #0000ff;\">comme l&rsquo;explique Anne Cheng<\/span><\/a>, titulaire de la chaire \u00ab <a href=\"https:\/\/www.college-de-france.fr\/site\/anne-cheng\/inaugural-lecture-2008-12-11-18h00.htm\"><span style=\"color: #0000ff;\">Histoire intellectuelle de la Chine<\/span><\/a> \u00bb au Coll\u00e8ge de France<br \/>\n<\/span><\/p>\n<p><img decoding=\"async\" class=\"alignleft\" src=\"https:\/\/lemotdujour.fr\/wp-content\/uploads\/2018\/04\/041518_1848_Lundi16avri1.png\" alt=\"\" align=\"left\"><span style=\"color: #777777; font-family: Arial;\">Je pense que le journaliste, Herv\u00e9 Gardette, a eu l&rsquo;id\u00e9e de cette \u00e9mission en raison du livre que vient de publier, l&rsquo;un des deux invit\u00e9s de l&rsquo;\u00e9mission&nbsp;: <strong>Roger-Pol Droit<\/strong>. Son livre a pour titre&nbsp;: \u00ab&nbsp;<a href=\"https:\/\/www.decitre.fr\/livres\/et-si-platon-revenait-9782226397928.html\"><span style=\"color: #0000ff;\">Et si Platon revenait&nbsp;<\/span><\/a>\u00bb<br \/>\n<\/span><\/p>\n<p><span style=\"color: #777777; font-family: Arial;\">Ce livre est pr\u00e9sent\u00e9 ainsi&nbsp;:<br \/>\n<\/span><\/p>\n<p><span style=\"color: #777777; font-family: Arial;\">\u00ab&nbsp;Platon observe nos smartphones, croise nos migrants, d\u00e9couvre les attentats terroristes, scrute nos dirigeants politiques. Roger-Pol Droit lui fait rencontrer Teddy Riner, Bob Dylan, Thomas Pesquet, l&#8217;emm\u00e8ne \u00e0 la COP 21, au MacDo, \u00e0 P\u00f4le Emploi, au M\u00e9morial de la Shoah, l&rsquo;incite \u00e0 visionner House of Cards, \u00e0 \u00e9couter Emmanuel Macron et Donald Trump. Entre autres. Pour jouer ? Evidemment. Mais pas seulement.<br \/>\nCette promenade dans notre actualit\u00e9 du p\u00e8re fondateur de la philosophie permet de d\u00e9couvrir des traits essentiels de sa pens\u00e9e, en exp\u00e9rimentant des \u00e9carts entre nous et lui, en testant ce qu&rsquo;il comprendrait ais\u00e9ment, ou pas du tout. Finalement, ce p\u00e9riple montre ce que Platon nous indique d&rsquo;essentiel, que nous ne verrions pas sans lui.&nbsp;\u00bb<br \/>\n<\/span><\/p>\n<p><span style=\"color: #777777; font-family: Arial;\">Dans l&rsquo;\u00e9mission Roger Pol Droit, revisite la c\u00e9l\u00e8bre <a href=\"https:\/\/fr.wikipedia.org\/wiki\/All%C3%A9gorie_de_la_caverne\"><span style=\"color: #0000ff;\">all\u00e9gorie de la caverne<\/span><\/a> expos\u00e9e par Platon dans le Livre VII de La R\u00e9publique :<br \/>\n<\/span><\/p>\n<p style=\"margin-left: 28pt;\"><span style=\"color: #c00000; font-family: Arial;\">\u00ab Si Platon revient et qu&rsquo;il voit nos smartphones, il pensera que c&rsquo;est la caverne portable. \u00bb<br \/>\n<\/span><\/p>\n<p><span style=\"color: #777777; font-family: Arial;\">C&rsquo;est donc cette proposition de Roger Pol Droit de tenter de regarder le monde contemporain \u00e0 travers le regard de Platon, du moins le regard de Platon revisit\u00e9 par Roger Pol Droit qui a \u00e9t\u00e9 \u00e0 l&rsquo;origine de cette \u00e9mission..<br \/>\n<\/span><\/p>\n<p><span style=\"color: #777777; font-family: Arial;\">Selon la pr\u00e9sentation de Roger Pol Droit, Platon est quand m\u00eame un penseur probl\u00e9matique en cela qu&rsquo;il se m\u00e9fie \u00e9norm\u00e9ment de la d\u00e9mocratie et qu&rsquo;il pr\u00f4ne l&rsquo;\u00e9mergence d&rsquo;un homme nouveau, comme certains r\u00e9gimes totalitaires ont voulu r\u00e9aliser cette utopie assez perverse selon les le\u00e7ons de l&rsquo;Histoire.<br \/>\n<\/span><\/p>\n<p><span style=\"color: #777777; font-family: Arial;\">Roger Pol Droit explique que Platon a v\u00e9cu un traumatisme dans sa vie&nbsp;: il a assist\u00e9 \u00e0 la condamnation \u00e0 mort par la <strong>d\u00e9mocratie <\/strong>ath\u00e9nienne, de son ma\u00eetre, de celui qu&rsquo;il respectait et aimait plus que tout au monde, l&rsquo;homme qu&rsquo;il consid\u00e9rait comme le plus sage&nbsp;: Socrate. Platon a tir\u00e9 comme cons\u00e9quence qu&rsquo;un r\u00e9gime qui arrive \u00e0 un tel r\u00e9sultat ne peut pas \u00eatre bon. Il a donc cherch\u00e9 \u00e0 trouver d&rsquo;autres voies.<br \/>\n<\/span><\/p>\n<p><span style=\"color: #777777; font-family: Arial;\">L&rsquo;intelligence d&rsquo;Herv\u00e9 Gardette a \u00e9t\u00e9 d&rsquo;inviter \u00e0 c\u00f4t\u00e9 de cette vision de Platon qui pr\u00f4ne un \u00ab&nbsp;homme nouveau&nbsp;\u00bb, le grand penseur chinois \u00ab&nbsp;Confucius&nbsp;\u00bb qui lui ne suit pas cette voie et pr\u00e9f\u00e8re s&rsquo;inscrire dans la r\u00e9alit\u00e9 et la tradition.<br \/>\n<\/span><\/p>\n<p><img decoding=\"async\" class=\"alignright\" src=\"https:\/\/lemotdujour.fr\/wp-content\/uploads\/2018\/04\/041518_1848_Lundi16avri2.jpg\" alt=\"\" align=\"left\"><span style=\"color: #777777; font-family: Arial;\">Pour ce faire, Anne Cheng d\u00e9j\u00e0 \u00e9voqu\u00e9 au d\u00e9but de l&rsquo;article a \u00e9t\u00e9 le second invit\u00e9 de l&rsquo;\u00e9mission.<br \/>\n<\/span><\/p>\n<p><span style=\"color: #777777; font-family: Arial;\">Anne Cheng qui a publi\u00e9 en 1997&nbsp;: \u00ab&nbsp;<span style=\"color: #0000ff;\"><a style=\"color: #0000ff;\" href=\"https:\/\/www.franceculture.fr\/oeuvre\/histoire-de-la-pensee-chinoise\">Histoire de la pens\u00e9e chinoise&nbsp;<\/a><\/span>\u00bb au Seuil s&rsquo;\u00e9tait notamment fait remarquer par une traduction, accompagn\u00e9e d&rsquo;une introduction et de notes pour pr\u00e9senter la Pens\u00e9e de Confucius : \u00ab<span style=\"color: #0000ff;\"><a style=\"color: #0000ff;\" href=\"https:\/\/www.decitre.fr\/livres\/entretiens-de-confucius-9782757840269.html\">Entretiens de Confucius<\/a><\/span>\u00bb .<br \/>\n<\/span><\/p>\n<p><span style=\"color: #777777; font-family: Arial;\">Lors de cette \u00e9mission passionnante, Anne Cheng m&rsquo;a appris que le rapprochement entre Confucius et Socrate \u00e9tait beaucoup plus judicieux qe celui avec Platon, car le grand sage chinois n&rsquo;a jamais rien \u00e9crit, ce sont ses disciples qui ont recueilli ses pens\u00e9es.<br \/>\n<\/span><\/p>\n<p><span style=\"color: #777777; font-family: Arial;\">Lors de l&rsquo;\u00e9mission, c&rsquo;est la pens\u00e9e de Confucius qui m&rsquo;a paru la plus f\u00e9conde et peut \u00eatre m\u00eame la plus adapt\u00e9e au monde moderne.<br \/>\n<\/span><\/p>\n<p><span style=\"color: #777777; font-family: Arial;\">Par exemple quand Anne Cheng dit :<br \/>\n<\/span><\/p>\n<p style=\"margin-left: 28pt;\"><span style=\"color: #c00000; font-family: Arial;\">\u00ab Pour Confucius l&rsquo;important c&rsquo;est de ne jamais oublier que nous sommes humains. \u00bb<br \/>\n<\/span><\/p>\n<p><span style=\"color: #777777; font-family: Arial;\">C&rsquo;est quand m\u00eame une belle id\u00e9e \u00e0 l&rsquo;\u00e9poque des transhumanistes ou de ces gouvernants publics et priv\u00e9s qui croient que l&rsquo;homme se r\u00e9sume \u00e0 un homo \u00e9conomicus.<br \/>\n<\/span><\/p>\n<p><span style=\"color: #777777; font-family: Arial;\">Mais ce que je voudrai surtout partager avec vous, c&rsquo;est un petit extrait des entretiens de Confucius qu&rsquo;Herv\u00e9 Gardette a cit\u00e9&nbsp;: Un homme Zigong pose des questions \u00e0 Confucius&nbsp;:<br \/>\n<\/span><\/p>\n<p style=\"margin-left: 28pt;\"><span style=\"color: #c00000; font-family: Arial;\">\u00ab\u00a0Zigong&nbsp;&#8211;&nbsp;Qu&rsquo;est-ce que gouverner ?<br \/>\n<\/span><\/p>\n<p style=\"margin-left: 28pt;\"><span style=\"color: #c00000; font-family: Arial;\">Le Ma\u00eetre&nbsp;&#8211;&nbsp;C&rsquo;est veiller \u00e0 ce que le peuple ait assez de vivres, assez d&rsquo;armes et s&rsquo;assurer de sa confiance.<br \/>\n<\/span><\/p>\n<p style=\"margin-left: 28pt;\"><span style=\"color: #c00000; font-family: Arial;\">Zigong&nbsp;&#8211;&nbsp;Et s&rsquo;il fallait se passer d&rsquo;une de ces trois choses, laquelle serait-ce ?<br \/>\n<\/span><\/p>\n<p style=\"margin-left: 28pt;\"><span style=\"color: #c00000; font-family: Arial;\">Le Ma\u00eetre&nbsp;&#8211;&nbsp;Les armes.<br \/>\n<\/span><\/p>\n<p style=\"margin-left: 28pt;\"><span style=\"color: #c00000; font-family: Arial;\">Zigong&nbsp;&#8211;&nbsp;Et des deux autres, laquelle serait-ce ?<br \/>\n<\/span><\/p>\n<p style=\"margin-left: 28pt;\"><span style=\"color: #c00000; font-family: Arial;\">Le Ma\u00eetre&nbsp;&#8211;&nbsp;Les vivres. <strong>De tout temps, les hommes sont sujets \u00e0 la mort. Mais sans la confiance du peuple, Aucun \u00c9tat ne saurait tenir<\/strong><br \/>\n<\/span><\/p>\n<p><span style=\"color: #777777; font-family: Arial;\">Anne Cheng a dit sa satisfaction d&rsquo;avoir cit\u00e9 cet extrait qui lui para\u00eet particuli\u00e8rement important et elle a ajout\u00e9&nbsp;:<br \/>\n<\/span><\/p>\n<p style=\"margin-left: 28pt;\"><span style=\"color: #c00000; font-family: Arial;\">\u00ab&nbsp;Je regrette que les hommes politiques d&rsquo;aujourd&rsquo;hui ne lisent pas davantage Confucius. Il leur apprendrait \u00e0 mieux comprendre les priorit\u00e9s.&nbsp;\u00bb<br \/>\n<\/span><\/p>\n<p><span style=\"color: #777777; font-family: Arial;\"><strong>\u00ab&nbsp;Sans la confiance du peuple\u2026&nbsp;\u00bb<br \/>\n<\/strong><\/span><\/p>\n<p><span style=\"color: #777777; font-family: Arial;\">Je vous propose d&rsquo;\u00e9couter cette \u00e9mission tr\u00e8s int\u00e9ressante&nbsp;: <a href=\"https:\/\/www.franceculture.fr\/emissions\/du-grain-a-moudre\/platon-confucius-quont-ils-encore-a-nous-dire\">\u00ab<span style=\"color: #0000ff;\">&nbsp;Platon, Confucius : qu&rsquo;ont-ils encore \u00e0 nous dire ?<\/span>&nbsp;\u00bb<\/a><br \/>\n<\/span><\/p>\n<p><span style=\"color: #777777; font-family: Arial;\">Je finirai par une autre citation de Confucius, cit\u00e9 dans un autre entretien par Anne Cheng&nbsp;:<br \/>\n<\/span><\/p>\n<p style=\"margin-left: 28pt;\"><span style=\"color: #c00000; font-family: Arial;\">\u00ab&nbsp;Je ne cherche pas \u00e0 conna\u00eetre les r\u00e9ponses, je cherche \u00e0 comprendre les questions. Confucius&nbsp;\u00bb<br \/>\n<\/span><\/p>\n<p><span style=\"color: #777777; font-family: Arial;\"><span style=\"color: maroon;\">&lt;1057&gt;<\/span><\/span><\/p>\n","protected":false},"excerpt":{"rendered":"<p>\u00ab&nbsp;Mais sans la confiance du peuple, aucun Etat ne saurait tenir !&nbsp;\u00bb Confucius Peut-\u00eatre que certains pensaient que je r\u00e9agirais aujourd&rsquo;hui \u00e0 l&rsquo;entretien d&rsquo;hier entre le Pr\u00e9sident de la R\u00e9publique avec Edwy Plenel et Jean-Jacques Bourdin. Entretien qui a \u00e9t\u00e9<\/p>\n","protected":false},"author":1,"featured_media":0,"comment_status":"open","ping_status":"closed","sticky":false,"template":"","format":"standard","meta":{"footnotes":""},"categories":[1],"tags":[77,6,3],"class_list":["post-4584","post","type-post","status-publish","format-standard","hentry","category-motdujour","tag-democratie","tag-philosophie","tag-politique"],"_links":{"self":[{"href":"https:\/\/lemotdujour.fr\/index.php?rest_route=\/wp\/v2\/posts\/4584","targetHints":{"allow":["GET"]}}],"collection":[{"href":"https:\/\/lemotdujour.fr\/index.php?rest_route=\/wp\/v2\/posts"}],"about":[{"href":"https:\/\/lemotdujour.fr\/index.php?rest_route=\/wp\/v2\/types\/post"}],"author":[{"embeddable":true,"href":"https:\/\/lemotdujour.fr\/index.php?rest_route=\/wp\/v2\/users\/1"}],"replies":[{"embeddable":true,"href":"https:\/\/lemotdujour.fr\/index.php?rest_route=%2Fwp%2Fv2%2Fcomments&post=4584"}],"version-history":[{"count":15,"href":"https:\/\/lemotdujour.fr\/index.php?rest_route=\/wp\/v2\/posts\/4584\/revisions"}],"predecessor-version":[{"id":13498,"href":"https:\/\/lemotdujour.fr\/index.php?rest_route=\/wp\/v2\/posts\/4584\/revisions\/13498"}],"wp:attachment":[{"href":"https:\/\/lemotdujour.fr\/index.php?rest_route=%2Fwp%2Fv2%2Fmedia&parent=4584"}],"wp:term":[{"taxonomy":"category","embeddable":true,"href":"https:\/\/lemotdujour.fr\/index.php?rest_route=%2Fwp%2Fv2%2Fcategories&post=4584"},{"taxonomy":"post_tag","embeddable":true,"href":"https:\/\/lemotdujour.fr\/index.php?rest_route=%2Fwp%2Fv2%2Ftags&post=4584"}],"curies":[{"name":"wp","href":"https:\/\/api.w.org\/{rel}","templated":true}]}}