{"id":458,"date":"2017-03-07T01:00:00","date_gmt":"2017-03-06T22:00:00","guid":{"rendered":"http:\/\/lemotdujour.fr\/?p=458"},"modified":"2020-01-23T22:20:03","modified_gmt":"2020-01-23T21:20:03","slug":"mardi-7-mars-2017","status":"publish","type":"post","link":"https:\/\/lemotdujour.fr\/?p=458","title":{"rendered":"Mardi 7 mars 2017"},"content":{"rendered":"<div class=\"mdjDate\"><a id=\"_Toc482008785\"><\/a>Mardi 7 mars 2017<\/div>\n<div class=\"mdjTexte\">\u00ab&nbsp;Le premier \u00e2ge est plus long qu\u2019on ne le croit&nbsp;;<br \/>\nLe deuxi\u00e8me pire qu\u2019on ne le pense&nbsp;;<br \/>\nLe dernier meilleur qu\u2019on ne le dit.&nbsp;\u00bb<\/div>\n<div class=\"mdjAuteur\">Michel Serres, \u00ab&nbsp;darwin, Bonaparte et le samaritain&nbsp;\u00bb<\/div>\n<p><span style=\"color: #777777; font-family: Arial;\">Le 3\u00e8me temps de la philosophie de l&rsquo;Histoire de Michel Serres parle du temps actuel et il rappelle que cela fait plus de 70 ans que l&rsquo;Occident est en paix.<br \/>\n<\/span><\/p>\n<p><span style=\"color: #777777; font-family: Arial;\">Mon fr\u00e8re G\u00e9rard va avoir 70 ans cette ann\u00e9e et il n&rsquo;a jamais connu la guerre.<br \/>\n<\/span><\/p>\n<p><img loading=\"lazy\" decoding=\"async\" class=\"alignleft\" src=\"https:\/\/lemotdujour.fr\/wp-content\/uploads\/2020\/01\/012320_2100_LundiXXdcem1.jpg\" alt=\"\" width=\"386\" height=\"154\" align=\"left\"><span style=\"color: #777777; font-family: Arial;\">Un jour Michel Serres est venu devant ses \u00e9l\u00e8ves et a montr\u00e9 cette photo&nbsp;de Bush, Blair et Aznar pris en 2003 aux Acores&nbsp;:<br \/>\n<\/span><\/p>\n<p><span style=\"color: #777777; font-family: Arial;\">Et il a demand\u00e9 qu&rsquo;est-ce que cette photo a d&rsquo;unique dans l&rsquo;Histoire de l&rsquo;Humanit\u00e9&nbsp;?<br \/>\n<\/span><\/p>\n<p><span style=\"color: #777777; font-family: Arial;\">Les \u00e9tudiants ne savaient pas quoi r\u00e9pondre&nbsp;!<br \/>\n<\/span><\/p>\n<p><span style=\"color: #777777; font-family: Arial;\">Alors Michel Serres a dit&nbsp;:<br \/>\n<\/span><\/p>\n<p style=\"margin-left: 28pt;\"><span style=\"color: #c00000; font-family: Arial;\">\u00ab&nbsp;Ces 3 hommes vont d\u00e9clarer la guerre [A l&rsquo;Irak] et ils n&rsquo;ont jamais connu la guerre personnellement.<br \/>\n<\/span><\/p>\n<p style=\"margin-left: 28pt;\"><span style=\"color: #c00000; font-family: Arial;\">Il n&rsquo;est jamais arriv\u00e9 dans l&rsquo;Histoire de l&rsquo;Humanit\u00e9 que des responsables d&rsquo;Etat d\u00e9clarent la guerre sans jamais l&rsquo;avoir connue.&nbsp;\u00bb<br \/>\n<\/span><\/p>\n<p><span style=\"color: #777777; font-family: Arial;\">Vous trouverez un <a href=\"http:\/\/www.elplural.com\/2016\/07\/07\/aznar-guerra-irak-enga%C3%B1o-espa%C3%B1oles\"><span style=\"color: #0000ff;\">article r\u00e9cent en espagnol<\/span><\/a> sur cette rencontre et duquel j&rsquo;ai tir\u00e9 cette photo et un article de l&rsquo;\u00e9poque<span style=\"color: #0000ff;\"> <a style=\"color: #0000ff;\" href=\"http:\/\/www.ladepeche.fr\/article\/2003\/03\/17\/126910-conseil-de-guerre-aux-acores.html\">en fran\u00e7ais<\/a><\/span>.<br \/>\n<\/span><\/p>\n<p><span style=\"color: #777777; font-family: Arial;\">Vous direz, ce propos est paradoxal : ces 3 d\u00e9clarent la guerre et Michel Serres dit que nous sommes en paix.<br \/>\n<\/span><\/p>\n<p><span style=\"color: #777777; font-family: Arial;\">C&rsquo;est \u00e0 dire que le continent europ\u00e9en qui a produit les plus grands massacres de l&rsquo;\u00e2ge de la guerre est en paix et que s&rsquo;il y a encore des zones de violence dans le monde elles sont sans mesure avec ce qui existait dans l&rsquo;\u00e2ge de la guerre.<br \/>\n<\/span><\/p>\n<p><span style=\"color: #777777; font-family: Arial;\">Et puis surtout, il y a eu une \u00e9volution extraordinaire des mentalit\u00e9s. Et il cite cet exemple et \u00e9change avec des amis \u00e0 Stanford :<br \/>\n<\/span><\/p>\n<p style=\"margin-left: 28pt;\"><span style=\"color: #c00000; font-family: Arial;\">\u00ab Apr\u00e8s l&rsquo;attentat du 11 septembre 2001, j&rsquo;ai pris, pour San Francisco, le premier avion disponible. [en arrivant] je fus invit\u00e9 chez des amis de la Silicon Valley \u00e0 un d\u00eener o\u00f9 se trouvaient plusieurs personnes de langues, de religions et de cultures diverses. La conversation roula sur les kamikazes dont les avions venaient de d\u00e9truire une tour de Manhattan ; alors que l&rsquo;un d&rsquo;entre nous s&rsquo;\u00e9tonnait qu&rsquo;ils fissent la queue pour se sacrifier, je cite de m\u00e9moire :<br \/>\n<\/span><\/p>\n<p style=\"margin-left: 28pt;\"><span style=\"color: #c00000; font-family: Arial;\">\u00ab Mourir pour sa patrie est un si digne sort<br \/>\nQu&rsquo;on briguerait en foule une si belle mort.&nbsp;\u00bb<br \/>\n<\/span><\/p>\n<p><span style=\"color: #c00000; font-family: Arial;\">Mais qui a \u00e9crit ces horreurs ?<span style=\"color: #777777;\"> m&rsquo;interrog\u00e8rent de concert les invit\u00e9s \u2013 &nbsp;<span style=\"color: #c00000;\">je r\u00e9cite simplement une tirade d&rsquo;Horace, la plus belle trag\u00e9die de Corneille<span style=\"color: #777777;\">, r\u00e9pondis-je.<br \/>\n<\/span><\/span><\/span><\/span><\/p>\n<p><span style=\"color: #777777; font-family: Arial;\">J&rsquo;ajoutai aussit\u00f4t le refrain de notre c\u00e9l\u00e8bre <span style=\"color: #0000ff;\"><a style=\"color: #0000ff;\" href=\"https:\/\/fr.wikipedia.org\/wiki\/Chant_du_d%C3%A9part\">chant du d\u00e9part<\/a><\/span> :<br \/>\n<\/span><\/p>\n<p style=\"margin-left: 28pt;\"><span style=\"color: #c00000; font-family: Arial;\">\u00ab&nbsp;La r\u00e9publique nous appelle<br \/>\nSachons vaincre ou sachons p\u00e9rir,<br \/>\nUn Fran\u00e7ais doit vivre pour elle,<br \/>\nPour elle un Fran\u00e7ais doit mourir.<br \/>\n<\/span><\/p>\n<p style=\"margin-left: 28pt;\"><span style=\"color: #c00000; font-family: Arial;\">[..] Demander par sondage ce que la population de nos pays pense d\u00e9sormais de cet h\u00e9ro\u00efsme. L&rsquo;immense majorit\u00e9 r\u00e9pondra et je l&rsquo;approuve qu&rsquo;elle n&rsquo;a plus d&rsquo;ennemis et que c&rsquo;est une pure folie d&rsquo;appartenir \u00e0 un groupe qui exige le sacrifice de la vie. Malgr\u00e9 tous ses d\u00e9fauts, l&rsquo;Europe que, au sortir de la seconde guerre mondiale, la g\u00e9n\u00e9ration qui pr\u00e9c\u00e8de la mienne fonda est peut-\u00eatre la premi\u00e8re communaut\u00e9 humaine dans toute l&rsquo;histoire si orient\u00e9e vers la paix qu&rsquo;elle ne demandera jamais la vie de ses enfants. \u00bb (page 52)<br \/>\n<\/span><\/p>\n<p><span style=\"color: #777777; font-family: Arial;\">Lors d&rsquo;une autre intervention, Michel Serres fit remarquer que si nous trouvons les d\u00e9capitations de DAESH si horrible, si contraire \u00e0 la civilisation, dans notre beau pays on a d\u00e9capit\u00e9 jusqu&rsquo;en <span style=\"color: #0000ff;\"><a style=\"color: #0000ff;\" href=\"http:\/\/www.lemonde.fr\/idees\/article\/2013\/10\/10\/la-derniere-execution-en-france_3492601_3232.html\">&lt;1977&gt;<\/a><\/span>. Et avant la seconde guerre mondiale, les d\u00e9capitations \u00e9taient publiques, c&rsquo;\u00e9taient des spectacles auxquels on amenait m\u00eame les enfants. Nous le faisions et maintenant cela nous fait horreur. Quelle \u00e9volution&nbsp;!<br \/>\n<\/span><\/p>\n<p><span style=\"color: #777777; font-family: Arial;\">C&rsquo;est pourquoi, Michel Serres parle de l&rsquo;\u00ab<strong>\u00e2ge doux<\/strong>\u00bb pour traduire le mot anglais \u00ab&nbsp;<strong>soft<\/strong>&nbsp;\u00bb.<br \/>\n<\/span><\/p>\n<p><span style=\"color: #777777; font-family: Arial;\">Pour l&rsquo;\u00ab<strong>\u00e2ge de la guerre<\/strong>\u00bb Michel Serres avait d\u00e9crit trois raisons \u00e9voqu\u00e9es pour justifier le conflit&nbsp;:<br \/>\n<\/span><\/p>\n<ul>\n<li><span style=\"color: #777777; font-family: Arial;\">l&rsquo;h\u00e9g\u00e9monie territoriale,<br \/>\n<\/span><\/li>\n<li><span style=\"color: #777777; font-family: Arial;\">religieuse<br \/>\n<\/span><\/li>\n<li><span style=\"color: #777777; font-family: Arial;\">et \u00e9conomique.<br \/>\n<\/span><\/li>\n<\/ul>\n<p><span style=\"color: #777777; font-family: Arial;\">Et l&rsquo;\u00e2ge du doux se d\u00e9cline aussi de trois mani\u00e8res, portant sur la vie et l&rsquo;esprit&nbsp;:<br \/>\n<\/span><\/p>\n<ul>\n<li><span style=\"color: #777777; font-family: Arial;\">m\u00e9dicale,<br \/>\n<\/span><\/li>\n<li><span style=\"color: #777777; font-family: Arial;\">pacifique<br \/>\n<\/span><\/li>\n<li><span style=\"color: #777777; font-family: Arial;\">et num\u00e9rique.<br \/>\n<\/span><\/li>\n<\/ul>\n<p><span style=\"color: #777777; font-family: Arial;\">C&rsquo;est le m\u00e9decin qui est l&#8217;embl\u00e8me de cette \u00e9poque, c&rsquo;est pourquoi il donne le nom de samaritain \u00e0 cet \u00e2ge. Cet homme qui selon la parabole s&rsquo;est pench\u00e9e sur un bless\u00e9 pour lui venir en aide. Il d\u00e9crit notre \u00e9poque comme celle de la compassion o\u00f9 on soigne, o\u00f9 les progr\u00e8s de la science ont permis de faire reculer les limites de la mort et de la douleur.<br \/>\n<\/span><\/p>\n<p><img decoding=\"async\" class=\"alignright\" src=\"https:\/\/lemotdujour.fr\/wp-content\/uploads\/2020\/01\/012320_2100_LundiXXdcem2.jpg\" alt=\"\" align=\"left\"><span style=\"color: #777777; font-family: Arial;\">L&rsquo;autre aspect de cet \u00e2ge du doux est la paix, la cr\u00e9ation de l&rsquo;ONU et surtout de l&rsquo;Union europ\u00e9enne. Car comme le dit Michel Serres&nbsp;:<br \/>\n<\/span><\/p>\n<p style=\"margin-left: 28pt;\"><span style=\"color: #c00000; font-family: Arial;\">\u00ab&nbsp;En 1870, La France vaincue par la Prusse n&rsquo;avait qu&rsquo;une id\u00e9e en t\u00eate&nbsp;: se venger.&nbsp;\u00bb<br \/>\n<\/span><\/p>\n<p><span style=\"color: #777777; font-family: Arial;\">Je l&rsquo;ai d\u00e9j\u00e0 \u00e9crit, et je partage ce destin avec d&rsquo;autres personnes originaires de Moselle ou d&rsquo;Alsace, mon arri\u00e8re-grand-p\u00e8re&nbsp;: Jean-Pierre Klam avait 22 ans et \u00e9tait soldat fran\u00e7ais.<br \/>\n<\/span><\/p>\n<p><span style=\"color: #777777; font-family: Arial;\">En 1918, l&rsquo;Allemagne vaincue par la France et les alli\u00e9s n&rsquo;avait qu&rsquo;une id\u00e9e en t\u00eate&nbsp;: se venger. Mon grand-p\u00e8re F\u00e9lix Klam n\u00e9 en 1874, \u00e9tait soldat allemand.<br \/>\n<\/span><\/p>\n<p><span style=\"color: #777777; font-family: Arial;\">En 1940, mon p\u00e8re avait 21 ans, il fut incorpor\u00e9 dans l&rsquo;arm\u00e9e fran\u00e7aise. Et au bout de l&rsquo;horreur des morts, des g\u00e9nocides, d&rsquo;Hiroshima, des hommes ont dit&nbsp;: il ne faut plus se venger, il faut construire ensemble.<br \/>\n<\/span><\/p>\n<p><span style=\"color: #777777; font-family: Arial;\">Et c&rsquo;est comme \u00e7a que mon fr\u00e8re, n\u00e9 2 ans apr\u00e8s la fin de la guerre n&rsquo;a pas eu le m\u00eame destin que ses ascendants&nbsp;: \u00e2ge de la paix, \u00e2ge doux.<br \/>\n<\/span><\/p>\n<p><span style=\"color: #777777; font-family: Arial;\">Le num\u00e9rique pour Michel Serres contribue aussi \u00e0 l&rsquo;\u00e2ge doux, parce qu&rsquo;il substitue \u00e0 un monde hi\u00e9rarchique un monde de r\u00e9seau et qu&rsquo;il met \u00e0 disposition de beaucoup un savoir qui \u00e9tait limit\u00e9 \u00e0 certains.<br \/>\n<\/span><\/p>\n<p><span style=\"color: #777777; font-family: Arial;\">Il n&rsquo;est pas dupe des d\u00e9fis du monde, sur les in\u00e9galit\u00e9s, les tensions \u00e9conomiques, la pression sur les ressources et surtout notre rapport au monde et au vivant que notre avidit\u00e9 peut souiller \u00e0 un point tel que la vie humaine deviendra difficile ou m\u00eame dispara\u00eetra.<br \/>\n<\/span><\/p>\n<p><span style=\"color: #777777; font-family: Arial;\">Mais il rappelle que contrairement \u00e0 toute attente, les statistiques montrent que la majorit\u00e9 des humains pratiquent l&rsquo;entraide plut\u00f4t que la concurrence et le destin du monde n&rsquo;est pas \u00e9crit.<br \/>\n<\/span><\/p>\n<p><span style=\"color: #777777; font-family: Arial;\">C&rsquo;est une philosophie de l&rsquo;optimisme et de la lucidit\u00e9 \u00e0 laquelle nous invite Michel Serres.<br \/>\n<\/span><\/p>\n<p><span style=\"color: #c00000; font-family: Arial;\"> &lt;852&gt;<\/span><\/p>\n","protected":false},"excerpt":{"rendered":"<p>Mardi 7 mars 2017 \u00ab&nbsp;Le premier \u00e2ge est plus long qu\u2019on ne le croit&nbsp;; Le deuxi\u00e8me pire qu\u2019on ne le pense&nbsp;; Le dernier meilleur qu\u2019on ne le dit.&nbsp;\u00bb Michel Serres, \u00ab&nbsp;darwin, Bonaparte et le samaritain&nbsp;\u00bb Le 3\u00e8me temps de la<\/p>\n","protected":false},"author":1,"featured_media":0,"comment_status":"closed","ping_status":"closed","sticky":false,"template":"","format":"standard","meta":{"footnotes":""},"categories":[1],"tags":[17,6],"class_list":["post-458","post","type-post","status-publish","format-standard","hentry","category-motdujour","tag-histoire","tag-philosophie"],"_links":{"self":[{"href":"https:\/\/lemotdujour.fr\/index.php?rest_route=\/wp\/v2\/posts\/458","targetHints":{"allow":["GET"]}}],"collection":[{"href":"https:\/\/lemotdujour.fr\/index.php?rest_route=\/wp\/v2\/posts"}],"about":[{"href":"https:\/\/lemotdujour.fr\/index.php?rest_route=\/wp\/v2\/types\/post"}],"author":[{"embeddable":true,"href":"https:\/\/lemotdujour.fr\/index.php?rest_route=\/wp\/v2\/users\/1"}],"replies":[{"embeddable":true,"href":"https:\/\/lemotdujour.fr\/index.php?rest_route=%2Fwp%2Fv2%2Fcomments&post=458"}],"version-history":[{"count":4,"href":"https:\/\/lemotdujour.fr\/index.php?rest_route=\/wp\/v2\/posts\/458\/revisions"}],"predecessor-version":[{"id":7887,"href":"https:\/\/lemotdujour.fr\/index.php?rest_route=\/wp\/v2\/posts\/458\/revisions\/7887"}],"wp:attachment":[{"href":"https:\/\/lemotdujour.fr\/index.php?rest_route=%2Fwp%2Fv2%2Fmedia&parent=458"}],"wp:term":[{"taxonomy":"category","embeddable":true,"href":"https:\/\/lemotdujour.fr\/index.php?rest_route=%2Fwp%2Fv2%2Fcategories&post=458"},{"taxonomy":"post_tag","embeddable":true,"href":"https:\/\/lemotdujour.fr\/index.php?rest_route=%2Fwp%2Fv2%2Ftags&post=458"}],"curies":[{"name":"wp","href":"https:\/\/api.w.org\/{rel}","templated":true}]}}