{"id":456,"date":"2017-03-06T01:00:00","date_gmt":"2017-03-05T22:00:00","guid":{"rendered":"http:\/\/lemotdujour.fr\/?p=456"},"modified":"2020-01-23T21:46:17","modified_gmt":"2020-01-23T20:46:17","slug":"lundi-6-mars-2017","status":"publish","type":"post","link":"https:\/\/lemotdujour.fr\/?p=456","title":{"rendered":"Lundi 6 mars 2017"},"content":{"rendered":"<div class=\"mdjDate\"><a id=\"_Toc482008784\"><\/a>Lundi 6 mars 2017<\/div>\n<div class=\"mdjTexte\">\u00ab Une nuit de Paris r\u00e9parera cela. \u00bb<\/div>\n<div class=\"mdjAuteur\">Napol\u00e9on, propos qui lui sont attribu\u00e9s apr\u00e8s le carnage de la bataille d\u2019Eylau (1807)<\/div>\n<p><span style=\"color: #777777; font-family: Arial;\">Apr\u00e8s avoir parl\u00e9, du premier \u00e2ge, l&rsquo;\u00e2ge de l&rsquo;\u00e9volution du vivant jusqu&rsquo;aux humains, le grand r\u00e9cit, Michel Serres d\u00e9crit un deuxi\u00e8me \u00e2ge. <strong>C&rsquo;est l&rsquo;\u00e2ge de la guerre.<\/strong><br \/>\n<\/span><\/p>\n<p><span style=\"color: #777777; font-family: Arial;\">Apr\u00e8s avoir entendu l&rsquo;entretien dont je vous ai parl\u00e9 d\u00e8s le mot du jour du 27 f\u00e9vrier 2017\u00a0: <a href=\"https:\/\/www.youtube.com\/watch?v=LJ58JIeR7m8&amp;t=25s\"><span style=\"color: blue; text-decoration: underline;\">&lt;Michel Serres &#8211; 3 d\u00e9c. 2016 &#8211; KTOTV&gt;<\/span><\/a>, j&rsquo;ai acquis le livre lui-m\u00eame et suis donc en mesure de parler directement de cet ouvrage.<br \/>\n<\/span><\/p>\n<p><span style=\"color: #777777; font-family: Arial;\">Dans cette deuxi\u00e8me partie, Michel Serres parle d&rsquo;abord de lui puis cite une suite d&rsquo;\u00e9v\u00e8nements\u00a0: (\u00e0 partir de la page 44 du livre)\u00a0:<br \/>\n<\/span><\/p>\n<p style=\"margin-left: 28pt;\"><span style=\"color: #c00000; font-family: Arial;\">\u00ab\u00a0Mon \u00e2ge propre commence en 1930. Fils d&rsquo;un paysan marinier gaz\u00e9 \u00e0 Verdun et rescap\u00e9 de l&rsquo;atroce boucherie de 14-18, je descends d&rsquo;autre part de la seule jeune fille qui ait pu se marier, parmi ses amies de coll\u00e8ge, puisque les fianc\u00e9s possibles et les \u00e9poux r\u00e9els dormaient, align\u00e9s, dans les immenses cimeti\u00e8res militaires, ou, inconnus, sous la gl\u00e8be ordinaire. N\u00e9 dans le sud-ouest de la France, mon premier souvenir date de la guerre civile d&rsquo;Espagne, dont nous recevions les r\u00e9fugi\u00e9s qui racontaient les abominations qu&rsquo;ils venaient de subir. [\u2026]<br \/>\n<\/span><\/p>\n<p style=\"margin-left: 28pt;\"><span style=\"color: #c00000; font-family: Arial;\">Depuis leur cr\u00e9ation en 1776, les \u00c9tats-Unis ont \u00e9t\u00e9 en guerre 222 ann\u00e9es sur les 239 de leur existence, soit 93 % de leur temps [\u2026]. Globalement et suivant l&rsquo;\u00e9valuation de l&rsquo;histoire mondiale, calcul\u00e9e, anciennement d\u00e9j\u00e0, par Ivan Bloch, entre l&rsquo;ann\u00e9e 1496 av. J.-C. et l&rsquo;an 1861 de notre \u00e8re, il y eut 227 ann\u00e9es de paix et 3130 ann\u00e9es de guerre. Moins de 10 % de ces 3357 ann\u00e9es consacr\u00e9es \u00e0 la paix, c&rsquo;est-\u00e0-dire \u00e0 la vie \u2013 \u00e0 peu pr\u00e8s le m\u00eame chiffre que celui des \u00c9tats-Unis.<br \/>\n<\/span><\/p>\n<p style=\"margin-left: 28pt;\"><span style=\"color: #c00000; font-family: Arial;\">[\u2026] Ces estimations ne pouvaient pr\u00e9voir que les deux guerres mondiales du si\u00e8cle dernier, plus dix crimes d&rsquo;\u00c9tat, feraient, en effet, baisser encore ce pourcentage. Jusqu&rsquo;au point culminant d&rsquo;Hiroshima, qui fuit, un moment, craindre notre propre \u00e9radication ou celle de la plan\u00e8te enti\u00e8re [\u2026] . Voici donc des mill\u00e9naires qu&rsquo;une mort, subie, certes, mais produite de nos mains, r\u00e8gne sur nous et ne cesse de nous menacer : non seulement notre mort propre, in\u00e9vitable, mais une autre, collective, vers laquelle, h\u00e9las, nous ne cessions de courir, avec une c\u00e9cit\u00e9 constante.\u00a0\u00bb<br \/>\n<\/span><\/p>\n<p><span style=\"color: #777777; font-family: Arial;\">La guerre de tous contre tous \u00e9tait perp\u00e9tuelle. Cette proportion c&rsquo;est en effet, encore accentu\u00e9 lors de la premi\u00e8re moiti\u00e9 du XX\u00e8me si\u00e8cle qui a \u00e9t\u00e9 le pire de l&rsquo;Histoire de la violence qui a culmin\u00e9 avec le <a href=\"https:\/\/www.youtube.com\/watch?v=iGMowcad67E\"><span style=\"color: blue; text-decoration: underline;\">bombardement de Dresde<\/span><\/a> qui porte le triste nom du plus grand bombardement de l&rsquo;Histoire puis les bombes atomiques de Hiroshima et de Nagasaki.<br \/>\n<\/span><\/p>\n<p><span style=\"color: #777777; font-family: Arial;\">A ces massacres issues des guerres entre les Etats et les nations il faut ajouter les victimes internes des totalitarismes\u00a0: du nazisme, du stalinisme et du mao\u00efsme.<br \/>\n<\/span><\/p>\n<p><span style=\"color: #777777; font-family: Arial;\">Pour caract\u00e9riser cette terrible \u00e9poque de plus de 3000 ans de guerre, Michel Serres a choisi Bonaparte. Il raconte qu&rsquo;au soir\u00a0:<br \/>\n<\/span><\/p>\n<p style=\"margin-left: 28pt;\"><span style=\"color: #c00000; font-family: Arial;\">\u00ab\u00a0de la journ\u00e9e d&rsquo;Eylau, escort\u00e9s par ses g\u00e9n\u00e9raux, Napol\u00e9on traversa le champ de bataille jonch\u00e9e de cadavres par milliers et eut ce mot terrible : \u00ab <strong>une nuit de Paris r\u00e9parera cela<\/strong>. \u00bb.<br \/>\n<\/span><\/p>\n<p><img loading=\"lazy\" decoding=\"async\" class=\"alignleft\" src=\"https:\/\/lemotdujour.fr\/wp-content\/uploads\/2020\/01\/012320_2042_LundiXXdcem1.jpg\" alt=\"\" width=\"425\" height=\"323\" align=\"left\" \/><span style=\"color: #777777; font-family: Arial;\">Ce propos que rapporte Michel Serres avait d\u00e9j\u00e0 \u00e9t\u00e9 transcrit dans <a href=\"https:\/\/fr.wikisource.org\/wiki\/Page:Revue_des_Deux_Mondes_-_1915_-_tome_29.djvu\/447\"><span style=\"color: blue; text-decoration: underline;\">la Revue des deux Mondes<\/span><\/a> en 1915.<br \/>\n<\/span><\/p>\n<p><span style=\"color: #777777; font-family: Arial;\">En effet, cette revue rendue c\u00e9l\u00e8bre par la collaboration tr\u00e8s r\u00e9mun\u00e9ratrice de P\u00e9n\u00e9lope Fillon existait d\u00e9j\u00e0 en 1915.<br \/>\n<\/span><\/p>\n<p><span style=\"color: #777777; font-family: Arial;\">Un certain Docteur \u00c9mile Laurent, \u00e9crivit en 1891 un livre appel\u00e9 <a href=\"http:\/\/gallica.bnf.fr\/ark:\/12148\/bpt6k76844p\/f14.item.r=.langFR.zoom\"><span style=\"color: blue; text-decoration: underline;\">&lt;L&rsquo;amour morbide&gt;<\/span><\/a> et dans l&rsquo;introduction de ce livre <a href=\"http:\/\/psychanalyse-paris.com\/L-amour-harmonique-et-l-amour.html\"><span style=\"color: blue; text-decoration: underline;\">&lt;repris ici&gt;<\/span><\/a> il \u00e9crivait cette m\u00eame citation\u00a0:<br \/>\n<\/span><\/p>\n<p style=\"margin-left: 28pt;\"><span style=\"color: #c00000; font-family: Arial;\">\u00ab\u00a0Au lendemain d&rsquo;une sanglante bataille, au milieu d&rsquo;une vaste plaine sem\u00e9e de morts et de mourants, Napol\u00e9on Ier fit cette r\u00e9flexion\u00a0: \u00ab\u00a0Une nuit de Paris r\u00e9parera tout cela.\u00a0\u00bb\u00a0\u00bb<br \/>\n<\/span><\/p>\n<p><span style=\"color: #777777; font-family: Arial;\">Mais Wikipedia ne d\u00e9crit pas la m\u00eame chose sur la page consacr\u00e9e \u00e0 la <span style=\"color: #0000ff;\"><a style=\"color: #0000ff;\" href=\"https:\/\/fr.wikipedia.org\/wiki\/Bataille_d%27Eylau\">bataille d&rsquo;Eylau\u00a0<\/a>:<\/span><br \/>\n<\/span><\/p>\n<p><span style=\"color: #777777; font-family: Arial;\">\u00ab\u00a0<span style=\"color: #c00000;\">Napol\u00e9on, tr\u00e8s affect\u00e9 par les pertes subies, et contrairement \u00e0 son habitude, restera huit jours sur le champ de bataille pour superviser les secours aux bless\u00e9s. Il se retire le soir m\u00eame de la bataille au ch\u00e2teau de Finckenstein non loin de Preu\u00dfisch Eylau<span style=\"color: #777777;\">. Il d\u00e9clare alors :<br \/>\n<\/span><\/span><\/span><\/p>\n<p style=\"margin-left: 28pt;\"><span style=\"color: #c00000; font-family: Arial;\">\u00ab Cette boucherie passerait l&rsquo;envie \u00e0 tous les princes de la terre de faire la guerre. \u00bb\u00a0\u00bb<br \/>\n<\/span><\/p>\n<p><span style=\"color: #777777; font-family: Arial;\">Et l&rsquo;excellent site consacr\u00e9 \u00e0 l&rsquo;histoire <a href=\"https:\/\/www.herodote.net\/8_fevrier_1807-evenement-18070208.php\"><span style=\"color: blue; text-decoration: underline;\">&lt;Herodote&gt;<\/span><\/a> rapporte que 6 jours apr\u00e8s la bataille, Napol\u00e9on 1er \u00e9crit \u00e0 l&rsquo;imp\u00e9ratrice Jos\u00e9phine :<br \/>\n<\/span><\/p>\n<p style=\"margin-left: 28pt;\"><span style=\"color: #c00000; font-family: Arial;\">\u00abJe suis toujours \u00e0 Eylau. Ce pays est couvert de morts et de bless\u00e9s. Ce n&rsquo;est pas la plus belle partie de la guerre. L&rsquo;on souffre et l&rsquo;\u00e2me est oppress\u00e9e de voir tant de victimes\u00bb<br \/>\n<\/span><\/p>\n<p><span style=\"color: #777777; font-family: Arial;\">On ne sait donc pas avec certitude que Napol\u00e9on aurait bien tenu ces propos obsc\u00e8nes \u00e0 la bataille d&rsquo;Eylau qui opposa son arm\u00e9e \u00e0 l&rsquo;arm\u00e9e russe. Et finalement peu importe, il est certain que pendant des si\u00e8cles les hommes ont magnifi\u00e9 la guerre et ont minimis\u00e9 l&rsquo;horreur et la violence sur les champs de bataille.<br \/>\n<\/span><\/p>\n<p><span style=\"color: #777777; font-family: Arial;\">Michel Serres rappelle d&rsquo;ailleurs que\u00a0:<br \/>\n<\/span><\/p>\n<p style=\"margin-left: 28pt;\"><span style=\"color: #c00000; font-family: Arial;\">\u00ab\u00a0Les Fran\u00e7ais vou\u00e8rent aux guerres napol\u00e9oniennes et \u00e0 la r\u00e9volution de 1789, 1\u00a0500\u00a0000 morts alors que la premi\u00e8re guerre mondiale, entre 14 et 18 pourtant consid\u00e9r\u00e9s comme une boucherie, leur co\u00fbta <em>seulement<\/em> 1\u00a0350\u00a0000 victimes.\u00a0\u00bb<br \/>\n<\/span><\/p>\n<p><span style=\"color: #777777; font-family: Arial;\">Et partout, sur nos Places des statues c\u00e9l\u00e8brent des g\u00e9n\u00e9raux le sabre lev\u00e9 avec le r\u00e9cit de leurs exploits. Des avenues et des rues portent leurs noms alors qu&rsquo;ils sont, avant toute chose, des hommes de la mort, qui ont pouss\u00e9 leurs hommes \u00e0 s&rsquo;entretuer avec d&rsquo;autres hommes.<br \/>\n<\/span><\/p>\n<p><span style=\"color: #777777; font-family: Arial;\">Terrible \u00e2ge que cet \u00e2ge de la guerre.<br \/>\n<\/span><\/p>\n<p><span style=\"color: #c00000; font-family: Arial;\">&lt;851&gt;<\/span><\/p>\n","protected":false},"excerpt":{"rendered":"<p>Lundi 6 mars 2017 \u00ab Une nuit de Paris r\u00e9parera cela. \u00bb Napol\u00e9on, propos qui lui sont attribu\u00e9s apr\u00e8s le carnage de la bataille d\u2019Eylau (1807) Apr\u00e8s avoir parl\u00e9, du premier \u00e2ge, l&rsquo;\u00e2ge de l&rsquo;\u00e9volution du vivant jusqu&rsquo;aux humains, le<\/p>\n","protected":false},"author":1,"featured_media":0,"comment_status":"closed","ping_status":"closed","sticky":false,"template":"","format":"standard","meta":{"footnotes":""},"categories":[1],"tags":[17,6],"class_list":["post-456","post","type-post","status-publish","format-standard","hentry","category-motdujour","tag-histoire","tag-philosophie"],"_links":{"self":[{"href":"https:\/\/lemotdujour.fr\/index.php?rest_route=\/wp\/v2\/posts\/456","targetHints":{"allow":["GET"]}}],"collection":[{"href":"https:\/\/lemotdujour.fr\/index.php?rest_route=\/wp\/v2\/posts"}],"about":[{"href":"https:\/\/lemotdujour.fr\/index.php?rest_route=\/wp\/v2\/types\/post"}],"author":[{"embeddable":true,"href":"https:\/\/lemotdujour.fr\/index.php?rest_route=\/wp\/v2\/users\/1"}],"replies":[{"embeddable":true,"href":"https:\/\/lemotdujour.fr\/index.php?rest_route=%2Fwp%2Fv2%2Fcomments&post=456"}],"version-history":[{"count":3,"href":"https:\/\/lemotdujour.fr\/index.php?rest_route=\/wp\/v2\/posts\/456\/revisions"}],"predecessor-version":[{"id":7877,"href":"https:\/\/lemotdujour.fr\/index.php?rest_route=\/wp\/v2\/posts\/456\/revisions\/7877"}],"wp:attachment":[{"href":"https:\/\/lemotdujour.fr\/index.php?rest_route=%2Fwp%2Fv2%2Fmedia&parent=456"}],"wp:term":[{"taxonomy":"category","embeddable":true,"href":"https:\/\/lemotdujour.fr\/index.php?rest_route=%2Fwp%2Fv2%2Fcategories&post=456"},{"taxonomy":"post_tag","embeddable":true,"href":"https:\/\/lemotdujour.fr\/index.php?rest_route=%2Fwp%2Fv2%2Ftags&post=456"}],"curies":[{"name":"wp","href":"https:\/\/api.w.org\/{rel}","templated":true}]}}