{"id":4541,"date":"2018-04-09T04:11:34","date_gmt":"2018-04-09T02:11:34","guid":{"rendered":"http:\/\/lemotdujour.fr\/?p=4541"},"modified":"2022-03-11T15:04:10","modified_gmt":"2022-03-11T14:04:10","slug":"lundi-9-avril-2018","status":"publish","type":"post","link":"https:\/\/lemotdujour.fr\/?p=4541","title":{"rendered":"Lundi 9 avril 2018"},"content":{"rendered":"<div class=\"mdjTexte\">\u00ab Nous allons vers une humanit\u00e9 \u00e0 deux vitesses \u00bb<\/div>\n<div class=\"mdjAuteur\">Jacques Testart<\/div>\n<p><a href=\"https:\/\/fr.wikipedia.org\/wiki\/Jacques_Testart\"><span style=\"font-family: Arial;\"><span style=\"color: #0000ff;\">Jacques Testart<\/span><\/span><\/a><span style=\"color: #777777; font-family: Arial;\">, n\u00e9 en 1939, est un biologiste fran\u00e7ais c\u00e9l\u00e8bre puisqu&rsquo;il f\u00fbt celui que Le MONDE appelle <strong>le p\u00e8re scientifique du premier b\u00e9b\u00e9-\u00e9prouvette fran\u00e7ais<\/strong> n\u00e9 en 1982 et auquel on a donn\u00e9 le nom d&rsquo;<a href=\"https:\/\/www.ouest-france.fr\/societe\/amandine-premier-bebe-eprouvette-francais-35-ans-ce-vendredi-4819807\"><span style=\"color: #0000ff;\">Amandine<\/span><\/a><span style=\"color: #0000ff;\">.<\/span><br \/>\n<\/span><\/p>\n<p><span style=\"color: #777777; font-family: Arial;\">Il vient de publier un livre avec Agn\u00e8s Rousseaux aux Editions du Seuil&nbsp;: \u00ab <span style=\"color: #0000ff;\"><a style=\"color: #0000ff;\" href=\"http:\/\/www.seuil.com\/ouvrage\/au-peril-de-l-humain-jacques-testart\/9782021342994\">Au P\u00e9ril de l&rsquo;humain : les promesses suicidaires des transhumanistes<\/a> <\/span>\u00bb<br \/>\n<\/span><\/p>\n<p><img loading=\"lazy\" decoding=\"async\" class=\"alignleft\" src=\"https:\/\/lemotdujour.fr\/wp-content\/uploads\/2018\/04\/040818_2111_Lundi9avril1.jpg\" alt=\"\" width=\"240\" height=\"365\" align=\"left\"><span style=\"color: #777777; font-family: Arial;\">Ce livre est pr\u00e9sent\u00e9 ainsi sur le site des Editions du Seuil&nbsp;:<br \/>\n<\/span><\/p>\n<p><span style=\"color: #777777; font-family: Arial;\">\u00ab&nbsp;<em>Fabriquer un \u00eatre humain sup\u00e9rieur, artificiel, voire immortel, dont les imperfections seraient r\u00e9par\u00e9es et les capacit\u00e9s am\u00e9lior\u00e9es. Telle est l&rsquo;ambition du mouvement transhumaniste, qui pr\u00e9voit le d\u00e9passement de l&rsquo;humanit\u00e9 gr\u00e2ce \u00e0 la technique et l&rsquo;av\u00e8nement prochain d&rsquo;un \u00ab homme augment\u00e9 \u00bb fa\u00e7onn\u00e9 par les biotechnologies, les nanosciences, la g\u00e9n\u00e9tique. Avec le risque de voir se d\u00e9velopper une sous-humanit\u00e9 de plus en plus d\u00e9pendante de technologies qui mod\u00e8leront son corps et son cerveau, ses perceptions et ses relations aux autres. Non pas l&rsquo;\u00ab homme nouveau \u00bb des r\u00e9volutionnaires, mais l&rsquo;homme-machine du capitalisme.<\/em>&nbsp;\u00bb<br \/>\n<\/span><\/p>\n<p><span style=\"color: #777777; font-family: Arial;\">Le MONDE a publi\u00e9 le 8 avril un entretien avec cet homme de science qui avoue sa m\u00e9fiance \u00e0 l&rsquo;\u00e9gard du lib\u00e9ralisme, on peut lire par exemple cet article de 2007 qu&rsquo;il a r\u00e9dig\u00e9&nbsp;: <span style=\"color: #0000ff;\"><a style=\"color: #0000ff;\" href=\"http:\/\/www.lemonde.fr\/societe\/article\/2007\/04\/18\/l-eugenisme-au-service-du-liberalisme-par-jacques-testart_897853_3224.html\">L&rsquo;eug\u00e9nisme au service du lib\u00e9ralisme, par Jacques Testart<\/a><\/span><br \/>\n<\/span><\/p>\n<p><span style=\"color: #777777; font-family: Arial;\">Dans son nouvel ouvrage il s&rsquo;attaque au transhumanisme et \u00e0 ce qu&rsquo;il appelle&nbsp;: \u00ab&nbsp;Les promesses suicidaires&nbsp;\u00bb.<br \/>\n<\/span><\/p>\n<p><span style=\"color: #777777; font-family: Arial;\">Dans l&rsquo;entretien avec du MONDE, il parle de sa premi\u00e8re exp\u00e9rience dans laquelle il a \u00e9t\u00e9 confront\u00e9 aux d\u00e9rives de la technoscience&nbsp;:<br \/>\n<\/span><\/p>\n<p style=\"margin-left: 28pt;\"><span style=\"color: #c00000; font-family: Arial;\">\u00ab&nbsp;. A la fac de biologie cellulaire o\u00f9 je suivais des cours, un prof qui s&rsquo;appelait Charles Thibault m&rsquo;avait \u00e0 la bonne. Il m&rsquo;a propos\u00e9 de venir travailler sous contrat dans son labo de l&rsquo;Institut national de la recherche agronomique (INRA), \u00e0 Jouy-en-Josas (Yvelines). J&rsquo;y suis entr\u00e9 en 1964, j&rsquo;\u00e9tais ravi ! [\u2026]<br \/>\n<\/span><\/p>\n<p style=\"margin-left: 28pt;\"><span style=\"color: #c00000; font-family: Arial;\">L&rsquo;id\u00e9e \u00e9tait de trouver un moyen de multiplier rapidement les vaches de haute qualit\u00e9 laiti\u00e8re. J&rsquo;ai mis au point une m\u00e9thode pour extraire des embryons de l&rsquo;ut\u00e9rus de vaches \u00ab donneuses \u00bb, puis pour les transplanter dans celui de \u00ab receveuses \u00bb \u2013 autrement dit de m\u00e8res porteuses. Et en 1972, au moment o\u00f9 sont n\u00e9s les premiers veaux issus de ces techniques, je me suis aper\u00e7u que c&rsquo;\u00e9tait compl\u00e8tement idiot : la surproduction de lait europ\u00e9en provoquait la ruine des \u00e9leveurs, et on me payait pour augmenter la production laiti\u00e8re ! Je suis all\u00e9 voir le directeur de l&rsquo;INRA pour lui dire que j&rsquo;\u00e9tais scandalis\u00e9 par ce qu&rsquo;on m&rsquo;avait fait faire. [\u2026].Plus encore qu&rsquo;\u00eatre en col\u00e8re, j&rsquo;avais honte. Pour les paysans. Et pour la science, qui s&rsquo;\u00e9crivait pour moi avec un grand S. La science, cela se rapprochait de la philosophie, c&rsquo;\u00e9tait une compr\u00e9hension du monde. En fait, ce que j&rsquo;aurais voulu faire, c&rsquo;est le travail de Jane Goodall, observer les grands singes\u2026 C&rsquo;est magnifique, \u00e7a ! Mais faire faire des petits \u00e0 des vaches pour avoir plus de lait ? C&rsquo;\u00e9tait de la technique, pas de la science.&nbsp;\u00bb<br \/>\n<\/span><\/p>\n<p><span style=\"color: #777777; font-family: Arial;\">Il revient aussi sur la naissance d&rsquo;Amandine ainsi que son conflit avec le Professeur gyn\u00e9cologue Ren\u00e9 Frydman avec lequel il a r\u00e9ussi cette avanc\u00e9e scientifique majeure. Cet \u00e9v\u00e8nement s&rsquo;est d\u00e9roul\u00e9 \u00e0 l&rsquo;h\u00f4pital Antoine-B\u00e9cl\u00e8re (AP-HP), \u00e0 Clamart (Hauts-de-Seine). L&rsquo;\u00e9quipe \u00e9tait dirig\u00e9e par le chef de service \u00c9mile Papiernik, le professeur Ren\u00e9 Frydman en est le responsable clinique et le biologiste Jacques Testart le responsable scientifique. Jacques Testart raconte cette exp\u00e9rience et les le\u00e7ons qu&rsquo;il en a tir\u00e9 ainsi&nbsp;:<br \/>\n<\/span><\/p>\n<p style=\"margin-left: 28pt;\"><span style=\"color: #c00000; font-family: Arial;\">\u00ab&nbsp;[J&rsquo;ai eu] la chance de rencontrer Emile Papiernik, le patron du service de gyn\u00e9cologie de l&rsquo;h\u00f4pital Antoine-B\u00e9cl\u00e8re, \u00e0 Clamart, qui montait un laboratoire de recherche sur la st\u00e9rilit\u00e9. Il m&rsquo;a propos\u00e9 de venir travailler avec lui. Cela me permettait de fuir la recherche productiviste ! On \u00e9tait en 1977, et personne ne parlait alors de f\u00e9condation in vitro.<br \/>\n<\/span><\/p>\n<p style=\"margin-left: 28pt;\"><span style=\"color: #c00000; font-family: Arial;\">Et l&rsquo;ann\u00e9e suivante, en Grande-Bretagne, on annonce la naissance de Louise Brown, le premier \u00ab b\u00e9b\u00e9-\u00e9prouvette \u00bb\u2026<br \/>\n<\/span><\/p>\n<p style=\"margin-left: 28pt;\"><span style=\"color: #c00000; font-family: Arial;\">Et les gyn\u00e9cologues de B\u00e9cl\u00e8re, Ren\u00e9 Frydman au premier chef, me demandent de mettre au point la f\u00e9condation in vitro (FIV) chez l&rsquo;humain, en m&rsquo;appuyant sur mes connaissances en reproduction animale. J&rsquo;ai dit oui tout de suite ! Utiliser la FIV pour pallier certaines st\u00e9rilit\u00e9s, cela me semblait une belle mission. Dans ces ann\u00e9es-l\u00e0, j&rsquo;ai publi\u00e9 comme jamais dans ma vie, jusqu&rsquo;\u00e0 deux articles par mois !<br \/>\n<\/span><\/p>\n<p style=\"margin-left: 28pt;\"><span style=\"color: #c00000; font-family: Arial;\">Mais d\u00e9j\u00e0, il commen\u00e7ait \u00e0 y avoir des tensions entre Frydman et moi. Il essayait de s&rsquo;approprier le laboratoire comme si j&rsquo;\u00e9tais son technicien, ce que je ne supportais pas du tout. Et puis, il y a eu la grossesse d&rsquo;Amandine. Et l&rsquo;accouchement, je ne l&rsquo;ai pas v\u00e9cu. Je l&rsquo;ai appris \u00e0 3 heures du matin par un coup de fil de Frydman, qui m&rsquo;annonce que le b\u00e9b\u00e9 est sorti, que \u00e7a s&rsquo;est tr\u00e8s bien pass\u00e9 et qu&rsquo;on a une conf\u00e9rence de presse \u00e0 midi ! C&rsquo;est comme \u00e7a que j&rsquo;ai appris la naissance d&rsquo;Amandine.<br \/>\n<\/span><\/p>\n<p style=\"margin-left: 28pt;\"><span style=\"color: #c00000; font-family: Arial;\">[\u2026] Le battage m\u00e9diatique qui a suivi la naissance d&rsquo;Amandine nous a transform\u00e9s \u2013 abusivement \u2013 en h\u00e9ros. On en rigolait ensemble, on allait dans des congr\u00e8s \u00e0 l&rsquo;autre bout du monde\u2026 C&rsquo;\u00e9tait assez confortable, bien s\u00fbr \u2013 sortir de la masse, c&rsquo;est quelque chose qui fait plaisir \u00e0 tout le monde. Mais en m\u00eame temps, je trouvais que ce n&rsquo;\u00e9tait pas m\u00e9rit\u00e9. Entre Frydman et moi, les choses ont continu\u00e9 de se d\u00e9grader au fil des ans. Nous avions mont\u00e9 un vrai laboratoire hospitalier, avec du bon mat\u00e9riel, mais nous \u00e9tions de moins en moins souvent d&rsquo;accord. Frydman voulait qu&rsquo;on cong\u00e8le les ovules, moi j&rsquo;\u00e9tais contre car, \u00e0 l&rsquo;\u00e9poque, cela cr\u00e9ait des anomalies chromosomiques\u2026 Nous avions beaucoup d&rsquo;autres sources de conflits. Jusqu&rsquo;\u00e0 ce que j&rsquo;apprenne, en 1990, que j&rsquo;\u00e9tais vir\u00e9 de l&rsquo;h\u00f4pital B\u00e9cl\u00e8re.&nbsp;\u00bb<br \/>\n<\/span><\/p>\n<p><span style=\"color: #777777; font-family: Arial;\">Malgr\u00e9 leurs divergences ils se sont retrouv\u00e9s r\u00e9cemment dans les colonnes du Monde en cosignant une tribune avec une quarantaine de personnalit\u00e9s contre la gestation pour autrui (GPA).<br \/>\n<\/span><\/p>\n<p><span style=\"color: #777777; font-family: Arial;\">Dans l&rsquo;article du MONDE il raconte que tr\u00e8s rapidement apr\u00e8s la naissance d&rsquo;Amandine il a commenc\u00e9 \u00e0 s&rsquo;inqui\u00e9ter des retomb\u00e9es de la procr\u00e9ation m\u00e9dicalement assist\u00e9e (PMA).<br \/>\n<\/span><\/p>\n<p style=\"margin-left: 28pt;\"><span style=\"color: #c00000; font-family: Arial;\">\u00ab&nbsp; J&rsquo;ai \u00e9t\u00e9 effar\u00e9 du bruit qu&rsquo;a fait cette naissance, je trouvais \u00e7a tr\u00e8s exag\u00e9r\u00e9. A la m\u00eame \u00e9poque, il y avait des recherches sur des souris ou des mouches beaucoup plus importantes ! Nous avions fait du beau boulot, cela nous avait demand\u00e9 beaucoup de d\u00e9vouement et un peu de jugeote, d&rsquo;accord. Mais au niveau de la science, cet \u00e9v\u00e9nement ne valait rien, d&rsquo;autant que Robert Edwards l&rsquo;avait fait quatre ans avant nous avec Louise Brown. Je me suis donc mis \u00e0 cogiter. Et j&rsquo;ai compris que l&rsquo;\u00e9v\u00e9nement, c&rsquo;\u00e9tait de pouvoir voir ce futur b\u00e9b\u00e9 neuf mois avant sa naissance. De pouvoir voir \u00e0 l&rsquo;int\u00e9rieur de l&rsquo;\u0153uf et d&rsquo;intervenir au stade le plus pr\u00e9coce, avec la possibilit\u00e9 de modifier ou de trier les enfants \u00e0 na\u00eetre. J&rsquo;ai \u00e9crit L&rsquo;\u0152uf transparent (Flammarion, \u00ab Champs \u00bb, 1986) pour raconter cela. Pour dire que ce que nous venions de r\u00e9ussir ouvrait la voie \u00e0 un nouvel eug\u00e9nisme, consensuel et d\u00e9mocratique.<br \/>\n<\/span><\/p>\n<p style=\"margin-left: 28pt;\"><span style=\"color: #c00000; font-family: Arial;\">[Apr\u00e8s] les vaches laiti\u00e8res \u00e0 l&rsquo;INRA [\u2026] je me suis fait avoir deux fois de suite. J&rsquo;avais travaill\u00e9 pour des femmes dont les trompes \u00e9taient bouch\u00e9es de mani\u00e8re irr\u00e9versible, j&rsquo;avais fait de la plomberie, et je n&rsquo;avais pas r\u00e9fl\u00e9chi aux perspectives que cela ouvrait : faire na\u00eetre des enfants qui non seulement n&rsquo;ont pas certaines maladies graves, mais qui sont \u00e9ventuellement choisis parmi plusieurs embryons pour certaines qualit\u00e9s.<br \/>\n<\/span><\/p>\n<p style=\"margin-left: 28pt;\"><span style=\"color: #c00000; font-family: Arial;\">Je me suis alors mis \u00e0 lire des ouvrages sur l&rsquo;eug\u00e9nisme. Pas l&rsquo;eug\u00e9nisme b\u00eate et m\u00e9chant du nazisme, mais un eug\u00e9nisme \u00ab intelligent \u00bb \u00e0 la Francis Galton, tel qu&rsquo;il fut promu durant le premier tiers du XXe si\u00e8cle en Scandinavie et aux Etats-Unis, avec la st\u00e9rilisation massive d&rsquo;individus consid\u00e9r\u00e9s comme d\u00e9viants\u2026 Cela faisait un peu froid dans le dos. Mes craintes n&rsquo;\u00e9taient pas tr\u00e8s partag\u00e9es, beaucoup consid\u00e9raient comme impossible de r\u00e9aliser un diagnostic g\u00e9n\u00e9tique sur un embryon de quelques cellules, mais l&rsquo;avenir se chargea vite de leur donner tort : le diagnostic pr\u00e9implantatoire fut mis au point par les Britanniques en 1990, et fut accept\u00e9 par la premi\u00e8re loi fran\u00e7aise de bio\u00e9thique d\u00e8s 1994 !&nbsp;\u00bb<br \/>\n<\/span><\/p>\n<p><span style=\"color: #777777; font-family: Arial;\">Tout en d\u00e9non\u00e7ant les d\u00e9rives qu&rsquo;il constatait, il a continu\u00e9 \u00e0 aider des couples \u00e0 avoir l&rsquo;enfant qu&rsquo;ils ne parvenaient pas \u00e0 faire tout seuls, mais pas contribuer \u00e0 faire autre chose que des b\u00e9b\u00e9s du hasard.<br \/>\n<\/span><\/p>\n<p><span style=\"color: #777777; font-family: Arial;\">Et pour lui Le transhumanisme, c&rsquo;est le nouveau nom de l&rsquo;eug\u00e9nisme&nbsp;:<br \/>\n<\/span><\/p>\n<p style=\"margin-left: 28pt;\"><span style=\"color: #c00000; font-family: Arial;\">\u00ab&nbsp;C&rsquo;est l&rsquo;am\u00e9lioration de l&rsquo;esp\u00e8ce par d&rsquo;autres moyens que la g\u00e9n\u00e9tique. C&rsquo;est la perspective de fabriquer de nouveaux humains plus intelligents qui vont vivre trois si\u00e8cles, quand les autres deviendront des sous-hommes. Et cette perspective, qui cr\u00e9era une humanit\u00e9 \u00e0 deux vitesses, est en passe d&rsquo;\u00eatre accept\u00e9e par la soci\u00e9t\u00e9.&nbsp;\u00bb<br \/>\n<\/span><\/p>\n<p><span style=\"color: #777777; font-family: Arial;\">Jacques Testart est devenu un lanceur d&rsquo;alerte qui nous interpelle.<br \/>\n<\/span><\/p>\n<p><span style=\"color: #777777; font-family: Arial;\">Je n&rsquo;ai cit\u00e9 que des extraits de l&rsquo;article du Monde qui devrait \u00eatre lu enti\u00e8rement&nbsp;: <span style=\"color: #0000ff;\"><a style=\"color: #0000ff;\" href=\"http:\/\/www.lemonde.fr\/bioethique\/article\/2018\/04\/08\/jacques-testart-nous-allons-vers-une-humanite-a-deux-vitesses_5282382_5243590.html\">&lt;LIEN&gt;<\/a><\/span><br \/>\n<\/span><\/p>\n<p><span style=\"color: #777777; font-family: Arial;\">Il a r\u00e9dig\u00e9 aussi une tribune dans &lt;<span style=\"color: #0000ff;\"><a style=\"color: #0000ff;\" href=\"http:\/\/www.leparisien.fr\/societe\/jacques-testart-preserver-notre-espece-d-un-eugenisme-de-masse-08-04-2018-7652721.php\"><span style=\"color: #0000ff;\">Le Parisien du 8 avril 2018<\/span><\/a>&gt;<\/span><br \/>\n<\/span><\/p>\n<p><span style=\"color: #c00000; font-family: Arial;\">&lt;1052&gt;<\/span><\/p>\n","protected":false},"excerpt":{"rendered":"<p>\u00ab Nous allons vers une humanit\u00e9 \u00e0 deux vitesses \u00bb Jacques Testart Jacques Testart, n\u00e9 en 1939, est un biologiste fran\u00e7ais c\u00e9l\u00e8bre puisqu&rsquo;il f\u00fbt celui que Le MONDE appelle le p\u00e8re scientifique du premier b\u00e9b\u00e9-\u00e9prouvette fran\u00e7ais n\u00e9 en 1982 et<\/p>\n","protected":false},"author":1,"featured_media":0,"comment_status":"open","ping_status":"closed","sticky":false,"template":"","format":"standard","meta":{"footnotes":""},"categories":[1],"tags":[35,7,85],"class_list":["post-4541","post","type-post","status-publish","format-standard","hentry","category-motdujour","tag-sciences","tag-societe","tag-transhumanisme"],"_links":{"self":[{"href":"https:\/\/lemotdujour.fr\/index.php?rest_route=\/wp\/v2\/posts\/4541","targetHints":{"allow":["GET"]}}],"collection":[{"href":"https:\/\/lemotdujour.fr\/index.php?rest_route=\/wp\/v2\/posts"}],"about":[{"href":"https:\/\/lemotdujour.fr\/index.php?rest_route=\/wp\/v2\/types\/post"}],"author":[{"embeddable":true,"href":"https:\/\/lemotdujour.fr\/index.php?rest_route=\/wp\/v2\/users\/1"}],"replies":[{"embeddable":true,"href":"https:\/\/lemotdujour.fr\/index.php?rest_route=%2Fwp%2Fv2%2Fcomments&post=4541"}],"version-history":[{"count":8,"href":"https:\/\/lemotdujour.fr\/index.php?rest_route=\/wp\/v2\/posts\/4541\/revisions"}],"predecessor-version":[{"id":13379,"href":"https:\/\/lemotdujour.fr\/index.php?rest_route=\/wp\/v2\/posts\/4541\/revisions\/13379"}],"wp:attachment":[{"href":"https:\/\/lemotdujour.fr\/index.php?rest_route=%2Fwp%2Fv2%2Fmedia&parent=4541"}],"wp:term":[{"taxonomy":"category","embeddable":true,"href":"https:\/\/lemotdujour.fr\/index.php?rest_route=%2Fwp%2Fv2%2Fcategories&post=4541"},{"taxonomy":"post_tag","embeddable":true,"href":"https:\/\/lemotdujour.fr\/index.php?rest_route=%2Fwp%2Fv2%2Ftags&post=4541"}],"curies":[{"name":"wp","href":"https:\/\/api.w.org\/{rel}","templated":true}]}}