{"id":4538,"date":"2018-04-11T03:29:47","date_gmt":"2018-04-11T01:29:47","guid":{"rendered":"http:\/\/lemotdujour.fr\/?p=4538"},"modified":"2021-10-17T12:56:15","modified_gmt":"2021-10-17T10:56:15","slug":"mercredi-11-avril-2018","status":"publish","type":"post","link":"https:\/\/lemotdujour.fr\/?p=4538","title":{"rendered":"Mercredi 11 avril 2018"},"content":{"rendered":"<div class=\"mdjTexte\">\t\u00ab&nbsp;300 imams de France sont des fonctionnaires d\u2019Etats \u00e9trangers&nbsp;\u00bb<\/div>\n<div class=\"mdjAuteur\">\tR\u00e9alit\u00e9 de la France contemporaine et accept\u00e9e dans le cadre d\u2019accord bi-nationaux<\/div>\n<p><span style=\"color: #777777; font-family: Arial;\">Nos politiques parlent toujours d&rsquo;islam de France. La r\u00e9alit\u00e9 est un peu moins franco-fran\u00e7aise.<br \/>\n<\/span><\/p>\n<p><span style=\"color: #777777; font-family: Arial;\">Nous savons qu&rsquo;il existe des financements \u00e9trangers de l&rsquo;Islam de France, on parle beaucoup du Qatar et aussi de l&rsquo;Arabie Saoudite. Mais concernant les responsables religieux, les imams, trois pays, pour l&rsquo;essentiel, se chargent d&rsquo;envoyer des imams en France&nbsp;: La Turquie, l&rsquo;Alg\u00e9rie et le Maroc et de les r\u00e9mun\u00e9rer.<br \/>\n<\/span><\/p>\n<p><span style=\"color: #777777; font-family: Arial;\">Ces situations existent dans le cadre d&rsquo;accord bilat\u00e9raux avec la France.<br \/>\n<\/span><\/p>\n<p><span style=\"color: #777777; font-family: Arial;\">Et <span style=\"color: #0000ff;\"><a style=\"color: #0000ff;\" href=\"http:\/\/www.bfmtv.com\/societe\/ces-300-imams-fonctionnaires-de-pays-etrangers-qui-officient-en-france-1372982.html\">&lt;le site BFM TV&gt;<\/a><\/span> nous apprend en outre que ces religieux sont des fonctionnaires des pays qui les envoient&nbsp;:<br \/>\n<\/span><\/p>\n<p style=\"margin-left: 28pt;\"><span style=\"color: #c00000; font-family: Arial;\">\u00ab&nbsp;Parmi les imams exer\u00e7ant en France, 300 sont des fonctionnaires d&rsquo;Etats \u00e9trangers qui les r\u00e9mun\u00e8rent: \u00e0 savoir la Turquie, l&rsquo;Alg\u00e9rie et le Maroc. Ces expatriations de fonctionnaires de la foi musulmane se font dans le cadre de conventions bilat\u00e9rales sign\u00e9es par ces trois pays. [\u2026] On peut partir du principe qu&rsquo;il y a 3000 mosqu\u00e9es en France. [\u2026] Dans ce sch\u00e9ma, les imams d\u00e9tach\u00e9s, fonctionnaires turcs, alg\u00e9riens ou marocains, repr\u00e9senteraient 10% environ de l&rsquo;ensemble.<br \/>\n<\/span><\/p>\n<p style=\"margin-left: 28pt;\"><span style=\"color: #c00000; font-family: Arial;\">Parmi ces fonctionnaires religieux d\u00e9ploy\u00e9s par des Etats \u00e9trangers, on trouve ainsi [\u2026] \u00ab\u00a0151 imams turcs, 120 Alg\u00e9riens, et 28 Marocains\u00a0\u00bb. L&rsquo;addition de ces trois groupes n&rsquo;atteint pas la barre des 300. La raison? Le d\u00e9part r\u00e9cent de deux imams marocains.&nbsp;\u00bb<br \/>\n<\/span><\/p>\n<p><span style=\"color: #777777; font-family: Arial;\">Le JDD du 11 f\u00e9vrier 2018 dans un article \u00ab&nbsp;<a href=\"http:\/\/www.lejdd.fr\/politique\/islam-de-france-ce-que-veut-faire-macron-3571067\"><span style=\"color: #0000ff;\">Islam de France : ce que veut faire Macron<\/span>&nbsp;<\/a>\u00bb pr\u00e9cise quelques points suppl\u00e9mentaires&nbsp;:<br \/>\n<\/span><\/p>\n<p style=\"margin-left: 28pt;\"><span style=\"color: #c00000; font-family: Arial;\"> \u00ab&nbsp;[Macron] n&rsquo;a gu\u00e8re appr\u00e9ci\u00e9 que son homologue turc, Recep Tayyip Erdogan, profite d&rsquo;une visite \u00e0 Paris pour s&rsquo;entretenir avec les dirigeants du Conseil fran\u00e7ais du culte musulman (CFCM) et afficher outrageusement le poids de son pays au sein de l&rsquo;islam fran\u00e7ais. [\u2026]<br \/>\n<\/span><\/p>\n<p style=\"margin-left: 28pt;\"><span style=\"color: #c00000; font-family: Arial;\">D\u00e9sormais, le ministre de l&rsquo;Int\u00e9rieur, G\u00e9rard Collomb, a pour mission de pr\u00e9parer la r\u00e9forme du CFCM, institution cr\u00e9\u00e9e en 2003 sous l&rsquo;\u00e9gide de Nicolas Sarkozy, mais qui n&rsquo;est jamais parvenue \u00e0 s&rsquo;imposer &#8211; \u00e0 peine un tiers des musulmans connaissent son existence [\u2026] Tous les experts consult\u00e9s ont livr\u00e9 le m\u00eame diagnostic : le mode de d\u00e9signation des membres du CFCM est en soi un facteur d&rsquo;immobilisme, une sorte de p\u00e9ch\u00e9 originel. Ils sont \u00e9lus dans les mosqu\u00e9es selon une r\u00e9partition des si\u00e8ges proportionnelle \u00e0 la surface des b\u00e2timents et dans un scrutin o\u00f9 l&rsquo;influence des pays \u00e9trangers (Alg\u00e9rie, Maroc, Turquie, Arabie saoudite, Qatar) se r\u00e9v\u00e8le d\u00e9terminante.<br \/>\n<\/span><\/p>\n<p><span style=\"color: #777777; font-family: Arial;\">Capital qui a consacr\u00e9 un article \u00e0 ce sujet&nbsp;: \u00ab&nbsp;<span style=\"color: #0000ff;\"><a style=\"color: #0000ff;\" href=\"https:\/\/www.capital.fr\/economie-politique\/comment-sont-financees-les-mosquees-en-france-1152861\">Comment sont financ\u00e9es les mosqu\u00e9es en France ?&nbsp;<\/a><\/span>\u00bb explique&nbsp;:<br \/>\n<\/span><\/p>\n<p style=\"margin-left: 28pt;\"><span style=\"color: #c00000; font-family: Arial;\">\u00ab&nbsp;S&rsquo;il est effectivement difficile d&rsquo;obtenir des donn\u00e9es pr\u00e9cises sur le sujet, <span style=\"color: #0000ff;\"><a style=\"color: #0000ff;\" href=\"https:\/\/www.senat.fr\/rap\/r15-757\/r15-7571.pdf\">un rapport parlementaire publi\u00e9 le 5 juillet<\/a><\/span> estimait que le financement des mosqu\u00e9es par des pays \u00e9trangers restait \u00ab\u00a0marginal\u00a0\u00bb, l&rsquo;essentiel \u00e9tant assur\u00e9 gr\u00e2ce aux dons des fid\u00e8les (la loi interdisant aux pouvoirs publics de subventionner les cultes). \u00ab\u00a0Le financement du culte musulman se rapproche de celui des autres cultes, notamment du culte catholique, qui provient \u00e0 80 % des dons des fid\u00e8les\u00a0\u00bb, soulignent les auteurs.<br \/>\n<\/span><\/p>\n<p style=\"margin-left: 28pt;\"><span style=\"color: #c00000; font-family: Arial;\">Le rapport cite notamment le pr\u00e9sident de l&rsquo;Union des organisations islamiques de France, Amar Lasfar, pour qui \u00ab\u00a0hormis une vingtaine de mosqu\u00e9es financ\u00e9es par des organisations ou des \u00c9tats \u00e9trangers, l&rsquo;immense majorit\u00e9 est financ\u00e9e par la communaut\u00e9 musulmane\u00a0\u00bb.<br \/>\n<\/span><\/p>\n<p style=\"margin-left: 28pt;\"><span style=\"color: #c00000; font-family: Arial;\">Parmi les pays concern\u00e9s, figure l&rsquo;Arabie Saoudite qui affirme avoir \u00ab\u00a0particip\u00e9 au financement de huit mosqu\u00e9es fran\u00e7aises : les aides ont vari\u00e9 entre 200.000 et 900.000 euros par projet. Au total, nous avons vers\u00e9 3.759.400 euros\u00a0\u00bb. Il s&rsquo;agit principalement de lieux situ\u00e9s en banlieue parisienne (Cergy, Nanterre, Asni\u00e8res\u2026), \u00e0 Strasbourg ainsi qu&rsquo;\u00e0 Givors pr\u00e8s de Lyon.<br \/>\n<\/span><\/p>\n<p style=\"margin-left: 28pt;\"><span style=\"color: #c00000; font-family: Arial;\">L&rsquo;Alg\u00e9rie, de son c\u00f4t\u00e9, \u00e9voque une subvention de 2 millions d&rsquo;euros par an allou\u00e9e \u00e0 la Grande Mosqu\u00e9e de Paris, qui l&rsquo;utilise pour son fonctionnement et les r\u00e9partit ensuite vers des dizaines d&rsquo;associations ou lieux de culte affili\u00e9s. Le Maroc, lui, est propri\u00e9taire de la mosqu\u00e9e d&rsquo;Evry et a particip\u00e9 \u00e0 la construction ou la restauration de celles de Saint-\u00c9tienne, Strasbourg et Mantes-la-Jolie. Le Royaume ch\u00e9rifien a consacr\u00e9 6 millions d&rsquo;euros en 2016 \u00e0 cette activit\u00e9 ainsi qu&rsquo;\u00e0 la r\u00e9mun\u00e9ration de 30 imams envoy\u00e9s en France. [\u2026]<br \/>\n<\/span><\/p>\n<p style=\"margin-left: 28pt;\"><span style=\"color: #c00000; font-family: Arial;\">Par ailleurs, l&rsquo;Arabie Saoudite a indiqu\u00e9 prendre en charge le salaire d&rsquo;environ 14 imams exer\u00e7ant dans des mosqu\u00e9es en France, sans que ces derniers soient d\u00e9tach\u00e9s par les Saoudiens.<br \/>\n<\/span><\/p>\n<p style=\"margin-left: 28pt;\"><span style=\"color: #c00000; font-family: Arial;\">Reste la question des financements par des particuliers \u00e9trangers, pour lesquels c&rsquo;est beaucoup plus flou : seule l&rsquo;Arabie Saoudite indique \u00ab\u00a03 dons priv\u00e9s\u00a0\u00bb vers\u00e9s pour la construction de mosqu\u00e9es. \u00ab\u00a0Ces dons priv\u00e9s \u00e9trangers, \u00e9clat\u00e9s, ne peuvent faire l&rsquo;objet d&rsquo;une collecte statistique exhaustive. Ils sont pourtant, sans nul doute, ceux qui suscitent, dans l&rsquo;opinion publique, le plus de suspicion, quant \u00e0 l&rsquo;orientation id\u00e9ologique qui les anime\u00a0\u00bb, regrettent les auteurs du rapport. L&rsquo;initiative de Manuel Valls permettra peut-\u00eatre, \u00e0 terme, d&rsquo;am\u00e9liorer la transparence sur ce point\u2026&nbsp;\u00bb<br \/>\n<\/span><\/p>\n<p><span style=\"color: #777777; font-family: Arial;\">La Loi de s\u00e9paration de l&rsquo;\u00e9glise de l&rsquo;Etat interdit \u00e0 l&rsquo;Etat de financer les activit\u00e9s cultuelles ou la construction des \u00e9difices religieux. Mais cette loi \u00e9tait destin\u00e9e aux \u00e9glises chr\u00e9tiennes qui avaient eu le temps et l&rsquo;argent pour s&rsquo;implanter dans le pays au cours des si\u00e8cles.<br \/>\n<\/span><\/p>\n<p><span style=\"color: #777777; font-family: Arial;\">Rien de tel pour l&rsquo;Islam.<br \/>\n<\/span><\/p>\n<p><span style=\"color: #777777; font-family: Arial;\">Or comme le proclame le titre du livre d&rsquo;Hakim El Karoui \u00ab<span style=\"color: #0000ff;\">&nbsp;<\/span><a href=\"https:\/\/www.franceculture.fr\/emissions\/repliques\/lislam-une-religion-francaise\"><span style=\"color: #0000ff;\">L&rsquo;islam, une religion fran\u00e7aise<\/span> &nbsp;<\/a>\u00bb, nous ne pouvons pas nier cette r\u00e9alit\u00e9 que l&rsquo;islam existe et est pratiqu\u00e9e dans notre pays.<br \/>\n<\/span><\/p>\n<p><span style=\"color: #777777; font-family: Arial;\">Il est probable que<span style=\"color: #0000ff;\"> <a style=\"color: #0000ff;\" href=\"https:\/\/fr.wikipedia.org\/wiki\/Loi_de_s%C3%A9paration_des_%C3%89glises_et_de_l%27%C3%89tat\">la loi de 1905<\/a><\/span> n&rsquo;est pas adapt\u00e9e \u00e0 cette situation.<br \/>\n<\/span><\/p>\n<p><span style=\"color: maroon; font-family: Arial;\">&lt;1054&gt;<\/span><\/p>\n","protected":false},"excerpt":{"rendered":"<p>\u00ab&nbsp;300 imams de France sont des fonctionnaires d\u2019Etats \u00e9trangers&nbsp;\u00bb R\u00e9alit\u00e9 de la France contemporaine et accept\u00e9e dans le cadre d\u2019accord bi-nationaux Nos politiques parlent toujours d&rsquo;islam de France. La r\u00e9alit\u00e9 est un peu moins franco-fran\u00e7aise. Nous savons qu&rsquo;il existe des<\/p>\n","protected":false},"author":1,"featured_media":0,"comment_status":"closed","ping_status":"closed","sticky":false,"template":"","format":"standard","meta":{"footnotes":""},"categories":[1],"tags":[15,86,34],"class_list":["post-4538","post","type-post","status-publish","format-standard","hentry","category-motdujour","tag-france","tag-islam","tag-religion"],"_links":{"self":[{"href":"https:\/\/lemotdujour.fr\/index.php?rest_route=\/wp\/v2\/posts\/4538","targetHints":{"allow":["GET"]}}],"collection":[{"href":"https:\/\/lemotdujour.fr\/index.php?rest_route=\/wp\/v2\/posts"}],"about":[{"href":"https:\/\/lemotdujour.fr\/index.php?rest_route=\/wp\/v2\/types\/post"}],"author":[{"embeddable":true,"href":"https:\/\/lemotdujour.fr\/index.php?rest_route=\/wp\/v2\/users\/1"}],"replies":[{"embeddable":true,"href":"https:\/\/lemotdujour.fr\/index.php?rest_route=%2Fwp%2Fv2%2Fcomments&post=4538"}],"version-history":[{"count":8,"href":"https:\/\/lemotdujour.fr\/index.php?rest_route=\/wp\/v2\/posts\/4538\/revisions"}],"predecessor-version":[{"id":12372,"href":"https:\/\/lemotdujour.fr\/index.php?rest_route=\/wp\/v2\/posts\/4538\/revisions\/12372"}],"wp:attachment":[{"href":"https:\/\/lemotdujour.fr\/index.php?rest_route=%2Fwp%2Fv2%2Fmedia&parent=4538"}],"wp:term":[{"taxonomy":"category","embeddable":true,"href":"https:\/\/lemotdujour.fr\/index.php?rest_route=%2Fwp%2Fv2%2Fcategories&post=4538"},{"taxonomy":"post_tag","embeddable":true,"href":"https:\/\/lemotdujour.fr\/index.php?rest_route=%2Fwp%2Fv2%2Ftags&post=4538"}],"curies":[{"name":"wp","href":"https:\/\/api.w.org\/{rel}","templated":true}]}}