{"id":4534,"date":"2018-04-10T04:05:05","date_gmt":"2018-04-10T02:05:05","guid":{"rendered":"http:\/\/lemotdujour.fr\/?p=4534"},"modified":"2021-10-17T12:57:12","modified_gmt":"2021-10-17T10:57:12","slug":"mardi-10-avril-2018","status":"publish","type":"post","link":"https:\/\/lemotdujour.fr\/?p=4534","title":{"rendered":"Mardi 10 avril 2018"},"content":{"rendered":"<div class=\"mdjTexte\">\t\u00ab&nbsp;100 imams alg\u00e9riens envoy\u00e9s en France pour le ramadan&nbsp;\u00bb<\/div>\n<div class=\"mdjAuteur\">\tArrangement entre Le ministre des cultes fran\u00e7ais G\u00e9rard Collomb et le ministre des Affaires religieuses alg\u00e9riens, Mohamed A\u00efssa.<\/div>\n<p><span style=\"color: #777777; font-family: Arial;\">J&rsquo;ai \u00e9t\u00e9 \u00e9tonn\u00e9 lorsque, lors d&rsquo;une \u00e9mission de radio, un des intervenants a \u00e9voqu\u00e9 ce sujet d&rsquo;un accord de notre ministre de l&rsquo;int\u00e9rieur avec le ministre alg\u00e9rien des affaires religieuses.<br \/>\n<\/span><\/p>\n<p><span style=\"color: #777777; font-family: Arial;\">J&rsquo;ai fait des recherches internet, peu de grands m\u00e9dias fran\u00e7ais en ont parl\u00e9.<br \/>\n<\/span><\/p>\n<p><span style=\"color: #777777; font-family: Arial;\">Le Figaro a donn\u00e9 la parole \u00e0 Jeannette Bougrab \u00ab<a href=\"http:\/\/www.lefigaro.fr\/vox\/societe\/2018\/03\/28\/31003-20180328ARTFIG00257-jeannette-bougrabon-nous-casse-les-oreilles-avec-l-islam-de-france-et-on-fait-venir-des-imams-d-algerie.php\"><span style=\"color: #0000ff;\">On nous casse les oreilles avec l&rsquo;islam de France et on fait venir des imams d&rsquo;Alg\u00e9rie<\/span><\/a><span style=\"color: #0000ff;\"> !\u00bb<\/span><br \/>\n<\/span><\/p>\n<p><span style=\"color: #777777; font-family: Arial;\">LCI aussi en fait mention en \u00e9voquant un propos de Manuel Valls : \u00ab&nbsp;<a href=\"https:\/\/www.lci.fr\/societe\/100-imams-envoyes-depuis-l-algerie-pour-le-ramadan-de-quoi-parle-manuel-valls-2083052.html\"><span style=\"color: #0000ff;\">De quoi parle Manuel Valls&nbsp;?<\/span>&nbsp;<\/a>\u00bb<br \/>\n<\/span><\/p>\n<p><span style=\"color: #777777; font-family: Arial;\">Sur ce site nous pouvons lire&nbsp;:<br \/>\n<\/span><\/p>\n<p style=\"margin-left: 28pt;\"><span style=\"color: #c00000; font-family: Arial;\">\u00ab&nbsp;Une d\u00e9p\u00eache de l&rsquo;agence officielle de presse alg\u00e9rienne reprend en effet cette citation du ministre annon\u00e7ant : \u00ab\u00a0Nous avons choisi 150 imams, parmi les meilleurs qui ont exprim\u00e9 le v\u0153u d&rsquo;aller \u00e0 l&rsquo;\u00e9tranger pour diriger les pri\u00e8res durant le mois sacr\u00e9 de Ramadhan.\u00a0\u00bb Parmi ces 150 imams, la France en recevra 100 \u00ab\u00a0vu la forte concentration de la communaut\u00e9 alg\u00e9rienne qui y est \u00e9tablie et les 50 autres seront r\u00e9partis \u00e0 travers plusieurs pays, comme l&rsquo;Allemagne, l&rsquo;Italie, la Grande-Bretagne, la Belgique et le Canada\u00a0\u00bb<br \/>\n<\/span><\/p>\n<p style=\"margin-left: 28pt;\"><span style=\"color: #c00000; font-family: Arial;\">[\u2026] Djelloul Seddiki, directeur de l&rsquo;institut Al-Ghaz\u00e2li de la grande mosqu\u00e9e de Paris, charg\u00e9 d&rsquo;accueillir les imams \u00e9trangers [a expliqu\u00e9]&nbsp;: \u00ab&nbsp; Ces imams \u00ab\u00a0viennent pour 29 jours. Nous les accueillons, leur r\u00e9servons une nuit d&rsquo;h\u00f4tel et nous occupons des affectations en amont. Ils n&rsquo;ont pas de formation en arrivant car ils vont simplement r\u00e9citer les 60 chapitres du Coran en arabe, ils n&rsquo;ont pas besoin de savoir parler fran\u00e7ais.\u00a0\u00bb<br \/>\n<\/span><\/p>\n<p style=\"margin-left: 28pt;\"><span style=\"color: #c00000; font-family: Arial;\">Le directeur fait ainsi une distinction avec d&rsquo;autres imams, venant eux aussi d&rsquo;Alg\u00e9rie &#8211; mais pour quatre ans cette-fois &#8211; dans le cadre d&rsquo;un accord pass\u00e9 \u00e0 l&rsquo;\u00e9poque avec Bernard Cazeneuve. \u00ab\u00a0Ceux-l\u00e0, nous les accueillons \u00e0 l&rsquo;institut pendant 3 semaines car ils doivent savoir parler fran\u00e7ais et prendre des cours sur les institutions fran\u00e7aises, la la\u00efcit\u00e9&#8230; Ils passent \u00e9galement un dipl\u00f4me universitaire par la suite dans le cadre d&rsquo;un accord avec l&rsquo;universit\u00e9 Paris1 La Sorbonne\u00a0\u00bb<br \/>\n<\/span><\/p>\n<p style=\"margin-left: 28pt;\"><span style=\"color: #c00000; font-family: Arial;\">Et cet accord, pass\u00e9 entre la France et l&rsquo;Alg\u00e9rie \u00e0 l&rsquo;occasion du Ramadan, est loin d&rsquo;\u00eatre nouveau, ou m\u00eame isol\u00e9. D\u00e9j\u00e0 en 2011, par exemple, le Conseil fran\u00e7ais du culte musulman (CFCM) annon\u00e7ait la venue de 180 imams marocains : \u00ab\u00a0C&rsquo;est devenu une tradition. Chaque ann\u00e9e, le Maroc nous envoie en renfort des imams pour assurer la lecture du Coran et les pr\u00eaches durant le mois sacr\u00e9 du Ramadan o\u00f9 les fid\u00e8les sont plus nombreux \u00e0 se rendre sur les lieux du culte musulman\u00a0\u00bb expliquait alors Mohamed Moussaoui, le pr\u00e9sident. [\u2026]<br \/>\n<\/span><\/p>\n<p style=\"margin-left: 28pt;\"><span style=\"color: #c00000; font-family: Arial;\">Toujours dans l&rsquo;agence de presse alg\u00e9rienne, on peut lire que ces imams ont \u00e9t\u00e9 \u00ab\u00a0s\u00e9lectionn\u00e9s pour la ma\u00eetrise des r\u00e8gles de la psalmodie et les aptitudes \u00e0 diffuser un discours religieux &lsquo;mod\u00e9r\u00e9 et \u00e9clair\u00e9&rsquo;, \u00e0 \u00eatre les \u00ab\u00a0ambassadeurs de la paix\u00a0\u00bb et \u00e0 faire valoir la v\u00e9ritable image de l&rsquo;Islam dans le monde.\u00a0\u00bb<br \/>\n<\/span><\/p>\n<p style=\"margin-left: 28pt;\"><span style=\"color: #c00000; font-family: Arial;\">Djelloul Seddiki explique par ailleurs qu&rsquo;ils ont \u00e9t\u00e9 choisis aussi sur le crit\u00e8re de leur savoir-faire : \u00ab\u00a0Ils ont \u00e9t\u00e9 choisi pour leur belle voix\u00a0\u00bb, nous dit-il, \u00ab\u00a0pour faire plaisir aux fid\u00e8les\u00a0\u00bb.&nbsp;\u00bb<br \/>\n<\/span><\/p>\n<p><span style=\"color: #777777; font-family: Arial;\">J&rsquo;ai aussi trouv\u00e9 le site Atlantico qui a donn\u00e9 la parole \u00e0 Alexandre del Valle qui est un g\u00e9opolitologue et essayiste franco-italien et qui soutient plut\u00f4t cette initiative. \u00ab&nbsp;<a href=\"http:\/\/www.atlantico.fr\/decryptage\/100-imams-envoyes-algerie-pour-diriger-prieres-en-france-faut-croire-aux-promesses-islam-cordoue-promu-alger-alexandre-del-valle-3345603.html\"><span style=\"color: #0000ff;\">Un des p\u00f4les les plus mod\u00e9r\u00e9s de l&rsquo;Islam de France est depuis longtemps l&rsquo;Islam alg\u00e9rien de la Grande Mosqu\u00e9e de Paris<\/span>.&nbsp;<\/a>\u00bb<br \/>\n<\/span><\/p>\n<p><span style=\"color: #777777; font-family: Arial;\">Il pr\u00e9cise que&nbsp;:<br \/>\n<\/span><\/p>\n<p style=\"margin-left: 28pt;\"><span style=\"color: #c00000; font-family: Arial;\">\u00ab&nbsp;La Mosqu\u00e9e de Paris avant cela \u00e9tait marocaine mais est depuis des d\u00e9cennies alg\u00e9rienne. Les imams de la Mosqu\u00e9e de Paris sont souvent nomm\u00e9s par l&rsquo;Alg\u00e9rie, elle est co-financ\u00e9e par l&rsquo;Alg\u00e9rie. Il est vrai, et on le constate, que ce n&rsquo;est pas parce qu&rsquo;un Islam est fran\u00e7ais qu&rsquo;il est mod\u00e9r\u00e9. Il y a des salafistes, Fran\u00e7ais de troisi\u00e8me g\u00e9n\u00e9ration qui ne sont pas particuli\u00e8rement financ\u00e9s par l&rsquo;Arabie Saoudite, et inversement, des immigr\u00e9s alg\u00e9riens qui sont parmi les plus mod\u00e9r\u00e9s qu&rsquo;on ait en France. Il n&rsquo;y a donc pas de r\u00e8gles : ce n&rsquo;est pas parce qu&rsquo;on est Fran\u00e7ais qu&rsquo;on est mod\u00e9r\u00e9 et parce qu&rsquo;on est \u00e9tranger qu&rsquo;on est radical.&nbsp;Aujourd&rsquo;hui le plus grand lieu repr\u00e9sentant d&rsquo;un Islam tol\u00e9rant et correct (m\u00eame s&rsquo;il y a des choses \u00e0 critiquer), c&rsquo;est la Mosqu\u00e9e de Paris et le r\u00e9seau qu&rsquo;elle dirige en France.&nbsp;\u00bb<br \/>\n<\/span><\/p>\n<p><span style=\"color: #777777; font-family: Arial;\">G\u00e9rard Collomb parie sur la promotion d&rsquo;un islam de \u00ab<span style=\"color: #c00000;\">mod\u00e9ration <span style=\"color: #777777;\">\u00bb et du \u00ab <span style=\"color: #c00000;\">juste milieu<span style=\"color: #777777;\">\u00bb en France. Ce sont ses mots.<br \/>\n<\/span><\/span><\/span><\/span><\/span><\/p>\n<p><span style=\"color: #777777; font-family: Arial;\">Plusieurs <a href=\"http:\/\/lecourrier-dalgerie.com\/gerard-collomb-encense-le-role-incontournable-de-lalgerie-les-soucis-securitaires-de-la-france-abordes-a-alger\/\"><span style=\"color: #0000ff;\">sites alg\u00e9riens<\/span><\/a> parlent de cet accord.<br \/>\n<\/span><\/p>\n<p><span style=\"color: #777777; font-family: Arial;\">Si les grands m\u00e9dias fran\u00e7ais, mis \u00e0 part le Figaro n&rsquo;en parle pas, en revanche les sites d&rsquo;extr\u00eame droite comme r\u00e9sistance r\u00e9publicaine ou fran\u00e7ais de souche en parle abondamment pour d\u00e9noncer cette ing\u00e9rence \u00e9trang\u00e8re.<br \/>\n<\/span><\/p>\n<p><span style=\"color: #777777; font-family: Arial;\">La r\u00e9alit\u00e9 c&rsquo;est qu&rsquo;il n&rsquo;y a pas suffisamment d&rsquo;imams en France et qu&rsquo;il faut donc faire appel \u00e0 une main d&rsquo;\u0153uvre \u00e9trang\u00e8re ou des voix \u00e9trang\u00e8res.<br \/>\n<\/span><\/p>\n<p><span style=\"color: #777777; font-family: Arial;\">Peu de publicit\u00e9 est faite sur ce sujet, le gouvernement a probablement peur d&rsquo;aggraver les tensions.<br \/>\n<\/span><\/p>\n<p><span style=\"color: #777777; font-family: Arial;\">G\u00e9rard Collomb a-t-il raison de parier sur la mod\u00e9ration des imams alg\u00e9riens&nbsp;?<em><br \/>\n<\/em><\/span><\/p>\n<p><span style=\"color: #777777; font-family: Arial;\">Alexandre del Valle&nbsp; sur le site Atlantico nuance son propos optimiste \u00e0 la fin de son entretien&nbsp;:<br \/>\n<\/span><\/p>\n<p style=\"margin-left: 28pt;\"><span style=\"color: #c00000; font-family: Arial;\">\u00ab&nbsp;C&rsquo;est souhaitable. Mais les faits sont relativement diff\u00e9rents. Autant je vous ai dit que la Mosqu\u00e9e de Paris est un p\u00f4le relativement mod\u00e9r\u00e9, en revanche en Alg\u00e9rie, la situation est diff\u00e9rente. Les ath\u00e9es sont pers\u00e9cut\u00e9s, on s&rsquo;en prend \u00e0 ceux qui ne f\u00eatent pas le Ramadan, des lois sont venues renforcer la s\u00e9gr\u00e9gation des chr\u00e9tiens, la conversion \u00e0 une autre religion que l&rsquo;Islam est interdite\u2026 Si l&rsquo;Alg\u00e9rie \u00e9tait un havre de tol\u00e9rance r\u00e9publicaine, cela se saurait. Cette volont\u00e9 de l&rsquo;Islam de Cordoue est peut-\u00eatre la volont\u00e9 de quelque personnes, mais dans les faits, m\u00eame si l&rsquo;Alg\u00e9rie combat l&rsquo;islamisme politique et le terrorisme (et ce depuis la guerre civile), elle a connu un durcissement des conditions de vie des musulmans non-pratiquants, des autres croyants, des apostats.<br \/>\n<\/span><\/p>\n<p style=\"margin-left: 28pt;\"><span style=\"color: #c00000; font-family: Arial;\">Je pense donc que malheureusement, dans ces propos [du ministre alg\u00e9rien], il y a une part de double-jeu qui m&rsquo;ennuie.&nbsp;\u00bb<br \/>\n<\/span><\/p>\n<p><span style=\"color: #800000; font-family: Arial;\">&lt;1053&gt;<\/span><\/p>\n","protected":false},"excerpt":{"rendered":"<p>\u00ab&nbsp;100 imams alg\u00e9riens envoy\u00e9s en France pour le ramadan&nbsp;\u00bb Arrangement entre Le ministre des cultes fran\u00e7ais G\u00e9rard Collomb et le ministre des Affaires religieuses alg\u00e9riens, Mohamed A\u00efssa. J&rsquo;ai \u00e9t\u00e9 \u00e9tonn\u00e9 lorsque, lors d&rsquo;une \u00e9mission de radio, un des intervenants a<\/p>\n","protected":false},"author":1,"featured_media":0,"comment_status":"open","ping_status":"closed","sticky":false,"template":"","format":"standard","meta":{"footnotes":""},"categories":[1],"tags":[15,86,34],"class_list":["post-4534","post","type-post","status-publish","format-standard","hentry","category-motdujour","tag-france","tag-islam","tag-religion"],"_links":{"self":[{"href":"https:\/\/lemotdujour.fr\/index.php?rest_route=\/wp\/v2\/posts\/4534","targetHints":{"allow":["GET"]}}],"collection":[{"href":"https:\/\/lemotdujour.fr\/index.php?rest_route=\/wp\/v2\/posts"}],"about":[{"href":"https:\/\/lemotdujour.fr\/index.php?rest_route=\/wp\/v2\/types\/post"}],"author":[{"embeddable":true,"href":"https:\/\/lemotdujour.fr\/index.php?rest_route=\/wp\/v2\/users\/1"}],"replies":[{"embeddable":true,"href":"https:\/\/lemotdujour.fr\/index.php?rest_route=%2Fwp%2Fv2%2Fcomments&post=4534"}],"version-history":[{"count":5,"href":"https:\/\/lemotdujour.fr\/index.php?rest_route=\/wp\/v2\/posts\/4534\/revisions"}],"predecessor-version":[{"id":12373,"href":"https:\/\/lemotdujour.fr\/index.php?rest_route=\/wp\/v2\/posts\/4534\/revisions\/12373"}],"wp:attachment":[{"href":"https:\/\/lemotdujour.fr\/index.php?rest_route=%2Fwp%2Fv2%2Fmedia&parent=4534"}],"wp:term":[{"taxonomy":"category","embeddable":true,"href":"https:\/\/lemotdujour.fr\/index.php?rest_route=%2Fwp%2Fv2%2Fcategories&post=4534"},{"taxonomy":"post_tag","embeddable":true,"href":"https:\/\/lemotdujour.fr\/index.php?rest_route=%2Fwp%2Fv2%2Ftags&post=4534"}],"curies":[{"name":"wp","href":"https:\/\/api.w.org\/{rel}","templated":true}]}}