{"id":452,"date":"2017-03-02T01:00:00","date_gmt":"2017-03-01T22:00:00","guid":{"rendered":"http:\/\/lemotdujour.fr\/?p=452"},"modified":"2020-01-23T21:17:55","modified_gmt":"2020-01-23T20:17:55","slug":"jeudi-2-mars-2017","status":"publish","type":"post","link":"https:\/\/lemotdujour.fr\/?p=452","title":{"rendered":"Jeudi 2 mars 2017"},"content":{"rendered":"<div class=\"mdjDate\"><a id=\"_Toc482008782\"><\/a>Jeudi 2 mars 2017<\/div>\n<div class=\"mdjTexte\">\u00abLe Grand R\u00e9cit\u00a0\u00bb<\/div>\n<div class=\"mdjAuteur\">Michel Serres<\/div>\n<p><span style=\"color: #777777; font-family: Arial;\">L&rsquo;Histoire commence avec l&rsquo;\u00e9criture. Voil\u00e0 un consensus g\u00e9n\u00e9ral qui r\u00e9unit tous les Historiens.<br \/>\n<\/span><\/p>\n<p><span style=\"color: #777777; font-family: Arial;\">C&rsquo;est ce que nous avons appris \u00e0 l&rsquo;\u00e9cole.<br \/>\n<\/span><\/p>\n<p><span style=\"color: #777777; font-family: Arial;\">Michel Serres part de ce constat :<br \/>\n<\/span><\/p>\n<p style=\"margin-left: 28pt;\"><span style=\"color: #c00000; font-family: Arial;\">\u00abPour faire une philosophie de l&rsquo;Histoire, il faut avoir une bonne d\u00e9finition de l&rsquo;Histoire. Or tous les historiens sont d&rsquo;accord pour dire que l&rsquo;Histoire commence avec l&rsquo;\u00e9criture. C&rsquo;est l&rsquo;invention de l&rsquo;\u00e9criture qui constitue le commencement de cette discipline. \u00bb<br \/>\n<\/span><\/p>\n<p><span style=\"color: #777777; font-family: Arial;\">Avant l&rsquo;Histoire, il y a la p\u00e9riode qui pr\u00e9c\u00e8de l&rsquo;Histoire et \u00e0 laquelle on a donn\u00e9 naturellement le nom de Pr\u00e9histoire. Mais pour Michel Serres, les choses ne sont pas aussi claires.<br \/>\n<\/span><\/p>\n<p style=\"margin-left: 28pt;\"><span style=\"color: #c00000; font-family: Arial;\">\u00abLa plupart des historiens c\u00e9l\u00e8brent, avec raison d&rsquo;ailleurs, la m\u00e9moire, ils disent que l&rsquo;Histoire est la m\u00e9moire collective des hommes. [\u2026]<br \/>\n<\/span><\/p>\n<p style=\"margin-left: 28pt;\"><span style=\"color: #c00000; font-family: Arial;\">Je trouve, quant \u00e0 moi, que l&rsquo;Histoire qui commence avec l&rsquo;\u00e9criture peut se d\u00e9finir par une s\u00e9rie d&rsquo;oublis.<br \/>\n<\/span><\/p>\n<p style=\"margin-left: 28pt;\"><span style=\"color: #c00000; font-family: Arial;\">Et les oublis sont les suivants :<br \/>\n<\/span><\/p>\n<p style=\"margin-left: 28pt;\"><span style=\"color: #c00000; font-family: Arial;\">Si l&rsquo;Histoire commence avec l&rsquo;\u00e9criture, [<em>qu&rsquo;est-ce que cela signifie<\/em>] pour les civilisations et les cultures sans \u00e9criture\u00a0?<br \/>\n<\/span><\/p>\n<p style=\"margin-left: 28pt;\"><span style=\"color: #c00000; font-family: Arial;\">Ce sont des hommes comme nous, ce sont des cultures comme les n\u00f4tres, avec des religions, quelquefois des comptages, quelquefois des sciences mais pas d&rsquo;\u00e9criture. Ils seraient donc \u00ab\u00a0Sans Histoire\u00a0\u00bb ? Cette d\u00e9cision-l\u00e0, de couper l&rsquo;humanit\u00e9 entre ceux qui ont l&rsquo;\u00e9criture et ceux qui n&rsquo;en ont pas, fait que nous consid\u00e9rerons donc que ces gens-l\u00e0 sont en dehors de l&rsquo;Histoire. Et c&rsquo;est quand m\u00eame assez grave de dire qu&rsquo;ils sont pr\u00e9historiques alors qu&rsquo;ils sont nos contemporains. Voil\u00e0 le premier oubli.<br \/>\n<\/span><\/p>\n<p style=\"margin-left: 28pt;\"><span style=\"color: #c00000; font-family: Arial;\">Cet oubli est compens\u00e9 par une science humaine au sens technique mais aussi\u00a0 humaniste qui est l&rsquo;<strong>ethnologie<\/strong> qui s&rsquo;occupe justement des populations sans \u00e9criture et pallie l&rsquo;oubli de l&rsquo;Histoire.<br \/>\n<\/span><\/p>\n<p style=\"margin-left: 28pt;\"><span style=\"color: #c00000; font-family: Arial;\">Mais si on remonte, que s&rsquo;est-il pass\u00e9 lorsque les hommes ont \u00e9merg\u00e9 \u00e0 l&rsquo;Humanit\u00e9 elle-m\u00eame ? On a longtemps oubli\u00e9 ces hommes. Mais une science humaine, au sens technique et humaniste, pallie cet oubli-l\u00e0. Cette science, c&rsquo;est la<strong> Pr\u00e9histoire<\/strong>. La Pr\u00e9histoire s&rsquo;occupe de nos anc\u00eatres en tant que personne et culture, ant\u00e9rieurement \u00e0 l&rsquo;\u00e9criture.<br \/>\n<\/span><\/p>\n<p style=\"margin-left: 28pt;\"><span style=\"color: #c00000; font-family: Arial;\">J&rsquo;ai ainsi remont\u00e9 de condition en condition. Et je remonte au moment o\u00f9 l&rsquo;Homme est devenu homo sapiens sapiens et je vais au-del\u00e0 vers les hominid\u00e9s, puis nos anc\u00eatres communs avec les bonobos et les singes. [\u2026] On s&rsquo;aper\u00e7oit alors qu&rsquo;on plonge dans une nouvelle discipline, une nouvelle science qui pallie les oublis des autres sciences, il s&rsquo;agit d&rsquo;une science qui selon Darwin \u00e9tudie l&rsquo;\u00e9volution de la totalit\u00e9 du vivant. Et l\u00e0 on remonte \u00e0 plus de 3 milliards d&rsquo;ann\u00e9es jusqu&rsquo;au premier \u00eatre vivant, la premi\u00e8re mol\u00e9cule qui a su se dupliquer. C&rsquo;est aussi de l&rsquo;Histoire.<br \/>\n<\/span><\/p>\n<p style=\"margin-left: 28pt;\"><span style=\"color: #c00000; font-family: Arial;\">D&rsquo;ailleurs cette discipline on l&rsquo;a bien nomm\u00e9\u00a0: <strong>\u00ab\u00a0L&rsquo;histoire naturelle\u00a0\u00bb<\/strong> qui pallie les autres oublis.<br \/>\n<\/span><\/p>\n<p style=\"margin-left: 28pt;\"><span style=\"color: #c00000; font-family: Arial;\">Mais voyons un peu\u2026<br \/>\n<\/span><\/p>\n<p style=\"margin-left: 28pt;\"><span style=\"color: #c00000; font-family: Arial;\">Cette mol\u00e9cule qui s&rsquo;est dupliqu\u00e9, elle \u00e9tait elle-m\u00eame dans une mer de mol\u00e9cules qui ne se dupliquaient pas et qui \u00e9tait non du domaine du vivant mais du domaine de l&rsquo;inerte. [\u2026]<br \/>\n<\/span><\/p>\n<p style=\"margin-left: 28pt;\"><span style=\"color: #c00000; font-family: Arial;\">Ces mol\u00e9cules qui ont jailli de la soupe primitive de mol\u00e9cules qui ne se dupliquaient pas, ont jailli parce qu&rsquo;elles ont b\u00e9n\u00e9fici\u00e9 d&rsquo;un habitat favorable \u00e0 cette activit\u00e9 et \u00e0 cette existence. Et cet habitat, c&rsquo;est la plan\u00e8te.<br \/>\n<\/span><\/p>\n<p style=\"margin-left: 28pt;\"><span style=\"color: #c00000; font-family: Arial;\">Et cette plan\u00e8te n&rsquo;a pas d&rsquo;histoire\u00a0?<br \/>\n<\/span><\/p>\n<p style=\"margin-left: 28pt;\"><span style=\"color: #c00000; font-family: Arial;\">Et bien si, elle a une histoire. <strong>La G\u00e9ophysique<\/strong> s&rsquo;occupe de cette Histoire.<br \/>\n<\/span><\/p>\n<p style=\"margin-left: 28pt;\"><span style=\"color: #c00000; font-family: Arial;\">Et ainsi de suite on peut remonter de la g\u00e9ophysique au syst\u00e8me solaire qui lui aussi \u00e0 une Histoire. Et du syst\u00e8me solaire on remonte \u00e0 la galaxie et de la galaxie on remonte au big bang etc.<br \/>\n<\/span><\/p>\n<p style=\"margin-left: 28pt;\"><span style=\"color: #c00000; font-family: Arial;\">Mais pourquoi dites-vous que vous parlez d&rsquo;Histoire, puisque l&rsquo;Histoire commence avec l&rsquo;\u00e9criture\u00a0?<br \/>\n<\/span><\/p>\n<p style=\"margin-left: 28pt;\"><span style=\"color: #c00000; font-family: Arial;\">Nous y sommes, c&rsquo;est maintenant qu&rsquo;il faut bien r\u00e9fl\u00e9chir.<br \/>\n<\/span><\/p>\n<p style=\"margin-left: 28pt;\"><span style=\"color: #c00000; font-family: Arial;\">Toutes les sciences dont j&rsquo;ai parl\u00e9, que ce soit la g\u00e9ophysique, que ce soit l&rsquo;Histoire naturelle, la <strong>cosmologie<\/strong>, <strong>l&rsquo;astronomi<\/strong>e, comment ont-elles fait pour arriver au r\u00e9sultat dont j&rsquo;ai parl\u00e9 ?<br \/>\n<\/span><\/p>\n<p style=\"margin-left: 28pt;\"><span style=\"color: #c00000; font-family: Arial;\">R\u00e9ponse\u00a0: <strong>Toutes ont su, \u00e0 un moment, dater leurs objets\u00a0!<\/strong><br \/>\n<\/span><\/p>\n<p style=\"margin-left: 28pt;\"><span style=\"color: #c00000; font-family: Arial;\">Et une des grandes d\u00e9couvertes de toutes ces sciences c&rsquo;est cette datation. Toutes les sciences savent dater.<br \/>\n<\/span><\/p>\n<p style=\"margin-left: 28pt;\"><span style=\"color: #c00000; font-family: Arial;\">L&rsquo;Histoire naturelle sait dater, l&rsquo;apparition d&rsquo;une esp\u00e8ce, la disparition d&rsquo;une esp\u00e8ce. [\u2026].<br \/>\n<\/span><\/p>\n<p style=\"margin-left: 28pt;\"><span style=\"color: #c00000; font-family: Arial;\">Comment ces sciences font-elles pour dater leurs objets\u00a0?<br \/>\n<\/span><\/p>\n<p style=\"margin-left: 28pt;\"><span style=\"color: #c00000; font-family: Arial;\">C&rsquo;est tr\u00e8s simple\u00a0: parce qu&rsquo;elles d\u00e9couvrent des traces et que ces traces sont consid\u00e9r\u00e9es comme une \u00e9criture et qu&rsquo;il est question de la d\u00e9coder. [\u2026]<br \/>\n<\/span><\/p>\n<p style=\"margin-left: 28pt;\"><span style=\"color: #c00000; font-family: Arial;\">Par exemple une roche volcanique \u00e9tait liquide au moment de l&rsquo;\u00e9ruption et lorsqu&rsquo;elle se solidifie, elle conserve, en son sein, la trace du magn\u00e9tisme de l&rsquo;\u00e9poque. Donc on peut lire sur la roche l&rsquo;\u00e9tat du magn\u00e9tisme de l&rsquo;\u00e9poque de sa cr\u00e9ation donc de l&rsquo;\u00e9poque en question.\u00bb<br \/>\n<\/span><\/p>\n<p><span style=\"color: #777777; font-family: Arial;\">Michel Serres explique tr\u00e8s bien que <strong>l&rsquo;\u00e9criture est un code qui permet de transmettre une information<\/strong>. Pour pouvoir comprendre et assimiler cette information, il faut conna\u00eetre ce code et donc savoir d\u00e9coder.<br \/>\n<\/span><\/p>\n<p><span style=\"color: #777777; font-family: Arial;\">Les traces que ces diff\u00e9rentes sciences arrivent donc \u00e0 d\u00e9coder sont une \u00e9criture\u00a0!<br \/>\n<\/span><\/p>\n<p style=\"margin-left: 28pt;\"><span style=\"color: #c00000; font-family: Arial;\">\u00abToutes les sciences s&rsquo;adonnent justement \u00e0 cet exercice-l\u00e0, lire des traces et donc lire une \u00e9criture qu&rsquo;il s&rsquo;agit de d\u00e9coder..<br \/>\n<\/span><\/p>\n<p style=\"margin-left: 28pt;\"><span style=\"color: #c00000; font-family: Arial;\">Quand on dit que l&rsquo;Histoire commence avec l&rsquo;\u00e9criture, alors les vivants ont une Histoire, alors les civilisations sans \u00e9criture ont une Histoire, alors la plan\u00e8te a une Histoire, la galaxie a une Histoire, l&rsquo;Univers entier a une Histoire qui commence avec le big bang.<br \/>\n<\/span><\/p>\n<p style=\"margin-left: 28pt;\"><span style=\"color: #c00000; font-family: Arial;\">Une fois que ces sciences ont dat\u00e9 leurs objets, ces objets peuvent s&rsquo;aligner dans une suite chronologique telle que je l&rsquo;ai appel\u00e9e<strong> le grand r\u00e9cit<\/strong>.<br \/>\n<\/span><\/p>\n<p style=\"margin-left: 28pt;\"><span style=\"color: #c00000; font-family: Arial;\">C&rsquo;est-\u00e0-dire qu&rsquo;\u00e0 partir du big bang on peut raconter comment s&rsquo;est d\u00e9velopp\u00e9 l&rsquo;Univers, puis comment en refroidissant il a donn\u00e9 des \u00e9toiles, puis des plan\u00e8tes, des vivants, des esp\u00e8ces de faune et de flore jusqu&rsquo;\u00e0 l&rsquo;Homme. Cela fait donc un grand r\u00e9cit.<br \/>\n<\/span><\/p>\n<p style=\"margin-left: 28pt;\"><span style=\"color: #c00000; font-family: Arial;\">Ce grand r\u00e9cit a une particularit\u00e9 qui le rapproche de l&rsquo;Histoire. C&rsquo;est le suivant\u00a0: c&rsquo;est que les savants qui datent leur objet, ils ne croient pas \u00e0 quelques finalit\u00e9s qui soient.<br \/>\n<\/span><\/p>\n<p style=\"margin-left: 28pt;\"><span style=\"color: #c00000; font-family: Arial;\">Cette Histoire d\u00e8s qu&rsquo;on la regarde en aval, il n&rsquo;y a pas de finalit\u00e9, on ne peut pas le pr\u00e9voir.<br \/>\n<\/span><\/p>\n<p style=\"margin-left: 28pt;\"><span style=\"color: #c00000; font-family: Arial;\">Mais quand on regarde en amont on peut expliquer comment cela s&rsquo;est pass\u00e9. [\u2026]\u00bb<br \/>\n<\/span><\/p>\n<p><span style=\"color: #777777; font-family: Arial;\">Pour expliciter cette mani\u00e8re de faire, Michel Serres prend l&rsquo;exemple de l&rsquo;\u00e9lection de Trump qu&rsquo;aucun politicien n&rsquo;a pr\u00e9vu. Mais maintenant que l&rsquo;\u00e9v\u00e8nement est arriv\u00e9, tous les analystes vont trouver les causes, voire les multiples causes qui ont conduit \u00e0 ce r\u00e9sultat<br \/>\n<\/span><\/p>\n<p style=\"margin-left: 28pt;\"><span style=\"color: #c00000; font-family: Arial;\">\u00abCette encyclop\u00e9die qui relie toutes les sciences dans une datation continue, chronologique est un r\u00e9cit litt\u00e9raire.<br \/>\n<\/span><\/p>\n<p style=\"margin-left: 28pt;\"><span style=\"color: #c00000; font-family: Arial;\">Quand je raconte une Histoire \u00e0 mes petits-enfants et quand je les vois le soir et que je leur dit o\u00f9 en \u00e9tions-nous hier\u00a0? Ils me r\u00e9pondent nous en \u00e9tions \u00e0\u00a0: \u00ab\u00a0Et alors \u2026\u00a0\u00bb.<br \/>\n<\/span><\/p>\n<p style=\"margin-left: 28pt;\"><span style=\"color: #c00000; font-family: Arial;\">Qu&rsquo;est ce qui va se passer\u00a0? Il n&rsquo;y a pas de finalit\u00e9 \u00e0 mon affaire.<br \/>\n<\/span><\/p>\n<p style=\"margin-left: 28pt;\"><span style=\"color: #c00000; font-family: Arial;\">La grande Histoire est ainsi ce r\u00e9cit, ce grand r\u00e9cit qui nous vient du d\u00e9but de notre univers jusqu&rsquo;\u00e0 nous.\u00bb<br \/>\n<\/span><\/p>\n<p><span style=\"color: #777777; font-family: Arial;\">Et si des historiens veulent encore protester en disant \u00e0 Michel Serres que tout ceci est un peu \u00e9loign\u00e9 de la r\u00e9alit\u00e9 humaine, il leur r\u00e9pondra que ce n&rsquo;est pas exact.<br \/>\n<\/span><\/p>\n<p style=\"margin-left: 28pt;\"><span style=\"color: #c00000; font-family: Arial;\">\u00abNotre \u00eatre organique multi cellulaire et notre ADN est form\u00e9 de mol\u00e9cules tr\u00e8s anciennes. Notre corps est compos\u00e9 essentiellement de 4 ou 5 atomes qui ont \u00e9t\u00e9 cr\u00e9\u00e9s il y a tr\u00e8s longtemps dans le d\u00e9but de l&rsquo;\u00e9volution de l&rsquo;Univers. <strong>Nous sommes donc tous un compos\u00e9 de ce grand r\u00e9cit<\/strong>.\u00bb<br \/>\n<\/span><\/p>\n<p><span style=\"color: #777777; font-family: Arial;\">Et si vous voulez en savoir encore plus vous avez cette belle \u00e9mission de France Culture dont le titre est justement <a href=\"https:\/\/www.franceculture.fr\/emissions\/la-methode-scientifique\/le-grand-recit-de-lunivers-de-michel-serres\"><span style=\"color: blue; text-decoration: underline;\">\u00ab\u00a0Le grand r\u00e9cit\u00a0\u00bb<\/span><\/a><br \/>\n<\/span><\/p>\n<p><span style=\"color: #777777; font-family: Arial;\">C&rsquo;est la premi\u00e8re partie de son livre sur la philosophie de l&rsquo;Histoire. Il aurait pu l&rsquo;appeler le Grand r\u00e9cit, mais il a voulu donner le nom d&rsquo;un personnage et il a choisi Darwin qui est celui qui nous a r\u00e9v\u00e9l\u00e9 l&rsquo;\u00e9volution des esp\u00e8ces.<br \/>\n<\/span><\/p>\n<p><span style=\"color: #800000; font-family: Arial;\">&lt;849&gt;<\/span><\/p>\n","protected":false},"excerpt":{"rendered":"<p>Jeudi 2 mars 2017 \u00abLe Grand R\u00e9cit\u00a0\u00bb Michel Serres L&rsquo;Histoire commence avec l&rsquo;\u00e9criture. Voil\u00e0 un consensus g\u00e9n\u00e9ral qui r\u00e9unit tous les Historiens. C&rsquo;est ce que nous avons appris \u00e0 l&rsquo;\u00e9cole. Michel Serres part de ce constat : \u00abPour faire une<\/p>\n","protected":false},"author":1,"featured_media":0,"comment_status":"closed","ping_status":"closed","sticky":false,"template":"","format":"standard","meta":{"footnotes":""},"categories":[1],"tags":[17,6,35],"class_list":["post-452","post","type-post","status-publish","format-standard","hentry","category-motdujour","tag-histoire","tag-philosophie","tag-sciences"],"_links":{"self":[{"href":"https:\/\/lemotdujour.fr\/index.php?rest_route=\/wp\/v2\/posts\/452","targetHints":{"allow":["GET"]}}],"collection":[{"href":"https:\/\/lemotdujour.fr\/index.php?rest_route=\/wp\/v2\/posts"}],"about":[{"href":"https:\/\/lemotdujour.fr\/index.php?rest_route=\/wp\/v2\/types\/post"}],"author":[{"embeddable":true,"href":"https:\/\/lemotdujour.fr\/index.php?rest_route=\/wp\/v2\/users\/1"}],"replies":[{"embeddable":true,"href":"https:\/\/lemotdujour.fr\/index.php?rest_route=%2Fwp%2Fv2%2Fcomments&post=452"}],"version-history":[{"count":5,"href":"https:\/\/lemotdujour.fr\/index.php?rest_route=\/wp\/v2\/posts\/452\/revisions"}],"predecessor-version":[{"id":7869,"href":"https:\/\/lemotdujour.fr\/index.php?rest_route=\/wp\/v2\/posts\/452\/revisions\/7869"}],"wp:attachment":[{"href":"https:\/\/lemotdujour.fr\/index.php?rest_route=%2Fwp%2Fv2%2Fmedia&parent=452"}],"wp:term":[{"taxonomy":"category","embeddable":true,"href":"https:\/\/lemotdujour.fr\/index.php?rest_route=%2Fwp%2Fv2%2Fcategories&post=452"},{"taxonomy":"post_tag","embeddable":true,"href":"https:\/\/lemotdujour.fr\/index.php?rest_route=%2Fwp%2Fv2%2Ftags&post=452"}],"curies":[{"name":"wp","href":"https:\/\/api.w.org\/{rel}","templated":true}]}}