{"id":450,"date":"2017-03-01T01:00:00","date_gmt":"2017-02-28T22:00:00","guid":{"rendered":"http:\/\/lemotdujour.fr\/?p=450"},"modified":"2020-01-23T20:46:13","modified_gmt":"2020-01-23T19:46:13","slug":"mercredi-1er-mars-2017","status":"publish","type":"post","link":"https:\/\/lemotdujour.fr\/?p=450","title":{"rendered":"Mercredi 1<sup>er<\/sup> mars 2017"},"content":{"rendered":"<div class=\"mdjDate\"><a id=\"_Toc482008781\"><\/a>Mercredi 1<sup>er<\/sup> mars 2017<\/div>\n<div class=\"mdjTexte\">\u00ab\u00a0Une philosophie de l\u2019Histoire\u00a0\u00bb<\/div>\n<div class=\"mdjAuteur\">Michel Serres<\/div>\n<p><span style=\"color: #777777; font-family: Arial;\">Le premier livre abord\u00e9 dans <span style=\"color: #0000ff;\"><a style=\"color: #0000ff;\" href=\"https:\/\/www.youtube.com\/watch?v=LJ58JIeR7m8&amp;t=25s\"><span style=\"text-decoration: underline;\">l&rsquo;interview d&rsquo;EmmanuelleDancourt <\/span><\/a><\/span>a pour titre\u00a0: \u00ab\u00a0<strong>Darwin, Bonaparte et le samaritain, une philosophie de l&rsquo;Histoire<\/strong>\u00a0\u00bb<br \/>\n<\/span><\/p>\n<p><span style=\"color: #777777; font-family: Arial;\">Michel Serres divise son livre en 3 temps, chaque temps \u00e9tant symbolis\u00e9 par un nom\u00a0; deux personnages historiques <strong>Darwin<\/strong> qui a r\u00e9v\u00e9l\u00e9 l&rsquo;\u00e9volution des esp\u00e8ces, <strong>Bonaparte<\/strong> qui \u00e9tait un homme de guerre et un personnage de fiction, personnage de la culture chr\u00e9tienne qui apparait dans une parabole que le Christ aurait racont\u00e9 selon les \u00e9vangiles\u00a0: le samaritain, plus connu avec un adjectif\u00a0: <strong>\u00ab\u00a0le bon samaritain\u00a0\u00bb.<\/strong><br \/>\n<\/span><\/p>\n<p><span style=\"color: #777777; font-family: Arial;\">Mais pourquoi faire une philosophie de l&rsquo;Histoire\u00a0?<br \/>\n<\/span><\/p>\n<p><span style=\"color: #777777; font-family: Arial;\">Dans ma jeunesse je m&rsquo;\u00e9tais int\u00e9ress\u00e9 \u00e0 un livre de Raymond Aron\u00a0: \u00ab\u00a0<strong>Introduction \u00e0 la philosophie de l&rsquo;histoire<\/strong>\u00a0\u00bb dans lequel il s&rsquo;int\u00e9ressait aux limites de l&rsquo;objectivit\u00e9 historique et menait une r\u00e9futation du positivisme qui \u00e9tait la pens\u00e9e dominante. Raymond Aron avait ainsi dans les ann\u00e9es 1970 dit de Giscard d&rsquo;Estaing\u00a0:<br \/>\n<\/span><\/p>\n<p style=\"margin-left: 28pt;\"><span style=\"color: #c00000; font-family: Arial;\">\u00ab\u00a0Cet homme ne sait pas que l&rsquo;Histoire est tragique\u00a0\u00bb<br \/>\n<\/span><\/p>\n<p><span style=\"color: #777777; font-family: Arial;\">Car depuis la philosophie des Lumi\u00e8re, on avait consid\u00e9r\u00e9 que la science apporterait le progr\u00e8s et donc que l&rsquo;Histoire ne pouvait aller que vers un avenir meilleur.<br \/>\n<\/span><\/p>\n<p><span style=\"color: #777777; font-family: Arial;\">Par des voies diff\u00e9rentes et des objectifs diff\u00e9renci\u00e9s, au XIX\u00e8me si\u00e8cle, des grands esprits comme Friedrich Hegel, Auguste Comte et Karl Marx avaient tous une vision de l&rsquo;Histoire qui allait vers plus de lumi\u00e8re, de libert\u00e9 pour l&rsquo;homme et d&rsquo;organisation b\u00e9n\u00e9fique de la soci\u00e9t\u00e9.<br \/>\n<\/span><\/p>\n<p><span style=\"color: #777777; font-family: Arial;\">Michel Serres comme toujours s&rsquo;y prend diff\u00e9remment pour r\u00e9aliser une philosophie de l&rsquo;Histoire qui lui est propre et qui change forc\u00e9ment notre regard sur l&rsquo;Histoire, notre Histoire.<br \/>\n<\/span><\/p>\n<p><span style=\"color: #777777; font-family: Arial;\">Pourquoi faire une philosophie de l&rsquo;Histoire\u00a0?<br \/>\n<\/span><\/p>\n<p><span style=\"color: #777777; font-family: Arial;\">Il aborde ce sujet de mani\u00e8re encore plus explicite que dans l&rsquo;interview de KTO, dans une conf\u00e9rence o\u00f9 il pr\u00e9sente ce seul livre\u00a0: \u00ab<span style=\"color: #0000ff;\">\u00a0<\/span><a href=\"https:\/\/www.youtube.com\/watch?v=qVwfftAcg9I&amp;t=2494s\"><span style=\"color: #0000ff;\">Darwin, Bonaparte et le samaritain<\/span>\u00a0<\/a>\u00bb :<br \/>\n<\/span><\/p>\n<p style=\"margin-left: 28pt;\"><span style=\"color: #c00000; font-family: Arial;\">\u00ab\u00a0Apr\u00e8s les attentats j&rsquo;ai entendu des voix politiques ou m\u00e9diatiques dirent\u00a0: l&rsquo;Histoire nous rattrape. Comme si l&rsquo;Histoire n&rsquo;\u00e9tait jamais faite que d&rsquo;attentats, de violences et de rapports de force. Vivons-nous vraiment un temps de l&rsquo;Histoire hyper violent\u00a0? Tout le monde a l&rsquo;air de le penser et tout le monde a l&rsquo;air de le dire. Si sur notre ordinateur, nous tapons sur un moteur de recherche\u00a0: cause de mortalit\u00e9 dans le monde et que nous consultons les sites les plus s\u00e9rieux qui donnent ce type de d\u00e9nombrement nous constaterons que le nombre de morts par violence est tr\u00e8s largement minoritaire.<br \/>\n<\/span><\/p>\n<p style=\"margin-left: 28pt;\"><span style=\"color: #c00000; font-family: Arial;\">Jamais le monde n&rsquo;a \u00e9t\u00e9 aussi paisible. C&rsquo;est la premi\u00e8re question celle de la violence.<br \/>\n<\/span><\/p>\n<p style=\"margin-left: 28pt;\"><span style=\"color: #c00000; font-family: Arial;\">La seconde question qui se pose est notre conduite envers le monde.\u00a0\u00bb<br \/>\n<\/span><\/p>\n<p><span style=\"color: #777777; font-family: Arial;\">Il raconte que r\u00e9cemment, il marchait dans le bois de Vincennes.<br \/>\n<\/span><\/p>\n<p style=\"margin-left: 28pt;\"><span style=\"color: #c00000; font-family: Arial;\">\u00ab\u00a0Et dans ces heures de la terminaison de l&rsquo;apr\u00e8s-midi, levant les yeux j&rsquo;ai \u00e9t\u00e9 foudroy\u00e9 d&rsquo;admiration devant la beaut\u00e9 du coucher du soleil. Il y avait une harmonie de bleu et de rose dans les nuages qui \u00e0 travers le feuillage, qui \u00e9tait d\u00e9j\u00e0 devenu jaune, \u00e9tait d&rsquo;une surprenante beaut\u00e9. Je suis rest\u00e9 en extase un moment et baissant les yeux je me suis aper\u00e7u qu&rsquo;il y avait beaucoup de monde autour de moi et que personne n&rsquo;y attachait aucune attention. Alors j&rsquo;ai arr\u00eat\u00e9 une ou deux personnes pour leur dire\u00a0: Vous avez vu cet extraordinaire coucher de soleil\u00a0?\u00a0\u00bb<br \/>\n<\/span><\/p>\n<p><span style=\"color: #777777; font-family: Arial;\">Alors la premi\u00e8re personne m&rsquo;a r\u00e9pondu\u00a0: \u00ab\u00a0<span style=\"color: #c00000;\">Merde\u00a0! Je n&rsquo;ai pas mon appareil photo\u00a0!<span style=\"color: #777777;\">\u00a0\u00bb<br \/>\n<\/span><\/span><\/span><\/p>\n<p><span style=\"color: #777777; font-family: Arial;\">Et la seconde m&rsquo;a dit\u00a0: \u00ab\u00a0<span style=\"color: #c00000;\">Ha Ha vous \u00eates bien po\u00e8te vous\u00a0!<span style=\"color: #777777;\">\u00a0\u00bb et\u2026 elle a pass\u00e9 vite son chemin.<br \/>\n<\/span><\/span><\/span><\/p>\n<p><span style=\"color: #777777; font-family: Arial;\">Et il ajoute\u00a0:<br \/>\n<\/span><\/p>\n<p style=\"margin-left: 28pt;\"><span style=\"color: #c00000; font-family: Arial;\">\u00ab\u00a0Par cons\u00e9quent personne n&rsquo;y faisait attention. Et je me suis rendu compte qu&rsquo;il y avait l\u00e0 une photographie int\u00e9ressante de notre rapport au monde. C&rsquo;est-\u00e0-dire que nous, habitants des villes, nous n&rsquo;avons plus jamais l&rsquo;habitude de regarder le monde.<br \/>\n<\/span><\/p>\n<p style=\"margin-left: 28pt;\"><span style=\"color: #c00000; font-family: Arial;\">Les philosophes appellent les hommes\u00a0: \u00ab\u00a0<strong>des \u00eatres au monde<\/strong>\u00a0\u00bb Eh bien ce n&rsquo;est pas vrai\u00a0! Nous ne sommes pas dans le monde, nous ne voyons pas le monde. Et par cons\u00e9quent si le monde est aujourd&rsquo;hui en perdition aussi bien pour les esp\u00e8ces vivantes que pour le climat, c&rsquo;est peut-\u00eatre que nous n&rsquo;y faisons pas attention.\u00a0\u00bb<br \/>\n<\/span><\/p>\n<p style=\"margin-left: 28pt;\"><span style=\"color: #c00000; font-family: Arial;\">Ainsi pour r\u00e9diger mon livre [sur la philosophie de l&rsquo;Histoire] j&rsquo;avais deux pr\u00e9occupations c&rsquo;\u00e9tait\u00a0:<br \/>\n<\/span><\/p>\n<p style=\"margin-left: 28pt;\"><span style=\"color: #c00000;\"><span style=\"font-family: Symbol;\">\u00b7<\/span><span style=\"font-family: Arial;\"> Les questions de violence et<br \/>\n<\/span><\/span><\/p>\n<p style=\"margin-left: 28pt;\"><span style=\"color: #c00000;\"><span style=\"font-family: Symbol;\">\u00b7<\/span><span style=\"font-family: Arial;\"> Notre rapport au monde. [\u2026]\u00a0\u00bb<br \/>\n<\/span><\/span><\/p>\n<p><span style=\"color: #777777; font-family: Arial;\">Et il conclut\u00a0:<br \/>\n<\/span><\/p>\n<p style=\"margin-left: 28pt;\"><span style=\"color: #c00000; font-family: Arial;\">\u00ab\u00a0Faire une philosophie de l&rsquo;Histoire est aujourd&rsquo;hui important [parce que] nous le savons et nous le vivons vraiment, aujourd&rsquo;hui nous traversons un moment de transformation tout \u00e0 fait extraordinaire. Les transformations viennent de toute part et sont tr\u00e8s rapides. Et dans ce type de situation instable, il est int\u00e9ressant de faire le point sur o\u00f9 nous en sommes et o\u00f9 nous allons. Comment lire, comme voir lucidement le contemporain. Les questions politiques qui nous agitent ne peuvent pas se comprendre sans au pr\u00e9alable une philosophie de l&rsquo;Histoire.\u00a0\u00bb<br \/>\n<\/span><\/p>\n<p><span style=\"color: #777777; font-family: Arial;\">Ceci est un d\u00e9but, demain Michel Serres nous expliquera que pour faire une philosophie de l&rsquo;Histoire, il faut d\u00e9finir ce qu&rsquo;est l&rsquo;Histoire.<br \/>\n<\/span><\/p>\n<p><span style=\"color: maroon; font-family: Arial;\">&lt;848&gt;<\/span><\/p>\n","protected":false},"excerpt":{"rendered":"<p>Mercredi 1er mars 2017 \u00ab\u00a0Une philosophie de l\u2019Histoire\u00a0\u00bb Michel Serres Le premier livre abord\u00e9 dans l&rsquo;interview d&rsquo;EmmanuelleDancourt a pour titre\u00a0: \u00ab\u00a0Darwin, Bonaparte et le samaritain, une philosophie de l&rsquo;Histoire\u00a0\u00bb Michel Serres divise son livre en 3 temps, chaque temps \u00e9tant<\/p>\n","protected":false},"author":1,"featured_media":0,"comment_status":"closed","ping_status":"closed","sticky":false,"template":"","format":"standard","meta":{"footnotes":""},"categories":[1],"tags":[17],"class_list":["post-450","post","type-post","status-publish","format-standard","hentry","category-motdujour","tag-histoire"],"_links":{"self":[{"href":"https:\/\/lemotdujour.fr\/index.php?rest_route=\/wp\/v2\/posts\/450","targetHints":{"allow":["GET"]}}],"collection":[{"href":"https:\/\/lemotdujour.fr\/index.php?rest_route=\/wp\/v2\/posts"}],"about":[{"href":"https:\/\/lemotdujour.fr\/index.php?rest_route=\/wp\/v2\/types\/post"}],"author":[{"embeddable":true,"href":"https:\/\/lemotdujour.fr\/index.php?rest_route=\/wp\/v2\/users\/1"}],"replies":[{"embeddable":true,"href":"https:\/\/lemotdujour.fr\/index.php?rest_route=%2Fwp%2Fv2%2Fcomments&post=450"}],"version-history":[{"count":2,"href":"https:\/\/lemotdujour.fr\/index.php?rest_route=\/wp\/v2\/posts\/450\/revisions"}],"predecessor-version":[{"id":7866,"href":"https:\/\/lemotdujour.fr\/index.php?rest_route=\/wp\/v2\/posts\/450\/revisions\/7866"}],"wp:attachment":[{"href":"https:\/\/lemotdujour.fr\/index.php?rest_route=%2Fwp%2Fv2%2Fmedia&parent=450"}],"wp:term":[{"taxonomy":"category","embeddable":true,"href":"https:\/\/lemotdujour.fr\/index.php?rest_route=%2Fwp%2Fv2%2Fcategories&post=450"},{"taxonomy":"post_tag","embeddable":true,"href":"https:\/\/lemotdujour.fr\/index.php?rest_route=%2Fwp%2Fv2%2Ftags&post=450"}],"curies":[{"name":"wp","href":"https:\/\/api.w.org\/{rel}","templated":true}]}}