{"id":4490,"date":"2018-04-03T04:15:18","date_gmt":"2018-04-03T02:15:18","guid":{"rendered":"http:\/\/lemotdujour.fr\/?p=4490"},"modified":"2022-03-11T14:58:07","modified_gmt":"2022-03-11T13:58:07","slug":"mardi-3-avril-2018","status":"publish","type":"post","link":"https:\/\/lemotdujour.fr\/?p=4490","title":{"rendered":"Mardi 3 avril 2018"},"content":{"rendered":"<div class=\"mdjTexte\">\u00ab&nbsp;La libert\u00e9 se confond avec le bonheur et le courage avec la libert\u00e9&nbsp;!&nbsp;\u00bb<\/div>\n<div class=\"mdjAuteur\">P\u00e9ricl\u00e8s rendant hommage aux morts ath\u00e9niens pendant la guerre du P\u00e9loponn\u00e8se<\/div>\n<p><span style=\"color: #777777; font-family: Arial;\">Le Pr\u00e9sident de La R\u00e9publique, Emmanuel Macron a d\u00e9crit, <a href=\"https:\/\/www.publicsenat.fr\/article\/politique\/discours-d-emmanuel-macron-arnaud-beltrame-l-esprit-francais-de-resistance-84161\"><span style=\"color: #0000ff;\">dans son hommage aux Invalides<\/span><\/a>, les conditions dans lesquelles le lieutenant-colonel Arnaud Beltrame a accept\u00e9 de prendre la place de l&rsquo;otage que d\u00e9tenait le terroriste islamiste&nbsp;:<br \/>\n<\/span><\/p>\n<p style=\"margin-left: 28pt;\"><span style=\"color: #c00000; font-family: Arial;\">\u00abIl \u00e9tait environ onze heures ce vendredi 23 mars 2018, lorsque le lieutenant-colonel Arnaud BELTRAME s&rsquo;est pr\u00e9sent\u00e9 avec ses hommes devant la grande surface de Tr\u00e8bes dans l&rsquo;Aude. Un quart d&rsquo;heure seulement leur avait suffi pour \u00eatre sur les lieux. Que savait-il \u00e0 ce moment-l\u00e0 du terroriste qui s&rsquo;y \u00e9tait retranch\u00e9&nbsp;? Il savait qu&rsquo;il avait un peu plus t\u00f4t tu\u00e9 le passager d&rsquo;un v\u00e9hicule, Jean-Michel MAZIERES, et gri\u00e8vement bless\u00e9 son conducteur Renato GOMES DA SILVA.&nbsp; Qu&rsquo;il avait fait feu sur des CRS aux abords de leur caserne et bless\u00e9 l&rsquo;un d&rsquo;entre eux \u00e0 l&rsquo;\u00e9paule, le brigadier Fr\u00e9d\u00e9ric POIROT. Que dans ce commerce o\u00f9 il s&rsquo;\u00e9tait retranch\u00e9 il avait abattu deux hommes \u00e0 bout portant&nbsp;: Herv\u00e9 SOSNA, un client, et Christian MEDVES, le chef boucher.&nbsp; Nous pensons en cet instant \u00e0 ces bless\u00e9s, \u00e0 ces morts, nos morts, et \u00e0 leurs familles dans le recueillement.<br \/>\n<\/span><\/p>\n<p style=\"margin-left: 28pt;\"><span style=\"color: #c00000; font-family: Arial;\">Il savait aussi que le terroriste d\u00e9tenait une employ\u00e9e en otage. Qu&rsquo;il se r\u00e9clamait de cette hydre islamiste qui avait tant meurtri notre pays. Qu&rsquo;avide de n\u00e9ant ce meurtrier cherchait la mort. Cherchait sa mort. Cette mort que d&rsquo;autres avant lui avaient trouv\u00e9e. Une mort qu&rsquo;ils croyaient glorieuse, mais qui \u00e9tait abjecte&nbsp;: une mort qui serait pour longtemps la honte de sa famille, la honte des siens et de nombre de ses coreligionnaires&nbsp;; une mort l\u00e2che, obtenue par l&rsquo;assassinat d&rsquo;innocents.<br \/>\n<\/span><\/p>\n<p style=\"margin-left: 28pt;\"><span style=\"color: #c00000; font-family: Arial;\">L&#8217;employ\u00e9e prise en otage \u00e9tait de ces innocents. Pour le terroriste qui la tenait sous la menace de son arme, sa vie ne comptait pas, pas plus que celle des autres victimes. Son sort sans doute allait \u00eatre le m\u00eame.&nbsp; Mais cette vie comptait pour Arnaud BELTRAME. Elle comptait m\u00eame plus que tout car elle \u00e9tait comme toute vie la source de sa vocation de servir.<br \/>\n<\/span><\/p>\n<p style=\"margin-left: 28pt;\"><span style=\"color: #c00000; font-family: Arial;\">Accepter de mourir pour que vivent des innocents, tel est le c\u0153ur de l&rsquo;engagement du soldat. \u00catre pr\u00eat \u00e0 donner sa vie parce que rien n&rsquo;est plus important que la vie d&rsquo;un concitoyen, tel est le ressort intime de cette transcendance qui le portait. L\u00e0 \u00e9tait cette grandeur qui a sid\u00e9r\u00e9 la France.&nbsp; Le lieutenant-colonel BELTRAME avait d\u00e9montr\u00e9 par son parcours exceptionnel que cette grandeur coulait dans ses veines. Elle irradiait de sa personne. Elle lui valait l&rsquo;estime de ses chefs, l&rsquo;amiti\u00e9 de ses coll\u00e8gues et l&rsquo;admiration de ses hommes.<br \/>\n<\/span><\/p>\n<p style=\"margin-left: 28pt;\"><span style=\"color: #c00000; font-family: Arial;\">A cet instant toutefois d&rsquo;autres, m\u00eame parmi les braves, auraient peut-\u00eatre transig\u00e9 ou h\u00e9sit\u00e9. Mais le lieutenant-colonel BELTRAME s&rsquo;est trouv\u00e9 face \u00e0 la part la plus profonde et peut-\u00eatre la plus myst\u00e9rieuse de son engagement.&nbsp; Il a pris une d\u00e9cision qui n&rsquo;\u00e9tait pas seulement celle du sacrifice, mais celle d&rsquo;abord de la fid\u00e9lit\u00e9 \u00e0 soi-m\u00eame, de la fid\u00e9lit\u00e9 \u00e0 ses valeurs, de la fid\u00e9lit\u00e9 \u00e0 tout ce qu&rsquo;il avait toujours \u00e9t\u00e9 et voulu \u00eatre, \u00e0 tout ce qui le tenait.&nbsp;\u00bb<br \/>\n<\/span><\/p>\n<p><span style=\"color: #777777; font-family: Arial;\">Arnaud Beltrame est un h\u00e9ros.<br \/>\n<\/span><\/p>\n<p><span style=\"color: #777777; font-family: Arial;\">Certains voudraient faire de toutes les victimes du terrorisme des h\u00e9ros, mais ce n&rsquo;est pas le cas. Les victimes sont des victimes, elles sont assassin\u00e9es parce que les terroristes islamistes les consid\u00e8rent comme faisant partie de la communaut\u00e9 de leurs ennemis.<br \/>\n<\/span><\/p>\n<p><span style=\"color: #777777; font-family: Arial;\">La nation fran\u00e7aise doit leur rendre hommage parce que c&rsquo;est en raison de leur appartenance \u00e0 notre nation qu&rsquo;elles ont \u00e9t\u00e9 tu\u00e9es, qu&rsquo;\u00e0 travers leur mort chacun de nous a \u00e9t\u00e9 atteint. Il faut entourer leurs proches, aider les bless\u00e9s, accompagner positivement les uns et les autres dans la compassion, dans l&rsquo;entraide et dans la fraternit\u00e9 de notre devise, car elles ont \u00e9t\u00e9 atteints dans leur chair en tant que fr\u00e8re dans la nation.<br \/>\n<\/span><\/p>\n<p><span style=\"color: #777777; font-family: Arial;\">Mais ce ne sont pas des h\u00e9ros. Arnaud Beltrame est un h\u00e9ros.<br \/>\n<\/span><\/p>\n<p><span style=\"color: #777777; font-family: Arial;\">C&rsquo;est un h\u00e9ros, parce que sachant ce qu&rsquo;il savait, il a agi pour prendre la place d&rsquo;une otage et connaissant l&rsquo;instinct de mort de l&rsquo;ignoble individu qui se trouvait dans le supermarch\u00e9, il savait que le risque pour lui de mourir \u00e9tait immense.<br \/>\n<\/span><\/p>\n<p><span style=\"color: #777777; font-family: Arial;\">Il a accept\u00e9 ce risque, parce qu&rsquo;il croyait \u00e0 des valeurs qui \u00e9taient plus importantes que sa vie, que la conservation de sa vie.<br \/>\n<\/span><\/p>\n<p><a href=\"https:\/\/www.nouvelobs.com\/societe\/20120708.OBS6523\/mohamed-merah-moi-la-mort-je-l-aime-comme-vous-vous-aimez-la-vie.html\"><span style=\"font-family: Arial;\"><span style=\"color: #0000ff;\">&lt;Mohammed Merah a dit : moi la mort je l&rsquo;aime comme vous aimez la vie&gt;<\/span><\/span><\/a><span style=\"color: #777777; font-family: Arial;\"><br \/>\n<\/span><\/p>\n<p><span style=\"color: #777777; font-family: Arial;\">Il semblerait que Ben Laden dans <a href=\"http:\/\/infostrat.tumblr.com\/post\/26819611476\/nous-aimons-la-mort-plus-que-vous-naimez-la-vie\"><span style=\"color: #0000ff;\">une de ses diatribes<\/span><\/a> contre l&rsquo;Occident aurait \u00e9crit&nbsp;: \u00ab&nbsp;Nous vous avons pr\u00e9par\u00e9 des hommes qui aiment la mort autant que vous aimez la vie.&nbsp;\u00bb<br \/>\n<\/span><\/p>\n<p><span style=\"color: #777777; font-family: Arial;\">Toujours est-il que dans l&rsquo;id\u00e9ologie de ces criminels illumin\u00e9s leur premier objectif est de donner la mort fusse-ce au prix de leur mort. Ils pr\u00e9tendent aimer la mort.<br \/>\n<\/span><\/p>\n<p><img loading=\"lazy\" decoding=\"async\" class=\"alignleft\" src=\"https:\/\/lemotdujour.fr\/wp-content\/uploads\/2018\/04\/040218_1814_Mardi3avril1.jpg\" alt=\"\" width=\"459\" height=\"293\" align=\"left\"><span style=\"color: #777777; font-family: Arial;\">Arnaud Beltrame aimait la vie jusqu&rsquo;au point de donner la sienne pour en sauver une autre. C&rsquo;est une r\u00e9ponse immense, extraordinaire \u00e0 la folie de nos ennemis&nbsp;: \u00ab&nbsp;<strong>Vous recherchez la mort pour donner la mort, il en est parmi nous qui sont capable de mourir pour sauver des vies<\/strong>&nbsp;\u00bb.<br \/>\n<\/span><\/p>\n<p><span style=\"color: #777777; font-family: Arial;\">Parce qu&rsquo;il existe des combats qui sont plus grands que nous, des causes plus grandes que notre vie.<br \/>\n<\/span><\/p>\n<p><span style=\"color: #777777; font-family: Arial;\">Nous ne savons pas individuellement si nous serions capables de ce courage dans de telles circonstances.<br \/>\n<\/span><\/p>\n<p><span style=\"color: #777777; font-family: Arial;\">Celui qui prouve ce courage est un h\u00e9ros.<br \/>\n<\/span><\/p>\n<p><span style=\"color: #777777; font-family: Arial;\">C&rsquo;est pourquoi le Colonel Arnaud Beltrame en est un.<br \/>\n<\/span><\/p>\n<p><span style=\"color: #777777; font-family: Arial;\">C&rsquo;est Thierry Pech, directeur g\u00e9n\u00e9ral du think tank Terra nova, lors de<span style=\"color: #0000ff;\"> <a style=\"color: #0000ff;\" href=\"https:\/\/www.franceculture.fr\/emissions\/lesprit-public\/vivre-ensemble-quel-sera-le-catechisme-macronien-universites-comme-un-esprit-de-mai\">l&rsquo;\u00e9mission l&rsquo;Esprit Public du dimanche de P\u00e2ques<\/a><\/span> qui a cit\u00e9 les mots de P\u00e9ricl\u00e8s mis en exergue de ce mot du jour&nbsp;:<br \/>\n<\/span><\/p>\n<p style=\"margin-left: 28pt;\"><span style=\"color: #c00000; font-family: Arial;\">\u00ab&nbsp;La r\u00e9ponse que cet homme a apport\u00e9e aux islamistes est la plus terrible qui ait \u00e9t\u00e9 apport\u00e9e jusqu&rsquo;\u00e0 pr\u00e9sent.Ils croient que nous ne croyons en rien. Ils pensent qu&rsquo;eux seuls ont le courage de sacrifier leur vie pour leur cause.<br \/>\nEt ils ont eu devant eux un sacrifice d\u00e9mocratique. Ils ont eu un martyr pour la vie, non pas un martyr pour la mort.<br \/>\nIl faut bien s\u00fbr c\u00e9l\u00e9brer le courage de cet homme.<br \/>\nIl faut c\u00e9l\u00e9brer cette id\u00e9e que la d\u00e9mocratie est plus grande que nous et qu&rsquo;elle m\u00e9rite qu&rsquo;on aille jusqu&rsquo;\u00e0 l\u00e0, jusqu&rsquo;au sacrifice ultime.&nbsp;\u00bb<br \/>\n<\/span><\/p>\n<p><span style=\"color: #777777; font-family: Arial;\">Et il cite P\u00e9ricl\u00e8s qui rend hommage aux morts ath\u00e9niens&nbsp;:<br \/>\n<\/span><\/p>\n<p style=\"margin-left: 28pt;\"><span style=\"color: #c00000; font-family: Arial;\">\u00ab&nbsp;Sachez que chez nous la libert\u00e9 se confond avec le bonheur, et le courage avec la libert\u00e9&nbsp;!&nbsp;\u00bb<br \/>\n<\/span><\/p>\n<p><span style=\"color: #777777; font-family: Arial;\">Propos rapport\u00e9s par le grand historien grec, Thucydide, <a href=\"https:\/\/fr.wikipedia.org\/wiki\/Guerre_du_P%C3%A9loponn%C3%A8se\"><span style=\"color: #0000ff;\">dans la Guerre du P\u00e9loponn\u00e8se<\/span><\/a>.<br \/>\n<\/span><\/p>\n<p><span style=\"color: #777777; font-family: Arial;\">Et vous pouvez trouver <span style=\"color: #0000ff;\"><a style=\"color: #0000ff;\" href=\"http:\/\/remacle.org\/bloodwolf\/historiens\/thucydide\/table.htm\">l&rsquo;int\u00e9gralit\u00e9 de la traduction de la Guerre du P\u00e9loponn\u00e8se<\/a> <\/span>de Thucydide sur Internet.<br \/>\n<\/span><\/p>\n<p><span style=\"color: #777777; font-family: Arial;\">L&rsquo;extrait dont parle Thierry Pech se trouve dans <strong>le Livre II au chapitre XLIII<\/strong>. Voici ce chapitre&nbsp;: . &#8211;<br \/>\n<\/span><\/p>\n<p style=\"margin-left: 28pt;\"><span style=\"color: #c00000; font-family: Arial;\">\u00ab C&rsquo;est ainsi qu&rsquo;ils se sont montr\u00e9s les dignes fils de la cit\u00e9. Les survivants peuvent bien faire des voeux pour obtenir un sort meilleur, mais ils doivent se montrer tout aussi intr\u00e9pides \u00e0 l&rsquo;\u00e9gard de l&rsquo;ennemi ; qu&rsquo;ils ne se bornent pas \u00e0 assurer leur salut par des paroles. Ce serait aussi s&rsquo;attarder bien inutilement que d&rsquo;\u00e9num\u00e9rer, devant des gens parfaitement inform\u00e9s comme vous l&rsquo;\u00eates, tous les biens attach\u00e9s \u00e0 la d\u00e9fense du pays. Mais plut\u00f4t ayez chaque jour sous les yeux la puissance de la cit\u00e9 ; servez -la avec passion et quand vous serez bien convaincus de sa grandeur, dites-vous que c&rsquo;est pour avoir pratiqu\u00e9 l&rsquo;audace, comme le sentiment du devoir et observ\u00e9 l&rsquo;honneur dans leur conduite que ces guerriers la lui ont procur\u00e9e. Quand ils \u00e9chouaient, ils ne se croyaient pas en droit de priver la cit\u00e9 de leur valeur et c&rsquo;est ainsi qu&rsquo;ils lui ont sacrifi\u00e9 leur vertu comme la plus noble contribution. Faisant en commun le sacrifice de leur vie, ils ont acquis chacun pour sa part une gloire immortelle et obtenu la plus honorable s\u00e9pulture. C&rsquo;est moins celle o\u00f9 ils reposent maintenant que le souvenir immortel sans cesse renouvel\u00e9 par les discours et les comm\u00e9morations. Les hommes \u00e9minents ont la terre enti\u00e8re pour tombeau. Ce qui les signale \u00e0 l&rsquo;attention, ce n&rsquo;est pas seulement dans leur patrie les inscriptions fun\u00e9raires grav\u00e9es sur la pierre ; m\u00eame dans les pays les plus \u00e9loign\u00e9s leur souvenir persiste, \u00e0 d\u00e9faut d&rsquo;\u00e9pitaphe, conserv\u00e9 dans la pens\u00e9e et non dans les monuments. Enviez donc leur sort, dites-vous que <strong>la libert\u00e9 se confond avec le bonheur et le courage avec la libert\u00e9<\/strong> et ne regardez pas avec d\u00e9dain les p\u00e9rils de la guerre. Ce ne sont pas les malheureux, priv\u00e9s de l&rsquo;espoir d&rsquo;un sort meilleur, qui ont le plus de raisons de sacrifier leur vie, mais ceux qui de leur vivant risquent de passer d&rsquo;une bonne \u00e0 une mauvaise fortune et qui en cas d&rsquo;\u00e9chec verront leur sort compl\u00e8tement chang\u00e9. Car pour un homme plein de fiert\u00e9, l&rsquo;amoindrissement caus\u00e9 par la l\u00e2chet\u00e9 est plus douloureux qu&rsquo;une mort qu&rsquo;on affronte avec courage, anim\u00e9 par l&rsquo;esp\u00e9rance commune et qu&rsquo;on ne sent m\u00eame pas.&nbsp;\u00bb<br \/>\n<\/span><\/p>\n<p><span style=\"color: #777777; font-family: Arial;\">Jean-Luc Melenchon <span style=\"color: #0000ff;\"><a style=\"color: #0000ff;\" href=\"http:\/\/www.lemonde.fr\/police-justice\/video\/2018\/03\/27\/arnaud-beltrame-est-un-heros-de-la-condition-humaine-salue-jean-luc-melenchon-a-l-assemblee-nationale_5277155_1653578.html\">a eu des paroles lumineuses<\/a><\/span>, comme il sait parfois les porter, \u00e0 l&rsquo;Assembl\u00e9e nationale&nbsp;:<br \/>\n<\/span><\/p>\n<p style=\"margin-left: 28pt;\"><span style=\"color: #c00000; font-family: Arial;\">\u00ab&nbsp;Le lieutenant-colonel Arnaud Beltrame a remis le monde humain en ordre.&nbsp;Il a assum\u00e9 la primaut\u00e9 d&rsquo;un altruisme absolu&nbsp;: celui qui prend pour soi la mort possible de l&rsquo;autre, illustrant ainsi les valeurs de foi et de philosophie auxquelles il \u00e9tait attach\u00e9 personnellement. En ce sens, <strong>le lieutenant-colonel Beltrame est un h\u00e9ros de la condition humaine<\/strong>.&nbsp;\u00bb<br \/>\n<\/span><\/p>\n<p><img loading=\"lazy\" decoding=\"async\" class=\"alignright\" src=\"https:\/\/lemotdujour.fr\/wp-content\/uploads\/2018\/04\/040218_1814_Mardi3avril2.jpg\" alt=\"\" width=\"421\" height=\"202\" align=\"left\"><span style=\"color: #777777; font-family: Arial;\">Robert Badinter, du haut de la sagesse de ses 90 ans a rendu <a href=\"https:\/\/www.20minutes.fr\/societe\/2247551-20180402-video-merci-colonel-robert-badinter-rend-vibrant-hommage-heros-arnaud-beltrame\"><span style=\"color: #0000ff;\">cet hommage<\/span><\/a> au Colonel Beltrame<br \/>\n<\/span><\/p>\n<p style=\"margin-left: 28pt;\"><span style=\"color: #c00000; font-family: Arial;\">\u00ab&nbsp;Que le colonel Beltrame soit mort en h\u00e9ros, les hommages et les larmes de tant de Fran\u00e7ais de toutes origines et de toutes conditions l&rsquo;ont proclam\u00e9. Un h\u00e9ros est en effet celui qui accepte de donner sa vie pour servir son id\u00e9al. Mais au-del\u00e0 de cette grandeur, on doit s&rsquo;interroger sur le sens de ce sacrifice, sur la cause&nbsp;pour laquelle il choisit de mourir, car il est des causes qui font horreur.<br \/>\n<\/span><\/p>\n<p style=\"margin-left: 28pt;\"><span style=\"color: #c00000; font-family: Arial;\">Ainsi en est-il du terrorisme. Le jihadiste qui se fait exploser au milieu de ces victimes innocentes commet un acte monstrueux. Mais pour les partisans de son id\u00e9ologie, il est un martyr. Assassin pour nous, martyr pour les siens : c&rsquo;est pourtant du m\u00eame homme et du m\u00eame acte dont il s&rsquo;agit.<br \/>\n<\/span><\/p>\n<p style=\"margin-left: 28pt;\"><span style=\"color: #c00000; font-family: Arial;\">D\u00e8s lors, s&rsquo;agissant de notre h\u00e9ros le colonel Beltrame, il faut, pour prendre la mesure de son sacrifice, d\u00e9gager le sens de son action. Le colonel Beltrame est mort parce qu&rsquo;il a donn\u00e9 sa vie pour sauver d&rsquo;autres vies. C&rsquo;est la plus noble expression de la fraternit\u00e9. Son sacrifice est \u00e0 l&rsquo;oppos\u00e9 du crime du jihadiste, qui meurt pour que d&rsquo;autres \u00eatres humains p\u00e9rissent avec lui ou \u00e0 cause de lui.<br \/>\n<\/span><\/p>\n<p style=\"margin-left: 28pt;\"><span style=\"color: #c00000; font-family: Arial;\">Comme les fascistes espagnols, hurlant&nbsp;jadis dans les ruines de Tol\u00e8de<em> \u00ab\u00a0Viva la muerte !\u00a0\u00bb<\/em>, c&rsquo;est au culte de la mort que le jihadiste se voue. Le colonel Beltrame, lui, agit \u00e0 l&rsquo;oppos\u00e9. C&rsquo;est pour \u00e9pargner la vie d&rsquo;innocents qu&rsquo;il a donn\u00e9 la sienne. <strong>Que son souvenir demeure vivant \u00e0 travers les g\u00e9n\u00e9rations. Il a servi la cause de l&rsquo;humanit\u00e9 toute enti\u00e8re. Merci, mon colonel !<\/strong>&nbsp;\u00bb<br \/>\n<\/span><\/p>\n<p><span style=\"color: #777777; font-family: Arial;\">Oui Merci mon colonel, d&rsquo;avoir remis le monde humain en ordre.<br \/>\n<\/span><\/p>\n<p><span style=\"color: #c00000; font-family: Arial;\">&lt;1048&gt;<\/span><\/p>\n","protected":false},"excerpt":{"rendered":"<p>\u00ab&nbsp;La libert\u00e9 se confond avec le bonheur et le courage avec la libert\u00e9&nbsp;!&nbsp;\u00bb P\u00e9ricl\u00e8s rendant hommage aux morts ath\u00e9niens pendant la guerre du P\u00e9loponn\u00e8se Le Pr\u00e9sident de La R\u00e9publique, Emmanuel Macron a d\u00e9crit, dans son hommage aux Invalides, les conditions<\/p>\n","protected":false},"author":1,"featured_media":0,"comment_status":"open","ping_status":"closed","sticky":false,"template":"","format":"standard","meta":{"footnotes":""},"categories":[1],"tags":[15,29,54],"class_list":["post-4490","post","type-post","status-publish","format-standard","hentry","category-motdujour","tag-france","tag-hommage","tag-humanisme"],"_links":{"self":[{"href":"https:\/\/lemotdujour.fr\/index.php?rest_route=\/wp\/v2\/posts\/4490","targetHints":{"allow":["GET"]}}],"collection":[{"href":"https:\/\/lemotdujour.fr\/index.php?rest_route=\/wp\/v2\/posts"}],"about":[{"href":"https:\/\/lemotdujour.fr\/index.php?rest_route=\/wp\/v2\/types\/post"}],"author":[{"embeddable":true,"href":"https:\/\/lemotdujour.fr\/index.php?rest_route=\/wp\/v2\/users\/1"}],"replies":[{"embeddable":true,"href":"https:\/\/lemotdujour.fr\/index.php?rest_route=%2Fwp%2Fv2%2Fcomments&post=4490"}],"version-history":[{"count":7,"href":"https:\/\/lemotdujour.fr\/index.php?rest_route=\/wp\/v2\/posts\/4490\/revisions"}],"predecessor-version":[{"id":13373,"href":"https:\/\/lemotdujour.fr\/index.php?rest_route=\/wp\/v2\/posts\/4490\/revisions\/13373"}],"wp:attachment":[{"href":"https:\/\/lemotdujour.fr\/index.php?rest_route=%2Fwp%2Fv2%2Fmedia&parent=4490"}],"wp:term":[{"taxonomy":"category","embeddable":true,"href":"https:\/\/lemotdujour.fr\/index.php?rest_route=%2Fwp%2Fv2%2Fcategories&post=4490"},{"taxonomy":"post_tag","embeddable":true,"href":"https:\/\/lemotdujour.fr\/index.php?rest_route=%2Fwp%2Fv2%2Ftags&post=4490"}],"curies":[{"name":"wp","href":"https:\/\/api.w.org\/{rel}","templated":true}]}}