{"id":448,"date":"2017-02-28T01:00:00","date_gmt":"2017-02-27T22:00:00","guid":{"rendered":"http:\/\/lemotdujour.fr\/?p=448"},"modified":"2020-01-23T20:32:40","modified_gmt":"2020-01-23T19:32:40","slug":"mardi-28-fevrier-2017","status":"publish","type":"post","link":"https:\/\/lemotdujour.fr\/?p=448","title":{"rendered":"Mardi 28 f\u00e9vrier 2017"},"content":{"rendered":"<div class=\"mdjDate\"><a id=\"_Toc482008780\"><\/a>Mardi 28 f\u00e9vrier 2017<\/div>\n<div class=\"mdjTexte\">\u00ab\u00a0Je n&rsquo;enseigne point, je raconte\u00a0\u00bb<\/div>\n<div class=\"mdjAuteur\">Michel de Montaigne<br \/>\nEssais &#8211; Livre III &#8211; Chapitre II <span style=\"color: #0000ff;\"><a style=\"color: #0000ff;\" href=\"http:\/\/www.bribes.org\/trismegiste\/es3ch02.htm\">&lt;Du repentir&gt;<\/a><\/span><\/div>\n<p><span style=\"color: #777777; font-family: Arial;\">Michel Serres cite souvent cette belle phrase de Montaigne.<br \/>\n<\/span><\/p>\n<p><span style=\"color: #777777; font-family: Arial;\">Mais surtout il l&rsquo;a met en \u0153uvre dans sa mani\u00e8re d&rsquo;aborder les sujets souvent complexes qu&rsquo;il enseigne ou partage avec celles et ceux qui l&rsquo;\u00e9coutent.<br \/>\n<\/span><\/p>\n<p><span style=\"color: #777777; font-family: Arial;\">Mais je mets cette phrase en exergue, phrase que j&rsquo;avais d\u00e9j\u00e0 cit\u00e9e dans le corps de deux mots du jour (vendredi 29 mai 2015 lors d&rsquo;un mot du jour consacr\u00e9 \u00e0 Bernard Maris et le jeudi 2 juin 2016 dans la s\u00e9rie consacr\u00e9e \u00e0 Sapiens) pour engager une r\u00e9flexion sur la technique de l&rsquo;interview dans les m\u00e9dias.<br \/>\n<\/span><\/p>\n<p><span style=\"color: #777777; font-family: Arial;\">Dans l&rsquo;interview principal qui servira \u00e0 alimenter la s\u00e9rie en cours de mots du jour, Michel Serres est entretenu par une journaliste qui s&rsquo;appelle <strong>Emmanuelle Dancourt<\/strong> et qui anime une \u00e9mission sur la cha\u00eene catholique KTO qui s&rsquo;appelle &lt;<span style=\"color: #0000ff;\"><a style=\"color: #0000ff;\" href=\"http:\/\/www.ktotv.com\/emissions\/eclairages\/culture-et-foi\/v-i-p\"><span style=\"text-decoration: underline;\">VIP Visages Inattendus de Personnalit\u00e9s<\/span><\/a><\/span>&gt;.<br \/>\n<\/span><\/p>\n<p><span style=\"color: #777777; font-family: Arial;\">Dans cette \u00e9mission, la journaliste ne se met pas en valeur mais laisse son interlocuteur, choisi parce qu&rsquo;il a des r\u00e9flexions \u00e0 partager, parce qu&rsquo;une profondeur peut s&rsquo;exprimer, raconter ce qu&rsquo;il a \u00e0 dire et c&rsquo;est ce que Michel Serres fait tr\u00e8s bien.<br \/>\n<\/span><\/p>\n<p><span style=\"color: #777777; font-family: Arial;\">Pour moi, baign\u00e9 dans ma jeunesse, par <strong>Jacques Chancel<\/strong> dans \u00ab\u00a0Radioscopie\u00a0\u00bb ou <strong>Bernard Pivot<\/strong> dans \u00ab\u00a0Apostrophes\u00a0\u00bb c&rsquo;est un environnement qui me convient, qui me permet d&rsquo;acc\u00e9der \u00e0 la connaissance et \u00e0 la compr\u00e9hension.<br \/>\n<\/span><\/p>\n<p><span style=\"color: #777777; font-family: Arial;\">Parce qu&rsquo;il faut laisser aux esprits libres et f\u00e9conds la capacit\u00e9 de raconter\u2026<br \/>\n<\/span><\/p>\n<p><span style=\"color: #777777; font-family: Arial;\">C&rsquo;est de plus en plus rare.<br \/>\n<\/span><\/p>\n<p><span style=\"color: #777777; font-family: Arial;\">Je sais que parmi vous il y a des supporters de Thierry Ardisson, ce journaliste toujours habill\u00e9 en noir qui a conceptualis\u00e9 le principe que les t\u00e9l\u00e9spectateurs ne pouvaient s&rsquo;int\u00e9resser \u00e0 un sujet s\u00e9rieux que si celui-ci \u00e9tait entour\u00e9 de deux bimbos, de nature \u00e0 r\u00e9veiller la libido vacillante du m\u00e2le affal\u00e9 dans son fauteuil, devant sa t\u00e9l\u00e9. Cette vision qui s&rsquo;int\u00e9resse peu, me semble t&rsquo;il, \u00e0 la moiti\u00e9 f\u00e9minine de l&rsquo;esp\u00e8ce humaine est aggrav\u00e9e en outre par l&rsquo;apparition, au milieu de questions s\u00e9rieuses, de \u00ab\u00a0<strong>QAC<\/strong> (1)\u00a0\u00bb par exemple lorsque Ardisson a demand\u00e9 \u00e0 Michel Rocard \u00a0qui \u00e9tait venu pr\u00e9senter ses id\u00e9es politiques si \u00ab\u00a0<span style=\"color: #c00000;\">sucer \u00e9tait tromper<span style=\"color: #777777;\">\u00a0\u00bb.<br \/>\n<\/span><\/span><\/span><\/p>\n<p><span style=\"color: #777777; font-family: Arial;\">Thierry Ardisson dispose de clones comme Ruquier ou Fogiel qui avec plus ou moins de succ\u00e8s essayent d&rsquo;appliquer les m\u00eames recettes.<br \/>\n<\/span><\/p>\n<p><span style=\"color: #777777; font-family: Arial;\">Sur le point strictement \u00e9conomique de l&rsquo;audimat, il faut dire que le succ\u00e8s est au rendez-vous. Pour beaucoup, cela constitue une preuve de qualit\u00e9.<br \/>\n<\/span><\/p>\n<p><span style=\"color: #777777; font-family: Arial;\">Bien s\u00fbr,\u00a0 si on les prend pour ce qu&rsquo;elles sont\u00a0: de simples \u00e9missions de divertissement, il me semble qu&rsquo;on peut \u00eatre de cet avis. Mais si on veut vraiment apprendre ou comprendre quelque chose, ou encore se ressourcer, il vaut mieux se tourner vers des \u00e9missions comme celles d&rsquo;Emmanuelle Dancourt.<br \/>\n<\/span><\/p>\n<p><span style=\"color: #777777; font-family: Arial;\">D&rsquo;ailleurs Thierry Ardisson, \u00e0 qui je reconnais beaucoup d&rsquo;intelligence, ne s&rsquo;y est pas tromp\u00e9 puisqu&rsquo;il a, pour pr\u00e9senter un de ses livres \u00ab\u00a0<strong>Les fant\u00f4me des Tuileries<\/strong>\u00a0\u00bb, accept\u00e9 de se faire interviewer par Emmanuelle Dancourt <span style=\"color: #0000ff;\"><a style=\"color: #0000ff;\" href=\"http:\/\/www.ktotv.com\/video\/00136131\/thierry-ardisson%22%20\/t%20%22_blank\"><span style=\"text-decoration: underline;\">&lt;Le 31 d\u00e9cembre 2016&gt;.<\/span><\/a><\/span><br \/>\n<\/span><\/p>\n<p><span style=\"color: #777777; font-family: Arial;\">Et dans cet entretien Thierry Ardisson est tr\u00e8s int\u00e9ressant et peut dire des choses qu&rsquo;il ne pourrait dire ailleurs. Il a le temps de s&rsquo;exprimer car il fait face \u00e0 de la bienveillance et \u00e0 des questions qui \u00e9l\u00e8vent, non des QAC.<br \/>\n<\/span><\/p>\n<p><span style=\"color: #f79646; font-family: Arial;\">(1)\u00a0 QAC = question \u00e0 la con<br \/>\n<\/span><\/p>\n<p><span style=\"color: #800000;\">&lt;847&gt;<\/span><\/p>\n<p><span style=\"color: #777777; font-family: Arial;\"><br \/>\n<\/span><\/p>\n","protected":false},"excerpt":{"rendered":"<p>Mardi 28 f\u00e9vrier 2017 \u00ab\u00a0Je n&rsquo;enseigne point, je raconte\u00a0\u00bb Michel de Montaigne Essais &#8211; Livre III &#8211; Chapitre II &lt;Du repentir&gt; Michel Serres cite souvent cette belle phrase de Montaigne. Mais surtout il l&rsquo;a met en \u0153uvre dans sa mani\u00e8re<\/p>\n","protected":false},"author":1,"featured_media":0,"comment_status":"closed","ping_status":"closed","sticky":false,"template":"","format":"standard","meta":{"footnotes":""},"categories":[1],"tags":[54,164],"class_list":["post-448","post","type-post","status-publish","format-standard","hentry","category-motdujour","tag-humanisme","tag-television"],"_links":{"self":[{"href":"https:\/\/lemotdujour.fr\/index.php?rest_route=\/wp\/v2\/posts\/448","targetHints":{"allow":["GET"]}}],"collection":[{"href":"https:\/\/lemotdujour.fr\/index.php?rest_route=\/wp\/v2\/posts"}],"about":[{"href":"https:\/\/lemotdujour.fr\/index.php?rest_route=\/wp\/v2\/types\/post"}],"author":[{"embeddable":true,"href":"https:\/\/lemotdujour.fr\/index.php?rest_route=\/wp\/v2\/users\/1"}],"replies":[{"embeddable":true,"href":"https:\/\/lemotdujour.fr\/index.php?rest_route=%2Fwp%2Fv2%2Fcomments&post=448"}],"version-history":[{"count":2,"href":"https:\/\/lemotdujour.fr\/index.php?rest_route=\/wp\/v2\/posts\/448\/revisions"}],"predecessor-version":[{"id":7864,"href":"https:\/\/lemotdujour.fr\/index.php?rest_route=\/wp\/v2\/posts\/448\/revisions\/7864"}],"wp:attachment":[{"href":"https:\/\/lemotdujour.fr\/index.php?rest_route=%2Fwp%2Fv2%2Fmedia&parent=448"}],"wp:term":[{"taxonomy":"category","embeddable":true,"href":"https:\/\/lemotdujour.fr\/index.php?rest_route=%2Fwp%2Fv2%2Fcategories&post=448"},{"taxonomy":"post_tag","embeddable":true,"href":"https:\/\/lemotdujour.fr\/index.php?rest_route=%2Fwp%2Fv2%2Ftags&post=448"}],"curies":[{"name":"wp","href":"https:\/\/api.w.org\/{rel}","templated":true}]}}