{"id":4474,"date":"2018-03-29T04:19:42","date_gmt":"2018-03-29T02:19:42","guid":{"rendered":"http:\/\/lemotdujour.fr\/?p=4474"},"modified":"2021-10-17T11:40:48","modified_gmt":"2021-10-17T09:40:48","slug":"jeudi-29-mars-2018","status":"publish","type":"post","link":"https:\/\/lemotdujour.fr\/?p=4474","title":{"rendered":"Jeudi 29 mars 2018"},"content":{"rendered":"<div class=\"mdjTexte\">\u00ab\u00a0Car\u00eame\u00a0\u00bb<\/div>\n<div class=\"mdjAuteur\">P\u00e9riode de je\u00fbne et d\u2019abstinence de quarante jours<\/div>\n<p><span style=\"color: #777777; font-family: Arial;\">Pour tous ceux qui ont une culture religieuse chr\u00e9tienne \u00ab\u00a0<strong>le temps de car\u00eame<\/strong>\u00a0\u00bb est bien connu. Mais pour les autres\u00a0?<br \/>\n<\/span><\/p>\n<p><span style=\"color: #777777; font-family: Arial;\">Le plus simple serait, semble t&rsquo;il, de comparer : Le car\u00eame est le ramadan des chr\u00e9tiens.<br \/>\n<\/span><\/p>\n<p><span style=\"color: #777777; font-family: Arial;\">Mais comment dire ou \u00e9crire cela, aujourd&rsquo;hui en France \u2026<br \/>\n<\/span><\/p>\n<ul>\n<li><span style=\"color: #777777; font-family: Arial;\">Certains r\u00e9agiront de mani\u00e8re sereine\u00a0:il faut bien expliquer les choses avec des notions actuelles, des r\u00e9f\u00e9rences connues\u00a0!<br \/>\n<\/span><\/li>\n<li><span style=\"color: #777777; font-family: Arial;\">D&rsquo;autres seront effar\u00e9s, scandalis\u00e9s : Comment peut-on, en terre chr\u00e9tienne, d\u00e9finir un des moments forts du calendrier chr\u00e9tien par une r\u00e9f\u00e9rence islamique\u00a0!<br \/>\n<\/span><\/li>\n<\/ul>\n<p><span style=\"color: #777777; font-family: Arial;\">Alors parlons de Car\u00eame, sans faire r\u00e9f\u00e9rence \u00e0 l&rsquo;Islam.<br \/>\n<\/span><\/p>\n<p><span style=\"color: #777777; font-family: Arial;\">Nous sommes Jeudi 29 mars 2018, dimanche ce sera P\u00e2ques et donc demain nous serons vendredi saint, jour f\u00e9ri\u00e9 en Allemagne, dans les pays protestants et en Alsace Moselle.<br \/>\n<\/span><\/p>\n<p><span style=\"color: #777777; font-family: Arial;\">Le jour pr\u00e9c\u00e9dent Vendredi Saint est aussi saint. Nous sommes donc Jeudi Saint, dernier jour de Car\u00eame comme le dit<span style=\"color: #0000ff;\"> <a style=\"color: #0000ff;\" href=\"http:\/\/eglise.catholique.fr\/approfondir-sa-foi\/la-celebration-de-la-foi\/les-grandes-fetes-chretiennes\/careme-et-paques\/careme\/369562-quest-ce-que-le-careme\/\">le site des \u00c9v\u00eaques de France<\/a>.<\/span><br \/>\n<\/span><\/p>\n<p><span style=\"color: #777777; font-family: Arial;\">Ce qui contredit <\/span><span style=\"font-family: Arial;\"><a href=\"https:\/\/quelles-dates.fr\/date-careme\/\"><span style=\"color: #0000ff;\">ce site<\/span><\/a><\/span><span style=\"color: #777777; font-family: Arial;\"> et m\u00eame le journal <a href=\"http:\/\/croire.la-croix.com\/Definitions\/Fetes-religieuses\/Careme\"><span style=\"color: #0000ff;\">\u00ab\u00a0La Croix\u00a0\u00bb<\/span><\/a> et beaucoup d&rsquo;autres sites qui pr\u00e9tendent que Car\u00eame s&rsquo;arr\u00eate le dimanche de P\u00e2ques.<br \/>\n<\/span><br \/>\n<span style=\"color: #777777; font-family: Arial;\">Nous savons donc que le car\u00eame finit Jeudi Saint, mais quand commence t&rsquo;il ?<br \/>\n<\/span><\/p>\n<p><span style=\"color: #777777; font-family: Arial;\">Cette ann\u00e9e, selon le site des \u00e9v\u00eaques de France, Car\u00eame a commenc\u00e9 le 14 f\u00e9vrier. A quoi correspondait ce 14 f\u00e9vrier ?<br \/>\n<\/span><\/p>\n<p><span style=\"color: #777777; font-family: Arial;\">Dans l&rsquo;ann\u00e9e liturgique chr\u00e9tienne, c&rsquo;est le <strong>Mercredi des Cendres<\/strong>. Le Mercredi des cendres, premier jour du Car\u00eame, est marqu\u00e9 par l&rsquo;imposition des cendres : le pr\u00eatre d\u00e9pose un peu de cendres sur le front de chaque fid\u00e8le.<br \/>\n<\/span><\/p>\n<p><span style=\"color: #777777; font-family: Arial;\">C&rsquo;est encore le site des \u00c9v\u00eaques de France qui donne des explications sur la symbolique des cendres:<br \/>\n<\/span><\/p>\n<p style=\"margin-left: 28pt;\"><span style=\"color: #c00000; font-family: Arial;\">\u00ab On trouve d\u00e9j\u00e0 le symbolisme des cendres dans l&rsquo;Ancien Testament. Il \u00e9voque globalement la repr\u00e9sentation du p\u00e9ch\u00e9 et la fragilit\u00e9 de l&rsquo;\u00eatre. On peut y lire que quand l&rsquo;homme se recouvre de cendres, c&rsquo;est qu&rsquo;il veut montrer \u00e0 Dieu qu&rsquo;il reconna\u00eet ses fautes. Par voie de cons\u00e9quence, il demande \u00e0 Dieu le pardon de ses p\u00e9ch\u00e9s : il fait p\u00e9nitence.<br \/>\n<\/span><\/p>\n<p style=\"margin-left: 28pt;\"><span style=\"color: #c00000; font-family: Arial;\">[\u2026] La cendre est appliqu\u00e9e sur le front pour nous appeler plus clairement encore \u00e0 la conversion, pr\u00e9cis\u00e9ment par le chemin de l&rsquo;humilit\u00e9. La cendre, c&rsquo;est ce qui reste quand le feu a d\u00e9truit la mati\u00e8re dont il s&rsquo;est empar\u00e9. Quand on constate qu&rsquo;il y a des cendres, c&rsquo;est qu&rsquo;apparemment il ne reste plus rien de ce que le feu a d\u00e9truit. C&rsquo;est l&rsquo;image de notre pauvret\u00e9. Mais les cendres peuvent aussi fertiliser la terre et la vie peut rena\u00eetre sous les cendres. \u00bb<br \/>\n<\/span><\/p>\n<p><span style=\"color: #777777; font-family: Arial;\">Avant mercredi des cendres, il y a mardi gras. <strong>Mardi gras<\/strong> est une p\u00e9riode festive, qui marque la fin de la \u00ab <strong>semaine des sept jours gras<\/strong> \u00bb. La semaine des sept jours gras qui, elle, termine la p\u00e9riode Carnaval. <strong>Carnaval<\/strong> qui est un emprunt \u00e0 l&rsquo;italien carnevale ou carnevalo. Il a pour <strong>origine carnelevare<\/strong>, un mot latin form\u00e9 de carne \u00ab viande \u00bb et levare \u00ab enlever \u00bb. Mais je ferais probablement un mot du jour sur carnaval.<br \/>\n<\/span><\/p>\n<p><span style=\"color: #777777; font-family: Arial;\">Ici ce qui est important c&rsquo;est de faire le lien entre la nourriture grasse et la viande jusqu&rsquo;\u00e0 mardi gras qui est le summum de cette p\u00e9riode et auquel succ\u00e8de le Mercredi des cendres et le car\u00eame, o\u00f9 les chr\u00e9tiens sont invit\u00e9s \u00e0 \u00ab <strong>manger maigre<\/strong> \u00bb en s&rsquo;abstenant de viande.<br \/>\n<\/span><\/p>\n<p><span style=\"color: #777777; font-family: Arial;\"><br \/>\nCar\u00eame a commenc\u00e9 le 14 f\u00e9vrier et se termine donc aujourd&rsquo;hui le Jeudi 29 mars 2018. Si vous comptez le nombre de jours vous aboutirez \u00e0 44 jours. Pourtant, il est \u00e9crit partout que le Car\u00eame dure 40 jours.<br \/>\n<\/span><\/p>\n<p><span style=\"color: #777777; font-family: Arial;\">Mais, si on en revient au site de r\u00e9f\u00e9rence des \u00c9v\u00eaques nous pouvons lire\u00a0:<br \/>\n<\/span><\/p>\n<p style=\"margin-left: 28pt;\"><span style=\"color: #c00000; font-family: Arial;\">La dur\u00e9e du Car\u00eame \u2013 <strong>quarante jours sans compter les dimanches<\/strong> \u2013 fait en particulier r\u00e9f\u00e9rence aux quarante ann\u00e9es pass\u00e9es au d\u00e9sert par le peuple d&rsquo;Isra\u00ebl entre sa sortie d&rsquo;\u00c9gypte et son entr\u00e9e en terre promise ; elle renvoie aussi aux quarante jours pass\u00e9s par le Christ au d\u00e9sert entre son bapt\u00eame et le d\u00e9but de sa vie publique. Ce chiffre de quarante symbolise les temps de pr\u00e9paration \u00e0 de nouveaux commencements.<br \/>\n<\/span><\/p>\n<p><span style=\"color: #777777; font-family: Arial;\">Nous comprenons donc qu&rsquo;il faut enlever les dimanches. Seulement vous constaterez que pendant cette p\u00e9riode il y a 6 dimanches. 44 \u2013 6 donne 38, nous ne sommes toujours pas \u00e0 40.<br \/>\n<\/span><\/p>\n<p><span style=\"color: #777777; font-family: Arial;\">Fernand Braudel disait : \u00aben Histoire les choses sont toujours <strong>vraies \u00e0 peu pr\u00e8s\u00bb<\/strong>, probablement qu&rsquo;en religion il en va de m\u00eame.<br \/>\n<\/span><\/p>\n<p><span style=\"color: #777777; font-family: Arial;\">Pourquoi Quarante\u00a0? Comme l&rsquo;explique le site des \u00e9v\u00eaques cette dur\u00e9e fait r\u00e9f\u00e9rence aux quarante jours o\u00f9 J\u00e9sus serait rest\u00e9 dans le d\u00e9sert pour r\u00e9sister aux tentations de Satan. C&rsquo;est ainsi que l&rsquo;histoire chr\u00e9tienne le raconte. Et ce chiffre quarante fait lui-m\u00eame r\u00e9f\u00e9rence \u00e0 un autre \u00e9pisode mythique de l&rsquo;histoire biblique\u00a0: les quarante ann\u00e9es pass\u00e9es au d\u00e9sert par le peuple d&rsquo;Isra\u00ebl entre sa sortie d&rsquo;\u00c9gypte et son entr\u00e9e en terre promise.<br \/>\n<\/span><\/p>\n<p><span style=\"color: #777777; font-family: Arial;\">Rappelons que la P\u00e2que juive, \u00ab\u00a0 Pessa&rsquo;h\u00a0\u00bb, c\u00e9l\u00e8bre justement l&rsquo;Exode des juifs hors d&rsquo;\u00c9gypte. Or le Christ serait venu \u00e0 J\u00e9rusalem pour f\u00eater la P\u00e2que Juive et c&rsquo;est ainsi qu&rsquo;il aurait institu\u00e9 la \u00ab\u00a0Sainte C\u00e8ne\u00a0\u00bb o\u00f9 il a partag\u00e9 le pain et le vin avec ses disciples. Cet \u00e9pisode se serait pass\u00e9 Jeudi Saint. L\u00e9onard de Vinci a immortalis\u00e9 ce \u00ab\u00a0<strong>moment\u00a0culte<\/strong>\u00a0\u00bb comme on dirait aujourd&rsquo;hui. Il me semble que cette expression est particuli\u00e8rement appropri\u00e9e pour ce que De Vinci a peint.<br \/>\n<\/span><\/p>\n<p><span style=\"color: #777777; font-family: Arial;\">Cette peinture murale a \u00e9t\u00e9 r\u00e9alis\u00e9e de 1495 \u00e0 1498 pour le r\u00e9fectoire du couvent dominicain de Santa Maria delle Grazie \u00e0 Milan et \u00e9tait une commande de Ludovic Sforza, Duc de Milan.<br \/>\n<\/span><\/p>\n<p><img decoding=\"async\" class=\"aligncenter\" src=\"https:\/\/lemotdujour.fr\/wp-content\/uploads\/2018\/03\/032718_2219_Jeudi29mars1.jpg\" alt=\"\" \/><span style=\"color: #777777; font-family: Arial;\">Les chr\u00e9tiens reprendront le terme de P\u00e2que pour c\u00e9l\u00e9brer la \u00ab\u00a0r\u00e9surrection du Christ\u00a0\u00bb qui constitue le centre de leur croyance et de leur Foi.<br \/>\n<\/span><\/p>\n<p><span style=\"color: #777777; font-family: Arial;\">Mais le sujet principal de ce mot du jour est \u00ab\u00a0<strong>Car\u00eame<\/strong>\u00a0\u00bb.<br \/>\n<\/span><\/p>\n<p><span style=\"color: #777777; font-family: Arial;\">Le site savant Lexilogos pr\u00e9cise\u00a0:<br \/>\n<\/span><\/p>\n<p style=\"margin-left: 28pt;\"><span style=\"color: #c00000; font-family: Arial;\">Le <em>car\u00eame<\/em> vient du latin <em>quadragesima (dies)<\/em>\u202f: quaranti\u00e8me (jour). En ancien fran\u00e7ais, on \u00e9crivait <em>quaresme<\/em>. On devrait m\u00eame plut\u00f4t dire : <em>la car\u00eame<\/em>, comme l&rsquo;italien <em>quaresima<\/em> et l&rsquo;espagnol <em>cuaresma<\/em>. Autrefois, on employait aussi le terme de <em>(sainte) quarantaine<\/em> pour d\u00e9signer le car\u00eame.<br \/>\n<\/span><\/p>\n<p style=\"margin-left: 28pt;\"><span style=\"color: #c00000; font-family: Arial;\">C&rsquo;est un calque du grec eccl\u00e9siastique\u202f: <em>\u03c4\u03b5\u03c3\u03c3\u03b1\u03c1\u03b1\u03ba\u03bf\u03c3\u03c4\u03ae<\/em> (tessarakost\u00e8). Si le car\u00eame \u00e9voque \u00e0 l&rsquo;origine le 40<sup>e<\/sup> jour avant P\u00e2ques , il s&rsquo;oppose \u00e0 la Pentec\u00f4te qui \u00e9voque le 50<sup>e<\/sup> jour apr\u00e8s P\u00e2ques. La Pentec\u00f4te vient du grec ancien <em>\u03c0\u03b5\u03bd\u03c4\u03b7\u03ba\u03bf\u03c3\u03c4\u03ae<\/em> (pent\u00e8kost\u00e8)\u202f: cinquanti\u00e8me (jour).<br \/>\n<\/span><\/p>\n<p><span style=\"color: #777777; font-family: Arial;\">Nous apprenons qu&rsquo;il faut dire\u00a0:\u00a0\u00ab\u00a0<strong>la Car\u00eame<\/strong>\u00a0\u00bb et que car\u00eame a une racine latine qui signifie quarante. Constatons aussi que le polygone \u00e0 quatre c\u00f4t\u00e9s s&rsquo;appelle un <strong>carr\u00e9<\/strong>. Alors que celui \u00e0 cinq c\u00f4t\u00e9s est un <strong>pentagone<\/strong>, et que donc Pentec\u00f4te vient de la m\u00eame racine et signifie cinquante.<br \/>\n<\/span><\/p>\n<p><span style=\"color: #777777; font-family: Arial;\">Selon <a href=\"https:\/\/fr.wikipedia.org\/wiki\/Car%C3%AAme\"><span style=\"color: #0000ff;\">Wikipedia<\/span><\/a> le catholicisme a institu\u00e9 la car\u00eame au IV\u00e8me si\u00e8cle.<br \/>\n<\/span><\/p>\n<p><span style=\"color: #777777; font-family: Arial;\">Et si nous revenons \u00e0 la premi\u00e8re comparaison probl\u00e9matique entre le ramadan et la car\u00eame, le journal \u00ab<span style=\"color: #0000ff;\">\u00a0<a style=\"color: #0000ff;\" href=\"http:\/\/croire.la-croix.com\/Definitions\/Fetes-religieuses\/Careme\/Le-careme-ramadan-des-chretiens\">La Croix\u00a0<\/a><\/span>\u00bb pose explicitement la question\u00a0: Le (la) car\u00eame est-il le ramadan des chr\u00e9tiens\u00a0?<br \/>\n<\/span><\/p>\n<p><span style=\"color: #777777; font-family: Arial;\">Et y r\u00e9pond n\u00e9gativement de la mani\u00e8re suivante\u00a0:<br \/>\n<\/span><\/p>\n<p style=\"margin-left: 28pt;\"><span style=\"color: #c00000; font-family: Arial;\">\u00ab\u00a0Disons-le tout de suite, car\u00eame et ramadan sont des r\u00e9alit\u00e9s diff\u00e9rentes qui, pour l&rsquo;essentiel, ne peuvent \u00eatre compar\u00e9es. Le ramadan n&rsquo;est pas le car\u00eame des musulmans et le car\u00eame n&rsquo;est pas le ramadan des chr\u00e9tiens. Dans la tradition chr\u00e9tienne, le car\u00eame d\u00e9signe les quarante jours de pr\u00e9paration \u00e0 la f\u00eate de P\u00e2ques. Il s&rsquo;inspire du temps que J\u00e9sus a pass\u00e9 au d\u00e9sert pour se pr\u00e9parer \u00e0 sa mission. (Matthieu 4, 2). Pour vivre ce temps, l&rsquo;\u00c9glise propose aux chr\u00e9tiens trois moyens pour se garder disponibles envers Dieu et les autres : la pri\u00e8re, le je\u00fbne et l&rsquo;aum\u00f4ne.<br \/>\n<\/span><\/p>\n<p style=\"margin-left: 28pt;\"><span style=\"color: #c00000; font-family: Arial;\">Si le car\u00eame chr\u00e9tien est je\u00fbne et privations, aum\u00f4ne et pri\u00e8re, il n&rsquo;est pas simple ob\u00e9issance \u00e0 une loi \u00ab\u00a0promulgu\u00e9e par Dieu dans sa sagesse\u00a0\u00bb. Il est un temps de marche vers un objectif pr\u00e9cis : la R\u00e9surrection de J\u00e9sus. Dans le car\u00eame, il y a une d\u00e9marche personnelle de conversion individuelle (se tourner vers) et un mouvement collectif de l&rsquo;ensemble des chr\u00e9tiens en vue de l&rsquo;\u00e9dification du Corps du Christ qui est l&rsquo;\u00c9glise.<br \/>\n<\/span><\/p>\n<p style=\"margin-left: 28pt;\"><span style=\"color: #c00000; font-family: Arial;\">Le ramadan est le 9e mois de l&rsquo;ann\u00e9e musulmane, ann\u00e9e lunaire comportant 11 ou 12 jours de moins que l&rsquo;ann\u00e9e solaire. Le je\u00fbne rituel du mois de ramadan, quatri\u00e8me pilier de l&rsquo;Islam, fut d\u00e9cr\u00e9t\u00e9 deux ans apr\u00e8s l&rsquo;H\u00e9gire. C&rsquo;est au cours de ce mois que la tradition musulmane fixe la transmission du Coran \u00e0 Muhammad par l&rsquo;ange Gabriel. Globalement, le je\u00fbne du mois de ramadan consiste \u00e0 s&rsquo;abstenir de toute nourriture et boisson, de relations sexuelles et \u00e0 ne pas fumer du lever au coucher du soleil. La validit\u00e9 du je\u00fbne exige un \u00e9tat de puret\u00e9 l\u00e9gale. Parmi les anniversaires de la vie du Proph\u00e8te c\u00e9l\u00e9br\u00e9s au cours du mois de ramadan, la 27e nuit est le plus important.<br \/>\n<\/span><\/p>\n<p style=\"margin-left: 28pt;\"><span style=\"color: #c00000; font-family: Arial;\">On y comm\u00e9more la Nuit du Destin, nuit solennelle au cours de laquelle le Coran est descendu parmi les hommes. \u00ab\u00a0Elle est meilleure que mille mois\u00a0\u00bb et \u00ab\u00a0elle est un Salut jusqu&rsquo;au lever de l&rsquo;aurore\u00a0\u00bb (Q. 97, 3.5.). Temps de partage, le mois de ramadan l&rsquo;est \u00e0 double titre. Pendant la journ\u00e9e, celui qui poss\u00e8de partage le sort du pauvre en se privant. Pendant la nuit et lors de la f\u00eate de la rupture du je\u00fbne, il doit veiller \u00e0 ce que son voisin pauvre ait le n\u00e9cessaire pour rompre le je\u00fbne. Si le je\u00fbne du ramadan est ob\u00e9issance \u00e0 la Loi que Dieu a donn\u00e9e \u00e0 l&rsquo;humanit\u00e9 dans sa sagesse et un temps de partage, il est aussi un moyen de purification et de lutte contre les convoitises.\u00a0\u00bb<br \/>\n<\/span><\/p>\n<p><span style=\"color: #777777; font-family: Arial;\">Ce n&rsquo;est donc pas la m\u00eame chose, il en reste pas moins qu&rsquo;il s&rsquo;agit dans les deux cas d&rsquo;un exercice spirituel pendant lequel le croyant doit s&rsquo;abstenir de faire des choses que son corps et sa chair d\u00e9sirent.<br \/>\n<\/span><\/p>\n<p><span style=\"color: #777777; font-family: Arial;\">R\u00e9sumons\u00a0: nous sommes jeudi saint, jour de la Sainte C\u00e8ne, j&rsquo;ai donc opportun\u00e9ment ajout\u00e9 une photo du chef d&rsquo;\u0153uvre de L\u00e9onard de Vinci.<br \/>\n<\/span><\/p>\n<p><span style=\"color: #777777; font-family: Arial;\">Jeudi Saint \u00e9tant aussi la fin de la Car\u00eame, il paraissait donc pertinent de consacrer un mot du jour \u00e0 ce terme.<br \/>\n<\/span><\/p>\n<p><span style=\"color: #777777; font-family: Arial;\"><strong><em>Enfin, \u00e9tant donn\u00e9 mes racines mosellanes, j&rsquo;ai \u00e9t\u00e9 habitu\u00e9 \u00e0 ce que vendredi saint soit f\u00e9ri\u00e9, je m&rsquo;octroie donc une tr\u00eave pascale.<br \/>\n<\/em><\/strong><\/span><\/p>\n<p><span style=\"color: #777777; font-family: Arial;\"><strong><em>Le prochain mot du jour sera publi\u00e9 mardi 3 avril, apr\u00e8s lundi de P\u00e2ques.<br \/>\n<\/em><\/strong><\/span><\/p>\n<p><span style=\"color: #777777; font-family: Arial;\"><span style=\"color: #800000;\">&lt;1047&gt;<\/span><br \/>\n<\/span><\/p>\n","protected":false},"excerpt":{"rendered":"<p>\u00ab\u00a0Car\u00eame\u00a0\u00bb P\u00e9riode de je\u00fbne et d\u2019abstinence de quarante jours Pour tous ceux qui ont une culture religieuse chr\u00e9tienne \u00ab\u00a0le temps de car\u00eame\u00a0\u00bb est bien connu. Mais pour les autres\u00a0? Le plus simple serait, semble t&rsquo;il, de comparer : Le car\u00eame<\/p>\n","protected":false},"author":1,"featured_media":0,"comment_status":"open","ping_status":"closed","sticky":false,"template":"","format":"standard","meta":{"footnotes":""},"categories":[1],"tags":[17,34,7],"class_list":["post-4474","post","type-post","status-publish","format-standard","hentry","category-motdujour","tag-histoire","tag-religion","tag-societe"],"_links":{"self":[{"href":"https:\/\/lemotdujour.fr\/index.php?rest_route=\/wp\/v2\/posts\/4474","targetHints":{"allow":["GET"]}}],"collection":[{"href":"https:\/\/lemotdujour.fr\/index.php?rest_route=\/wp\/v2\/posts"}],"about":[{"href":"https:\/\/lemotdujour.fr\/index.php?rest_route=\/wp\/v2\/types\/post"}],"author":[{"embeddable":true,"href":"https:\/\/lemotdujour.fr\/index.php?rest_route=\/wp\/v2\/users\/1"}],"replies":[{"embeddable":true,"href":"https:\/\/lemotdujour.fr\/index.php?rest_route=%2Fwp%2Fv2%2Fcomments&post=4474"}],"version-history":[{"count":10,"href":"https:\/\/lemotdujour.fr\/index.php?rest_route=\/wp\/v2\/posts\/4474\/revisions"}],"predecessor-version":[{"id":12337,"href":"https:\/\/lemotdujour.fr\/index.php?rest_route=\/wp\/v2\/posts\/4474\/revisions\/12337"}],"wp:attachment":[{"href":"https:\/\/lemotdujour.fr\/index.php?rest_route=%2Fwp%2Fv2%2Fmedia&parent=4474"}],"wp:term":[{"taxonomy":"category","embeddable":true,"href":"https:\/\/lemotdujour.fr\/index.php?rest_route=%2Fwp%2Fv2%2Fcategories&post=4474"},{"taxonomy":"post_tag","embeddable":true,"href":"https:\/\/lemotdujour.fr\/index.php?rest_route=%2Fwp%2Fv2%2Ftags&post=4474"}],"curies":[{"name":"wp","href":"https:\/\/api.w.org\/{rel}","templated":true}]}}