{"id":446,"date":"2017-02-27T01:00:00","date_gmt":"2017-02-26T22:00:00","guid":{"rendered":"http:\/\/lemotdujour.fr\/?p=446"},"modified":"2020-01-21T23:34:09","modified_gmt":"2020-01-21T22:34:09","slug":"lundi-27-fevrier-2017","status":"publish","type":"post","link":"https:\/\/lemotdujour.fr\/?p=446","title":{"rendered":"Lundi 27 f\u00e9vrier 2017"},"content":{"rendered":"<div class=\"mdjDate\"><a id=\"_Toc482008779\"><\/a>Lundi 27 f\u00e9vrier 2017<\/div>\n<div class=\"mdjTexte\">\u00ab\u00a0Les gens qui nous permettent de nous ressourcer et les gens qui nous vident de notre \u00e9nergie\u00a0\u00bb<\/div>\n<div class=\"mdjAuteur\">R\u00e9flexions personnelles pour pr\u00e9senter des livres et des \u00e9missions de Michel Serres<\/div>\n<div class=\"mdjComplements\"><\/div>\n<p><span style=\"color: #777777; font-family: Arial;\">La semaine derni\u00e8re, il y a eu une s\u00e9rie de mots du jour un peu \u2026plombant\u00a0?<br \/>\n<\/span><\/p>\n<p><span style=\"color: #777777; font-family: Arial;\">J&rsquo;ai m\u00eame \u00e9t\u00e9 pouss\u00e9 \u00e0 \u00e9crire \u00e0 la fin de celui qui parlait de la guerre civile globale d\u00e9crit par l&rsquo;indien Pankaj Mishra que je le trouvais trop pessimiste.<br \/>\n<\/span><\/p>\n<p><span style=\"color: #777777; font-family: Arial;\">Il n&rsquo;est pas possible, ni raisonnable de rester dans cette seule vision sombre de l&rsquo;Humanit\u00e9.<br \/>\n<\/span><\/p>\n<p><span style=\"color: #777777; font-family: Arial;\">Je vais m&rsquo;inspirer, pour les prochains mots du jour d&rsquo;une interview de Michel Serres qui avait \u00e9t\u00e9 invit\u00e9 pour parler de 3 de ses livres publi\u00e9s ou republi\u00e9s r\u00e9cemment\u00a0:<br \/>\n<\/span><\/p>\n<p><img decoding=\"async\" src=\"https:\/\/lemotdujour.fr\/wp-content\/uploads\/2020\/01\/012120_2226_Lundi19octo1.jpg\" alt=\"\" \/><span style=\"color: #777777; font-family: Arial;\"><br \/>\n<\/span><\/p>\n<ul>\n<li><a href=\"https:\/\/www.chez-mon-libraire.fr\/livre\/9782746510982-darwin-bonaparte-et-le-samaritain-une-philosophie-de-l-histoire-michel-serres\/\"><span style=\"font-family: Arial;\"><span style=\"color: #0000ff;\">Darwin, Bonaparte et le samaritain, une philosophie de l&rsquo;Histoire<\/span><\/span><\/a><span style=\"color: #0000ff; font-family: Arial;\"><br \/>\n<\/span><\/li>\n<li><span style=\"color: #0000ff;\"><a style=\"color: #0000ff;\" href=\"http:\/\/livre.fnac.com\/a9882440\/Michel-Serres-Herge-mon-ami?omnsearchpos=1\"><span style=\"font-family: Arial;\">Herg\u00e9 Mon ami<\/span><\/a><span style=\"font-family: Arial;\"><br \/>\n<\/span><\/span><\/li>\n<li><span style=\"color: #0000ff;\"><a style=\"color: #0000ff;\" href=\"http:\/\/www.laprocure.com\/legende-anges-michel-serres\/9782081235359.html\"><span style=\"font-family: Arial;\">La l\u00e9gende des anges<\/span><\/a><\/span><span style=\"color: #777777; font-family: Arial;\"><br \/>\n<\/span><\/li>\n<\/ul>\n<p><span style=\"color: #777777; font-family: Arial;\">Michel Serres que j&rsquo;avais convoqu\u00e9 pour le 800<sup>\u00e8me<\/sup> mot du jour\u00a0: \u00ab<span style=\"color: #0000ff;\"> <a style=\"color: #0000ff;\" href=\"https:\/\/lemotdujour.fr\/?p=1518\"><strong>L&rsquo;intelligence est impr\u00e9visible et mystique<\/strong><\/a><\/span>\u00bb pour expliquer que l&rsquo;intelligence est cette facult\u00e9 qui permet d&rsquo;approcher un probl\u00e8me, une histoire sous un regard nouveau qui l&rsquo;\u00e9claire autrement, qui renouvelle notre vision.<br \/>\n<\/span><\/p>\n<p><span style=\"color: #777777; font-family: Arial;\">Cela nous conduit \u00e0 nous \u00e9loigner de l&rsquo;actualit\u00e9 pour r\u00e9fl\u00e9chir sur notre contemporain\u00a0: o\u00f9 en sommes-nous\u00a0? Quel pass\u00e9, quelle Histoire nous a engendr\u00e9 ?<br \/>\n<\/span><\/p>\n<p><span style=\"color: #777777; font-family: Arial;\">Vous pouvez d\u00e8s \u00e0 pr\u00e9sent voir cette interview\u00a0: <span style=\"color: #0000ff;\"><a style=\"color: #0000ff;\" href=\"https:\/\/www.youtube.com\/watch?v=LJ58JIeR7m8&amp;t=25s\">&lt;Michel Serres invit\u00e9 de KTO&gt;<\/a><\/span><br \/>\n<\/span><\/p>\n<p><span style=\"color: #777777; font-family: Arial;\">Mais aujourd&rsquo;hui en pr\u00e9ambule, je voudrais esquisser une r\u00e9flexion qui s&rsquo;appuie sur mon exp\u00e9rience de vie.<br \/>\n<\/span><\/p>\n<p><span style=\"color: #777777; font-family: Arial;\">Le point initial vient du fait que lorsque j&rsquo;ai regard\u00e9 cette vid\u00e9o, cela m&rsquo;a fait du bien. J&rsquo;aime cette expression \u00ab\u00a0<strong>m&rsquo;a ressourc\u00e9<\/strong>\u00a0\u00bb.<br \/>\n<\/span><\/p>\n<p><span style=\"color: #777777; font-family: Arial;\">Et cela me conduit \u00e0 r\u00e9fl\u00e9chir plus avant\u00a0: nous avons tous connu et connaissons des gens, des proches aupr\u00e8s de qui nous arrivons \u00e0 nous ressourcer. Au contraire nous connaissons des personnes, des situations qui nous vident de notre \u00e9nergie, trivialement nous pompe.<br \/>\n<\/span><\/p>\n<p><span style=\"color: #777777; font-family: Arial;\">C&rsquo;est une chance, j&rsquo;utiliserai une terminologie mystique, \u00ab\u00a0une gr\u00e2ce\u00a0\u00bb quand comme moi\u00a0: dans le couple, la compagne que m&rsquo;a offert la vie, est source de ressourcement.<br \/>\n<\/span><\/p>\n<p><span style=\"color: #777777; font-family: Arial;\">C&rsquo;est en effet une chance quand le couple est source de ressourcement ou encore les parents. Nous savons cependant que ce n&rsquo;est pas toujours le cas.<br \/>\n<\/span><\/p>\n<p><span style=\"color: #777777; font-family: Arial;\">En amiti\u00e9 aussi, il existe une telle dichotomie.<br \/>\n<\/span><\/p>\n<p><span style=\"color: #777777; font-family: Arial;\">Des \u00e9v\u00e8nements de la vie peuvent conduire que pendant une p\u00e9riode donn\u00e9e, un ami a besoin d&rsquo;\u00e9nergie, de soutien et que nous sommes en capacit\u00e9 d&rsquo;apporter cette \u00e9nergie. Il se peut aussi que l&rsquo;on soit dans la situation inverse o\u00f9 c&rsquo;est nous qui avons besoin d&rsquo;aide et que nous pouvons compter sur un proche pour nous apporter ce soutien.<br \/>\n<\/span><\/p>\n<p><span style=\"color: #777777; font-family: Arial;\">L&rsquo;exp\u00e9rience m&rsquo;a appris que la p\u00e9riode pendant laquelle ce d\u00e9s\u00e9quilibre est acceptable, est limit\u00e9e.<br \/>\n<\/span><\/p>\n<p><span style=\"color: #777777; font-family: Arial;\">Cela demande de la vigilance et de la lucidit\u00e9, avant tout pour celui qui donne.<br \/>\n<\/span><\/p>\n<p><span style=\"color: #777777; font-family: Arial;\">Au-del\u00e0, il faut savoir soit arr\u00eater la relation d\u00e9s\u00e9quilibr\u00e9e, soit passer la main.<br \/>\n<\/span><\/p>\n<p><span style=\"color: #777777; font-family: Arial;\">Cette r\u00e9flexion trouve particuli\u00e8rement \u00e0 s&rsquo;appliquer, aujourd&rsquo;hui, dans les nombreux cas o\u00f9 les enfants sont confront\u00e9s \u00e0 des maladies d\u00e9g\u00e9n\u00e9ratives de leurs parents et o\u00f9 il faut trouver, en temps utile, des solutions autres que le seul d\u00e9vouement affectif.<br \/>\n<\/span><\/p>\n<p><span style=\"color: #777777; font-family: Arial;\">Il n&rsquo;y a pas que la maladie qui conduise \u00e0 se trouver dans de telles situations, il peut y avoir une exp\u00e9rience malheureuse ou un \u00e9chec, mais aussi plus probl\u00e9matique la personnalit\u00e9 de celui qui \u00ab\u00a0pompe\u00a0\u00bb.<br \/>\n<\/span><\/p>\n<p><span style=\"color: #777777; font-family: Arial;\">Mais ce qui me parait fondamental c&rsquo;est surtout de reconna\u00eetre les personnes ou les moyens dont on dispose pour se ressourcer car il faut savoir se faire du bien, si on veut pouvoir faire du bien aux autres.<br \/>\n<\/span><\/p>\n<p><span style=\"color: #777777; font-family: Arial;\">Nous voil\u00e0 bien loin de l&rsquo;actualit\u00e9 fran\u00e7aise, des pr\u00e9sidentielles ou encore des derni\u00e8res fac\u00e9ties de Trump.<br \/>\n<\/span><\/p>\n<p><span style=\"color: #777777; font-family: Arial;\">Mais nous ne pouvons pas que nous nourrir de l&rsquo;actualit\u00e9, il nous faut aussi r\u00e9fl\u00e9chir sur la vie, sur les rencontres, sur notre humanit\u00e9.<br \/>\n<\/span><\/p>\n<p><span style=\"color: #c00000; font-family: Arial;\">&lt;846&gt;<\/span><\/p>\n","protected":false},"excerpt":{"rendered":"<p>Lundi 27 f\u00e9vrier 2017 \u00ab\u00a0Les gens qui nous permettent de nous ressourcer et les gens qui nous vident de notre \u00e9nergie\u00a0\u00bb R\u00e9flexions personnelles pour pr\u00e9senter des livres et des \u00e9missions de Michel Serres La semaine derni\u00e8re, il y a eu<\/p>\n","protected":false},"author":1,"featured_media":0,"comment_status":"closed","ping_status":"closed","sticky":false,"template":"","format":"standard","meta":{"footnotes":""},"categories":[1],"tags":[54,19,6],"class_list":["post-446","post","type-post","status-publish","format-standard","hentry","category-motdujour","tag-humanisme","tag-personnel","tag-philosophie"],"_links":{"self":[{"href":"https:\/\/lemotdujour.fr\/index.php?rest_route=\/wp\/v2\/posts\/446","targetHints":{"allow":["GET"]}}],"collection":[{"href":"https:\/\/lemotdujour.fr\/index.php?rest_route=\/wp\/v2\/posts"}],"about":[{"href":"https:\/\/lemotdujour.fr\/index.php?rest_route=\/wp\/v2\/types\/post"}],"author":[{"embeddable":true,"href":"https:\/\/lemotdujour.fr\/index.php?rest_route=\/wp\/v2\/users\/1"}],"replies":[{"embeddable":true,"href":"https:\/\/lemotdujour.fr\/index.php?rest_route=%2Fwp%2Fv2%2Fcomments&post=446"}],"version-history":[{"count":2,"href":"https:\/\/lemotdujour.fr\/index.php?rest_route=\/wp\/v2\/posts\/446\/revisions"}],"predecessor-version":[{"id":7846,"href":"https:\/\/lemotdujour.fr\/index.php?rest_route=\/wp\/v2\/posts\/446\/revisions\/7846"}],"wp:attachment":[{"href":"https:\/\/lemotdujour.fr\/index.php?rest_route=%2Fwp%2Fv2%2Fmedia&parent=446"}],"wp:term":[{"taxonomy":"category","embeddable":true,"href":"https:\/\/lemotdujour.fr\/index.php?rest_route=%2Fwp%2Fv2%2Fcategories&post=446"},{"taxonomy":"post_tag","embeddable":true,"href":"https:\/\/lemotdujour.fr\/index.php?rest_route=%2Fwp%2Fv2%2Ftags&post=446"}],"curies":[{"name":"wp","href":"https:\/\/api.w.org\/{rel}","templated":true}]}}