{"id":4457,"date":"2018-03-26T04:03:39","date_gmt":"2018-03-26T02:03:39","guid":{"rendered":"http:\/\/lemotdujour.fr\/?p=4457"},"modified":"2021-10-17T11:43:59","modified_gmt":"2021-10-17T09:43:59","slug":"lundi-26-mars-2018","status":"publish","type":"post","link":"https:\/\/lemotdujour.fr\/?p=4457","title":{"rendered":"Lundi 26 mars 2018"},"content":{"rendered":"<div class=\"mdjTexte\">\t\u00ab&nbsp;Claude de France&nbsp;\u00bb<\/div>\n<div class=\"mdjAuteur\">\tAchille Claude Debussy<\/div>\n<p><span style=\"color: #777777; font-family: Arial;\">Le 25 mars 1918, mourait Claude Debussy. Tous les journaux lui rendent hommage.<br \/>\n<\/span><\/p>\n<p><span style=\"color: #777777; font-family: Arial;\">Le Figaro titre&nbsp;: \u00ab<span style=\"color: #0000ff;\">&nbsp;<a style=\"color: #0000ff;\" href=\"http:\/\/www.lefigaro.fr\/histoire\/archives\/2018\/03\/23\/26010-20180323ARTFIG00276-il-y-a-100-ans-la-mort-du-genial-compositeur-claude-debussy.php\">Il y a 100 ans, la mort du g\u00e9nial compositeur Claude Debussy&nbsp;<\/a><\/span>\u00bb<br \/>\n<\/span><\/p>\n<p><span style=\"color: #777777; font-family: Arial;\">Le Monde&nbsp;: \u00ab&nbsp;<a href=\"http:\/\/www.lemonde.fr\/musiques\/article\/2018\/03\/23\/claude-debussy-ce-moderne-maudit_5275665_1654986.html\"><span style=\"color: #0000ff;\">Claude Debussy, ce moderne m\u00e9connu&nbsp;<\/span><\/a>\u00bb<br \/>\n<\/span><\/p>\n<p><span style=\"color: #777777; font-family: Arial;\">La Croix&nbsp;: \u00ab&nbsp;<a href=\"https:\/\/www.la-croix.com\/Culture\/Musique\/Debussy-moderne-mort-cent-ans-2018-02-17-1200914514\"><span style=\"color: #0000ff;\">Debussy, un moderne mort il y a cent ans<\/span>&nbsp;<\/a>\u00bb<br \/>\n<\/span><\/p>\n<p><span style=\"color: #777777; font-family: Arial;\">Ou encore la voix du Nord&nbsp;: \u00ab&nbsp;<a href=\"http:\/\/www.lavoixdunord.fr\/299581\/article\/2018-01-18\/centenaire-de-claude-debussy-pere-de-la-musique-des-sens\"><span style=\"color: #0000ff;\">Centenaire de Claude Debussy, p\u00e8re de la musique des \u00absens\u00bb<\/span>&nbsp;<\/a>\u00bb<br \/>\n<\/span><\/p>\n<p><span style=\"color: #777777; font-family: Arial;\">Dans un autre article du Monde&nbsp;: \u00ab&nbsp;<a href=\"http:\/\/www.lemonde.fr\/musiques\/article\/2018\/03\/23\/debussy-le-musicien-de-toutes-les-guerres_5275662_1654986.html\"><span style=\"color: #0000ff;\">Debussy, le musicien de toutes les guerres<\/span>&nbsp;<\/a>\u00bb, nous apprenons&nbsp;:<br \/>\n<\/span><\/p>\n<p style=\"margin-left: 28pt;\"><span style=\"color: #c00000; font-family: Arial;\">\u00ab&nbsp;Le 25 mars 1918, \u00e0 6 h 50, le premier obus de la journ\u00e9e tombe sur Paris. Un autre suit, puis un deuxi\u00e8me, un troisi\u00e8me. \u00ab Le gros canon boche n&rsquo;est plus qu&rsquo;un ennuyeux personnage de faits divers \u00bb, commente Le Figaro. Vers 22 heures, Claude Debussy pousse son dernier soupir, terrass\u00e9 par un cancer, \u00e0 l&rsquo;\u00e2ge de 55 ans. La nouvelle est rapport\u00e9e dans les journaux, qui consacrent l&rsquo;essentiel de leurs maigres pages \u00e0 la bataille qui fait rage en Picardie. L&rsquo;hommage prend un tour antigermanique. \u00ab C&rsquo;est la musique de Debussy qui nous a d\u00e9livr\u00e9s du prestige mal\u00e9fique de Wagner, assure Louis Laloy, \u00e0 une heure o\u00f9 nos meilleurs artistes en \u00e9taient victimes. \u00bb \u00bb<br \/>\n<\/span><\/p>\n<p><span style=\"color: #777777; font-family: Arial;\">Mais c&rsquo;est probablement la page d&rsquo;hommage du site \u00ab&nbsp;<a href=\"https:\/\/culturebox.francetvinfo.fr\/opera-classique\/musique-classique\/claude-debussy-cinq-choses-a-savoir-sur-le-precurseur-de-la-musique-moderne-270921\"><span style=\"color: #0000ff;\">Culturebox<\/span>&nbsp;<\/a>\u00bb qui est la plus int\u00e9ressante parce qu&rsquo;elle pr\u00e9sente des vid\u00e9os remarquables par exemple celle o\u00f9 Boulez explique la modernit\u00e9 du ballet \u00ab&nbsp;<strong>Jeux<\/strong>&nbsp;\u00bb ou une vid\u00e9o d&rsquo;animation qui pr\u00e9sente \u00ab&nbsp;<strong>Pelleas et M\u00e9lisande<\/strong>&nbsp;\u00bb et aussi parce qu&rsquo;il donne la parole au grand pianiste <strong>Philippe Cassard <\/strong>qui a \u00e9crit un livre sur Debussy qui vient d&rsquo;\u00eatre publi\u00e9<strong>&nbsp;:<\/strong><br \/>\n<\/span><\/p>\n<p style=\"margin-left: 28pt;\"><span style=\"color: #c00000; font-family: Arial;\">\u00ab&nbsp;Au d\u00e9part admirateur du g\u00e9nie de Richard Wagner, Claude Debussy se r\u00e9volte rapidement contre l&rsquo;orni\u00e8re romantique et la musique allemande. \u00ab\u00a0Quelle \u00e9tait la vague en 1885 \u00e0 Paris? C&rsquo;\u00e9tait Wagner, Wagner, Wagner, tous les compositeurs succombaient \u00e0 cette esp\u00e8ce de tsunami wagn\u00e9rien. \u00ab\u00a0Le Pr\u00e9lude \u00e0 l&rsquo;apr\u00e8s-midi d&rsquo;un faune\u00a0\u00bb \u00e9tait \u00ab\u00a0la r\u00e9ponse d&rsquo;un compositeur fran\u00e7ais \u00e0 l&rsquo;invasion sonore allemande [\u2026] C&rsquo;est intime, c&rsquo;est lyrique, avec beaucoup de po\u00e9sie et de d\u00e9licatesse [\u2026] Il est n\u00e9 le 22 ao\u00fbt 1862 \u00e0 Saint-Germain-en-Laye, \u00e0 l&rsquo;ouest de Paris, au sein d&rsquo;une famille de petits commer\u00e7ants. Alors qu&rsquo;on ne discutait pas culture en famille, on l&rsquo;a confi\u00e9 \u00e0 la belle-m\u00e8re de Verlaine\u00a0\u00bb, la pianiste Antoinette Maut\u00e9, elle-m\u00eame \u00e9l\u00e8ve de Chopin. \u00bb<br \/>\n<\/span><\/p>\n<p><span style=\"color: #777777; font-family: Arial;\">On constate donc que s&rsquo;il n&rsquo;est pas n\u00e9 dans une famille d&rsquo;artiste, il a rapidement \u00e9t\u00e9 baign\u00e9 dans un univers culturel particulier<br \/>\n<\/span><\/p>\n<p><img decoding=\"async\" class=\"alignright\" src=\"https:\/\/lemotdujour.fr\/wp-content\/uploads\/2018\/03\/032418_2100_Lundi26mars1.jpg\" alt=\"\" align=\"left\"><span style=\"color: #777777; font-family: Arial;\">Il est vrai comme l&rsquo;\u00e9crit ce site qu&rsquo;on compare Debussy non pas \u00e0 d&rsquo;autres musiciens mais \u00e0 plut\u00f4t \u00e0 d&rsquo;autres artistes de son \u00e9poque, notamment les Impressionnistes et les Symbolistes. \u00ab\u00a0Pr\u00e9lude\u00a0\u00bb est une interpr\u00e9tation musicale tr\u00e8s libre d&rsquo;un po\u00e8me de St\u00e9phane Mallarm\u00e9, tandis que \u00ab\u00a0F\u00eates galantes\u00a0\u00bb et le c\u00e9l\u00e9brissime \u00ab\u00a0Clair de Lune\u00a0\u00bb sont \u00e0 l&rsquo;origine des po\u00e8mes de Paul Verlaine. Bertrand Dermoncourt qui a \u00e9t\u00e9 nomm\u00e9 conseiller artistique pour le centenaire de Debussy par Emmanuel Macron explique&nbsp;:<br \/>\n<\/span><\/p>\n<p style=\"margin-left: 28pt;\"><span style=\"color: #c00000; font-family: Arial;\">\u00ab&nbsp;C&rsquo;est un peu le Claude Monet de la musique (&#8230;) car ses \u0153uvres sont tr\u00e8s proches de la nature\u00a0\u00bb, comme \u00ab\u00a0La mer\u00a0\u00bb Ce sont les m\u00eames impressions qu&rsquo;on peut retrouver dans les tableaux de Monet, de petites touches qui cr\u00e9ent des ambiances. [\u2026] Il annonce toute la musique du 20e si\u00e8cle, tous les compositeurs apr\u00e8s se r\u00e9clament de lui\u00bb<br \/>\n<\/span><\/p>\n<p><span style=\"color: #777777; font-family: Arial;\">Emmanuel Macron qui a dit cette phrase \u00e9nigmatique \u00ab&nbsp;On a tous en nous quelque chose de Johnny&nbsp;\u00bb, surtout depuis qu&rsquo;on en sait davantage sur la grande propension de cet artiste de vouloir pratiquer l&rsquo;\u00e9vitement fiscal et le refus de se soumettre au droit fran\u00e7ais concernant l&rsquo;h\u00e9ritage, joue aussi du piano et a fait part, dans une d\u00e9claration transmise \u00e0 l&rsquo;AFP, de son admiration pour le ma\u00eetre de musique fran\u00e7ais :<br \/>\n<\/span><\/p>\n<p style=\"margin-left: 28pt;\"><span style=\"color: #c00000; font-family: Arial;\">\u00ab&nbsp;J&rsquo;accorde une place toute particuli\u00e8re aux Pr\u00e9ludes pour piano, dont on ne finit jamais de sonder la nouveaut\u00e9 radicale&nbsp;\u00bb.<br \/>\n<\/span><\/p>\n<p><span style=\"color: #777777; font-family: Arial;\">Certainement Debussy fut un compositeur de piano tout \u00e0 fait \u00e9tonnant, avec de petites pi\u00e8ces cisel\u00e9es, toute en po\u00e9sie et en finesse.<br \/>\n<\/span><\/p>\n<p><span style=\"color: #777777; font-family: Arial;\">Parmi les pr\u00e9ludes \u00e9voqu\u00e9s par le Pr\u00e9sident de la R\u00e9publique, il y a cette d\u00e9licieuse pi\u00e8ce \u00ab&nbsp;<strong>La Fille aux cheveux de lin<\/strong>&nbsp;\u00bb<br \/>\n<\/span><\/p>\n<p><span style=\"color: #777777; font-family: Arial;\">D&rsquo;abord pour votre culture et d\u00e9velopper votre capacit\u00e9 de jugement, je vous invite \u00e0 regarder cette pitrerie&nbsp;: <a href=\"https:\/\/www.youtube.com\/watch?v=jGSZPRk6aXA\"><span style=\"color: #0000ff;\">\u00ab<\/span>&nbsp;<span style=\"color: #0000ff;\">Lang Lang joue La fille aux cheveux de lin<\/span>&nbsp;<span style=\"color: #0000ff;\">\u00bb<\/span><\/a><br \/>\n<\/span><span style=\"color: #777777; font-family: Arial;\">Cet acteur de th\u00e9\u00e2tre du nom de Lang Lang que certains pr\u00e9tendent pianiste fait semblant d&rsquo;interpr\u00e9ter l&rsquo;\u0153uvre de Debussy.<br \/>\n<\/span><\/p>\n<p><a href=\"https:\/\/www.youtube.com\/watch?v=MswHKA4dako\"><span style=\"font-family: Arial;\"><span style=\"color: #0000ff;\">Ici, beaucoup plus mal enregistr\u00e9<\/span><\/span><\/a><span style=\"color: #777777; font-family: Arial;\">, vous \u00e9couterez un vrai pianiste, <strong>Arturo Benedetti Michelangeli<\/strong> jouer cette \u0153uvre avec gr\u00e2ce et musicalit\u00e9<br \/>\n<\/span><\/p>\n<p><span style=\"color: #777777; font-family: Arial;\">Vous pouvez aussi \u00e9couter une belle interpr\u00e9tation \u00e0 la harpe par <a href=\"https:\/\/www.youtube.com\/watch?v=zTYWHwZh5do\"><span style=\"color: #0000ff;\">Sasha Boldachev<\/span><\/a><br \/>\n<\/span><\/p>\n<p><a href=\"https:\/\/www.youtube.com\/watch?v=Oa7DLY7MqVU\"><span style=\"font-family: Arial;\">&lt;<span style=\"color: #0000ff;\">Le quatuor \u00e0 cordes opus 10<\/span>&gt;<\/span><\/a><span style=\"color: #777777; font-family: Arial;\"> est aussi un chef d&rsquo;\u0153uvre de la musique, le lien vous emm\u00e8ne vers une interpr\u00e9tation du 1<sup>er<\/sup> mouvement par le Jerusalem Quartet.<br \/>\n<\/span><\/p>\n<p><span style=\"color: #777777; font-family: Arial;\">Et encore une \u0153uvre moins connue que j&rsquo;aime particuli\u00e8rement &lt;<a href=\"https:\/\/www.youtube.com\/watch?v=G3UGewCinYw\"><span style=\"color: #0000ff;\">Danse sacr\u00e9e et profane pour Harpe et orchestre \u00e0 cordes<\/span><\/a>&gt;<br \/>\n<\/span><\/p>\n<p><span style=\"color: #777777; font-family: Arial;\">Et puis aussi cette \u0153uvre surprenante, pleine de po\u00e9sie <span style=\"color: #0000ff;\"><a style=\"color: #0000ff;\" href=\"https:\/\/www.youtube.com\/watch?v=YEyKM13yf_4\">&lt;Syrinx&gt;<\/a><\/span> pour fl\u00fbte solo jou\u00e9e par Emmanuel Pahud.<\/span><\/p>\n<p><span style=\"color: #777777; font-family: Arial;\">Enfin le chef d&rsquo;\u0153uvre, unique, absolu, celui dans lequel Claude Debussy atteint au sublime&nbsp;: son op\u00e9ra \u00ab&nbsp;<a href=\"https:\/\/www.youtube.com\/watch?v=eH-GMMj0N0Q\"><span style=\"color: #0000ff;\">P\u00e9ll\u00e9as et M\u00e9lisande&nbsp;<\/span><\/a>\u00bb dans une interpr\u00e9tation de l&rsquo;Op\u00e9ra de Lyon sous la direction de John Eliot Gardiner.<br \/>\n<\/span><\/p>\n<p><span style=\"color: #777777; font-family: Arial;\">Il aimait signer ses partitions du nom de \u00ab&nbsp;<strong>Claude de France<\/strong>&nbsp;\u00bb et il est vrai qu&rsquo;il est par essence le musicien fran\u00e7ais comme le d\u00e9crit superbement <span style=\"color: #0000ff;\"><a style=\"color: #0000ff;\" href=\"https:\/\/fr.wikipedia.org\/wiki\/Claude_Debussy\">Wikipedia<\/a> <\/span>que je cite&nbsp;:<br \/>\n<\/span><\/p>\n<p style=\"margin-left: 28pt;\"><span style=\"color: #c00000; font-family: Arial;\">\u00ab&nbsp;D&rsquo;une audace impr\u00e9visible, mais d&rsquo;une s\u00fbret\u00e9 de go\u00fbt absolue, harmoniste inclassable et dramaturge subtil, Debussy est comme Rameau auquel il a rendu hommage dans ses <em>Images<\/em> pour piano, un compositeur d&rsquo;esprit tr\u00e8s fran\u00e7ais (il signait d&rsquo;ailleurs certaines de ses partitions Claude de France). Mais gr\u00e2ce \u00e0 la r\u00e9volution qu&rsquo;il op\u00e8re dans l&rsquo;histoire de la musique, \u00e0 travers les ponts qu&rsquo;il lance en direction des autres arts et des multiples sensations qu&rsquo;ils \u00e9veillent (les sons et les parfums, les mots et les couleurs), il fait acc\u00e9der sans doute mieux qu&rsquo;aucun autre la musique fran\u00e7aise \u00e0 l&rsquo;universalit\u00e9&nbsp;: celle du corps, de la nature et de l&rsquo;espace.&nbsp;\u00bb<br \/>\n<\/span><\/p>\n<p><span style=\"color: #777777; font-family: Arial;\"><span style=\"color: #0000ff;\">&lt;<a style=\"color: #0000ff;\" href=\"http:\/\/www.debussy.fr\/cdfr\/catalog\/chronopus.php\">Vous trouverez ici un site enti\u00e8rement consacr\u00e9 \u00e0 l&rsquo;\u0153uvre de Claude Debussy<\/a>&gt;<\/span><br \/>\n<\/span><\/p>\n<p><span style=\"color: #800000; font-family: Arial;\">&lt;1044&gt;<\/span><\/p>\n","protected":false},"excerpt":{"rendered":"<p>\u00ab&nbsp;Claude de France&nbsp;\u00bb Achille Claude Debussy Le 25 mars 1918, mourait Claude Debussy. Tous les journaux lui rendent hommage. Le Figaro titre&nbsp;: \u00ab&nbsp;Il y a 100 ans, la mort du g\u00e9nial compositeur Claude Debussy&nbsp;\u00bb Le Monde&nbsp;: \u00ab&nbsp;Claude Debussy, ce moderne<\/p>\n","protected":false},"author":1,"featured_media":0,"comment_status":"open","ping_status":"closed","sticky":false,"template":"","format":"standard","meta":{"footnotes":""},"categories":[1],"tags":[15,29,20],"class_list":["post-4457","post","type-post","status-publish","format-standard","hentry","category-motdujour","tag-france","tag-hommage","tag-musique"],"_links":{"self":[{"href":"https:\/\/lemotdujour.fr\/index.php?rest_route=\/wp\/v2\/posts\/4457","targetHints":{"allow":["GET"]}}],"collection":[{"href":"https:\/\/lemotdujour.fr\/index.php?rest_route=\/wp\/v2\/posts"}],"about":[{"href":"https:\/\/lemotdujour.fr\/index.php?rest_route=\/wp\/v2\/types\/post"}],"author":[{"embeddable":true,"href":"https:\/\/lemotdujour.fr\/index.php?rest_route=\/wp\/v2\/users\/1"}],"replies":[{"embeddable":true,"href":"https:\/\/lemotdujour.fr\/index.php?rest_route=%2Fwp%2Fv2%2Fcomments&post=4457"}],"version-history":[{"count":6,"href":"https:\/\/lemotdujour.fr\/index.php?rest_route=\/wp\/v2\/posts\/4457\/revisions"}],"predecessor-version":[{"id":12341,"href":"https:\/\/lemotdujour.fr\/index.php?rest_route=\/wp\/v2\/posts\/4457\/revisions\/12341"}],"wp:attachment":[{"href":"https:\/\/lemotdujour.fr\/index.php?rest_route=%2Fwp%2Fv2%2Fmedia&parent=4457"}],"wp:term":[{"taxonomy":"category","embeddable":true,"href":"https:\/\/lemotdujour.fr\/index.php?rest_route=%2Fwp%2Fv2%2Fcategories&post=4457"},{"taxonomy":"post_tag","embeddable":true,"href":"https:\/\/lemotdujour.fr\/index.php?rest_route=%2Fwp%2Fv2%2Ftags&post=4457"}],"curies":[{"name":"wp","href":"https:\/\/api.w.org\/{rel}","templated":true}]}}