{"id":4447,"date":"2018-03-23T03:24:25","date_gmt":"2018-03-23T02:24:25","guid":{"rendered":"http:\/\/lemotdujour.fr\/?p=4447"},"modified":"2021-10-17T11:44:34","modified_gmt":"2021-10-17T09:44:34","slug":"vendredi-23-mars-2018","status":"publish","type":"post","link":"https:\/\/lemotdujour.fr\/?p=4447","title":{"rendered":"Vendredi 23 mars 2018"},"content":{"rendered":"<div class=\"mdjTexte\">\t\u00abJe danse chaque jour pour que la journ\u00e9e ne soit pas perdue.\u00bb<\/div>\n<div class=\"mdjAuteur\">\tNadia Vadori-Gauthier<\/div>\n<p><span style=\"color: #777777; font-family: Arial;\">C&rsquo;est par l&rsquo;\u00e9mission \u00ab&nbsp;<a href=\"https:\/\/www.franceculture.fr\/emissions\/linvite-culture\/nadia-vadori-gauthier\"><span style=\"color: #0000ff;\">L&rsquo;Invit\u00e9 culture<\/span>&nbsp;<\/a>\u00bb que pr\u00e9sente Caroline Brou\u00e9 que j&rsquo;ai entendu parler une premi\u00e8re fois de Nadia Vadori-Gauthier. C\u00e9tait l&rsquo;\u00e9mission du 24 f\u00e9vrier 2018.<br \/>\n<\/span><\/p>\n<p><span style=\"color: #777777; font-family: Arial;\">Nadia Vadori-Gauthier est danseuse et chercheuse. Elle a \u00e9t\u00e9, comme beaucoup, choqu\u00e9e en janvier 2015 par l&rsquo;attentat contre Charlie Hebdo.<br \/>\n<\/span><\/p>\n<p><span style=\"color: #777777; font-family: Arial;\">Et c&rsquo;est en voulant r\u00e9agir \u00e0 ce crime, \u00e0 cette violence <strong>qu&rsquo;elle a eu l&rsquo;id\u00e9e de danser chaque jour une minute dans un endroit particulier et de poster la vid\u00e9o de cette danse sur Internet.<\/strong><br \/>\n<\/span><\/p>\n<p><img loading=\"lazy\" decoding=\"async\" class=\"alignleft\" src=\"https:\/\/lemotdujour.fr\/wp-content\/uploads\/2018\/03\/032018_2224_Vendredi23m1.jpg\" alt=\"\" width=\"529\" height=\"297\" align=\"left\"><span style=\"color: #777777; font-family: Arial;\">Caroline Brou\u00e9 l&rsquo;a invit\u00e9 car elle vient de publier un livre <\/span><span style=\"font-family: Arial; color: #0000ff;\"><a style=\"color: #0000ff;\" href=\"https:\/\/www.decitre.fr\/livres\/danser-resister-9782845976450.html\">Danser, r\u00e9sister&nbsp;: une minute de danse par jour<\/a><\/span><span style=\"color: #777777; font-family: Arial;\"> publi\u00e9 aux \u00e9ditions Textuel, o\u00f9 elle raconte ces performances.<br \/>\n<\/span><\/p>\n<p><span style=\"color: #777777; font-family: Arial;\">J&rsquo;ai beaucoup aim\u00e9 l&rsquo;\u00e9nergie positive qui se d\u00e9gageait de ses r\u00e9ponses et de sa personnalit\u00e9. Elle a cette belle phrase&nbsp;:<br \/>\n<\/span><\/p>\n<p style=\"margin-left: 28pt;\"><span style=\"color: #c00000; font-family: Arial;\">\u00ab&nbsp;<strong>Je danse chaque jour pour que la journ\u00e9e ne soit pas perdue<\/strong>&nbsp;\u00bb<br \/>\n<\/span><\/p>\n<p><span style=\"color: #777777; font-family: Arial;\">Et elle dispose d&rsquo;un site Web qui reproduit toutes ces danses&nbsp;: <a href=\"http:\/\/www.uneminutededanseparjour.com\/\"><span style=\"color: #0000ff;\">http:\/\/www.uneminutededanseparjour.com\/<\/span><\/a><br \/>\n<\/span><\/p>\n<p><span style=\"color: #777777; font-family: Arial;\">Et o\u00f9 elle d\u00e9crit son projet et son inspiration&nbsp;:<br \/>\n<\/span><\/p>\n<p style=\"margin-left: 28pt;\"><span style=\"color: #c00000; font-family: Arial;\">Le 7 janvier 2015, date de l&rsquo;attentat \u00e0 Charlie Hebdo, j&rsquo;\u00e9tais tr\u00e8s affect\u00e9e. Ce soir-l\u00e0, j&rsquo;ai mis au point le projet de Une minute de danse par jour, pour agir une pr\u00e9sence sensible dans le monde. Je voulais agir en m&rsquo;assignant une action quotidienne petite mais r\u00e9elle et r\u00e9p\u00e9t\u00e9e, qui \u0153uvre pour une po\u00e9sie en acte, en me mettant r\u00e9ellement en jeu, seule ou en relation \u00e0 d&rsquo;autres. Les attaques des jours suivants ont renforc\u00e9 cette d\u00e9termination.<br \/>\n<\/span><\/p>\n<p style=\"margin-left: 28pt;\"><span style=\"color: #c00000; font-family: Arial;\">C&rsquo;est dans ce monde qui est le n\u00f4tre que, depuis le 14 janvier 2015, je danse chaque jour, sans autres armes que celles du sensible, pour ne pas c\u00e9der \u00e0 l&rsquo;anesth\u00e9sie, la peur ou la p\u00e9trification et cr\u00e9er des connexions vivantes aux autres, aux environnements. Comment agir de fa\u00e7on locale, infinit\u00e9simale, \u00e0 sa mesure, afin de contribuer \u00e0 la cr\u00e9ation de liens et au d\u00e9cloisonnement ?<br \/>\n<\/span><\/p>\n<p style=\"margin-left: 28pt;\"><img decoding=\"async\" class=\"alignright\" src=\"https:\/\/lemotdujour.fr\/wp-content\/uploads\/2018\/03\/032018_2224_Vendredi23m2.jpg\" alt=\"\" align=\"left\"><span style=\"color: #c00000; font-family: Arial;\">[\u2026] Depuis le 14 janvier 2015, Je danse une minute et quelque, tous les jours, simplement, sans montage avec les moyens du bord, dans les \u00e9tats et les lieux dans lesquels je me trouve, sans technique, ni mise en sc\u00e8ne, ni v\u00eatement ou maquillage particulier, rien d&rsquo;autre que ce qui est l\u00e0. Et je poste la danse en ligne le jour-m\u00eame.<br \/>\n<\/span><\/p>\n<p style=\"margin-left: 28pt;\"><span style=\"color: #c00000; font-family: Arial;\">Je danse en int\u00e9rieur ou en ext\u00e9rieur, dans des endroits publics ou priv\u00e9s, seule ou avec d&rsquo;autres, des inconnus ou des gens que je connais et parfois des amis.<br \/>\n<\/span><\/p>\n<p style=\"margin-left: 28pt;\"><span style=\"color: #c00000; font-family: Arial;\">Je danse comme on manifeste, pour \u0153uvrer \u00e0 une po\u00e9sie vivante, pour agir par le sensible contre la violence de certains aspects du monde.<br \/>\n<\/span><\/p>\n<p style=\"margin-left: 28pt;\"><span style=\"color: #c00000; font-family: Arial;\">C&rsquo;est la r\u00e9ponse que j&rsquo;ai trouv\u00e9 pour m&rsquo;impliquer en acte \u00e0 ma mesure, dans une action r\u00e9elle, r\u00e9p\u00e9t\u00e9e, qui puisse d\u00e9placer les lignes, faire basculer le plan ou osciller la norme.<br \/>\n<\/span><\/p>\n<p style=\"margin-left: 28pt;\"><span style=\"color: #c00000; font-family: Arial;\">J&rsquo;ai \u00e9t\u00e9 \u00e9galement inspir\u00e9e pour ce projet d&rsquo;une phrase de <strong>Nietzsche tir\u00e9e de Ainsi parlait Zarathustra<\/strong> et qui dit : \u00ab <strong>Et que l&rsquo;on estime perdue toute journ\u00e9e o\u00f9 l&rsquo;on n&rsquo;aura pas dans\u00e9 au moins une fois<\/strong>. \u00bb. Ca veut dire pour moi qu&rsquo;il s&rsquo;agit de vivre, qu&rsquo;il s&rsquo;agit de vivre en mouvement, de rester en mouvement.<br \/>\n<\/span><\/p>\n<p style=\"margin-left: 28pt;\"><span style=\"color: #c00000; font-family: Arial;\">J&rsquo;ai \u00e9t\u00e9 \u00e9galement accompagn\u00e9e dans l&rsquo;\u00e9laboration de ce projet par un proverbe chinois : \u00ab <strong>Goutte \u00e0 goutte l&rsquo;eau finit par traverser la pierre<\/strong>. \u00bb. Cela veut dire qu&rsquo;une action minime et r\u00e9p\u00e9t\u00e9e peut finir par avoir un grand effet.<br \/>\n<\/span><\/p>\n<p style=\"margin-left: 28pt;\"><span style=\"color: #c00000; font-family: Arial;\">La goutte d&rsquo;eau, ce sont les danses, quotidiennes, interstitielles, sans armes ni sans boucliers. et la pierre, c&rsquo;est un certain durcissement du monde (communautarismes, hi\u00e9rarchies, consum\u00e9rismes, dogmatismes), et aussi la d\u00e9solidarisation d&rsquo;avec la nature (environnement, animaux, v\u00e9g\u00e9taux) et le manque d&rsquo;une dimension po\u00e9tique active au quotidien.<br \/>\n<\/span><\/p>\n<p style=\"margin-left: 28pt;\"><span style=\"color: #c00000; font-family: Arial;\">Alors pour moi, Une minute de danse par jour, c&rsquo;est un engagement esth\u00e9tique, c&rsquo;est \u00e0 dire de la sensibilit\u00e9, un engagement po\u00e9tique, \u00e9thique et microlitique, qui est radical \u00e0 la petite \u00e9chelle qui est la mienne.<br \/>\n<\/span><\/p>\n<p style=\"margin-left: 28pt;\"><span style=\"color: #c00000; font-family: Arial;\">Je continue \u00e0 danser tous les jours, pour \u0153uvrer \u00e0 une place plus sensible dans le monde, pour qu&rsquo;il y ait des circulations entres les cases, les cat\u00e9gories, les corps.<br \/>\n<\/span><\/p>\n<p style=\"margin-left: 28pt;\"><span style=\"color: #c00000; font-family: Arial;\">Je parie que c&rsquo;est possible.<br \/>\n<\/span><\/p>\n<p style=\"margin-left: 28pt;\"><span style=\"color: #c00000; font-family: Arial;\">Chaque jour, tout recommencer \u00e0 z\u00e9ro, comme s&rsquo;il n&rsquo;y avait jamais eu aucune danse ; tout est \u00e0 refaire, le corps, la danse ; tout est \u00e0 danser, \u00e0 redanser, pour une minute et quelque.<br \/>\n<\/span><\/p>\n<p style=\"margin-left: 28pt;\"><span style=\"color: #c00000; font-family: Arial;\"><strong>Danser la vie qui passe et qui vibre dans les interstices du quotidien,<\/strong> qui vibre, dans les intervalles entre les images brillantes qui pr\u00e9tendent nous tenir lieu de monde.<br \/>\n<\/span><\/p>\n<p><a href=\"http:\/\/www.lemonde.fr\/scenes\/article\/2015\/04\/23\/une-minute-de-danse-par-jour-comme-remede-a-la-crise_4620949_1654999.html\"><span style=\"font-family: Arial;\"><span style=\"color: #0000ff;\">&lt;Le Monde lui a aussi consacr\u00e9 un article&gt;<\/span><\/span><\/a><span style=\"color: #777777; font-family: Arial;\"><br \/>\n<\/span><\/p>\n<p><a href=\"https:\/\/vimeo.com\/169429391\"><span style=\"font-family: Arial;\"><span style=\"color: #0000ff;\">&lt;Cette danse est la num\u00e9ro 509, elle danse avec un handicap\u00e9&gt;<\/span><\/span><\/a><span style=\"color: #777777; font-family: Arial;\"> c&rsquo;est beau et \u00e9mouvant.<br \/>\n<\/span><\/p>\n<p><span style=\"color: #777777; font-family: Arial;\">Une bien belle personne \u2026<br \/>\n<\/span><\/p>\n<p><img decoding=\"async\" class=\"aligncenter\" src=\"https:\/\/lemotdujour.fr\/wp-content\/uploads\/2018\/03\/032018_2224_Vendredi23m3.jpg\" alt=\"\"><span style=\"color: #777777; font-family: Arial;\"><br \/>\n<\/span><\/p>\n<p><span style=\"color: #777777; font-family: Arial;\">Ici devant le Palais de Tokyo.<br \/>\n<\/span><\/p>\n<p><span style=\"color: #800000; font-family: Arial;\">&lt;1043&gt;<\/span><\/p>\n","protected":false},"excerpt":{"rendered":"<p>\u00abJe danse chaque jour pour que la journ\u00e9e ne soit pas perdue.\u00bb Nadia Vadori-Gauthier C&rsquo;est par l&rsquo;\u00e9mission \u00ab&nbsp;L&rsquo;Invit\u00e9 culture&nbsp;\u00bb que pr\u00e9sente Caroline Brou\u00e9 que j&rsquo;ai entendu parler une premi\u00e8re fois de Nadia Vadori-Gauthier. C\u00e9tait l&rsquo;\u00e9mission du 24 f\u00e9vrier 2018. Nadia<\/p>\n","protected":false},"author":1,"featured_media":0,"comment_status":"open","ping_status":"closed","sticky":false,"template":"","format":"standard","meta":{"footnotes":""},"categories":[1],"tags":[46,83,15],"class_list":["post-4447","post","type-post","status-publish","format-standard","hentry","category-motdujour","tag-art","tag-danse","tag-france"],"_links":{"self":[{"href":"https:\/\/lemotdujour.fr\/index.php?rest_route=\/wp\/v2\/posts\/4447","targetHints":{"allow":["GET"]}}],"collection":[{"href":"https:\/\/lemotdujour.fr\/index.php?rest_route=\/wp\/v2\/posts"}],"about":[{"href":"https:\/\/lemotdujour.fr\/index.php?rest_route=\/wp\/v2\/types\/post"}],"author":[{"embeddable":true,"href":"https:\/\/lemotdujour.fr\/index.php?rest_route=\/wp\/v2\/users\/1"}],"replies":[{"embeddable":true,"href":"https:\/\/lemotdujour.fr\/index.php?rest_route=%2Fwp%2Fv2%2Fcomments&post=4447"}],"version-history":[{"count":6,"href":"https:\/\/lemotdujour.fr\/index.php?rest_route=\/wp\/v2\/posts\/4447\/revisions"}],"predecessor-version":[{"id":12342,"href":"https:\/\/lemotdujour.fr\/index.php?rest_route=\/wp\/v2\/posts\/4447\/revisions\/12342"}],"wp:attachment":[{"href":"https:\/\/lemotdujour.fr\/index.php?rest_route=%2Fwp%2Fv2%2Fmedia&parent=4447"}],"wp:term":[{"taxonomy":"category","embeddable":true,"href":"https:\/\/lemotdujour.fr\/index.php?rest_route=%2Fwp%2Fv2%2Fcategories&post=4447"},{"taxonomy":"post_tag","embeddable":true,"href":"https:\/\/lemotdujour.fr\/index.php?rest_route=%2Fwp%2Fv2%2Ftags&post=4447"}],"curies":[{"name":"wp","href":"https:\/\/api.w.org\/{rel}","templated":true}]}}