{"id":4439,"date":"2018-03-22T04:06:12","date_gmt":"2018-03-22T03:06:12","guid":{"rendered":"http:\/\/lemotdujour.fr\/?p=4439"},"modified":"2021-10-17T11:45:32","modified_gmt":"2021-10-17T09:45:32","slug":"jeudi-22-mars-2018","status":"publish","type":"post","link":"https:\/\/lemotdujour.fr\/?p=4439","title":{"rendered":"Jeudi 22 mars 2018"},"content":{"rendered":"<div class=\"mdjTexte\">\t\u00ab&nbsp;Notre m\u00e9tier n\u2019est pas de faire plaisir, non plus de faire du tort, il est de porter la plume dans la plaie&nbsp;\u00bb<\/div>\n<div class=\"mdjAuteur\">\tAlbert Londres dansTerre d\u2019\u00e9b\u00e8ne<\/div>\n<p><span style=\"color: #777777; font-family: Arial;\">Pour r\u00e9pondre \u00e0 question d&rsquo;hier&nbsp;: \u00ab&nbsp;Comment lutter contre les fake news&nbsp;?&nbsp;\u00bb, la meilleure solution n&rsquo;est certainement pas une loi nouvelle mais des journaux ind\u00e9pendants en qui on peut avoir confiance et des journalistes rigoureux et int\u00e8gres.<br \/>\n<\/span><\/p>\n<p><img decoding=\"async\" class=\"alignleft\" src=\"https:\/\/lemotdujour.fr\/wp-content\/uploads\/2018\/03\/032018_2205_Jeudi22mars1.jpg\" alt=\"\" align=\"left\"><span style=\"color: #777777; font-family: Arial;\">Celui qui devant l&rsquo;Histoire a incarn\u00e9 ce journalisme est <strong>Albert Londres<\/strong>. Et c&rsquo;est d&rsquo;ailleurs le <a href=\"https:\/\/fr.wikipedia.org\/wiki\/Prix_Albert-Londres\"><span style=\"color: #0000ff;\">prix Albert-Londres<\/span><\/a> qui couronne chaque ann\u00e9e, \u00e0 la date anniversaire de sa mort, le meilleur \u00ab Grand Reporter \u00bb.<br \/>\n<\/span><\/p>\n<p><a href=\"http:\/\/geopolis.francetvinfo.fr\/albert-londres-reporter-au-long-cours-14987\"><span style=\"font-family: Arial;\"><span style=\"color: #0000ff;\">Albert Londres<\/span><\/span><\/a><span style=\"color: #777777; font-family: Arial;\"> n&rsquo;a jamais pris en consid\u00e9ration les pouvoirs publics, les gouvernements pour \u00e9crire ce qu&rsquo;il voyait pendant la premi\u00e8re guerre mondiale, dans la Russie bolchevique, dans le bagne de Cayenne, en Chine.<br \/>\n<\/span><\/p>\n<p><span style=\"color: #777777; font-family: Arial;\">Il part une premi\u00e8re fois <a href=\"https:\/\/laregledujeu.org\/2012\/05\/15\/9938\/albert-londres-en-chine\/\"><span style=\"color: #0000ff;\">en Chine en 1920<\/span><\/a> et \u00e9crira&nbsp;:<br \/>\n<\/span><\/p>\n<p style=\"margin-left: 28pt;\"><span style=\"color: #c00000; font-family: Arial;\">\u00ab&nbsp;La Chine : chaos, \u00e9clat de rire devant le droit de l&rsquo;homme, mises \u00e0 sac, ran\u00e7ons, viols. Un mobile : l&rsquo;argent. Un but : l&rsquo;or. Une adoration : la richesse.&nbsp;\u00bb<br \/>\n<\/span><\/p>\n<p><span style=\"color: #777777; font-family: Arial;\">Quelques ann\u00e9es plus tard, il meurt dans le paquebot qui le ramenait de Chine, dans la nuit du 15 au 16 mai 1932, dans l&rsquo;incendie du navire<a href=\"http:\/\/www.lefigaro.fr\/histoire\/archives\/2017\/05\/15\/26010-20170515ARTFIG00261-il-y-a-85-ans-la-mort-suspecte-d-albert-londres.php\">. <span style=\"color: #0000ff;\">Beaucoup pensent qu&rsquo;il s&rsquo;agissait d&rsquo;un assassinat<\/span><\/a> car il \u00e9tait sur une enqu\u00eate d&rsquo;ampleur, un scandale international. Ses notes ont brul\u00e9 dans le m\u00eame incendie. Il avait 48 ans<br \/>\n<\/span><\/p>\n<p><span style=\"color: #777777; font-family: Arial;\">Et l&rsquo;exergue de cet article est celui le plus souvent cit\u00e9 d&rsquo;Albert Londres, sorte de devise du journaliste id\u00e9al.<br \/>\n<\/span><\/p>\n<p><span style=\"color: #777777; font-family: Arial;\">C&rsquo;est encore gr\u00e2ce \u00e0 <a href=\"https:\/\/blogs.mediapart.fr\/edwy-plenel\/blog\/241209\/notre-france-ou-la-plume-dans-la-plaie\"><span style=\"color: #0000ff;\">Mediapart<\/span><\/a> et Edwy Plenel que nous savons que ces mots sont<br \/>\n<\/span><\/p>\n<p style=\"margin-left: 28pt;\"><span style=\"color: #c00000; font-family: Arial;\">\u00ab&nbsp;les premiers de <span style=\"color: #0000ff;\"><a style=\"color: #0000ff;\" href=\"https:\/\/www.editionsdelondres.com\/Terre-d-ebene\">Terre d&rsquo;\u00e9b\u00e8ne<\/a><\/span>, le grand reportage d&rsquo;Albert Londres sur l&rsquo;Afrique occidentale fran\u00e7aise, paru en 1929. Un livre en forme de r\u00e9quisitoire sur la servitude coloniale, le travail forc\u00e9, le d\u00e9ni de la justice, l&rsquo;in\u00e9galit\u00e9 institu\u00e9e, etc. \u00ab Tout ce qui porte un flambeau dans les journaux coloniaux est venu me chauffer les pieds \u00bb, ajoute Londres.<br \/>\n<\/span><\/p>\n<p style=\"margin-left: 28pt;\"><span style=\"color: #c00000; font-family: Arial;\">Or c&rsquo;est dans le m\u00eame avant-propos de ce livre qu&rsquo;on trouve la formule d\u00e9sormais canonique, commun\u00e9ment cit\u00e9e par les journalistes pour d\u00e9fendre leur ind\u00e9pendance professionnelle et leur libert\u00e9 critique \u2013 la plume dans la plaie. Rappel qui m\u00e9rite une citation int\u00e9grale :<br \/>\n<\/span><\/p>\n<p style=\"margin-left: 28pt;\"><span style=\"color: #c00000; font-family: Arial;\"><strong>\u00ab Je demeure convaincu qu&rsquo;un journaliste n&rsquo;est pas un enfant de ch\u0153ur et que son r\u00f4le ne consiste pas \u00e0 pr\u00e9c\u00e9der les processions, la main plong\u00e9e dans une corbeille de p\u00e9tales de roses. Notre m\u00e9tier n&rsquo;est pas de faire plaisir, non plus de faire du tort, il est de porter la plume dans la plaie \u00bb.<br \/>\n<\/strong><\/span><\/p>\n<p style=\"margin-left: 28pt;\"><span style=\"color: #c00000; font-family: Arial;\">Ent\u00eat\u00e9, Albert Londres y revient dans l&rsquo;\u00e9pilogue, \u00e9largissant le propos au-del\u00e0 du journalisme professionnel pour viser \u00e0 la responsabilit\u00e9 civique : \u00ab Flatter son pays n&rsquo;est pas le servir, et quand ce pays s&rsquo;appelle la France, ce genre d&rsquo;encens n&rsquo;est pas un hommage, mais une injure. La France, grande personne, a droit \u00e0 la v\u00e9rit\u00e9 \u00bb.<br \/>\n<\/span><\/p>\n<p><span style=\"color: #800000; font-family: Arial;\">&lt;1042&gt;<\/span><\/p>\n","protected":false},"excerpt":{"rendered":"<p>\u00ab&nbsp;Notre m\u00e9tier n\u2019est pas de faire plaisir, non plus de faire du tort, il est de porter la plume dans la plaie&nbsp;\u00bb Albert Londres dansTerre d\u2019\u00e9b\u00e8ne Pour r\u00e9pondre \u00e0 question d&rsquo;hier&nbsp;: \u00ab&nbsp;Comment lutter contre les fake news&nbsp;?&nbsp;\u00bb, la meilleure solution<\/p>\n","protected":false},"author":1,"featured_media":0,"comment_status":"open","ping_status":"closed","sticky":false,"template":"","format":"standard","meta":{"footnotes":""},"categories":[1],"tags":[29,82,41],"class_list":["post-4439","post","type-post","status-publish","format-standard","hentry","category-motdujour","tag-hommage","tag-information","tag-liberte"],"_links":{"self":[{"href":"https:\/\/lemotdujour.fr\/index.php?rest_route=\/wp\/v2\/posts\/4439","targetHints":{"allow":["GET"]}}],"collection":[{"href":"https:\/\/lemotdujour.fr\/index.php?rest_route=\/wp\/v2\/posts"}],"about":[{"href":"https:\/\/lemotdujour.fr\/index.php?rest_route=\/wp\/v2\/types\/post"}],"author":[{"embeddable":true,"href":"https:\/\/lemotdujour.fr\/index.php?rest_route=\/wp\/v2\/users\/1"}],"replies":[{"embeddable":true,"href":"https:\/\/lemotdujour.fr\/index.php?rest_route=%2Fwp%2Fv2%2Fcomments&post=4439"}],"version-history":[{"count":5,"href":"https:\/\/lemotdujour.fr\/index.php?rest_route=\/wp\/v2\/posts\/4439\/revisions"}],"predecessor-version":[{"id":12343,"href":"https:\/\/lemotdujour.fr\/index.php?rest_route=\/wp\/v2\/posts\/4439\/revisions\/12343"}],"wp:attachment":[{"href":"https:\/\/lemotdujour.fr\/index.php?rest_route=%2Fwp%2Fv2%2Fmedia&parent=4439"}],"wp:term":[{"taxonomy":"category","embeddable":true,"href":"https:\/\/lemotdujour.fr\/index.php?rest_route=%2Fwp%2Fv2%2Fcategories&post=4439"},{"taxonomy":"post_tag","embeddable":true,"href":"https:\/\/lemotdujour.fr\/index.php?rest_route=%2Fwp%2Fv2%2Ftags&post=4439"}],"curies":[{"name":"wp","href":"https:\/\/api.w.org\/{rel}","templated":true}]}}