{"id":4425,"date":"2018-03-20T03:45:31","date_gmt":"2018-03-20T02:45:31","guid":{"rendered":"http:\/\/lemotdujour.fr\/?p=4425"},"modified":"2021-10-17T11:46:55","modified_gmt":"2021-10-17T09:46:55","slug":"mardi-20-mars-2018-2","status":"publish","type":"post","link":"https:\/\/lemotdujour.fr\/?p=4425","title":{"rendered":"Mardi 20 mars 2018"},"content":{"rendered":"<div class=\"mdjTexte\">\t\u00ab&nbsp;La valeur de l\u2019information&nbsp;\u00bb<\/div>\n<div class=\"mdjAuteur\">\tEdwy Plenel<\/div>\n<p><span style=\"color: #777777; font-family: Arial;\">Un pr\u00e9-projet avait \u00e9t\u00e9 mis en ligne le 2 d\u00e9cembre 2007, mais le lancement du journal en ligne : Mediapart date du <strong>16 mars 2008<\/strong>, il y a dix ans.<br \/>\n<\/span><\/p>\n<p><span style=\"color: #777777; font-family: Arial;\"><strong>Mediapart a dix ans&nbsp;!<\/strong><br \/>\n<\/span><\/p>\n<p><a href=\"https:\/\/www.mediapart.fr\/\"><img decoding=\"async\" src=\"https:\/\/lemotdujour.fr\/wp-content\/uploads\/2018\/03\/031918_2244_Jeudi22mars1.png\" alt=\"\" border=\"0\" align=\"left\"><\/a><span style=\"color: #777777; font-family: Arial;\">A son lancement Alain Minc avait \u00e9t\u00e9 cat\u00e9gorique&nbsp;: \u00ab&nbsp;Cela ne marchera jamais&nbsp;\u00bb.<br \/>\n<\/span><\/p>\n<p><span style=\"color: #777777; font-family: Arial;\">Soyons pr\u00e9cis&nbsp;: <a href=\"https:\/\/www.youtube.com\/watch?v=S4JnN5AubIk\"><span style=\"color: #0000ff;\">&lt;Aller voir cette vid\u00e9o sur Youtube&gt;<\/span><\/a> et reprenons ce qu&rsquo;il dit&nbsp;:<br \/>\n<\/span><\/p>\n<p style=\"margin-left: 28pt;\"><span style=\"color: #c00000; font-family: Arial;\"><strong>\u00ab&nbsp;La presse sur le net ne peut \u00eatre que gratuite, la presse payante sur le net ne peut pas marcher&nbsp;\u00bb<br \/>\n<\/strong><\/span><\/p>\n<p><span style=\"color: #777777; font-family: Arial;\">V\u00e9rit\u00e9 des textes, lien vers les sources, il n&rsquo;y a que cela de vrai&nbsp;!<br \/>\n<\/span><\/p>\n<p><span style=\"color: #777777; font-family: Arial;\">Mediapart a r\u00e9alis\u00e9 une presse payante sur le net et cela marche.<br \/>\n<\/span><\/p>\n<p><span style=\"color: #777777; font-family: Arial;\">Pour ces 10 ans, Edwy Plenel a publi\u00e9 un livre&nbsp;: \u00ab&nbsp;<span style=\"color: #0000ff;\"><a style=\"color: #0000ff;\" href=\"https:\/\/livre.fnac.com\/a11264330\/Edwy-Plenel-La-valeur-de-l-information-Suivi-de-Combat-pour-une-presse-libre\">La valeur de l&rsquo;information&nbsp;<\/a><\/span>\u00bb qui est paru le 8 mars 2018.<br \/>\n<\/span><\/p>\n<p><span style=\"color: #777777; font-family: Arial;\">La valeur cela signifie qu&rsquo;il est important de disposer d&rsquo;une information de qualit\u00e9 dont on peut raisonnablement penser qu&rsquo;elle est juste et v\u00e9rifi\u00e9e.<br \/>\n<\/span><\/p>\n<p><span style=\"color: #777777; font-family: Arial;\">L&rsquo;information peut aussi \u00eatre r\u00e9v\u00e9l\u00e9e et avoir cette valeur qu&rsquo;elle nous permet de mieux comprendre les enjeux, les comportements de certains et aussi leurs int\u00e9r\u00eats. Il est fondamental dans une d\u00e9mocratie de savoir que le Ministre du budget, le patron des services du contr\u00f4le fiscal est un fraudeur.<br \/>\n<\/span><\/p>\n<p><span style=\"color: #777777; font-family: Arial;\">Certains jeunes dont mon fils pensent que les journaux et probablement les journalistes sont inutiles dans le monde qui vient. Le r\u00e9seau, le r\u00e9seau des amis sur lesquels on peut se fonder suffisent pour \u00eatre bien inform\u00e9. La masse des individus saura toujours plus que quelques journalistes et quelques pr\u00e9cautions de recoupement permettraient alors de s&rsquo;assurer d&rsquo;une information solide et s\u00e9rieuse.<br \/>\n<\/span><\/p>\n<p><span style=\"color: #777777; font-family: Arial;\">Je n&rsquo;y crois pas un seul instant.<br \/>\n<\/span><\/p>\n<p><span style=\"color: #777777; font-family: Arial;\">Qu&rsquo;est-ce qu&rsquo;un bon journaliste&nbsp;? C&rsquo;est une femme ou un homme qui cherche de l&rsquo;information et qui la v\u00e9rifie.<br \/>\n<\/span><\/p>\n<p><span style=\"color: #777777; font-family: Arial;\">Un journaliste, un vrai c&rsquo;est une femme ou un homme courageux qui va d\u00e9fendre la libert\u00e9 non pas pour lui mais pour la d\u00e9mocratie, pour les autres.<br \/>\n<\/span><\/p>\n<p><span style=\"color: #777777; font-family: Arial;\">Un journaliste, un vrai peut avoir beaucoup d&rsquo;ennui. On parle beaucoup de mai 1968 en ce moment, mai qui a commenc\u00e9<span style=\"color: #0000ff;\"> <a style=\"color: #0000ff;\" href=\"https:\/\/fr.wikipedia.org\/wiki\/Mouvement_du_22_Mars\">le 22 mars 1968<\/a><\/span>, ou peut-\u00eatre m\u00eame <span style=\"color: #0000ff;\"><a style=\"color: #0000ff;\" href=\"https:\/\/www.lexpress.fr\/actualite\/societe\/l-express-18-mars-1968-la-revolte-des-etudiants_1988056.html\">le 18 mars<\/a><\/span> et apr\u00e8s mai il y eut une vraie purge des journalistes \u00e0 la t\u00e9l\u00e9vision et \u00e0 la radio de l&rsquo;\u00e9poque, ils ont perdu leur emploi s&rsquo;ils avaient \u00e9t\u00e9 trop critiques par rapport au gouvernement ou trop bienveillants par rapport au mouvement de mai.<br \/>\n<\/span><\/p>\n<p><span style=\"color: #777777; font-family: Arial;\">C&rsquo;\u00e9tait il y a cinquante en France.<br \/>\n<\/span><\/p>\n<p><span style=\"color: #777777; font-family: Arial;\">Aujourd&rsquo;hui la Turquie porte le nom peu enviable &lt;<span style=\"color: #0000ff;\"><a style=\"color: #0000ff;\" href=\"https:\/\/rsf.org\/fr\/actualites\/la-turquie-premiere-prison-au-monde-pour-les-journalistes\">de plus grande prison de journalistes du monde<\/a><\/span>&gt;<br \/>\n<\/span><\/p>\n<p><span style=\"color: #777777; font-family: Arial;\">Des journalistes perdent la vie lors de conflits qu&rsquo;ils veulent suivre pour informer le monde.<br \/>\n<\/span><\/p>\n<p><img decoding=\"async\" class=\"alignleft\" src=\"https:\/\/lemotdujour.fr\/wp-content\/uploads\/2018\/03\/031918_2244_Jeudi22mars2.jpg\" alt=\"\" align=\"left\"><span style=\"color: #777777; font-family: Arial;\">Mais des journalistes sont aussi assassin\u00e9s parce qu&rsquo;ils font leur m\u00e9tier et qu&rsquo;ils le font bien.<br \/>\n<\/span><\/p>\n<p><span style=\"color: #777777; font-family: Arial;\">Et cela est m\u00eame le cas dans notre douce Union europ\u00e9enne&nbsp;: Daphne Caruana Galizia a \u00e9t\u00e9<span style=\"color: #0000ff;\"> <a style=\"color: #0000ff;\" href=\"http:\/\/www.lefigaro.fr\/international\/2017\/10\/16\/01003-20171016ARTFIG00332-malte-une-celebre-journaliste-d-investigation-assassinee.php\">assassin\u00e9e sur l&rsquo;ile de Malte<\/a> <\/span>en 2017, et en 2018 c&rsquo;est <a href=\"https:\/\/www.la-croix.com\/Monde\/Slovaquie-journaliste-assassine-enquetait-liens-possibles-mafia-italienne-2018-02-28-1300917043\"><span style=\"color: #0000ff;\">en Slovaquie<\/span><\/a> que Jan Kuciak a \u00e9t\u00e9 tu\u00e9e.<br \/>\n<\/span><\/p>\n<p><span style=\"color: #777777; font-family: Arial;\"><strong>Un journaliste peut donner sa vie pour produire ce minerai d&rsquo;une valeur inestimable pour la libert\u00e9 et la d\u00e9mocratie&nbsp;: l&rsquo;Information.<\/strong><br \/>\n<\/span><\/p>\n<p><span style=\"color: #777777; font-family: Arial;\">Alors la valeur de l&rsquo;information c&rsquo;est aussi un prix qu&rsquo;il faut payer.<br \/>\n<\/span><\/p>\n<p><span style=\"color: #777777; font-family: Arial;\">Quand vous voulez un service de qualit\u00e9 ou un produit de qualit\u00e9 vous faites appel \u00e0 un professionnel, et ce professionnel vous le payez.<br \/>\n<\/span><\/p>\n<p><span style=\"color: #777777; font-family: Arial;\">Quand vous voulez une information de qualit\u00e9, vous faites appel \u00e0 un professionnel et ce professionnel est un journaliste.<br \/>\n<\/span><\/p>\n<p><span style=\"color: #777777; font-family: Arial;\">Pour ma part, je suis abonn\u00e9 \u00e0 Mediapart depuis le scandale Cahuzac,<br \/>\n<\/span><\/p>\n<p><span style=\"color: #777777; font-family: Arial;\">Edwy Plenel m&rsquo;\u00e9nerve souvent, il a parfois des r\u00e9actions totalement disproportionn\u00e9es notamment lors de son conflit avec Charlie Hebdo. Mais il a cr\u00e9\u00e9 un site de qualit\u00e9, indispensable \u00e0 la d\u00e9mocratie et \u00e0 la libert\u00e9. Mais pour y acc\u00e9der il faut payer, parce que ce que vous y trouvez poss\u00e8de de la valeur.<br \/>\n<\/span><\/p>\n<p><span style=\"color: #777777; font-family: Arial;\">Il \u00e9tait invit\u00e9 de Laurent Ruquier <a href=\"https:\/\/www.youtube.com\/watch?v=RkmYDhR2rwQ\"><span style=\"color: #0000ff;\">du 17 mars 2018<\/span><\/a>.<br \/>\n<\/span><\/p>\n<p><span style=\"color: #777777; font-family: Arial;\">Et il est revenu sur l&rsquo;affirmation p\u00e9remptoire d&rsquo;Alain Minc&nbsp;:<br \/>\n<\/span><\/p>\n<p style=\"margin-left: 28pt;\"><span style=\"color: #c00000; font-family: Arial;\">\u00ab&nbsp;Alain Minc est une boussole qui montre toujours le Sud. Il nous a servi. Nous avons fait de la pub&nbsp;: Comme il [Alain Minc] s&rsquo;est toujours tromp\u00e9, abonnez-vous \u00e0 Mediapart.&nbsp;Et en fait cela nous a ramen\u00e9 beaucoup d&rsquo;abonn\u00e9s\u2026\u00bb<br \/>\n<\/span><\/p>\n<p><span style=\"color: #777777; font-family: Arial;\">Mais il a \u00e9t\u00e9 juste, Minc n&rsquo;\u00e9tait pas seul&nbsp;: \u00ab&nbsp;<span style=\"color: #c00000;\">Personne n&rsquo;y croyait, Laurent, Personne !<span style=\"color: #777777;\">\u00bb a-t-il lanc\u00e9 \u00e0 Ruquier.<br \/>\n<\/span><\/span><\/span><\/p>\n<p><span style=\"color: #777777; font-family: Arial;\">Il a aussi insist\u00e9 sur l&rsquo;int\u00e9r\u00eat du num\u00e9rique qui permet de cr\u00e9er une relation de confiance entre les journalistes et les lecteurs qui peuvent r\u00e9agir et aussi \u00e9crire, critiquer bref participer.<br \/>\n<\/span><\/p>\n<p><span style=\"color: #777777; font-family: Arial;\">Mediapart a aujourd&rsquo;hui 140&nbsp;000 abonn\u00e9s, 45 journalistes..<br \/>\n<\/span><\/p>\n<p><span style=\"color: #777777; font-family: Arial;\">C&rsquo;est eux qui \u00e9taient en pointe sur l&rsquo;affaire Bettencourt, Cahuzac et maintenant sur l&rsquo;affaire que Plenel d\u00e9signe comme le plus grand scandale d&rsquo;Etat, c&rsquo;est-\u00e0-dire le financement par le dictateur de Lybie, Kadhafi, de la campagne pr\u00e9sidentielle de 2007 de Sarkozy, affaire que Plenel affirme \u00eatre certaine.<br \/>\n<\/span><\/p>\n<p><span style=\"color: #777777; font-family: Arial;\">Dans toutes ces affaires il est question d&rsquo;\u00e9normes sommes d&rsquo;argent d\u00e9tourn\u00e9es du bien public, de fraude fiscale, c&rsquo;est-\u00e0-dire toutes ces d\u00e9rives qui affaiblissent la solidarit\u00e9 et la d\u00e9mocratie.<br \/>\n<\/span><\/p>\n<p><span style=\"color: #777777; font-family: Arial;\">Edwy Plenel donne cette mission aux journalistes&nbsp;: \u00ab&nbsp;<span style=\"color: #c00000;\">Apportez des informations d&rsquo;int\u00e9r\u00eat public<span style=\"color: #777777;\">&nbsp;\u00bb et il cite un autre journaliste qui dit&nbsp;:<br \/>\n<\/span><\/span><\/span><\/p>\n<p style=\"margin-left: 28pt;\"><span style=\"color: #c00000; font-family: Arial;\">\u00ab&nbsp;Ce sont les journalistes qui l\u00e8vent des li\u00e8vres mais c&rsquo;est \u00e0 la soci\u00e9t\u00e9 de s&rsquo;en emparer&nbsp;\u00bb.<br \/>\n<\/span><\/p>\n<p><span style=\"color: #777777; font-family: Arial;\">L&rsquo;\u00e9change lors de l&rsquo;\u00e9mission de Ruquier fut tr\u00e8s int\u00e9ressant et m\u00eame \u00e9mouvant quand il fut question du p\u00e8re&nbsp;: <a href=\"https:\/\/fr.wikipedia.org\/wiki\/Alain_Plenel\"><span style=\"color: #0000ff;\">Alain Plenel<\/span> <\/a>qui fut vice recteur en Martinique et fut aussi pers\u00e9cut\u00e9 par le pouvoir en raison de son esprit de libert\u00e9 et de justice.<br \/>\n<\/span><\/p>\n<p><span style=\"color: #777777; font-family: Arial;\"><strong>Alors oui l&rsquo;information a de la valeur et il faut savoir la payer.<br \/>\n<\/strong><\/span><\/p>\n<p><span style=\"color: #800000;\">&lt;1040&gt;<\/span><\/p>\n<p><span style=\"color: #777777; font-family: Arial;\"><br \/>\n<\/span><\/p>\n","protected":false},"excerpt":{"rendered":"<p>\u00ab&nbsp;La valeur de l\u2019information&nbsp;\u00bb Edwy Plenel Un pr\u00e9-projet avait \u00e9t\u00e9 mis en ligne le 2 d\u00e9cembre 2007, mais le lancement du journal en ligne : Mediapart date du 16 mars 2008, il y a dix ans. Mediapart a dix ans&nbsp;!<\/p>\n","protected":false},"author":1,"featured_media":0,"comment_status":"open","ping_status":"closed","sticky":false,"template":"","format":"standard","meta":{"footnotes":""},"categories":[1],"tags":[77,82,41],"class_list":["post-4425","post","type-post","status-publish","format-standard","hentry","category-motdujour","tag-democratie","tag-information","tag-liberte"],"_links":{"self":[{"href":"https:\/\/lemotdujour.fr\/index.php?rest_route=\/wp\/v2\/posts\/4425","targetHints":{"allow":["GET"]}}],"collection":[{"href":"https:\/\/lemotdujour.fr\/index.php?rest_route=\/wp\/v2\/posts"}],"about":[{"href":"https:\/\/lemotdujour.fr\/index.php?rest_route=\/wp\/v2\/types\/post"}],"author":[{"embeddable":true,"href":"https:\/\/lemotdujour.fr\/index.php?rest_route=\/wp\/v2\/users\/1"}],"replies":[{"embeddable":true,"href":"https:\/\/lemotdujour.fr\/index.php?rest_route=%2Fwp%2Fv2%2Fcomments&post=4425"}],"version-history":[{"count":7,"href":"https:\/\/lemotdujour.fr\/index.php?rest_route=\/wp\/v2\/posts\/4425\/revisions"}],"predecessor-version":[{"id":12345,"href":"https:\/\/lemotdujour.fr\/index.php?rest_route=\/wp\/v2\/posts\/4425\/revisions\/12345"}],"wp:attachment":[{"href":"https:\/\/lemotdujour.fr\/index.php?rest_route=%2Fwp%2Fv2%2Fmedia&parent=4425"}],"wp:term":[{"taxonomy":"category","embeddable":true,"href":"https:\/\/lemotdujour.fr\/index.php?rest_route=%2Fwp%2Fv2%2Fcategories&post=4425"},{"taxonomy":"post_tag","embeddable":true,"href":"https:\/\/lemotdujour.fr\/index.php?rest_route=%2Fwp%2Fv2%2Ftags&post=4425"}],"curies":[{"name":"wp","href":"https:\/\/api.w.org\/{rel}","templated":true}]}}