{"id":442,"date":"2017-02-23T01:00:00","date_gmt":"2017-02-22T22:00:00","guid":{"rendered":"http:\/\/lemotdujour.fr\/?p=442"},"modified":"2017-05-08T13:19:21","modified_gmt":"2017-05-08T11:19:21","slug":"jeudi-23-fevrier-2017","status":"publish","type":"post","link":"https:\/\/lemotdujour.fr\/?p=442","title":{"rendered":"Jeudi 23 f\u00e9vrier 2017"},"content":{"rendered":"<div class=\"mdjDate\"><a id=\"_Toc482008777\"><\/a>Jeudi 23 f\u00e9vrier 2017<\/div>\n<div class=\"mdjTexte\">\u00abLa th\u00e9ologie de la prosp\u00e9rit\u00e9\u202f\u00bb<\/div>\n<div class=\"mdjAuteur\">Courant de pens\u00e9e protestante justifiant les in\u00e9galit\u00e9s de richesse<\/div>\n<div class=\"mdjComplements\">Le samedi matin \u00e0 7h43, Isabelle de Gaulmyn pr\u00e9sente une \u00e9mission sur France Inter dont le titre est\u00a0: <a href=\"https:\/\/www.franceinter.fr\/emissions\/faut-il-y-croire\">\u00ab\u00a0Faut-il y croire\u00a0?\u00a0\u00bb<\/a><\/div>\n<div class=\"mdjComplements\">L\u2019\u00e9mission du 28 janvier 2017 \u00e9tait consacr\u00e9e \u00e0 Trump\u00a0: <a href=\"https:\/\/www.franceinter.fr\/emissions\/faut-il-y-croire\/faut-il-y-croire-28-janvier-2017\">\u00ab\u00a0Et Trump, il croit en quoi\u00a0?\u00a0\u00bb<\/a> o\u00f9 on apprend la connivence de cet homme \u00e9trange et de la th\u00e9orie de la prosp\u00e9rit\u00e9.<\/div>\n<div class=\"mdjCiter\">\u00abDe fait, pour son intronisation, Donald Trump avait invit\u00e9 six personnalit\u00e9s religieuses, ce qui dans le contexte am\u00e9ricain n\u2019est pas incongru (un rabbin, un \u00e9v\u00eaque, etc\u2026). Parmi eux, une seule femme, et la seule aussi \u00e0 avoir eu le droit de faire un discours, la pasteure \u00e9vang\u00e9lique, Paula White. On la pr\u00e9sente comme sa conseill\u00e8re spirituelle. Cette pasteure \u00e9vang\u00e9lique est responsable d\u2019un important centre \u00e9vang\u00e9lique en Floride, qui appartient au courant de la \u00ab\u202fth\u00e9ologie de la prosp\u00e9rit\u00e9\u202f\u00bb, un mouvement issu du pentec\u00f4tisme am\u00e9ricain.<\/div>\n<div class=\"mdjCiter\">[Cette expression] sonne \u00e9trangement, peut-\u00eatre, \u00e0 nos oreilles de vieux europ\u00e9ens marqu\u00e9s par la tradition catholique, pour lesquels l\u2019\u00c9vangile est plut\u00f4t associ\u00e9 \u00e0 la pauvret\u00e9. Mais c\u2019est un courant tr\u00e8s puissant aux \u00c9tats-Unis, qui repose sur une certaine interpr\u00e9tation du protestantisme, pour expliquer que la richesse, l\u2019argent, est une b\u00e9n\u00e9diction de Dieu.<\/div>\n<div class=\"mdjCiter\">[&#8230;] Pour comprendre d\u2019o\u00f9 cela vient, il faut remonter aux d\u00e9buts du protestantisme, et \u00e0 Calvin. Comme Luther, Calvin est parti de l\u2019affirmation que l\u2019homme est sauv\u00e9 par Dieu, non pas pour ce qu\u2019il fait, mais ce qu\u2019il est, gratuitement sauv\u00e9 (salut par la gr\u00e2ce et non par les \u0153uvres). Mais contrairement \u00e0 Luther, Calvin pensait que les hommes \u00e9taient soit \u00e9lus par Dieu, de toute \u00e9ternit\u00e9, soit damn\u00e9s, de toute \u00e9ternit\u00e9 aussi. On appelle cela la double pr\u00e9destination. Apr\u00e8s sa mort, au XVIIe\u202fsi\u00e8cle, il y a eu toute une discussion chez les protestants calvinistes, pour savoir si certains \u00e9taient damn\u00e9s, quoi qu\u2019ils fassent. Cette conception n\u2019est plus en cours chez les calvinistes fran\u00e7ais aujourd\u2019hui (la majorit\u00e9), mais elle a impr\u00e9gn\u00e9 le protestantisme, en faisant parfois de la r\u00e9ussite mat\u00e9rielle, le signe de l\u2019\u00e9lection\u2009: vous \u00eates riche, prosp\u00e8re, cela signifie que Dieu vous a choisi. Vous n\u2019\u00eates donc pas damn\u00e9s. C\u2019est ce qui a permis \u00e0 un sociologue comme Max Weber de faire du protestantisme<a href=\"https:\/\/fr.wikipedia.org\/wiki\/L%27%C3%89thique_protestante_et_l%27esprit_du_capitalisme\"> l\u2019un des facteurs cl\u00e9 du capitalisme<\/a>, dans les pays protestants, du fait de cette conception du Salut.<\/div>\n<div class=\"mdjCiter\">Alors \u00e9videmment, c\u2019est assez caricatural, car par bien des \u00e9gards, le protestantisme pr\u00f4ne la sobri\u00e9t\u00e9. Mais il est vrai que s\u2019est greff\u00e9, aupr\u00e8s de l\u2019une des branches du protestantisme, le Pentec\u00f4tisme, cette \u00ab\u202fth\u00e9ologie de la prosp\u00e9rit\u00e9\u202f\u00bb qui prend \u00e0 la lettre la phrase de J\u00e9sus de l\u2019\u00c9vangile qui explique que celui qui donne recevra au centuple. Et s\u2019appuie aussi sur l\u2019Ancien Testament, o\u00f9 l\u2019on parle souvent de la b\u00e9n\u00e9diction des richesses par Dieu.<\/div>\n<div class=\"mdjCiter\">Dans un aspect \u00ab\u202fsoft\u202f\u00bb, cela consiste \u00e0 encourager les personnes \u00e0 r\u00e9ussir leur vie, \u00e0 croire en leurs talents. C\u2019est une philosophie qui allie r\u00e9ussite mat\u00e9rielle et spirituelle, et qui est tr\u00e8s positive. Si on est riche, bien portant, c\u2019est que Dieu l\u2019a voulu. C\u2019est par exemple l\u2019enseignement d\u2019un autre pasteur, aujourd\u2019hui d\u00e9c\u00e9d\u00e9, qui a jou\u00e9 un r\u00f4le important dans la vie de Trump, Norman Vincent Peale, et qui avait une \u00e9glise sur la 5e avenue \u00e0 NY, la reformed church in Am\u00e9rica. Les parents de Donald Trump, puis lui-m\u00eame l\u2019a fr\u00e9quent\u00e9 et s\u2019y est mari\u00e9 (deux fois). Peale est l\u2019auteur d\u2019un best-sellers paru dans les ann\u00e9es 1952, \u00ab\u202fle pouvoir de la pens\u00e9e positive\u202f\u00bb.<\/div>\n<div class=\"mdjCiter\">Dans un volet plus \u00ab\u202fhard\u202f\u00bb, cette th\u00e9ologie assure que la richesse vient de Dieu, et culpabilise ceux qui ne r\u00e9ussissent pas. Elle promet aux fid\u00e8les de la r\u00e9ussite mat\u00e9rielle, de l\u2019argent. Et s\u2019ils n\u2019en obtiennent pas, si cela ne marche pas, et bien, le pasteur peut toujours dire que c\u2019est de leur faute, c\u2019est qu\u2019ils ne sont pas \u00ab\u202fb\u00e9nis par Dieu\u202f\u00bb\u2026<\/div>\n<div class=\"mdjCiter\">Oui, la th\u00e9ologie de la prosp\u00e9rit\u00e9 est tr\u00e8s r\u00e9pandue dans les milieux Pentec\u00f4tistes en Am\u00e9rique latine et en Afrique, et aussi aux \u00c9tats-Unis. Elle est transmise par des t\u00e9l\u00e9vang\u00e9listes, qui s\u00e9duisent toujours plus. Dans les pays pauvres, elle donne lieu \u00e0 de nombreuses d\u00e9rives. Mais en France aussi, elle s\u2019est r\u00e9pandue dans certaines \u00e9glises \u00e9vang\u00e9liques, au point que, il y a quelques ann\u00e9es, les th\u00e9ologiens protestants \u00e9vang\u00e9liques de France, dans un document tr\u00e8s fourni, ont \u00e9tabli une mise en garde contre ce type de th\u00e9ologie\u2009: ils expliquent que cette th\u00e9ologie repose sur une conception erron\u00e9e de la foi, et pr\u00e9sente de r\u00e9els dangers. Car si cette th\u00e9ologie peut rejoindre des personnes qui vivent dans la pauvret\u00e9, elle instrumentalise Dieu, expliquait ce document, qui soulignait aussi les contradictions avec le message de pauvret\u00e9 de l\u2019\u00c9vangile. Ce document fait \u00e9cho \u00e0 un autre texte, adopt\u00e9 en 2010 par 4200 responsables \u00e9vang\u00e9liques du monde entier (<a href=\"https:\/\/www.lausanne.org\/fr\/mediatheque\/compte-rendu-de-consultation\/recommandations-de-la-consultation-mondiale-de-lausanne-sur-la-theologie-de-la-prosperite-la-pauvrete-et-levangile\">la d\u00e9claration de Lausanne<\/a>), qui lui aussi d\u00e9non\u00e7ait les travers de la th\u00e9ologie de la prosp\u00e9rit\u00e9.<strong>\u202f<\/strong>\u00bb<\/div>\n<div class=\"mdjComplements\">Ce courant de pens\u00e9e permet donc de rendre compatible la religion chr\u00e9tienne avec les in\u00e9galit\u00e9s que produit le syst\u00e8me \u00e9conomique afin que les gagnants puissent profiter de leur r\u00e9ussite \u00e9conomique sans aucune culpabilit\u00e9. Le fait que pour l&rsquo;essentiel les riches soient enfants de riches devient donc n\u00e9gligeable devant cette th\u00e9orie qui explique ces in\u00e9galit\u00e9s par la b\u00e9n\u00e9diction ou non de Dieu.<\/div>\n<div class=\"mdjComplements\">L&rsquo;utilisation de la religion par certains peut aussi servir \u00e0 cela : justifier des situations, a priori choquantes, par des th\u00e9ories permettant d&rsquo;\u00e9viter de r\u00e9fl\u00e9chir et d&rsquo;analyser les processus en oeuvre qui expliquent ces situations.<\/div>\n","protected":false},"excerpt":{"rendered":"<p>Jeudi 23 f\u00e9vrier 2017 \u00abLa th\u00e9ologie de la prosp\u00e9rit\u00e9\u202f\u00bb Courant de pens\u00e9e protestante justifiant les in\u00e9galit\u00e9s de richesse Le samedi matin \u00e0 7h43, Isabelle de Gaulmyn pr\u00e9sente une \u00e9mission sur France Inter dont le titre est\u00a0: \u00ab\u00a0Faut-il y croire\u00a0?\u00a0\u00bb L\u2019\u00e9mission<\/p>\n","protected":false},"author":1,"featured_media":0,"comment_status":"closed","ping_status":"closed","sticky":false,"template":"","format":"standard","meta":{"footnotes":""},"categories":[1],"tags":[],"class_list":["post-442","post","type-post","status-publish","format-standard","hentry","category-motdujour"],"_links":{"self":[{"href":"https:\/\/lemotdujour.fr\/index.php?rest_route=\/wp\/v2\/posts\/442","targetHints":{"allow":["GET"]}}],"collection":[{"href":"https:\/\/lemotdujour.fr\/index.php?rest_route=\/wp\/v2\/posts"}],"about":[{"href":"https:\/\/lemotdujour.fr\/index.php?rest_route=\/wp\/v2\/types\/post"}],"author":[{"embeddable":true,"href":"https:\/\/lemotdujour.fr\/index.php?rest_route=\/wp\/v2\/users\/1"}],"replies":[{"embeddable":true,"href":"https:\/\/lemotdujour.fr\/index.php?rest_route=%2Fwp%2Fv2%2Fcomments&post=442"}],"version-history":[{"count":1,"href":"https:\/\/lemotdujour.fr\/index.php?rest_route=\/wp\/v2\/posts\/442\/revisions"}],"predecessor-version":[{"id":443,"href":"https:\/\/lemotdujour.fr\/index.php?rest_route=\/wp\/v2\/posts\/442\/revisions\/443"}],"wp:attachment":[{"href":"https:\/\/lemotdujour.fr\/index.php?rest_route=%2Fwp%2Fv2%2Fmedia&parent=442"}],"wp:term":[{"taxonomy":"category","embeddable":true,"href":"https:\/\/lemotdujour.fr\/index.php?rest_route=%2Fwp%2Fv2%2Fcategories&post=442"},{"taxonomy":"post_tag","embeddable":true,"href":"https:\/\/lemotdujour.fr\/index.php?rest_route=%2Fwp%2Fv2%2Ftags&post=442"}],"curies":[{"name":"wp","href":"https:\/\/api.w.org\/{rel}","templated":true}]}}